{"id":22787,"date":"2019-05-06T09:49:33","date_gmt":"2019-05-06T09:49:33","guid":{"rendered":"https:\/\/codewebbarcelona.com\/entrevista-nuria-vila-creativa-comprometida\/"},"modified":"2026-04-20T23:04:48","modified_gmt":"2026-04-20T23:04:48","slug":"interview-nuria-vila-committed-creative","status":"publish","type":"post","link":"https:\/\/codewebbarcelona.com\/en\/blog\/interview-nuria-vila-committed-creative\/","title":{"rendered":"Interview with N\u00faria Vila, a Committed Creative"},"content":{"rendered":"<p>For our latest professional feature, we traveled to Granollers, just outside Barcelona, to meet a creative with an impressive track record. Curious? <\/p>\n<p>Let\u2019s get to know Nuria Vila, a <strong>graphic designer<\/strong> and <strong>art director<\/strong> specializing in <strong>brand identity<\/strong>, <strong>editorial design<\/strong>, <strong>packaging<\/strong>, and <strong>visual communication<\/strong>. A woman deeply committed to both her craft and the environment.<\/p>\n<h2>Interview with Nuria Vila: A Creative with a Conscience<\/h2>\n<p>&nbsp;<\/p>\n<p><strong>Code: Hi Nuria! Could you give us a bit of a flashback to your early days in graphic design so our readers can get to know you better? When did it all begin?<\/strong><\/p>\n<p><strong>N\u00faria<\/strong>: Hi! It all started when I spent two years living in Cuenca, and just before returning to Barcelona, I traveled to El Salvador to make a documentary for an association working with children with disabilities. That trip changed everything for me. I\u2019ll never forget it, and I\u2019m incredibly grateful for the experience. I grew close to many people who welcomed me into their homes and lives.<\/p>\n<p>When I arrived, the atmosphere was tense. The war had ended recently, and I heard so many tough stories\u2014realities that were stranger than fiction\u2014while I was there with my own first-world problems. That was a turning point.<\/p>\n<p>When I got back to Barcelona, I continued working remotely for Mateo&amp;Co, which is based in Madrid. I also started a postgraduate program in <strong>art direction<\/strong>, which was fascinating, but I needed time to process everything I\u2019d experienced.<\/p>\n<p>I started feeling uncomfortable with everything\u2014this consumerist society, and my own role in it, helping brands (many of which I didn\u2019t even believe in) sell more and more. That\u2019s why I decided to quit my job and see what I could do that would feel right for me. I went freelance and started working for family and friends.<\/p>\n<p>As it happened, almost all of them were involved in (organic) agriculture, sustainability\u2026 and that\u2019s when I began exploring how I could make my designs more sustainable.<\/p>\n<p><img decoding=\"async\" class=\"alignnone size-full wp-image-3318\" src=\"https:\/\/codewebbarcelona.com\/wp-content\/uploads\/2019\/05\/000_diseno_grafico_entrevista_nuria_vila_.jpg\" alt=\"000_diseno_grafico_entrevista_nuria_vila_\" width=\"1080\" height=\"538\" \/><\/p>\n<p><strong>Code: We were really struck by your commitment to the environment and how your projects are so closely tied to this philosophy. Can you tell us more about that decision?<\/strong><\/p>\n<p><strong>N\u00faria:\u00a0<\/strong>As I mentioned, when I left my job and started freelancing, I began working with people close to me, and everything was connected to sustainability and organic farming.<\/p>\n<p>In every brief, clients would say they wanted to communicate an eco-friendly message. So I started looking for ways to do that\u2014not just by using kraft paper, green colors, or drawing leaves, but by actually making the pieces I designed more sustainable. I researched materials and educated myself on the subject.<\/p>\n<p><img decoding=\"async\" class=\"alignnone size-full wp-image-3320\" src=\"https:\/\/codewebbarcelona.com\/wp-content\/uploads\/2019\/05\/006_diseno_grafico_entrevista_nuria_vila_.jpg\" alt=\"006_diseno_grafico_entrevista_nuria_vila_\" width=\"1080\" height=\"538\" \/> <img decoding=\"async\" class=\"alignnone size-full wp-image-3319\" src=\"https:\/\/codewebbarcelona.com\/wp-content\/uploads\/2019\/05\/001_diseno_grafico_entrevista_nuria_vila_.jpg\" alt=\"001_diseno_grafico_entrevista_nuria_vila_\" width=\"1080\" height=\"538\" \/><\/p>\n<p><strong>Code: We loved your L&#8217;Encant project. Could you tell us a bit about your inspiration for it?<\/strong><\/p>\n<p><strong>N\u00faria:\u00a0<\/strong>L&#8217;Encant was a bar\/restaurant that blended Catalan and Japanese cuisine, so I looked for a common thread. In this case, the name uses an apostrophe, which represented a stick. For the Japanese, it\u2019s the chopsticks used for eating; for us, it\u2019s the skewer or toothpick for tapas. From there, we developed a graphic system that combined the stick with geometric shapes. Another shared element was the fan, which inspired the menu design\u2014it opens like a fan and can be easily taken apart to update menu pages and prices. Since the bar focused mainly on its outdoor terrace, I used stone paper.<\/p>\n<p><img decoding=\"async\" class=\"alignnone size-full wp-image-3321\" src=\"https:\/\/codewebbarcelona.com\/wp-content\/uploads\/2019\/05\/002_diseno_grafico_entrevista_nuria_vila_.jpg\" alt=\"002_diseno_grafico_entrevista_nuria_vila_\" width=\"1080\" height=\"1080\" \/> <img decoding=\"async\" class=\"alignnone size-full wp-image-3322\" src=\"https:\/\/codewebbarcelona.com\/wp-content\/uploads\/2019\/05\/003_diseno_grafico_entrevista_nuria_vila_.jpg\" alt=\"003_diseno_grafico_entrevista_nuria_vila_\" width=\"1080\" height=\"1080\" \/><\/p>\n<p><strong>Code: What about the materials you used?<\/strong><\/p>\n<p><strong>N\u00faria:<\/strong> Stone paper is \u201ccradle to cradle\u201d certified, meaning it\u2019s made without cellulose or water. It\u2019s produced from stone (from ruins) mixed with a binder. This makes the material durable, waterproof, easy to clean, and hard to tear\u2014much better than laminated paper (since once you laminate, it can\u2019t be recycled). The covers were made from engraved wood.<\/p>\n<p><strong>Code: The result is stunning. Is there anything in particular you\u2019d like to highlight about the project?<\/strong><\/p>\n<p><strong>N\u00faria:<\/strong> It\u2019s a project I did back in 2011, and to this day I still get emails from people all over the world asking about it.<\/p>\n<p><strong>Code: Before we wrap up, we have a quick round of three questions we always ask fellow creatives.<\/strong><\/p>\n<p><strong>Code: What\u2019s the best thing about being a designer?<\/strong><\/p>\n<p><strong>N\u00faria:<\/strong> It\u2019s never routine. Every project is different and pushes you to find new solutions.<\/p>\n<p>You\u2019re always learning about new topics.<\/p>\n<p><strong>Code: And the worst?<\/strong><\/p>\n<p><strong>N\u00faria:<\/strong> The worst part of freelancing is the financial instability. You have to do everything yourself, so right now I\u2019m trying to find a way to enjoy budgets and invoices as much as designing\u2014but honestly, I still think it\u2019s the worst part! Haha.<\/p>\n<p><strong>Code: How do you see the state of the industry?<\/strong><\/p>\n<p><strong>N\u00faria:<\/strong> I think there are some fantastic <strong>designers and studios<\/strong> out there, and clients are becoming more aware and willing to trust the <strong>designer<\/strong>.<\/p>\n<p>The key is the client relationship. There\u2019s still a long way to go, but we\u2019re moving in the right direction.<\/p>\n<p>When it comes to reducing environmental impact, we\u2019re still lagging behind. Companies need to commit to minimizing their footprint, and <strong>designers<\/strong> have to help them do it. There\u2019s a lack of training and awareness. It\u2019s improving, but time is running out, so I think we need to find and implement solutions now\u2014because we only have one planet, and we\u2019re destroying it.<\/p>\n<p><img decoding=\"async\" class=\"alignnone size-full wp-image-3323\" src=\"https:\/\/codewebbarcelona.com\/wp-content\/uploads\/2019\/05\/004_diseno_grafico_entrevista_nuria_vila_.jpg\" alt=\"004_diseno_grafico_entrevista_nuria_vila_\" width=\"1080\" height=\"1080\" \/> <img decoding=\"async\" class=\"alignnone size-full wp-image-3324\" src=\"https:\/\/codewebbarcelona.com\/wp-content\/uploads\/2019\/05\/005_diseno_grafico_entrevista_nuria_vila_.jpg\" alt=\"005_diseno_grafico_entrevista_nuria_vila_\" width=\"1080\" height=\"1080\" \/><\/p>\n<p><b>Code: We wrap up this feature by wishing N\u00faria continued professional success and inviting all our readers to discover more about her work online.<\/b><\/p>\n<p><a href=\"http:\/\/www.nuriavila.net\" target=\"_blank\" rel=\"noopener\">www.nuriavila.net<\/a><br \/>\n<a href=\"https:\/\/www.instagram.com\/nu_vila\/\" target=\"_blank\" rel=\"noopener\">www.instagram.com\/nu_vila<\/a><br \/>\n<a href=\"http:\/\/www.nuriavila.net\/es\/http-www-nuriavila-net-es-proyectos\/lencant\" target=\"_blank\" rel=\"noopener\">L&#8217;Encant Project<\/a><\/p>\n<p><a href=\"https:\/\/codewebbarcelona.com\/blog\/entrevista-a-ivan-castro-artista-del-lettering-con-todas-las-letras\/\" target=\"_blank\" rel=\"noopener\">You might also enjoy our interview with&#8230; (let\u2019s spin the wheel!)<\/a><\/p>\n<p>&nbsp;<\/p>\n","protected":false},"excerpt":{"rendered":"<p>For our latest professional feature, we traveled to Granollers, just outside Barcelona, to meet a creative with an impressive track record. Curious? Let\u2019s get to know Nuria Vila, a graphic designer and art director specializing in brand identity, editorial design, packaging, and visual communication. A woman deeply committed to both her craft and the environment. [&hellip;]<\/p>\n","protected":false},"author":1,"featured_media":12924,"comment_status":"closed","ping_status":"closed","sticky":false,"template":"","format":"standard","meta":{"_acf_changed":false,"footnotes":""},"categories":[210,212,134],"class_list":["post-22787","post","type-post","status-publish","format-standard","has-post-thumbnail","hentry","category-inspiracio","category-altres","category-disseny-grafic"],"acf":[],"yoast_head":"<!-- This site is optimized with the Yoast SEO plugin v27.2 - https:\/\/yoast.com\/product\/yoast-seo-wordpress\/ -->\n<title>Entrevista a N\u00faria Vila, una creativa comprometida - Code Barcelona<\/title>\n<meta name=\"robots\" content=\"index, follow, max-snippet:-1, max-image-preview:large, max-video-preview:-1\" \/>\n<link rel=\"canonical\" href=\"https:\/\/codewebbarcelona.com\/en\/blog\/interview-nuria-vila-committed-creative\/\" \/>\n<meta property=\"og:locale\" content=\"en_US\" \/>\n<meta property=\"og:type\" content=\"article\" \/>\n<meta property=\"og:title\" content=\"Entrevista a N\u00faria Vila, una creativa comprometida - Code Barcelona\" \/>\n<meta property=\"og:description\" content=\"For our latest professional feature, we traveled to Granollers, just outside Barcelona, to meet a creative with an impressive track record. Curious? Let\u2019s get to know Nuria Vila, a graphic designer and art director specializing in brand identity, editorial design, packaging, and visual communication. A woman deeply committed to both her craft and the environment. [&hellip;]\" \/>\n<meta property=\"og:url\" content=\"https:\/\/codewebbarcelona.com\/en\/blog\/interview-nuria-vila-committed-creative\/\" \/>\n<meta property=\"og:site_name\" content=\"Code Barcelona\" \/>\n<meta property=\"article:published_time\" content=\"2019-05-06T09:49:33+00:00\" \/>\n<meta property=\"article:modified_time\" content=\"2026-04-20T23:04:48+00:00\" \/>\n<meta property=\"og:image\" content=\"https:\/\/codewebbarcelona.com\/wp-content\/uploads\/2019\/05\/entrevista-a-nuria-vila-una-creativa-comprometida-featured.jpg\" \/>\n\t<meta property=\"og:image:width\" content=\"1904\" \/>\n\t<meta property=\"og:image:height\" content=\"704\" \/>\n\t<meta property=\"og:image:type\" content=\"image\/jpeg\" \/>\n<meta name=\"author\" content=\"cd26Bc\" \/>\n<meta name=\"twitter:card\" content=\"summary_large_image\" \/>\n<meta name=\"twitter:label1\" content=\"Written by\" \/>\n\t<meta name=\"twitter:data1\" content=\"cd26Bc\" \/>\n\t<meta name=\"twitter:label2\" content=\"Est. reading time\" \/>\n\t<meta name=\"twitter:data2\" content=\"5 minutes\" \/>\n<script type=\"application\/ld+json\" class=\"yoast-schema-graph\">{\"@context\":\"https:\/\/schema.org\",\"@graph\":[{\"@type\":\"Article\",\"@id\":\"https:\/\/codewebbarcelona.com\/en\/blog\/interview-nuria-vila-committed-creative\/#article\",\"isPartOf\":{\"@id\":\"https:\/\/codewebbarcelona.com\/en\/blog\/interview-nuria-vila-committed-creative\/\"},\"author\":{\"name\":\"cd26Bc\",\"@id\":\"https:\/\/codewebbarcelona.com\/en\/#\/schema\/person\/3af5f44aaf0de2919e9225aa5ca32567\"},\"headline\":\"Interview with N\u00faria Vila, a Committed Creative\",\"datePublished\":\"2019-05-06T09:49:33+00:00\",\"dateModified\":\"2026-04-20T23:04:48+00:00\",\"mainEntityOfPage\":{\"@id\":\"https:\/\/codewebbarcelona.com\/en\/blog\/interview-nuria-vila-committed-creative\/\"},\"wordCount\":973,\"image\":{\"@id\":\"https:\/\/codewebbarcelona.com\/en\/blog\/interview-nuria-vila-committed-creative\/#primaryimage\"},\"thumbnailUrl\":\"https:\/\/codewebbarcelona.com\/wp-content\/uploads\/2019\/05\/entrevista-a-nuria-vila-una-creativa-comprometida-featured.jpg\",\"articleSection\":[\"Inspiraci\u00f3\",\"Altres\",\"Dise\u00f1o gr\u00e1fico\"],\"inLanguage\":\"en-US\"},{\"@type\":\"WebPage\",\"@id\":\"https:\/\/codewebbarcelona.com\/en\/blog\/interview-nuria-vila-committed-creative\/\",\"url\":\"https:\/\/codewebbarcelona.com\/en\/blog\/interview-nuria-vila-committed-creative\/\",\"name\":\"Entrevista a N\u00faria Vila, una creativa comprometida - Code Barcelona\",\"isPartOf\":{\"@id\":\"https:\/\/codewebbarcelona.com\/en\/#website\"},\"primaryImageOfPage\":{\"@id\":\"https:\/\/codewebbarcelona.com\/en\/blog\/interview-nuria-vila-committed-creative\/#primaryimage\"},\"image\":{\"@id\":\"https:\/\/codewebbarcelona.com\/en\/blog\/interview-nuria-vila-committed-creative\/#primaryimage\"},\"thumbnailUrl\":\"https:\/\/codewebbarcelona.com\/wp-content\/uploads\/2019\/05\/entrevista-a-nuria-vila-una-creativa-comprometida-featured.jpg\",\"datePublished\":\"2019-05-06T09:49:33+00:00\",\"dateModified\":\"2026-04-20T23:04:48+00:00\",\"author\":{\"@id\":\"https:\/\/codewebbarcelona.com\/en\/#\/schema\/person\/3af5f44aaf0de2919e9225aa5ca32567\"},\"inLanguage\":\"en-US\",\"potentialAction\":[{\"@type\":\"ReadAction\",\"target\":[\"https:\/\/codewebbarcelona.com\/en\/blog\/interview-nuria-vila-committed-creative\/\"]}]},{\"@type\":\"ImageObject\",\"inLanguage\":\"en-US\",\"@id\":\"https:\/\/codewebbarcelona.com\/en\/blog\/interview-nuria-vila-committed-creative\/#primaryimage\",\"url\":\"https:\/\/codewebbarcelona.com\/wp-content\/uploads\/2019\/05\/entrevista-a-nuria-vila-una-creativa-comprometida-featured.jpg\",\"contentUrl\":\"https:\/\/codewebbarcelona.com\/wp-content\/uploads\/2019\/05\/entrevista-a-nuria-vila-una-creativa-comprometida-featured.jpg\",\"width\":1904,\"height\":704},{\"@type\":\"WebSite\",\"@id\":\"https:\/\/codewebbarcelona.com\/en\/#website\",\"url\":\"https:\/\/codewebbarcelona.com\/en\/\",\"name\":\"Code Barcelona\",\"description\":\"\",\"potentialAction\":[{\"@type\":\"SearchAction\",\"target\":{\"@type\":\"EntryPoint\",\"urlTemplate\":\"https:\/\/codewebbarcelona.com\/en\/?s={search_term_string}\"},\"query-input\":{\"@type\":\"PropertyValueSpecification\",\"valueRequired\":true,\"valueName\":\"search_term_string\"}}],\"inLanguage\":\"en-US\"},{\"@type\":\"Person\",\"@id\":\"https:\/\/codewebbarcelona.com\/en\/#\/schema\/person\/3af5f44aaf0de2919e9225aa5ca32567\",\"name\":\"cd26Bc\",\"image\":{\"@type\":\"ImageObject\",\"inLanguage\":\"en-US\",\"@id\":\"https:\/\/secure.gravatar.com\/avatar\/b904e836584635855eaa0ee2922bae4fe2aa94ffb558048dcc5dac5f98f0fadc?s=96&d=mm&r=g\",\"url\":\"https:\/\/secure.gravatar.com\/avatar\/b904e836584635855eaa0ee2922bae4fe2aa94ffb558048dcc5dac5f98f0fadc?s=96&d=mm&r=g\",\"contentUrl\":\"https:\/\/secure.gravatar.com\/avatar\/b904e836584635855eaa0ee2922bae4fe2aa94ffb558048dcc5dac5f98f0fadc?s=96&d=mm&r=g\",\"caption\":\"cd26Bc\"},\"sameAs\":[\"https:\/\/codewebbarcelona.com\"]}]}<\/script>\n<!-- \/ Yoast SEO plugin. -->","yoast_head_json":{"title":"Entrevista a N\u00faria Vila, una creativa comprometida - Code Barcelona","robots":{"index":"index","follow":"follow","max-snippet":"max-snippet:-1","max-image-preview":"max-image-preview:large","max-video-preview":"max-video-preview:-1"},"canonical":"https:\/\/codewebbarcelona.com\/en\/blog\/interview-nuria-vila-committed-creative\/","og_locale":"en_US","og_type":"article","og_title":"Entrevista a N\u00faria Vila, una creativa comprometida - Code Barcelona","og_description":"For our latest professional feature, we traveled to Granollers, just outside Barcelona, to meet a creative with an impressive track record. Curious? Let\u2019s get to know Nuria Vila, a graphic designer and art director specializing in brand identity, editorial design, packaging, and visual communication. A woman deeply committed to both her craft and the environment. [&hellip;]","og_url":"https:\/\/codewebbarcelona.com\/en\/blog\/interview-nuria-vila-committed-creative\/","og_site_name":"Code Barcelona","article_published_time":"2019-05-06T09:49:33+00:00","article_modified_time":"2026-04-20T23:04:48+00:00","og_image":[{"width":1904,"height":704,"url":"https:\/\/codewebbarcelona.com\/wp-content\/uploads\/2019\/05\/entrevista-a-nuria-vila-una-creativa-comprometida-featured.jpg","type":"image\/jpeg"}],"author":"cd26Bc","twitter_card":"summary_large_image","twitter_misc":{"Written by":"cd26Bc","Est. reading time":"5 minutes"},"schema":{"@context":"https:\/\/schema.org","@graph":[{"@type":"Article","@id":"https:\/\/codewebbarcelona.com\/en\/blog\/interview-nuria-vila-committed-creative\/#article","isPartOf":{"@id":"https:\/\/codewebbarcelona.com\/en\/blog\/interview-nuria-vila-committed-creative\/"},"author":{"name":"cd26Bc","@id":"https:\/\/codewebbarcelona.com\/en\/#\/schema\/person\/3af5f44aaf0de2919e9225aa5ca32567"},"headline":"Interview with N\u00faria Vila, a Committed Creative","datePublished":"2019-05-06T09:49:33+00:00","dateModified":"2026-04-20T23:04:48+00:00","mainEntityOfPage":{"@id":"https:\/\/codewebbarcelona.com\/en\/blog\/interview-nuria-vila-committed-creative\/"},"wordCount":973,"image":{"@id":"https:\/\/codewebbarcelona.com\/en\/blog\/interview-nuria-vila-committed-creative\/#primaryimage"},"thumbnailUrl":"https:\/\/codewebbarcelona.com\/wp-content\/uploads\/2019\/05\/entrevista-a-nuria-vila-una-creativa-comprometida-featured.jpg","articleSection":["Inspiraci\u00f3","Altres","Dise\u00f1o gr\u00e1fico"],"inLanguage":"en-US"},{"@type":"WebPage","@id":"https:\/\/codewebbarcelona.com\/en\/blog\/interview-nuria-vila-committed-creative\/","url":"https:\/\/codewebbarcelona.com\/en\/blog\/interview-nuria-vila-committed-creative\/","name":"Entrevista a N\u00faria Vila, una creativa comprometida - Code Barcelona","isPartOf":{"@id":"https:\/\/codewebbarcelona.com\/en\/#website"},"primaryImageOfPage":{"@id":"https:\/\/codewebbarcelona.com\/en\/blog\/interview-nuria-vila-committed-creative\/#primaryimage"},"image":{"@id":"https:\/\/codewebbarcelona.com\/en\/blog\/interview-nuria-vila-committed-creative\/#primaryimage"},"thumbnailUrl":"https:\/\/codewebbarcelona.com\/wp-content\/uploads\/2019\/05\/entrevista-a-nuria-vila-una-creativa-comprometida-featured.jpg","datePublished":"2019-05-06T09:49:33+00:00","dateModified":"2026-04-20T23:04:48+00:00","author":{"@id":"https:\/\/codewebbarcelona.com\/en\/#\/schema\/person\/3af5f44aaf0de2919e9225aa5ca32567"},"inLanguage":"en-US","potentialAction":[{"@type":"ReadAction","target":["https:\/\/codewebbarcelona.com\/en\/blog\/interview-nuria-vila-committed-creative\/"]}]},{"@type":"ImageObject","inLanguage":"en-US","@id":"https:\/\/codewebbarcelona.com\/en\/blog\/interview-nuria-vila-committed-creative\/#primaryimage","url":"https:\/\/codewebbarcelona.com\/wp-content\/uploads\/2019\/05\/entrevista-a-nuria-vila-una-creativa-comprometida-featured.jpg","contentUrl":"https:\/\/codewebbarcelona.com\/wp-content\/uploads\/2019\/05\/entrevista-a-nuria-vila-una-creativa-comprometida-featured.jpg","width":1904,"height":704},{"@type":"WebSite","@id":"https:\/\/codewebbarcelona.com\/en\/#website","url":"https:\/\/codewebbarcelona.com\/en\/","name":"Code Barcelona","description":"","potentialAction":[{"@type":"SearchAction","target":{"@type":"EntryPoint","urlTemplate":"https:\/\/codewebbarcelona.com\/en\/?s={search_term_string}"},"query-input":{"@type":"PropertyValueSpecification","valueRequired":true,"valueName":"search_term_string"}}],"inLanguage":"en-US"},{"@type":"Person","@id":"https:\/\/codewebbarcelona.com\/en\/#\/schema\/person\/3af5f44aaf0de2919e9225aa5ca32567","name":"cd26Bc","image":{"@type":"ImageObject","inLanguage":"en-US","@id":"https:\/\/secure.gravatar.com\/avatar\/b904e836584635855eaa0ee2922bae4fe2aa94ffb558048dcc5dac5f98f0fadc?s=96&d=mm&r=g","url":"https:\/\/secure.gravatar.com\/avatar\/b904e836584635855eaa0ee2922bae4fe2aa94ffb558048dcc5dac5f98f0fadc?s=96&d=mm&r=g","contentUrl":"https:\/\/secure.gravatar.com\/avatar\/b904e836584635855eaa0ee2922bae4fe2aa94ffb558048dcc5dac5f98f0fadc?s=96&d=mm&r=g","caption":"cd26Bc"},"sameAs":["https:\/\/codewebbarcelona.com"]}]}},"_links":{"self":[{"href":"https:\/\/codewebbarcelona.com\/en\/wp-json\/wp\/v2\/posts\/22787","targetHints":{"allow":["GET"]}}],"collection":[{"href":"https:\/\/codewebbarcelona.com\/en\/wp-json\/wp\/v2\/posts"}],"about":[{"href":"https:\/\/codewebbarcelona.com\/en\/wp-json\/wp\/v2\/types\/post"}],"author":[{"embeddable":true,"href":"https:\/\/codewebbarcelona.com\/en\/wp-json\/wp\/v2\/users\/1"}],"replies":[{"embeddable":true,"href":"https:\/\/codewebbarcelona.com\/en\/wp-json\/wp\/v2\/comments?post=22787"}],"version-history":[{"count":2,"href":"https:\/\/codewebbarcelona.com\/en\/wp-json\/wp\/v2\/posts\/22787\/revisions"}],"predecessor-version":[{"id":22797,"href":"https:\/\/codewebbarcelona.com\/en\/wp-json\/wp\/v2\/posts\/22787\/revisions\/22797"}],"wp:featuredmedia":[{"embeddable":true,"href":"https:\/\/codewebbarcelona.com\/en\/wp-json\/wp\/v2\/media\/12924"}],"wp:attachment":[{"href":"https:\/\/codewebbarcelona.com\/en\/wp-json\/wp\/v2\/media?parent=22787"}],"wp:term":[{"taxonomy":"category","embeddable":true,"href":"https:\/\/codewebbarcelona.com\/en\/wp-json\/wp\/v2\/categories?post=22787"}],"curies":[{"name":"wp","href":"https:\/\/api.w.org\/{rel}","templated":true}]}}