{"id":41342,"date":"2016-07-05T14:18:07","date_gmt":"2016-07-05T14:18:07","guid":{"rendered":"https:\/\/codewebbarcelona.com\/privacidad-la\/"},"modified":"2026-04-21T07:57:41","modified_gmt":"2026-04-21T07:57:41","slug":"dret-intimitat","status":"publish","type":"post","link":"https:\/\/codewebbarcelona.com\/ca\/blog\/dret-intimitat\/","title":{"rendered":"El dret a la intimitat"},"content":{"rendered":"<h2>El dret a ser deixat en pau<\/h2>\n<p>Aquesta setmana dediquem el nostre post a la Privacitat, donant-li la categoria d\u2019\u00e9sser propi i destacant, en maj\u00fascules, la seva personalitat i car\u00e0cter. Si volem ser precisos, la privacitat no \u00e9s un concepte \u00fanic, sin\u00f3 que est\u00e0 formada per tantes persones i entitats com en fan \u00fas. Per tant, hi ha tantes formes de privacitat com usuaris.<\/p>\n<p>En els darrers temps, aquest concepte \u2014que sempre ha existit\u2014 ha anat guanyant protagonisme i ara ha adquirit una nova dimensi\u00f3. Recordo quan era petit, en l\u2019\u00e8poca de les cintes de casset i els v\u00eddeos VHS, que la meva mare sempre tancava portes i corria cortines tot dient: \u201cAquests s\u00f3n uns tafaners!\u201d. I, de passada, intentava inculcar-me que no hav\u00edem d\u2019anar explicant les nostres intimitats a tothom.<\/p>\n<p>Ha passat molt de temps des d\u2019aleshores i, avui dia, els rodets de fotos han deixat pas a les targetes de mem\u00f2ria. Ja no quedem amb els amics al parc per menjar pipes i parlar cara a cara; ara, tot aix\u00f2 ha quedat, en major o menor mesura, relegat per les xarxes socials.<\/p>\n<p>Amb la immersi\u00f3 de la nostra societat en el m\u00f3n del Big Data i l\u2019exposici\u00f3 constant de la nostra vida privada a les xarxes socials, ha ressorgit de manera natural la preocupaci\u00f3 per la privacitat.<\/p>\n<p>Hem de tenir molt present aquest factor a l\u2019hora de compartir contingut personal a qualsevol xarxa social. No es tracta de convertir-nos en els m\u00e9s desconfiats d\u2019internet ni de deixar de publicar, sin\u00f3 de con\u00e8ixer b\u00e9 el mitj\u00e0, els seus avantatges i inconvenients. I \u00e9s que, senyores i senyors, la informaci\u00f3 \u00e9s poder, el coneixement ens fa lliures i podem estar a Facebook amb tranquil\u00b7litat si controlem qu\u00e8 publiquem, qu\u00e8 poden veure els nostres amics i qu\u00e8 no. Fins i tot podem tenir companys de feina i el nostre cap com a amics, tot i que potser pensaran que la nostra vida \u00e9s molt avorrida si nom\u00e9s veuen el que volem mostrar. Per\u00f2 una cosa est\u00e0 clara: \u00e9s molt millor aix\u00f2 que no pas que s\u00e0piguen que cada cap de setmana, farts de l\u2019estr\u00e8s de l\u2019oficina, anem a la discoteca m\u00e9s fosca i ens agafem una borratxera monumental.<\/p>\n<p><iframe src=\"https:\/\/www.youtube.com\/embed\/IdDxGdcFBiM\" width=\"900\" height=\"500\" frameborder=\"0\" allowfullscreen=\"allowfullscreen\"><\/iframe><\/p>\n<p>Tornem al sentit com\u00fa i reflexionem sobre per qu\u00e8 \u00e9s important la privacitat i com podem classificar els conceptes que la formen.<\/p>\n<p>El primer de tots \u00e9s el dret a no ser molestat.<\/p>\n<p>Despr\u00e9s, hem de poder limitar l\u2019acc\u00e9s que la resta de persones tenen a la nostra informaci\u00f3 personal.<\/p>\n<p>El secret: hem de poder ocultar informaci\u00f3 als altres.<\/p>\n<p>Tenir control sobre l\u2019\u00fas que els altres poden fer de la nostra informaci\u00f3.<\/p>\n<p>Els estats de privacitat: solitud, intimitat, anonimat i reserva.<\/p>\n<p>La privacitat com a \u00e0mbit personal i d\u2019autonomia.<\/p>\n<p>La privacitat com a requisit per a la identitat pr\u00f2pia i el creixement personal.<\/p>\n<p>I, finalment, la intimitat.<\/p>\n<p>Tots aquests punts s\u00f3n objecte d\u2019un debat social que encara avui evoluciona, de manera org\u00e0nica, al ritme de la societat i del nostre avan\u00e7 i immersi\u00f3 di\u00e0ria a les <strong>xarxes socials<\/strong>. I, com no podria ser d\u2019una altra manera, aqu\u00ed, a l\u2019estudi de <strong>disseny web<\/strong>, tamb\u00e9 parlem d\u2019aquests temes, hi reflexionem i apliquem les nostres conclusions als nostres <strong>dissenys web<\/strong> per oferir als nostres clients de <strong>Barcelona<\/strong> i rodalies el millor servei i protecci\u00f3.<\/p>\n<p>Pensa-t\u2019ho dues vegades abans de publicar quantes costelles de porc i quantes cerveses pots beure abans d\u2019haver de c\u00f3rrer a amagar-te rere un matoll.<\/p>\n<p>&nbsp;<\/p>\n<p>&nbsp;<\/p>\n<p>&nbsp;<\/p>\n<p>&nbsp;<\/p>\n<p>&nbsp;<\/p>\n<p>&nbsp;<\/p>\n<p>&nbsp;<\/p>\n","protected":false},"excerpt":{"rendered":"<p>El dret a ser deixat en pau Aquesta setmana dediquem el nostre post a la Privacitat, donant-li la categoria d\u2019\u00e9sser propi i destacant, en maj\u00fascules, la seva personalitat i car\u00e0cter. Si volem ser precisos, la privacitat no \u00e9s un concepte \u00fanic, sin\u00f3 que est\u00e0 formada per tantes persones i entitats com en fan \u00fas. Per [&hellip;]<\/p>\n","protected":false},"author":1,"featured_media":4552,"comment_status":"closed","ping_status":"closed","sticky":false,"template":"","format":"standard","meta":{"_acf_changed":false,"footnotes":""},"categories":[212],"class_list":["post-41342","post","type-post","status-publish","format-standard","has-post-thumbnail","hentry","category-altres"],"acf":[],"yoast_head":"<!-- This site is optimized with the Yoast SEO plugin v27.2 - https:\/\/yoast.com\/product\/yoast-seo-wordpress\/ -->\n<title>La privacidad the right to be let alone diseno web barcelona<\/title>\n<meta name=\"description\" content=\"Un post que nuestro estudio de dise\u00f1o web de Barcelona dedica a la privacidad, un enfoque personal con intenci\u00f3n de hacernos reflexionar un poco.\" \/>\n<meta name=\"robots\" content=\"index, follow, max-snippet:-1, max-image-preview:large, max-video-preview:-1\" \/>\n<link rel=\"canonical\" href=\"https:\/\/codewebbarcelona.com\/ca\/blog\/dret-intimitat\/\" \/>\n<meta property=\"og:locale\" content=\"ca_ES\" \/>\n<meta property=\"og:type\" content=\"article\" \/>\n<meta property=\"og:title\" content=\"La privacidad the right to be let alone diseno web barcelona\" \/>\n<meta property=\"og:description\" content=\"Un post que nuestro estudio de dise\u00f1o web de Barcelona dedica a la privacidad, un enfoque personal con intenci\u00f3n de hacernos reflexionar un poco.\" \/>\n<meta property=\"og:url\" content=\"https:\/\/codewebbarcelona.com\/ca\/blog\/dret-intimitat\/\" \/>\n<meta property=\"og:site_name\" content=\"Code Barcelona\" \/>\n<meta property=\"article:published_time\" content=\"2016-07-05T14:18:07+00:00\" \/>\n<meta property=\"article:modified_time\" content=\"2026-04-21T07:57:41+00:00\" \/>\n<meta property=\"og:image\" content=\"https:\/\/codewebbarcelona.com\/wp-content\/uploads\/2016\/07\/the-right-to-be-let-alone-featured.jpg\" \/>\n\t<meta property=\"og:image:width\" content=\"996\" \/>\n\t<meta property=\"og:image:height\" content=\"560\" \/>\n\t<meta property=\"og:image:type\" content=\"image\/jpeg\" \/>\n<meta name=\"author\" content=\"cd26Bc\" \/>\n<meta name=\"twitter:card\" content=\"summary_large_image\" \/>\n<meta name=\"twitter:label1\" content=\"Escrit per\" \/>\n\t<meta name=\"twitter:data1\" content=\"cd26Bc\" \/>\n\t<meta name=\"twitter:label2\" content=\"Temps estimat de lectura\" \/>\n\t<meta name=\"twitter:data2\" content=\"3 minuts\" \/>\n<script type=\"application\/ld+json\" class=\"yoast-schema-graph\">{\"@context\":\"https:\/\/schema.org\",\"@graph\":[{\"@type\":\"Article\",\"@id\":\"https:\/\/codewebbarcelona.com\/ca\/blog\/dret-intimitat\/#article\",\"isPartOf\":{\"@id\":\"https:\/\/codewebbarcelona.com\/ca\/blog\/dret-intimitat\/\"},\"author\":{\"name\":\"cd26Bc\",\"@id\":\"https:\/\/codewebbarcelona.com\/ca\/#\/schema\/person\/3af5f44aaf0de2919e9225aa5ca32567\"},\"headline\":\"El dret a la intimitat\",\"datePublished\":\"2016-07-05T14:18:07+00:00\",\"dateModified\":\"2026-04-21T07:57:41+00:00\",\"mainEntityOfPage\":{\"@id\":\"https:\/\/codewebbarcelona.com\/ca\/blog\/dret-intimitat\/\"},\"wordCount\":623,\"image\":{\"@id\":\"https:\/\/codewebbarcelona.com\/ca\/blog\/dret-intimitat\/#primaryimage\"},\"thumbnailUrl\":\"https:\/\/codewebbarcelona.com\/wp-content\/uploads\/2016\/07\/the-right-to-be-let-alone-featured.jpg\",\"articleSection\":[\"Altres\"],\"inLanguage\":\"ca\"},{\"@type\":\"WebPage\",\"@id\":\"https:\/\/codewebbarcelona.com\/ca\/blog\/dret-intimitat\/\",\"url\":\"https:\/\/codewebbarcelona.com\/ca\/blog\/dret-intimitat\/\",\"name\":\"La privacidad the right to be let alone diseno web barcelona\",\"isPartOf\":{\"@id\":\"https:\/\/codewebbarcelona.com\/ca\/#website\"},\"primaryImageOfPage\":{\"@id\":\"https:\/\/codewebbarcelona.com\/ca\/blog\/dret-intimitat\/#primaryimage\"},\"image\":{\"@id\":\"https:\/\/codewebbarcelona.com\/ca\/blog\/dret-intimitat\/#primaryimage\"},\"thumbnailUrl\":\"https:\/\/codewebbarcelona.com\/wp-content\/uploads\/2016\/07\/the-right-to-be-let-alone-featured.jpg\",\"datePublished\":\"2016-07-05T14:18:07+00:00\",\"dateModified\":\"2026-04-21T07:57:41+00:00\",\"author\":{\"@id\":\"https:\/\/codewebbarcelona.com\/ca\/#\/schema\/person\/3af5f44aaf0de2919e9225aa5ca32567\"},\"description\":\"Un post que nuestro estudio de dise\u00f1o web de Barcelona dedica a la privacidad, un enfoque personal con intenci\u00f3n de hacernos reflexionar un poco.\",\"inLanguage\":\"ca\",\"potentialAction\":[{\"@type\":\"ReadAction\",\"target\":[\"https:\/\/codewebbarcelona.com\/ca\/blog\/dret-intimitat\/\"]}]},{\"@type\":\"ImageObject\",\"inLanguage\":\"ca\",\"@id\":\"https:\/\/codewebbarcelona.com\/ca\/blog\/dret-intimitat\/#primaryimage\",\"url\":\"https:\/\/codewebbarcelona.com\/wp-content\/uploads\/2016\/07\/the-right-to-be-let-alone-featured.jpg\",\"contentUrl\":\"https:\/\/codewebbarcelona.com\/wp-content\/uploads\/2016\/07\/the-right-to-be-let-alone-featured.jpg\",\"width\":996,\"height\":560},{\"@type\":\"WebSite\",\"@id\":\"https:\/\/codewebbarcelona.com\/ca\/#website\",\"url\":\"https:\/\/codewebbarcelona.com\/ca\/\",\"name\":\"Code Barcelona\",\"description\":\"\",\"potentialAction\":[{\"@type\":\"SearchAction\",\"target\":{\"@type\":\"EntryPoint\",\"urlTemplate\":\"https:\/\/codewebbarcelona.com\/ca\/?s={search_term_string}\"},\"query-input\":{\"@type\":\"PropertyValueSpecification\",\"valueRequired\":true,\"valueName\":\"search_term_string\"}}],\"inLanguage\":\"ca\"},{\"@type\":\"Person\",\"@id\":\"https:\/\/codewebbarcelona.com\/ca\/#\/schema\/person\/3af5f44aaf0de2919e9225aa5ca32567\",\"name\":\"cd26Bc\",\"image\":{\"@type\":\"ImageObject\",\"inLanguage\":\"ca\",\"@id\":\"https:\/\/secure.gravatar.com\/avatar\/b904e836584635855eaa0ee2922bae4fe2aa94ffb558048dcc5dac5f98f0fadc?s=96&d=mm&r=g\",\"url\":\"https:\/\/secure.gravatar.com\/avatar\/b904e836584635855eaa0ee2922bae4fe2aa94ffb558048dcc5dac5f98f0fadc?s=96&d=mm&r=g\",\"contentUrl\":\"https:\/\/secure.gravatar.com\/avatar\/b904e836584635855eaa0ee2922bae4fe2aa94ffb558048dcc5dac5f98f0fadc?s=96&d=mm&r=g\",\"caption\":\"cd26Bc\"},\"sameAs\":[\"https:\/\/codewebbarcelona.com\"]}]}<\/script>\n<!-- \/ Yoast SEO plugin. -->","yoast_head_json":{"title":"La privacidad the right to be let alone diseno web barcelona","description":"Un post que nuestro estudio de dise\u00f1o web de Barcelona dedica a la privacidad, un enfoque personal con intenci\u00f3n de hacernos reflexionar un poco.","robots":{"index":"index","follow":"follow","max-snippet":"max-snippet:-1","max-image-preview":"max-image-preview:large","max-video-preview":"max-video-preview:-1"},"canonical":"https:\/\/codewebbarcelona.com\/ca\/blog\/dret-intimitat\/","og_locale":"ca_ES","og_type":"article","og_title":"La privacidad the right to be let alone diseno web barcelona","og_description":"Un post que nuestro estudio de dise\u00f1o web de Barcelona dedica a la privacidad, un enfoque personal con intenci\u00f3n de hacernos reflexionar un poco.","og_url":"https:\/\/codewebbarcelona.com\/ca\/blog\/dret-intimitat\/","og_site_name":"Code Barcelona","article_published_time":"2016-07-05T14:18:07+00:00","article_modified_time":"2026-04-21T07:57:41+00:00","og_image":[{"width":996,"height":560,"url":"https:\/\/codewebbarcelona.com\/wp-content\/uploads\/2016\/07\/the-right-to-be-let-alone-featured.jpg","type":"image\/jpeg"}],"author":"cd26Bc","twitter_card":"summary_large_image","twitter_misc":{"Escrit per":"cd26Bc","Temps estimat de lectura":"3 minuts"},"schema":{"@context":"https:\/\/schema.org","@graph":[{"@type":"Article","@id":"https:\/\/codewebbarcelona.com\/ca\/blog\/dret-intimitat\/#article","isPartOf":{"@id":"https:\/\/codewebbarcelona.com\/ca\/blog\/dret-intimitat\/"},"author":{"name":"cd26Bc","@id":"https:\/\/codewebbarcelona.com\/ca\/#\/schema\/person\/3af5f44aaf0de2919e9225aa5ca32567"},"headline":"El dret a la intimitat","datePublished":"2016-07-05T14:18:07+00:00","dateModified":"2026-04-21T07:57:41+00:00","mainEntityOfPage":{"@id":"https:\/\/codewebbarcelona.com\/ca\/blog\/dret-intimitat\/"},"wordCount":623,"image":{"@id":"https:\/\/codewebbarcelona.com\/ca\/blog\/dret-intimitat\/#primaryimage"},"thumbnailUrl":"https:\/\/codewebbarcelona.com\/wp-content\/uploads\/2016\/07\/the-right-to-be-let-alone-featured.jpg","articleSection":["Altres"],"inLanguage":"ca"},{"@type":"WebPage","@id":"https:\/\/codewebbarcelona.com\/ca\/blog\/dret-intimitat\/","url":"https:\/\/codewebbarcelona.com\/ca\/blog\/dret-intimitat\/","name":"La privacidad the right to be let alone diseno web barcelona","isPartOf":{"@id":"https:\/\/codewebbarcelona.com\/ca\/#website"},"primaryImageOfPage":{"@id":"https:\/\/codewebbarcelona.com\/ca\/blog\/dret-intimitat\/#primaryimage"},"image":{"@id":"https:\/\/codewebbarcelona.com\/ca\/blog\/dret-intimitat\/#primaryimage"},"thumbnailUrl":"https:\/\/codewebbarcelona.com\/wp-content\/uploads\/2016\/07\/the-right-to-be-let-alone-featured.jpg","datePublished":"2016-07-05T14:18:07+00:00","dateModified":"2026-04-21T07:57:41+00:00","author":{"@id":"https:\/\/codewebbarcelona.com\/ca\/#\/schema\/person\/3af5f44aaf0de2919e9225aa5ca32567"},"description":"Un post que nuestro estudio de dise\u00f1o web de Barcelona dedica a la privacidad, un enfoque personal con intenci\u00f3n de hacernos reflexionar un poco.","inLanguage":"ca","potentialAction":[{"@type":"ReadAction","target":["https:\/\/codewebbarcelona.com\/ca\/blog\/dret-intimitat\/"]}]},{"@type":"ImageObject","inLanguage":"ca","@id":"https:\/\/codewebbarcelona.com\/ca\/blog\/dret-intimitat\/#primaryimage","url":"https:\/\/codewebbarcelona.com\/wp-content\/uploads\/2016\/07\/the-right-to-be-let-alone-featured.jpg","contentUrl":"https:\/\/codewebbarcelona.com\/wp-content\/uploads\/2016\/07\/the-right-to-be-let-alone-featured.jpg","width":996,"height":560},{"@type":"WebSite","@id":"https:\/\/codewebbarcelona.com\/ca\/#website","url":"https:\/\/codewebbarcelona.com\/ca\/","name":"Code Barcelona","description":"","potentialAction":[{"@type":"SearchAction","target":{"@type":"EntryPoint","urlTemplate":"https:\/\/codewebbarcelona.com\/ca\/?s={search_term_string}"},"query-input":{"@type":"PropertyValueSpecification","valueRequired":true,"valueName":"search_term_string"}}],"inLanguage":"ca"},{"@type":"Person","@id":"https:\/\/codewebbarcelona.com\/ca\/#\/schema\/person\/3af5f44aaf0de2919e9225aa5ca32567","name":"cd26Bc","image":{"@type":"ImageObject","inLanguage":"ca","@id":"https:\/\/secure.gravatar.com\/avatar\/b904e836584635855eaa0ee2922bae4fe2aa94ffb558048dcc5dac5f98f0fadc?s=96&d=mm&r=g","url":"https:\/\/secure.gravatar.com\/avatar\/b904e836584635855eaa0ee2922bae4fe2aa94ffb558048dcc5dac5f98f0fadc?s=96&d=mm&r=g","contentUrl":"https:\/\/secure.gravatar.com\/avatar\/b904e836584635855eaa0ee2922bae4fe2aa94ffb558048dcc5dac5f98f0fadc?s=96&d=mm&r=g","caption":"cd26Bc"},"sameAs":["https:\/\/codewebbarcelona.com"]}]}},"_links":{"self":[{"href":"https:\/\/codewebbarcelona.com\/ca\/wp-json\/wp\/v2\/posts\/41342","targetHints":{"allow":["GET"]}}],"collection":[{"href":"https:\/\/codewebbarcelona.com\/ca\/wp-json\/wp\/v2\/posts"}],"about":[{"href":"https:\/\/codewebbarcelona.com\/ca\/wp-json\/wp\/v2\/types\/post"}],"author":[{"embeddable":true,"href":"https:\/\/codewebbarcelona.com\/ca\/wp-json\/wp\/v2\/users\/1"}],"replies":[{"embeddable":true,"href":"https:\/\/codewebbarcelona.com\/ca\/wp-json\/wp\/v2\/comments?post=41342"}],"version-history":[{"count":2,"href":"https:\/\/codewebbarcelona.com\/ca\/wp-json\/wp\/v2\/posts\/41342\/revisions"}],"predecessor-version":[{"id":41345,"href":"https:\/\/codewebbarcelona.com\/ca\/wp-json\/wp\/v2\/posts\/41342\/revisions\/41345"}],"wp:featuredmedia":[{"embeddable":true,"href":"https:\/\/codewebbarcelona.com\/ca\/wp-json\/wp\/v2\/media\/4552"}],"wp:attachment":[{"href":"https:\/\/codewebbarcelona.com\/ca\/wp-json\/wp\/v2\/media?parent=41342"}],"wp:term":[{"taxonomy":"category","embeddable":true,"href":"https:\/\/codewebbarcelona.com\/ca\/wp-json\/wp\/v2\/categories?post=41342"}],"curies":[{"name":"wp","href":"https:\/\/api.w.org\/{rel}","templated":true}]}}