{"id":39584,"date":"2025-10-31T10:44:18","date_gmt":"2025-10-31T10:44:18","guid":{"rendered":"https:\/\/codewebbarcelona.com\/https-codewebbarcelona-com-blog-proyecto-digital-destacado-the-maori-roll-call-diseno-activismo-voz-colectiva\/"},"modified":"2026-04-21T06:51:38","modified_gmt":"2026-04-21T06:51:38","slug":"projecte-digital-destacat-the-maori-roll-call-disseny-activisme-veu-col%c2%b7lectiva","status":"publish","type":"post","link":"https:\/\/codewebbarcelona.com\/ca\/blog\/projecte-digital-destacat-the-maori-roll-call-disseny-activisme-veu-col%c2%b7lectiva\/","title":{"rendered":"Projecte digital destacat de la setmana: The M\u0101ori Roll Call \u2014 disseny, activisme i veu col\u00b7lectiva"},"content":{"rendered":"<h2>Com Motion Sickness va convertir el registre electoral a Nova Zelanda en una experi\u00e8ncia de disseny, identitat i poder col\u00b7lectiu<\/h2>\n<p>El disseny, quan aconsegueix connectar cultura, prop\u00f2sit i emoci\u00f3, esdev\u00e9 una for\u00e7a pol\u00edtica. <strong>The M\u0101ori Roll Call<\/strong>, creat per l\u2019estudi <strong>Motion Sickness<\/strong> per a <strong>Wh\u0101nau Ora<\/strong>, \u00e9s un exemple excepcional de com el <strong>disseny digital<\/strong> i la comunicaci\u00f3 poden anar m\u00e9s enll\u00e0 del m\u00e0rqueting i transformar-se en un <strong>acte de representaci\u00f3 col\u00b7lectiva<\/strong>. Guardonat amb el <strong>Best Design Awards 2025<\/strong> en la categoria <em>Digital Campaigns<\/em>, aquest projecte va redefinir qu\u00e8 significa crear una campanya c\u00edvica en l\u2019era digital: m\u00e9s que convidar a participar, va fer que cada nom, cada persona i cada veu se sentissin reconegudes i escoltades.<\/p>\n<p><iframe title=\"vimeo-player\" src=\"https:\/\/player.vimeo.com\/video\/1095460383?h=5cb26b84b6\" width=\"640\" height=\"360\" frameborder=\"0\" referrerpolicy=\"strict-origin-when-cross-origin\" allow=\"autoplay; fullscreen; picture-in-picture; clipboard-write; encrypted-media; web-share\"   allowfullscreen><\/iframe><\/p>\n<h3>Un acte de disseny amb prop\u00f2sit<\/h3>\n<p>En la vig\u00edlia de les eleccions de 2025 a Nova Zelanda, el pa\u00eds s\u2019enfrontava a una dada preocupant: m\u00e9s de <strong>120.000 maoris amb dret a vot no estaven inscrits<\/strong>. Davant un problema hist\u00f2ric de representaci\u00f3 pol\u00edtica, la campanya va voler trencar l\u2019apatia i convertir un tr\u00e0mit burocr\u00e0tic \u2014el registre electoral\u2014 en un acte d\u2019<strong>identitat cultural i poder col\u00b7lectiu<\/strong>.<\/p>\n<p>L\u2019estudi Motion Sickness, reconegut pel seu enfocament hum\u00e0 i narratiu, va defugir la ret\u00f2rica pol\u00edtica i el disseny publicitari convencional. En lloc d\u2019aix\u00f2, va proposar una intervenci\u00f3 visual i simb\u00f2lica que partia d\u2019una pregunta tan senzilla com profunda: <strong>respondr\u00e0s a la crida?<\/strong> Aquesta pregunta es va convertir en el nucli d\u2019una campanya que fusionava <strong>art, activisme i disseny digital<\/strong>.<\/p>\n<p><img decoding=\"async\" src=\"https:\/\/codewebbarcelona.com\/wp-content\/uploads\/2025\/10\/campana-digital-maori-roll-the-call-2.jpg\" alt=\"\" width=\"1920\" height=\"1358\" class=\"alignnone size-full wp-image-13617\" \/><\/p>\n<p><img decoding=\"async\" src=\"https:\/\/codewebbarcelona.com\/wp-content\/uploads\/2025\/10\/campana-digital-maori-roll-the-call-4.jpg\" alt=\"\" width=\"1920\" height=\"1358\" class=\"alignnone size-full wp-image-13609\" \/><\/p>\n<p>El resultat va ser <em>The M\u0101ori Roll Call<\/em>: una pe\u00e7a audiovisual de 30 minuts, protagonitzada per <strong>T\u0101me Iti<\/strong> \u2014un dels artistes i activistes maoris m\u00e9s respectats\u2014, que recita m\u00e9s de cinc-cents noms reals de persones inscrites al cens maori. Sense artificis, sense talls, sense adorns: nom\u00e9s la veu, els noms i el silenci. El que podria haver estat un simple anunci institucional es va transformar en una experi\u00e8ncia ritual i d\u2019una gran pot\u00e8ncia emocional.<\/p>\n<h3>Concepte creatiu: una crida al nom<\/h3>\n<p>Per a les comunitats maoris, el nom no \u00e9s nom\u00e9s una paraula: \u00e9s genealogia, \u00e9s connexi\u00f3 amb el passat i amb la terra. <strong>Anomenar<\/strong> \u00e9s recon\u00e8ixer, donar exist\u00e8ncia, afirmar la pertinen\u00e7a. La campanya va entendre aquesta dimensi\u00f3 cultural i la va traduir al llenguatge audiovisual. El \u201croll call\u201d \u2014la llista de noms pronunciats en veu alta\u2014 es va convertir en una <strong>cerim\u00f2nia de visibilitat<\/strong>. Cada nom pronunciat era una hist\u00f2ria recuperada, una vida que tornava a ocupar el seu lloc en la conversa pol\u00edtica.<\/p>\n<p>El <strong>plat\u00f3<\/strong>, concebut com una reinterpretaci\u00f3 de la <em>Beehive Press Gallery<\/em> (la sala de premsa del Parlament neozeland\u00e8s), incorpora el patr\u00f3 <em>poutama<\/em>, s\u00edmbol tradicional que representa <strong>ascens, aprenentatge i elevaci\u00f3 espiritual<\/strong>. En aquest escenari, T\u0101me Iti no interpreta: encarna la hist\u00f2ria, guiant l\u2019espectador en un acte de mem\u00f2ria col\u00b7lectiva. La decisi\u00f3 de gravar en un sol pla seq\u00fc\u00e8ncia refor\u00e7a l\u2019autenticitat i la solemnitat. No hi ha talls ni efectes visuals; tot el pes recau en la paraula i la llum.<\/p>\n<p><img decoding=\"async\" src=\"https:\/\/codewebbarcelona.com\/wp-content\/uploads\/2025\/10\/campana-digital-maori-roll-the-call-1.jpg\" alt=\"\" width=\"1920\" height=\"1358\" class=\"alignnone size-full wp-image-13616\" \/><\/p>\n<p><img decoding=\"async\" src=\"https:\/\/codewebbarcelona.com\/wp-content\/uploads\/2025\/10\/campana-digital-maori-roll-the-call-5.jpg\" alt=\"\" width=\"1920\" height=\"1080\" class=\"alignnone size-full wp-image-13610\" \/><\/p>\n<h3>Disseny visual, narrativa i direcci\u00f3 art\u00edstica<\/h3>\n<p>Visualment, <em>The M\u0101ori Roll Call<\/em> aposta per una est\u00e8tica de <strong>contenci\u00f3 i respecte<\/strong>. La il\u00b7luminaci\u00f3 esdev\u00e9 llenguatge: una penombra c\u00e0lida embolcalla l\u2019orador, mentre feixos de llum subtils travessen l\u2019espai com si simbolitzessin les veus que tornen a ser escoltades. La direcci\u00f3 d\u2019art \u00e9s austera, gaireb\u00e9 lit\u00fargica, refor\u00e7ant el sentit de cerim\u00f2nia. Cada element de l\u2019escenografia \u2014des de la disposici\u00f3 del mobiliari fins als materials utilitzats\u2014 est\u00e0 pensat per <strong>centrar l\u2019atenci\u00f3 en la veu i el nom<\/strong>.<\/p>\n<p>Pel que fa a la identitat visual, la tipografia emprada a les extensions digitals de la campanya (microsite, v\u00eddeos, cartells i xarxes) \u00e9s robusta, de l\u00ednies netes i proporcions equilibrades, evocant un to institucional sense perdre humanitat. El color predominant \u00e9s el <strong>vermell profund<\/strong>, associat tant a la terra maori com al mana \u2014l\u2019energia espiritual\u2014, en contrast amb tons foscos i neutres que aporten sobrietat.<\/p>\n<p><img decoding=\"async\" src=\"https:\/\/codewebbarcelona.com\/wp-content\/uploads\/2025\/10\/campana-digital-maori-roll-the-call-10.jpg\" alt=\"\" width=\"1920\" height=\"1357\" class=\"alignnone size-full wp-image-13615\" \/><\/p>\n<p><img decoding=\"async\" src=\"https:\/\/codewebbarcelona.com\/wp-content\/uploads\/2025\/10\/campana-digital-maori-roll-the-call-6.jpg\" alt=\"\" width=\"1920\" height=\"1080\" class=\"alignnone size-full wp-image-13611\" \/><\/p>\n<p>El resultat \u00e9s un <strong>disseny gr\u00e0fic i audiovisual coherent<\/strong>, on cada decisi\u00f3 est\u00e8tica respon a un prop\u00f2sit narratiu. No hi ha elements innecessaris. Tot contribueix a una sensaci\u00f3 de pes simb\u00f2lic i veritat emocional.<\/p>\n<p><iframe title=\"vimeo-player\" src=\"https:\/\/player.vimeo.com\/video\/1095461778?h=91ca9d71bc\" width=\"640\" height=\"360\" frameborder=\"0\" referrerpolicy=\"strict-origin-when-cross-origin\" allow=\"autoplay; fullscreen; picture-in-picture; clipboard-write; encrypted-media; web-share\"   allowfullscreen><\/iframe><\/p>\n<h3>L\u2019experi\u00e8ncia digital i social<\/h3>\n<p>La campanya va anar m\u00e9s enll\u00e0 del format audiovisual per convertir-se en una <strong>experi\u00e8ncia digital participativa<\/strong>. Al microsite <a href=\"https:\/\/maorirollcall.co.nz\" target=\"_blank\">maorirollcall.co.nz<\/a>, els usuaris podien canviar la seva inscripci\u00f3 al cens maori o afegir el seu nom a la propera crida. El web replicava l\u2019est\u00e8tica visual del v\u00eddeo: tons profunds, tipografia clara i una navegaci\u00f3 senzilla que posava l\u2019accent en l\u2019acci\u00f3 principal \u2014<strong>\u201cafegeix el teu nom\u201d<\/strong>\u2014 com a gest simb\u00f2lic i pol\u00edtic.<\/p>\n<p>El disseny UX es va centrar en la <strong>emoci\u00f3 i l\u2019accessibilitat<\/strong>. No era una plataforma informativa; era una extensi\u00f3 emocional del missatge. Les animacions eren subtils, els microsons refor\u00e7aven la sensaci\u00f3 de ritual i el flux d\u2019interacci\u00f3 estava pensat perqu\u00e8 l\u2019usuari sent\u00eds que participava en una <em>cerim\u00f2nia<\/em> m\u00e9s que no pas en una gesti\u00f3 digital. Aquesta aproximaci\u00f3 converteix el web en una experi\u00e8ncia performativa: l\u2019usuari no nom\u00e9s veu la campanya, sin\u00f3 que la completa.<\/p>\n<p><img decoding=\"async\" src=\"https:\/\/codewebbarcelona.com\/wp-content\/uploads\/2025\/10\/campana-digital-maori-roll-the-call-9.jpg\" alt=\"\" width=\"1920\" height=\"1357\" class=\"alignnone size-full wp-image-13614\" \/><\/p>\n<p><img decoding=\"async\" src=\"https:\/\/codewebbarcelona.com\/wp-content\/uploads\/2025\/10\/campana-digital-maori-roll-the-call-7.jpg\" alt=\"\" width=\"1920\" height=\"1080\" class=\"alignnone size-full wp-image-13612\" \/><\/p>\n<p>A m\u00e9s, la iniciativa es va expandir a les xarxes socials i a l\u2019espai p\u00fablic amb <strong>cartells personalitzats amb noms reals<\/strong>, refor\u00e7ant el vincle entre identitat individual i acci\u00f3 col\u00b7lectiva. Cada nom era una crida, cada cartell una declaraci\u00f3 de pertinen\u00e7a. L\u2019estrat\u00e8gia digital i f\u00edsica van treballar en paral\u00b7lel, amplificant el missatge i refor\u00e7ant la narrativa visual.<\/p>\n<h3>Impacte cultural i resultats<\/h3>\n<p>L\u2019impacte de <em>The M\u0101ori Roll Call<\/em> va ser immediat i profund. No nom\u00e9s va apar\u00e8ixer als principals mitjans nacionals \u2014<strong>1News, RNZ, TVNZ<\/strong>\u2014, sin\u00f3 que va provocar <strong>debat parlamentari<\/strong> sobre el poder pol\u00edtic i cultural de la campanya. En poques setmanes, milers de persones van visitar el microsite i van compartir la pe\u00e7a audiovisual, convertint el que inicialment era una acci\u00f3 de comunicaci\u00f3 en un <strong>moviment social<\/strong>.<\/p>\n<p>El m\u00e9s rellevant no van ser les xifres, sin\u00f3 el canvi simb\u00f2lic: la inscripci\u00f3 ja no es percebia com un tr\u00e0mit, sin\u00f3 com un <strong>acte d\u2019afirmaci\u00f3 cultural<\/strong>. En paraules del jurat dels <em>Best Design Awards<\/em>, la campanya va ser \u201cemocionalment ressonant, visualment poderosa i conceptualment clara\u201d, destacant la seva capacitat de convertir l\u2019abstracte \u2014la idea de representaci\u00f3 pol\u00edtica\u2014 en quelcom tangible i hum\u00e0.<\/p>\n<p><img decoding=\"async\" src=\"https:\/\/codewebbarcelona.com\/wp-content\/uploads\/2025\/10\/campana-digital-maori-roll-the-call-8.jpg\" alt=\"\" width=\"1920\" height=\"1358\" class=\"alignnone size-full wp-image-13613\" \/><\/p>\n<p><img decoding=\"async\" src=\"https:\/\/codewebbarcelona.com\/wp-content\/uploads\/2025\/10\/campana-digital-maori-roll-the-call-3.jpg\" alt=\"\" width=\"1920\" height=\"1358\" class=\"alignnone size-full wp-image-13608\" \/><\/p>\n<p>El gest de la <strong>m\u00e0 aixecada<\/strong>, utilitzat com a s\u00edmbol recurrent, sintetitza el missatge de tota la campanya: respondre a la crida no \u00e9s obeir, \u00e9s <strong>reclamar el dret a ser escoltat<\/strong>. Aquesta m\u00e0 \u00e9s identitat, \u00e9s protesta, \u00e9s orgull. A la cru\u00eflla entre <strong>disseny gr\u00e0fic, direcci\u00f3 d\u2019art i estrat\u00e8gia social<\/strong>, Motion Sickness ha creat una obra que no nom\u00e9s comunica: commou, convida i transforma.<\/p>\n<h3>Disseny amb \u00e0nima: el paper de l\u2019estudi Motion Sickness<\/h3>\n<p>L\u2019\u00e8xit d\u2019aquesta campanya no s\u2019ent\u00e9n sense la filosofia de Motion Sickness. Amb seu a Auckland, l\u2019equip \u00e9s reconegut per la seva capacitat d\u2019afrontar temes socials i culturals des del disseny contemporani. A <em>The M\u0101ori Roll Call<\/em>, el seu paper s\u2019apropa m\u00e9s al d\u2019un col\u00b7lectiu art\u00edstic que no pas al d\u2019una ag\u00e8ncia publicit\u00e0ria. L\u2019equilibri entre <strong>autenticitat cultural i excel\u00b7l\u00e8ncia visual<\/strong> va ser clau per al resultat.<\/p>\n<p>La direcci\u00f3 creativa, liderada per <strong>Sam Stuchbury<\/strong> i <strong>Melina Fiolitakis<\/strong>, amb la col\u00b7laboraci\u00f3 cultural de <strong>K\u0101tene Durie-Doherty<\/strong> i la participaci\u00f3 de <strong>T\u0101me Iti<\/strong>, va construir un pont entre l\u2019art contemporani, l\u2019activisme i la comunicaci\u00f3 de masses. La campanya demostra que el <strong>disseny amb prop\u00f2sit<\/strong> pot ser alhora bell, estrat\u00e8gic i profundament hum\u00e0.<\/p>\n<p><iframe title=\"vimeo-player\" src=\"https:\/\/player.vimeo.com\/video\/1095461778?h=91ca9d71bc\" width=\"640\" height=\"360\" frameborder=\"0\" referrerpolicy=\"strict-origin-when-cross-origin\" allow=\"autoplay; fullscreen; picture-in-picture; clipboard-write; encrypted-media; web-share\"   allowfullscreen><\/iframe><\/p>\n<h3>Un nou paradigma per al disseny digital<\/h3>\n<p><em>The M\u0101ori Roll Call<\/em> marca un abans i un despr\u00e9s en la manera d\u2019entendre el <strong>disseny digital social<\/strong>. No es tracta nom\u00e9s de comunicar un missatge, sin\u00f3 de <strong>crear una experi\u00e8ncia emocional i cultural<\/strong> que impulsi a l\u2019acci\u00f3. La combinaci\u00f3 de <strong>minimalisme visual, simbolisme cultural i participaci\u00f3 digital<\/strong> converteix l\u2019obra en un exemple de com el disseny pot ser llenguatge, pont i motor de canvi.<\/p>\n<p>En un context global on la desinformaci\u00f3 i l\u2019apatia pol\u00edtica amenacen la participaci\u00f3 ciutadana, aquest projecte ofereix una lli\u00e7\u00f3 clara: <strong>el disseny no nom\u00e9s ha d\u2019informar, ha d\u2019inspirar<\/strong>. I quan ho fa des de l\u2019empatia i l\u2019autenticitat, el seu impacte pot traspassar fronteres.<\/p>\n<h2>Conclusi\u00f3<\/h2>\n<p><strong>The M\u0101ori Roll Call<\/strong> \u00e9s molt m\u00e9s que una campanya digital: \u00e9s un manifest visual sobre la pertinen\u00e7a i la veu. En un m\u00f3n on sovint el disseny s\u2019associa amb el vessant comercial, aquest projecte recorda el seu potencial per al b\u00e9 com\u00fa. Motion Sickness aconsegueix el que pocs estudis assoleixen: utilitzar el disseny no per vendre, sin\u00f3 per <strong>donar forma a una conversa social<\/strong>.<\/p>\n<p>Guardonada amb el <strong>Best Design Award 2025<\/strong> en la categoria <em>Digital Campaigns<\/em>, aquesta obra redefineix els l\u00edmits entre art, pol\u00edtica i disseny digital. No busca likes ni m\u00e8triques; busca resson\u00e0ncia. I ho aconsegueix posant l\u2019\u00e0nima al centre del disseny.<\/p>\n<p>Des de <strong>Code Barcelona<\/strong> celebrem <em>The M\u0101ori Roll Call<\/em> com un exemple de disseny amb prop\u00f2sit, un recordatori que la veritable innovaci\u00f3 arriba quan el disseny deixa de parlar de si mateix i comen\u00e7a a parlar de tots nosaltres.<\/p>\n","protected":false},"excerpt":{"rendered":"<p>Com Motion Sickness va convertir el registre electoral a Nova Zelanda en una experi\u00e8ncia de disseny, identitat i poder col\u00b7lectiu El disseny, quan aconsegueix connectar cultura, prop\u00f2sit i emoci\u00f3, esdev\u00e9 una for\u00e7a pol\u00edtica. The M\u0101ori Roll Call, creat per l\u2019estudi Motion Sickness per a Wh\u0101nau Ora, \u00e9s un exemple excepcional de com el disseny digital [&hellip;]<\/p>\n","protected":false},"author":1,"featured_media":2310,"comment_status":"closed","ping_status":"closed","sticky":false,"template":"","format":"standard","meta":{"_acf_changed":false,"footnotes":""},"categories":[210,134],"class_list":["post-39584","post","type-post","status-publish","format-standard","has-post-thumbnail","hentry","category-inspiracio","category-disseny-grafic"],"acf":[],"yoast_head":"<!-- This site is optimized with the Yoast SEO plugin v27.2 - https:\/\/yoast.com\/product\/yoast-seo-wordpress\/ -->\n<title>Projecte digital destacat de la setmana: The M\u0101ori Roll Call \u2014 disseny, activisme i veu col\u00b7lectiva - Code Barcelona<\/title>\n<meta name=\"robots\" content=\"index, follow, max-snippet:-1, max-image-preview:large, max-video-preview:-1\" \/>\n<link rel=\"canonical\" href=\"https:\/\/codewebbarcelona.com\/ca\/blog\/projecte-digital-destacat-the-maori-roll-call-disseny-activisme-veu-col%c2%b7lectiva\/\" \/>\n<meta property=\"og:locale\" content=\"ca_ES\" \/>\n<meta property=\"og:type\" content=\"article\" \/>\n<meta property=\"og:title\" content=\"Projecte digital destacat de la setmana: The M\u0101ori Roll Call \u2014 disseny, activisme i veu col\u00b7lectiva - Code Barcelona\" \/>\n<meta property=\"og:description\" content=\"Com Motion Sickness va convertir el registre electoral a Nova Zelanda en una experi\u00e8ncia de disseny, identitat i poder col\u00b7lectiu El disseny, quan aconsegueix connectar cultura, prop\u00f2sit i emoci\u00f3, esdev\u00e9 una for\u00e7a pol\u00edtica. The M\u0101ori Roll Call, creat per l\u2019estudi Motion Sickness per a Wh\u0101nau Ora, \u00e9s un exemple excepcional de com el disseny digital [&hellip;]\" \/>\n<meta property=\"og:url\" content=\"https:\/\/codewebbarcelona.com\/ca\/blog\/projecte-digital-destacat-the-maori-roll-call-disseny-activisme-veu-col%c2%b7lectiva\/\" \/>\n<meta property=\"og:site_name\" content=\"Code Barcelona\" \/>\n<meta property=\"article:published_time\" content=\"2025-10-31T10:44:18+00:00\" \/>\n<meta property=\"article:modified_time\" content=\"2026-04-21T06:51:38+00:00\" \/>\n<meta property=\"og:image\" content=\"https:\/\/codewebbarcelona.com\/wp-content\/uploads\/2025\/10\/proyecto-digital-destacado-de-la-semana-the-maori-roll-call-diseno-activismo-y-voz-colectiva-featured.png\" \/>\n\t<meta property=\"og:image:width\" content=\"458\" \/>\n\t<meta property=\"og:image:height\" content=\"255\" \/>\n\t<meta property=\"og:image:type\" content=\"image\/png\" \/>\n<meta name=\"author\" content=\"cd26Bc\" \/>\n<meta name=\"twitter:card\" content=\"summary_large_image\" \/>\n<meta name=\"twitter:label1\" content=\"Escrit per\" \/>\n\t<meta name=\"twitter:data1\" content=\"cd26Bc\" \/>\n\t<meta name=\"twitter:label2\" content=\"Temps estimat de lectura\" \/>\n\t<meta name=\"twitter:data2\" content=\"8 minuts\" \/>\n<script type=\"application\/ld+json\" class=\"yoast-schema-graph\">{\"@context\":\"https:\/\/schema.org\",\"@graph\":[{\"@type\":\"Article\",\"@id\":\"https:\/\/codewebbarcelona.com\/ca\/blog\/projecte-digital-destacat-the-maori-roll-call-disseny-activisme-veu-col%c2%b7lectiva\/#article\",\"isPartOf\":{\"@id\":\"https:\/\/codewebbarcelona.com\/ca\/blog\/projecte-digital-destacat-the-maori-roll-call-disseny-activisme-veu-col%c2%b7lectiva\/\"},\"author\":{\"name\":\"cd26Bc\",\"@id\":\"https:\/\/codewebbarcelona.com\/ca\/#\/schema\/person\/3af5f44aaf0de2919e9225aa5ca32567\"},\"headline\":\"Projecte digital destacat de la setmana: The M\u0101ori Roll Call \u2014 disseny, activisme i veu col\u00b7lectiva\",\"datePublished\":\"2025-10-31T10:44:18+00:00\",\"dateModified\":\"2026-04-21T06:51:38+00:00\",\"mainEntityOfPage\":{\"@id\":\"https:\/\/codewebbarcelona.com\/ca\/blog\/projecte-digital-destacat-the-maori-roll-call-disseny-activisme-veu-col%c2%b7lectiva\/\"},\"wordCount\":1649,\"image\":{\"@id\":\"https:\/\/codewebbarcelona.com\/ca\/blog\/projecte-digital-destacat-the-maori-roll-call-disseny-activisme-veu-col%c2%b7lectiva\/#primaryimage\"},\"thumbnailUrl\":\"https:\/\/codewebbarcelona.com\/wp-content\/uploads\/2025\/10\/proyecto-digital-destacado-de-la-semana-the-maori-roll-call-diseno-activismo-y-voz-colectiva-featured.png\",\"articleSection\":[\"Inspiraci\u00f3\",\"Dise\u00f1o gr\u00e1fico\"],\"inLanguage\":\"ca\"},{\"@type\":\"WebPage\",\"@id\":\"https:\/\/codewebbarcelona.com\/ca\/blog\/projecte-digital-destacat-the-maori-roll-call-disseny-activisme-veu-col%c2%b7lectiva\/\",\"url\":\"https:\/\/codewebbarcelona.com\/ca\/blog\/projecte-digital-destacat-the-maori-roll-call-disseny-activisme-veu-col%c2%b7lectiva\/\",\"name\":\"Projecte digital destacat de la setmana: The M\u0101ori Roll Call \u2014 disseny, activisme i veu col\u00b7lectiva - Code Barcelona\",\"isPartOf\":{\"@id\":\"https:\/\/codewebbarcelona.com\/ca\/#website\"},\"primaryImageOfPage\":{\"@id\":\"https:\/\/codewebbarcelona.com\/ca\/blog\/projecte-digital-destacat-the-maori-roll-call-disseny-activisme-veu-col%c2%b7lectiva\/#primaryimage\"},\"image\":{\"@id\":\"https:\/\/codewebbarcelona.com\/ca\/blog\/projecte-digital-destacat-the-maori-roll-call-disseny-activisme-veu-col%c2%b7lectiva\/#primaryimage\"},\"thumbnailUrl\":\"https:\/\/codewebbarcelona.com\/wp-content\/uploads\/2025\/10\/proyecto-digital-destacado-de-la-semana-the-maori-roll-call-diseno-activismo-y-voz-colectiva-featured.png\",\"datePublished\":\"2025-10-31T10:44:18+00:00\",\"dateModified\":\"2026-04-21T06:51:38+00:00\",\"author\":{\"@id\":\"https:\/\/codewebbarcelona.com\/ca\/#\/schema\/person\/3af5f44aaf0de2919e9225aa5ca32567\"},\"inLanguage\":\"ca\",\"potentialAction\":[{\"@type\":\"ReadAction\",\"target\":[\"https:\/\/codewebbarcelona.com\/ca\/blog\/projecte-digital-destacat-the-maori-roll-call-disseny-activisme-veu-col%c2%b7lectiva\/\"]}]},{\"@type\":\"ImageObject\",\"inLanguage\":\"ca\",\"@id\":\"https:\/\/codewebbarcelona.com\/ca\/blog\/projecte-digital-destacat-the-maori-roll-call-disseny-activisme-veu-col%c2%b7lectiva\/#primaryimage\",\"url\":\"https:\/\/codewebbarcelona.com\/wp-content\/uploads\/2025\/10\/proyecto-digital-destacado-de-la-semana-the-maori-roll-call-diseno-activismo-y-voz-colectiva-featured.png\",\"contentUrl\":\"https:\/\/codewebbarcelona.com\/wp-content\/uploads\/2025\/10\/proyecto-digital-destacado-de-la-semana-the-maori-roll-call-diseno-activismo-y-voz-colectiva-featured.png\",\"width\":458,\"height\":255},{\"@type\":\"WebSite\",\"@id\":\"https:\/\/codewebbarcelona.com\/ca\/#website\",\"url\":\"https:\/\/codewebbarcelona.com\/ca\/\",\"name\":\"Code Barcelona\",\"description\":\"\",\"potentialAction\":[{\"@type\":\"SearchAction\",\"target\":{\"@type\":\"EntryPoint\",\"urlTemplate\":\"https:\/\/codewebbarcelona.com\/ca\/?s={search_term_string}\"},\"query-input\":{\"@type\":\"PropertyValueSpecification\",\"valueRequired\":true,\"valueName\":\"search_term_string\"}}],\"inLanguage\":\"ca\"},{\"@type\":\"Person\",\"@id\":\"https:\/\/codewebbarcelona.com\/ca\/#\/schema\/person\/3af5f44aaf0de2919e9225aa5ca32567\",\"name\":\"cd26Bc\",\"image\":{\"@type\":\"ImageObject\",\"inLanguage\":\"ca\",\"@id\":\"https:\/\/secure.gravatar.com\/avatar\/b904e836584635855eaa0ee2922bae4fe2aa94ffb558048dcc5dac5f98f0fadc?s=96&d=mm&r=g\",\"url\":\"https:\/\/secure.gravatar.com\/avatar\/b904e836584635855eaa0ee2922bae4fe2aa94ffb558048dcc5dac5f98f0fadc?s=96&d=mm&r=g\",\"contentUrl\":\"https:\/\/secure.gravatar.com\/avatar\/b904e836584635855eaa0ee2922bae4fe2aa94ffb558048dcc5dac5f98f0fadc?s=96&d=mm&r=g\",\"caption\":\"cd26Bc\"},\"sameAs\":[\"https:\/\/codewebbarcelona.com\"]}]}<\/script>\n<!-- \/ Yoast SEO plugin. -->","yoast_head_json":{"title":"Projecte digital destacat de la setmana: The M\u0101ori Roll Call \u2014 disseny, activisme i veu col\u00b7lectiva - Code Barcelona","robots":{"index":"index","follow":"follow","max-snippet":"max-snippet:-1","max-image-preview":"max-image-preview:large","max-video-preview":"max-video-preview:-1"},"canonical":"https:\/\/codewebbarcelona.com\/ca\/blog\/projecte-digital-destacat-the-maori-roll-call-disseny-activisme-veu-col%c2%b7lectiva\/","og_locale":"ca_ES","og_type":"article","og_title":"Projecte digital destacat de la setmana: The M\u0101ori Roll Call \u2014 disseny, activisme i veu col\u00b7lectiva - Code Barcelona","og_description":"Com Motion Sickness va convertir el registre electoral a Nova Zelanda en una experi\u00e8ncia de disseny, identitat i poder col\u00b7lectiu El disseny, quan aconsegueix connectar cultura, prop\u00f2sit i emoci\u00f3, esdev\u00e9 una for\u00e7a pol\u00edtica. The M\u0101ori Roll Call, creat per l\u2019estudi Motion Sickness per a Wh\u0101nau Ora, \u00e9s un exemple excepcional de com el disseny digital [&hellip;]","og_url":"https:\/\/codewebbarcelona.com\/ca\/blog\/projecte-digital-destacat-the-maori-roll-call-disseny-activisme-veu-col%c2%b7lectiva\/","og_site_name":"Code Barcelona","article_published_time":"2025-10-31T10:44:18+00:00","article_modified_time":"2026-04-21T06:51:38+00:00","og_image":[{"width":458,"height":255,"url":"https:\/\/codewebbarcelona.com\/wp-content\/uploads\/2025\/10\/proyecto-digital-destacado-de-la-semana-the-maori-roll-call-diseno-activismo-y-voz-colectiva-featured.png","type":"image\/png"}],"author":"cd26Bc","twitter_card":"summary_large_image","twitter_misc":{"Escrit per":"cd26Bc","Temps estimat de lectura":"8 minuts"},"schema":{"@context":"https:\/\/schema.org","@graph":[{"@type":"Article","@id":"https:\/\/codewebbarcelona.com\/ca\/blog\/projecte-digital-destacat-the-maori-roll-call-disseny-activisme-veu-col%c2%b7lectiva\/#article","isPartOf":{"@id":"https:\/\/codewebbarcelona.com\/ca\/blog\/projecte-digital-destacat-the-maori-roll-call-disseny-activisme-veu-col%c2%b7lectiva\/"},"author":{"name":"cd26Bc","@id":"https:\/\/codewebbarcelona.com\/ca\/#\/schema\/person\/3af5f44aaf0de2919e9225aa5ca32567"},"headline":"Projecte digital destacat de la setmana: The M\u0101ori Roll Call \u2014 disseny, activisme i veu col\u00b7lectiva","datePublished":"2025-10-31T10:44:18+00:00","dateModified":"2026-04-21T06:51:38+00:00","mainEntityOfPage":{"@id":"https:\/\/codewebbarcelona.com\/ca\/blog\/projecte-digital-destacat-the-maori-roll-call-disseny-activisme-veu-col%c2%b7lectiva\/"},"wordCount":1649,"image":{"@id":"https:\/\/codewebbarcelona.com\/ca\/blog\/projecte-digital-destacat-the-maori-roll-call-disseny-activisme-veu-col%c2%b7lectiva\/#primaryimage"},"thumbnailUrl":"https:\/\/codewebbarcelona.com\/wp-content\/uploads\/2025\/10\/proyecto-digital-destacado-de-la-semana-the-maori-roll-call-diseno-activismo-y-voz-colectiva-featured.png","articleSection":["Inspiraci\u00f3","Dise\u00f1o gr\u00e1fico"],"inLanguage":"ca"},{"@type":"WebPage","@id":"https:\/\/codewebbarcelona.com\/ca\/blog\/projecte-digital-destacat-the-maori-roll-call-disseny-activisme-veu-col%c2%b7lectiva\/","url":"https:\/\/codewebbarcelona.com\/ca\/blog\/projecte-digital-destacat-the-maori-roll-call-disseny-activisme-veu-col%c2%b7lectiva\/","name":"Projecte digital destacat de la setmana: The M\u0101ori Roll Call \u2014 disseny, activisme i veu col\u00b7lectiva - Code Barcelona","isPartOf":{"@id":"https:\/\/codewebbarcelona.com\/ca\/#website"},"primaryImageOfPage":{"@id":"https:\/\/codewebbarcelona.com\/ca\/blog\/projecte-digital-destacat-the-maori-roll-call-disseny-activisme-veu-col%c2%b7lectiva\/#primaryimage"},"image":{"@id":"https:\/\/codewebbarcelona.com\/ca\/blog\/projecte-digital-destacat-the-maori-roll-call-disseny-activisme-veu-col%c2%b7lectiva\/#primaryimage"},"thumbnailUrl":"https:\/\/codewebbarcelona.com\/wp-content\/uploads\/2025\/10\/proyecto-digital-destacado-de-la-semana-the-maori-roll-call-diseno-activismo-y-voz-colectiva-featured.png","datePublished":"2025-10-31T10:44:18+00:00","dateModified":"2026-04-21T06:51:38+00:00","author":{"@id":"https:\/\/codewebbarcelona.com\/ca\/#\/schema\/person\/3af5f44aaf0de2919e9225aa5ca32567"},"inLanguage":"ca","potentialAction":[{"@type":"ReadAction","target":["https:\/\/codewebbarcelona.com\/ca\/blog\/projecte-digital-destacat-the-maori-roll-call-disseny-activisme-veu-col%c2%b7lectiva\/"]}]},{"@type":"ImageObject","inLanguage":"ca","@id":"https:\/\/codewebbarcelona.com\/ca\/blog\/projecte-digital-destacat-the-maori-roll-call-disseny-activisme-veu-col%c2%b7lectiva\/#primaryimage","url":"https:\/\/codewebbarcelona.com\/wp-content\/uploads\/2025\/10\/proyecto-digital-destacado-de-la-semana-the-maori-roll-call-diseno-activismo-y-voz-colectiva-featured.png","contentUrl":"https:\/\/codewebbarcelona.com\/wp-content\/uploads\/2025\/10\/proyecto-digital-destacado-de-la-semana-the-maori-roll-call-diseno-activismo-y-voz-colectiva-featured.png","width":458,"height":255},{"@type":"WebSite","@id":"https:\/\/codewebbarcelona.com\/ca\/#website","url":"https:\/\/codewebbarcelona.com\/ca\/","name":"Code Barcelona","description":"","potentialAction":[{"@type":"SearchAction","target":{"@type":"EntryPoint","urlTemplate":"https:\/\/codewebbarcelona.com\/ca\/?s={search_term_string}"},"query-input":{"@type":"PropertyValueSpecification","valueRequired":true,"valueName":"search_term_string"}}],"inLanguage":"ca"},{"@type":"Person","@id":"https:\/\/codewebbarcelona.com\/ca\/#\/schema\/person\/3af5f44aaf0de2919e9225aa5ca32567","name":"cd26Bc","image":{"@type":"ImageObject","inLanguage":"ca","@id":"https:\/\/secure.gravatar.com\/avatar\/b904e836584635855eaa0ee2922bae4fe2aa94ffb558048dcc5dac5f98f0fadc?s=96&d=mm&r=g","url":"https:\/\/secure.gravatar.com\/avatar\/b904e836584635855eaa0ee2922bae4fe2aa94ffb558048dcc5dac5f98f0fadc?s=96&d=mm&r=g","contentUrl":"https:\/\/secure.gravatar.com\/avatar\/b904e836584635855eaa0ee2922bae4fe2aa94ffb558048dcc5dac5f98f0fadc?s=96&d=mm&r=g","caption":"cd26Bc"},"sameAs":["https:\/\/codewebbarcelona.com"]}]}},"_links":{"self":[{"href":"https:\/\/codewebbarcelona.com\/ca\/wp-json\/wp\/v2\/posts\/39584","targetHints":{"allow":["GET"]}}],"collection":[{"href":"https:\/\/codewebbarcelona.com\/ca\/wp-json\/wp\/v2\/posts"}],"about":[{"href":"https:\/\/codewebbarcelona.com\/ca\/wp-json\/wp\/v2\/types\/post"}],"author":[{"embeddable":true,"href":"https:\/\/codewebbarcelona.com\/ca\/wp-json\/wp\/v2\/users\/1"}],"replies":[{"embeddable":true,"href":"https:\/\/codewebbarcelona.com\/ca\/wp-json\/wp\/v2\/comments?post=39584"}],"version-history":[{"count":2,"href":"https:\/\/codewebbarcelona.com\/ca\/wp-json\/wp\/v2\/posts\/39584\/revisions"}],"predecessor-version":[{"id":39596,"href":"https:\/\/codewebbarcelona.com\/ca\/wp-json\/wp\/v2\/posts\/39584\/revisions\/39596"}],"wp:featuredmedia":[{"embeddable":true,"href":"https:\/\/codewebbarcelona.com\/ca\/wp-json\/wp\/v2\/media\/2310"}],"wp:attachment":[{"href":"https:\/\/codewebbarcelona.com\/ca\/wp-json\/wp\/v2\/media?parent=39584"}],"wp:term":[{"taxonomy":"category","embeddable":true,"href":"https:\/\/codewebbarcelona.com\/ca\/wp-json\/wp\/v2\/categories?post=39584"}],"curies":[{"name":"wp","href":"https:\/\/api.w.org\/{rel}","templated":true}]}}