{"id":39300,"date":"2016-09-07T23:09:49","date_gmt":"2016-09-07T23:09:49","guid":{"rendered":"https:\/\/codewebbarcelona.com\/nuevo-iphone-7\/"},"modified":"2026-04-21T06:39:59","modified_gmt":"2026-04-21T06:39:59","slug":"nou-iphone-7","status":"publish","type":"post","link":"https:\/\/codewebbarcelona.com\/ca\/blog\/nou-iphone-7\/","title":{"rendered":"Nou iPhone 7"},"content":{"rendered":"<p>Estava navegant per la xarxa quan, per casualitat, m\u2019he topat amb la not\u00edcia: el gegant tecnol\u00f2gic Apple ja ha anunciat el seu pr\u00f2xim i esperat llan\u00e7ament. B\u00e9&#8230; ho reconec, no ha estat gens casual, fa dies que estava pendent, esperant l\u2019anhelada not\u00edcia. Aquest nou llan\u00e7ament no \u00e9s altre que el <strong>nou Iphone 7<\/strong>, que, com era d\u2019esperar, tamb\u00e9 tindr\u00e0 una versi\u00f3 Plus, amb una mida m\u00e9s gran, igual que el seu predecessor, l\u2019Iphone 6. Per\u00f2 en aquesta nova versi\u00f3, a m\u00e9s, s\u2019hi afegeix una <strong>segona c\u00e0mera de fotos<\/strong> per donar vida a la <strong>nova funcionalitat multishot amb zoom<\/strong>, de la qual en parlarem m\u00e9s endavant.<\/p>\n<p><iframe src=\"https:\/\/www.youtube.com\/embed\/Q6dsRpVyyWs\" width=\"100%\" height=\"415\" frameborder=\"0\" allowfullscreen=\"allowfullscreen\"><\/iframe><\/p>\n<p>A banda d\u2019incorporar una <strong>nova c\u00e0mera de fotos<\/strong> capa\u00e7 de processar m\u00e9s de 1.000 milions d\u2019operacions en nom\u00e9s 25 mil\u00b7lisegons, el nou Iphone 7 passa a ser <strong>resistent a l\u2019aigua<\/strong>, incorpora <strong>dos altaveus integrats per a so est\u00e8reo<\/strong> i <strong>millores en la pantalla<\/strong> i la reproducci\u00f3 dels colors.<\/p>\n<h2>Una nova c\u00e0mera de fotos<\/h2>\n<p><a href=\"https:\/\/codewebbarcelona.com\/wp-content\/uploads\/2016\/09\/camera_lens_large-1.jpg\"><img decoding=\"async\" class=\"alignnone size-large wp-image-415\" src=\"https:\/\/codewebbarcelona.com\/wp-content\/uploads\/2016\/09\/camera_lens_large-1024x558-2.jpg\" alt=\"camera_lens_large\" width=\"1024\" height=\"558\" \/><\/a><br \/>\nEl <strong>nou Iphone 7<\/strong> disposar\u00e0 d\u2019una c\u00e0mera de 12MP capa\u00e7 de fer <strong>mil milions d\u2019operacions en nom\u00e9s 25 mil\u00b7lisegons<\/strong>, a m\u00e9s d\u2019un flaix millorat amb 4 leds per aconseguir una qualitat d\u2019imatge molt superior.<\/p>\n<p>Cada foto feta amb la nova c\u00e0mera passa per tot un seguit de processos abans de mostrar el resultat final:<\/p>\n<ul>\n<li>Detecci\u00f3 de l\u2019objectiu, ja siguin persones, objectes o cossos.<\/li>\n<li>Exposici\u00f3 autom\u00e0tica<\/li>\n<li>Enfocament de l\u2019objectiu<\/li>\n<li>Balan\u00e7 de blancs<\/li>\n<li>Captura de color (Wide color capture)<\/li>\n<li>Tone mapping<\/li>\n<li>Reducci\u00f3 de soroll<\/li>\n<li>Retorn de la imatge final<\/li>\n<\/ul>\n<p><a href=\"https:\/\/codewebbarcelona.com\/wp-content\/uploads\/2016\/09\/nuevo-iphone-7-raw-1.jpg\"><img decoding=\"async\" class=\"alignnone size-large wp-image-417\" src=\"https:\/\/codewebbarcelona.com\/wp-content\/uploads\/2016\/09\/nuevo-iphone-7-raw-1024x449-2.jpg\" alt=\"nuevo-iphone-7-raw\" width=\"1024\" height=\"449\" \/><\/a><\/p>\n<p>A m\u00e9s de l\u2019estabilitzaci\u00f3 d\u2019imatge i la possibilitat d\u2019editar les fotos des del mateix sistema, una de les grans novetats d\u2019aquesta versi\u00f3 \u00e9s la capacitat d\u2019exportar les imatges en RAW en format DNG.<\/p>\n<p>La c\u00e0mera frontal tamb\u00e9 s\u2019ha millorat, ara amb 7MP, i incorpora la nova tecnologia wide color i estabilitzaci\u00f3 d\u2019imatge.<\/p>\n<p>La gravaci\u00f3 de v\u00eddeo es mant\u00e9 en 4K, com ja passava amb l\u2019Iphone 6, i amb un mode c\u00e0mera lenta capa\u00e7 de captar 120 fps a 1080p.<\/p>\n<p>&nbsp;<\/p>\n<h3>Nou mode de dispar: mode retrat<\/h3>\n<p>A m\u00e9s del mode panor\u00e0mic i el mode 1:1, el <strong>nou Iphone 7<\/strong> incorpora un nou mode, anomenat <strong>mode retrat<\/strong>, que escaneja la imatge per detectar l\u2019objectiu i desenfoca el fons, tot aix\u00f2 en temps real a la pantalla, sense necessitat de disparar, simulant l\u2019efecte d\u2019un objectiu fotogr\u00e0fic professional.<\/p>\n<h3><img decoding=\"async\" class=\"alignnone size-large wp-image-418\" src=\"https:\/\/codewebbarcelona.com\/wp-content\/uploads\/2016\/09\/iphone-7-doble-zoom-1024x352-2.jpg\" alt=\"iphone-7-doble-zoom\" width=\"1024\" height=\"352\" \/><\/h3>\n<h3>Iphone 7 Plus, dues c\u00e0meres<\/h3>\n<p>S\u00ed, ho has llegit b\u00e9: dues c\u00e0meres. La versi\u00f3 Plus del nou tel\u00e8fon d\u2019Apple disposar\u00e0 de <strong>dues c\u00e0meres<\/strong>, totes dues de 12MP. Aquesta configuraci\u00f3 permet la nova funcionalitat \u201cmulti zoom\u201d, que possibilita fer dues fotos alhora: una amb zoom de fins a 10x i una altra sense zoom.<\/p>\n<h2>Dos altaveus integrats, ad\u00e9u a la connexi\u00f3 jack i earpods sense fils<\/h2>\n<p><strong>Dos altaveus est\u00e8reo<\/strong> per oferir una millor qualitat de so al tel\u00e8fon, tot i que no sigui una millora revolucion\u00e0ria, cal destacar-la. Una de les decisions que m\u00e9s pol\u00e8mica ha generat entre els usuaris \u00e9s <strong>l\u2019eliminaci\u00f3 de la cl\u00e0ssica entrada jack<\/strong>. Ara els auriculars nom\u00e9s es podran connectar a trav\u00e9s del mateix port que fem servir per carregar el dispositiu. Tot i aix\u00ed, a la caixa de l\u2019Iphone 7 s\u2019inclour\u00e0 un adaptador per a la (antiga?) entrada jack.<\/p>\n<p><strong>Els nous earpods o auriculars d\u2019Apple, a partir d\u2019ara, seran sense fils<\/strong>, \u00e9s a dir, diem ad\u00e9u als molestos cables que tantes vegades s\u2019embolicaven a la motxilla. Aquests nous earpods, a m\u00e9s d\u2019incorporar funcions com passar de pista, pujar o baixar el volum, etc., tamb\u00e9 seran <strong>compatibles amb tots els dispositius Apple<\/strong>: apple watch, macbook, imac, etc.<\/p>\n<h2>Resistent a l\u2019aigua i bot\u00f3 d\u2019inici millorat<\/h2>\n<p><a href=\"https:\/\/codewebbarcelona.com\/wp-content\/uploads\/2016\/09\/iphone-7-resistente-al-agua-1.jpg\"><img decoding=\"async\" class=\"alignnone size-large wp-image-419\" src=\"https:\/\/codewebbarcelona.com\/wp-content\/uploads\/2016\/09\/iphone-7-resistente-al-agua-1024x571-2.jpg\" alt=\"iphone-7-resistente-al-agua\" width=\"1024\" height=\"571\" \/><\/a><br \/>\nPer fi podrem portar l\u2019Iphone a la banyera sense patir. Per garantir una bona protecci\u00f3 dels nostres estimats dispositius, la nova versi\u00f3 ser\u00e0 completament <strong>resistent a l\u2019aigua i a la pols<\/strong>, una caracter\u00edstica molt demanada i ja present en molts altres smartphones, per\u00f2 que fins ara s\u2019havia fet esperar en l\u2019Iphone.<\/p>\n<p>Tamb\u00e9 s\u2019ha <strong>millorat el bot\u00f3 d\u2019inici<\/strong>, que ara, entre altres novetats, es podr\u00e0 <strong>personalitzar per l\u2019usuari<\/strong> per crear accessos directes.<\/p>\n<h2>Preus i disponibilitat<\/h2>\n<p>Els preus, igual que en versions anteriors com l\u2019Iphone 6s, comen\u00e7aran a partir dels <strong>769\u202f\u20ac per a la versi\u00f3 de 32GB<\/strong> (s\u2019elimina la limitada versi\u00f3 de 16GB), passant als <strong>879\u202f\u20ac per a la versi\u00f3 de 128GB<\/strong> i finalment <strong>989\u202f\u20ac per a la de 256GB<\/strong>.<\/p>\n<p>Pel que fa al llan\u00e7ament, est\u00e0 previst que el nou terminal arribi a les botigues a partir del <strong>16 de setembre<\/strong>, a la majoria de pa\u00efsos del m\u00f3n, entre ells Espanya.<\/p>\n<p>Com ja \u00e9s tradici\u00f3, el setembre arriba amb nous llan\u00e7aments d\u2019Apple, i, com sempre, aviat veurem cues a les Apple Store d\u2019arreu per aconseguir el que ja \u00e9s gaireb\u00e9 un nou objecte de culte.<\/p>\n<p>&nbsp;<\/p>\n<p>Els redactors d\u2019elmundotoday no han trigat a publicar la seva versi\u00f3 humor\u00edstica del <strong>nou Iphone 7<\/strong>, per fer-nos passar una bona estona!<br \/>\n<a href=\"http:\/\/www.elmundotoday.com\/2016\/09\/el-nuevo-iphone-7-tiene-ruedas-almacenamiento-de-varias-toneladas-y-se-parece-mucho-a-un-camion\/\" target=\"_blank\" rel=\"nofollow\"><em>El nou iPhone 7 t\u00e9 rodes, emmagatzematge de diverses tones i s\u2019assembla molt a un cami\u00f3<\/em><\/a><\/p>\n","protected":false},"excerpt":{"rendered":"<p>Estava navegant per la xarxa quan, per casualitat, m\u2019he topat amb la not\u00edcia: el gegant tecnol\u00f2gic Apple ja ha anunciat el seu pr\u00f2xim i esperat llan\u00e7ament. B\u00e9&#8230; ho reconec, no ha estat gens casual, fa dies que estava pendent, esperant l\u2019anhelada not\u00edcia. Aquest nou llan\u00e7ament no \u00e9s altre que el nou Iphone 7, que, com [&hellip;]<\/p>\n","protected":false},"author":1,"featured_media":4480,"comment_status":"closed","ping_status":"closed","sticky":false,"template":"","format":"standard","meta":{"_acf_changed":false,"footnotes":""},"categories":[212],"class_list":["post-39300","post","type-post","status-publish","format-standard","has-post-thumbnail","hentry","category-altres"],"acf":[],"yoast_head":"<!-- This site is optimized with the Yoast SEO plugin v27.2 - https:\/\/yoast.com\/product\/yoast-seo-wordpress\/ -->\n<title>Nuevo Iphone 7, 16 de septiembre<\/title>\n<meta name=\"description\" content=\"Apple ya ha anunciado su nuevo lanzamiento: Iphone 7, disponible en la versi\u00f3n plus, con muchas novedades y mejoras.\" \/>\n<meta name=\"robots\" content=\"index, follow, max-snippet:-1, max-image-preview:large, max-video-preview:-1\" \/>\n<link rel=\"canonical\" href=\"https:\/\/codewebbarcelona.com\/ca\/blog\/nou-iphone-7\/\" \/>\n<meta property=\"og:locale\" content=\"ca_ES\" \/>\n<meta property=\"og:type\" content=\"article\" \/>\n<meta property=\"og:title\" content=\"Nuevo Iphone 7, 16 de septiembre\" \/>\n<meta property=\"og:description\" content=\"Apple ya ha anunciado su nuevo lanzamiento: Iphone 7, disponible en la versi\u00f3n plus, con muchas novedades y mejoras.\" \/>\n<meta property=\"og:url\" content=\"https:\/\/codewebbarcelona.com\/ca\/blog\/nou-iphone-7\/\" \/>\n<meta property=\"og:site_name\" content=\"Code Barcelona\" \/>\n<meta property=\"article:published_time\" content=\"2016-09-07T23:09:49+00:00\" \/>\n<meta property=\"article:modified_time\" content=\"2026-04-21T06:39:59+00:00\" \/>\n<meta property=\"og:image\" content=\"https:\/\/codewebbarcelona.com\/wp-content\/uploads\/2016\/09\/nuevo-iphone-7-featured.jpg\" \/>\n\t<meta property=\"og:image:width\" content=\"2100\" \/>\n\t<meta property=\"og:image:height\" content=\"692\" \/>\n\t<meta property=\"og:image:type\" content=\"image\/jpeg\" \/>\n<meta name=\"author\" content=\"cd26Bc\" \/>\n<meta name=\"twitter:card\" content=\"summary_large_image\" \/>\n<meta name=\"twitter:label1\" content=\"Escrit per\" \/>\n\t<meta name=\"twitter:data1\" content=\"cd26Bc\" \/>\n\t<meta name=\"twitter:label2\" content=\"Temps estimat de lectura\" \/>\n\t<meta name=\"twitter:data2\" content=\"4 minuts\" \/>\n<script type=\"application\/ld+json\" class=\"yoast-schema-graph\">{\"@context\":\"https:\/\/schema.org\",\"@graph\":[{\"@type\":\"Article\",\"@id\":\"https:\/\/codewebbarcelona.com\/ca\/blog\/nou-iphone-7\/#article\",\"isPartOf\":{\"@id\":\"https:\/\/codewebbarcelona.com\/ca\/blog\/nou-iphone-7\/\"},\"author\":{\"name\":\"cd26Bc\",\"@id\":\"https:\/\/codewebbarcelona.com\/ca\/#\/schema\/person\/3af5f44aaf0de2919e9225aa5ca32567\"},\"headline\":\"Nou iPhone 7\",\"datePublished\":\"2016-09-07T23:09:49+00:00\",\"dateModified\":\"2026-04-21T06:39:59+00:00\",\"mainEntityOfPage\":{\"@id\":\"https:\/\/codewebbarcelona.com\/ca\/blog\/nou-iphone-7\/\"},\"wordCount\":890,\"image\":{\"@id\":\"https:\/\/codewebbarcelona.com\/ca\/blog\/nou-iphone-7\/#primaryimage\"},\"thumbnailUrl\":\"https:\/\/codewebbarcelona.com\/wp-content\/uploads\/2016\/09\/nuevo-iphone-7-featured.jpg\",\"articleSection\":[\"Altres\"],\"inLanguage\":\"ca\"},{\"@type\":\"WebPage\",\"@id\":\"https:\/\/codewebbarcelona.com\/ca\/blog\/nou-iphone-7\/\",\"url\":\"https:\/\/codewebbarcelona.com\/ca\/blog\/nou-iphone-7\/\",\"name\":\"Nuevo Iphone 7, 16 de septiembre\",\"isPartOf\":{\"@id\":\"https:\/\/codewebbarcelona.com\/ca\/#website\"},\"primaryImageOfPage\":{\"@id\":\"https:\/\/codewebbarcelona.com\/ca\/blog\/nou-iphone-7\/#primaryimage\"},\"image\":{\"@id\":\"https:\/\/codewebbarcelona.com\/ca\/blog\/nou-iphone-7\/#primaryimage\"},\"thumbnailUrl\":\"https:\/\/codewebbarcelona.com\/wp-content\/uploads\/2016\/09\/nuevo-iphone-7-featured.jpg\",\"datePublished\":\"2016-09-07T23:09:49+00:00\",\"dateModified\":\"2026-04-21T06:39:59+00:00\",\"author\":{\"@id\":\"https:\/\/codewebbarcelona.com\/ca\/#\/schema\/person\/3af5f44aaf0de2919e9225aa5ca32567\"},\"description\":\"Apple ya ha anunciado su nuevo lanzamiento: Iphone 7, disponible en la versi\u00f3n plus, con muchas novedades y mejoras.\",\"inLanguage\":\"ca\",\"potentialAction\":[{\"@type\":\"ReadAction\",\"target\":[\"https:\/\/codewebbarcelona.com\/ca\/blog\/nou-iphone-7\/\"]}]},{\"@type\":\"ImageObject\",\"inLanguage\":\"ca\",\"@id\":\"https:\/\/codewebbarcelona.com\/ca\/blog\/nou-iphone-7\/#primaryimage\",\"url\":\"https:\/\/codewebbarcelona.com\/wp-content\/uploads\/2016\/09\/nuevo-iphone-7-featured.jpg\",\"contentUrl\":\"https:\/\/codewebbarcelona.com\/wp-content\/uploads\/2016\/09\/nuevo-iphone-7-featured.jpg\",\"width\":2100,\"height\":692},{\"@type\":\"WebSite\",\"@id\":\"https:\/\/codewebbarcelona.com\/ca\/#website\",\"url\":\"https:\/\/codewebbarcelona.com\/ca\/\",\"name\":\"Code Barcelona\",\"description\":\"\",\"potentialAction\":[{\"@type\":\"SearchAction\",\"target\":{\"@type\":\"EntryPoint\",\"urlTemplate\":\"https:\/\/codewebbarcelona.com\/ca\/?s={search_term_string}\"},\"query-input\":{\"@type\":\"PropertyValueSpecification\",\"valueRequired\":true,\"valueName\":\"search_term_string\"}}],\"inLanguage\":\"ca\"},{\"@type\":\"Person\",\"@id\":\"https:\/\/codewebbarcelona.com\/ca\/#\/schema\/person\/3af5f44aaf0de2919e9225aa5ca32567\",\"name\":\"cd26Bc\",\"image\":{\"@type\":\"ImageObject\",\"inLanguage\":\"ca\",\"@id\":\"https:\/\/secure.gravatar.com\/avatar\/b904e836584635855eaa0ee2922bae4fe2aa94ffb558048dcc5dac5f98f0fadc?s=96&d=mm&r=g\",\"url\":\"https:\/\/secure.gravatar.com\/avatar\/b904e836584635855eaa0ee2922bae4fe2aa94ffb558048dcc5dac5f98f0fadc?s=96&d=mm&r=g\",\"contentUrl\":\"https:\/\/secure.gravatar.com\/avatar\/b904e836584635855eaa0ee2922bae4fe2aa94ffb558048dcc5dac5f98f0fadc?s=96&d=mm&r=g\",\"caption\":\"cd26Bc\"},\"sameAs\":[\"https:\/\/codewebbarcelona.com\"]}]}<\/script>\n<!-- \/ Yoast SEO plugin. -->","yoast_head_json":{"title":"Nuevo Iphone 7, 16 de septiembre","description":"Apple ya ha anunciado su nuevo lanzamiento: Iphone 7, disponible en la versi\u00f3n plus, con muchas novedades y mejoras.","robots":{"index":"index","follow":"follow","max-snippet":"max-snippet:-1","max-image-preview":"max-image-preview:large","max-video-preview":"max-video-preview:-1"},"canonical":"https:\/\/codewebbarcelona.com\/ca\/blog\/nou-iphone-7\/","og_locale":"ca_ES","og_type":"article","og_title":"Nuevo Iphone 7, 16 de septiembre","og_description":"Apple ya ha anunciado su nuevo lanzamiento: Iphone 7, disponible en la versi\u00f3n plus, con muchas novedades y mejoras.","og_url":"https:\/\/codewebbarcelona.com\/ca\/blog\/nou-iphone-7\/","og_site_name":"Code Barcelona","article_published_time":"2016-09-07T23:09:49+00:00","article_modified_time":"2026-04-21T06:39:59+00:00","og_image":[{"width":2100,"height":692,"url":"https:\/\/codewebbarcelona.com\/wp-content\/uploads\/2016\/09\/nuevo-iphone-7-featured.jpg","type":"image\/jpeg"}],"author":"cd26Bc","twitter_card":"summary_large_image","twitter_misc":{"Escrit per":"cd26Bc","Temps estimat de lectura":"4 minuts"},"schema":{"@context":"https:\/\/schema.org","@graph":[{"@type":"Article","@id":"https:\/\/codewebbarcelona.com\/ca\/blog\/nou-iphone-7\/#article","isPartOf":{"@id":"https:\/\/codewebbarcelona.com\/ca\/blog\/nou-iphone-7\/"},"author":{"name":"cd26Bc","@id":"https:\/\/codewebbarcelona.com\/ca\/#\/schema\/person\/3af5f44aaf0de2919e9225aa5ca32567"},"headline":"Nou iPhone 7","datePublished":"2016-09-07T23:09:49+00:00","dateModified":"2026-04-21T06:39:59+00:00","mainEntityOfPage":{"@id":"https:\/\/codewebbarcelona.com\/ca\/blog\/nou-iphone-7\/"},"wordCount":890,"image":{"@id":"https:\/\/codewebbarcelona.com\/ca\/blog\/nou-iphone-7\/#primaryimage"},"thumbnailUrl":"https:\/\/codewebbarcelona.com\/wp-content\/uploads\/2016\/09\/nuevo-iphone-7-featured.jpg","articleSection":["Altres"],"inLanguage":"ca"},{"@type":"WebPage","@id":"https:\/\/codewebbarcelona.com\/ca\/blog\/nou-iphone-7\/","url":"https:\/\/codewebbarcelona.com\/ca\/blog\/nou-iphone-7\/","name":"Nuevo Iphone 7, 16 de septiembre","isPartOf":{"@id":"https:\/\/codewebbarcelona.com\/ca\/#website"},"primaryImageOfPage":{"@id":"https:\/\/codewebbarcelona.com\/ca\/blog\/nou-iphone-7\/#primaryimage"},"image":{"@id":"https:\/\/codewebbarcelona.com\/ca\/blog\/nou-iphone-7\/#primaryimage"},"thumbnailUrl":"https:\/\/codewebbarcelona.com\/wp-content\/uploads\/2016\/09\/nuevo-iphone-7-featured.jpg","datePublished":"2016-09-07T23:09:49+00:00","dateModified":"2026-04-21T06:39:59+00:00","author":{"@id":"https:\/\/codewebbarcelona.com\/ca\/#\/schema\/person\/3af5f44aaf0de2919e9225aa5ca32567"},"description":"Apple ya ha anunciado su nuevo lanzamiento: Iphone 7, disponible en la versi\u00f3n plus, con muchas novedades y mejoras.","inLanguage":"ca","potentialAction":[{"@type":"ReadAction","target":["https:\/\/codewebbarcelona.com\/ca\/blog\/nou-iphone-7\/"]}]},{"@type":"ImageObject","inLanguage":"ca","@id":"https:\/\/codewebbarcelona.com\/ca\/blog\/nou-iphone-7\/#primaryimage","url":"https:\/\/codewebbarcelona.com\/wp-content\/uploads\/2016\/09\/nuevo-iphone-7-featured.jpg","contentUrl":"https:\/\/codewebbarcelona.com\/wp-content\/uploads\/2016\/09\/nuevo-iphone-7-featured.jpg","width":2100,"height":692},{"@type":"WebSite","@id":"https:\/\/codewebbarcelona.com\/ca\/#website","url":"https:\/\/codewebbarcelona.com\/ca\/","name":"Code Barcelona","description":"","potentialAction":[{"@type":"SearchAction","target":{"@type":"EntryPoint","urlTemplate":"https:\/\/codewebbarcelona.com\/ca\/?s={search_term_string}"},"query-input":{"@type":"PropertyValueSpecification","valueRequired":true,"valueName":"search_term_string"}}],"inLanguage":"ca"},{"@type":"Person","@id":"https:\/\/codewebbarcelona.com\/ca\/#\/schema\/person\/3af5f44aaf0de2919e9225aa5ca32567","name":"cd26Bc","image":{"@type":"ImageObject","inLanguage":"ca","@id":"https:\/\/secure.gravatar.com\/avatar\/b904e836584635855eaa0ee2922bae4fe2aa94ffb558048dcc5dac5f98f0fadc?s=96&d=mm&r=g","url":"https:\/\/secure.gravatar.com\/avatar\/b904e836584635855eaa0ee2922bae4fe2aa94ffb558048dcc5dac5f98f0fadc?s=96&d=mm&r=g","contentUrl":"https:\/\/secure.gravatar.com\/avatar\/b904e836584635855eaa0ee2922bae4fe2aa94ffb558048dcc5dac5f98f0fadc?s=96&d=mm&r=g","caption":"cd26Bc"},"sameAs":["https:\/\/codewebbarcelona.com"]}]}},"_links":{"self":[{"href":"https:\/\/codewebbarcelona.com\/ca\/wp-json\/wp\/v2\/posts\/39300","targetHints":{"allow":["GET"]}}],"collection":[{"href":"https:\/\/codewebbarcelona.com\/ca\/wp-json\/wp\/v2\/posts"}],"about":[{"href":"https:\/\/codewebbarcelona.com\/ca\/wp-json\/wp\/v2\/types\/post"}],"author":[{"embeddable":true,"href":"https:\/\/codewebbarcelona.com\/ca\/wp-json\/wp\/v2\/users\/1"}],"replies":[{"embeddable":true,"href":"https:\/\/codewebbarcelona.com\/ca\/wp-json\/wp\/v2\/comments?post=39300"}],"version-history":[{"count":2,"href":"https:\/\/codewebbarcelona.com\/ca\/wp-json\/wp\/v2\/posts\/39300\/revisions"}],"predecessor-version":[{"id":39317,"href":"https:\/\/codewebbarcelona.com\/ca\/wp-json\/wp\/v2\/posts\/39300\/revisions\/39317"}],"wp:featuredmedia":[{"embeddable":true,"href":"https:\/\/codewebbarcelona.com\/ca\/wp-json\/wp\/v2\/media\/4480"}],"wp:attachment":[{"href":"https:\/\/codewebbarcelona.com\/ca\/wp-json\/wp\/v2\/media?parent=39300"}],"wp:term":[{"taxonomy":"category","embeddable":true,"href":"https:\/\/codewebbarcelona.com\/ca\/wp-json\/wp\/v2\/categories?post=39300"}],"curies":[{"name":"wp","href":"https:\/\/api.w.org\/{rel}","templated":true}]}}