{"id":39117,"date":"2016-02-08T12:33:20","date_gmt":"2016-02-08T12:33:20","guid":{"rendered":"https:\/\/codewebbarcelona.com\/mobile-world-congress-barcelona-2016\/"},"modified":"2026-04-21T06:35:05","modified_gmt":"2026-04-21T06:35:05","slug":"mobile-world-congress-barcelona-2016","status":"publish","type":"post","link":"https:\/\/codewebbarcelona.com\/ca\/blog\/mobile-world-congress-barcelona-2016\/","title":{"rendered":"Mobile World Congress Barcelona 2016"},"content":{"rendered":"<div class=\"textarea\">\n<div>Un any m\u00e9s, Barcelona es converteix en l\u2019epicentre del Mobile World Congress. L\u2019esdeveniment tindr\u00e0 lloc durant quatre dies, del 22 al 25 de febrer de 2016. La ciutat acull el congr\u00e9s des de 2006, aix\u00ed que ja celebrem una d\u00e8cada de MWC a la capital catalana.<\/div>\n<div>Amb prop de 100.000 metres quadrats d\u2019exposici\u00f3, \u00e9s una cita imprescindible per a professionals, grans marques i empreses del sector de les telecomunicacions m\u00f2bils, que es donen cita a la <a href=\"http:\/\/www.firabcn.es\/\" target=\"_blank\" rel=\"noopener noreferrer\">Fira de Barcelona<\/a>. El sector viu un moment d\u2019expansi\u00f3 i, com a professionals del <strong>disseny web<\/strong> i apassionats pel disseny gr\u00e0fic, us animem a fer tot el possible per assistir-hi. Si el pressupost no ho permet, us recomanem estar al dia de totes les novetats i confer\u00e8ncies que es presentaran al Mobile.<\/div>\n<div><\/div>\n<div>El preu de l\u2019entrada, que oscil\u00b7la entre els 599 i els 4.999 euros, pot resultar for\u00e7a elevat per a la majoria.<\/div>\n<div>Les xifres parlen per si soles: en l\u2019edici\u00f3 anterior, 93.000 professionals \u2014incloent-hi 4.500 directius d\u2019empreses d\u2019arreu del m\u00f3n\u2014 es van reunir al MWC, amb 2.000 expositors internacionals. 3.800 periodistes i analistes de tot el m\u00f3n van cobrir l\u2019esdeveniment.<\/div>\n<div><a href=\"https:\/\/codewebbarcelona.com\/wp-content\/uploads\/2016\/02\/2016-mobile-world-congress-edition-1.jpg\"><img decoding=\"async\" class=\"alignnone size-full wp-image-185\" src=\"https:\/\/codewebbarcelona.com\/wp-content\/uploads\/2016\/02\/2016-mobile-world-congress-edition-1.jpg\" alt=\"Barcelona dise\u00f1o gr\u00e1fico\" width=\"1300\" height=\"923\" \/><\/a><\/div>\n<\/div>\n<p><a href=\"https:\/\/www.mobileworldcongress.com\/\" target=\"_blank\" rel=\"nofollow noopener noreferrer\">www.mobileworldcongress.com\/conference<\/a><\/p>\n<p>Algunes de les confer\u00e8ncies aborden temes molt interessants, com la import\u00e0ncia d\u2019orientar els negocis cap a les oportunitats que ofereixen els dispositius m\u00f2bils. Com a estudi de disseny web, aix\u00f2 ens obliga a prioritzar l\u2019accessibilitat i l\u2019experi\u00e8ncia m\u00f2bil en qualsevol projecte digital. Personalment, ens interessa especialment la confer\u00e8ncia <span class=\"googie_link\">Brands<\/span> <span class=\"googie_link\">Go<\/span> <span class=\"googie_link\">Mobile<\/span> <span class=\"googie_link\">First. <\/span>Aquesta sessi\u00f3 analitza com les marques i empreses han arribat a un punt on poden personalitzar, seleccionar i <span class=\"googie_link\">connectar<\/span> amb els consumidors de manera molt <span class=\"googie_link\">eficient<\/span> i precisa a trav\u00e9s dels m\u00f2bils. L\u2019any passat es van generar m\u00e9s de 12.000 llocs de treball, i hotels, restaurants i locals d\u2019oci van treballar a ple rendiment per atendre tots els assistents.<\/p>\n<p>L\u2019esdeveniment suposa, sens dubte, un gran impuls econ\u00f2mic per a Barcelona.<\/p>\n<div class=\"tablerightSessions\">Si ens fixem en les novetats t\u00e8cniques d\u2019aquesta edici\u00f3 del MWC, cal destacar la presentaci\u00f3 de nous dispositius m\u00f2bils com:<\/div>\n<div class=\"tablerightSessions\">Samsung Galaxy S7, amb una c\u00e0mera molt potent i una carcassa resistent als cops i a l\u2019aigua<\/div>\n<div class=\"tablerightSessions\">HTC va mostrar com ser\u00e0 el futur de la realitat virtual, amb unes ulleres pensades per gaudir dels videojocs<\/div>\n<div class=\"tablerightSessions\">LG va presentar el seu G5, el primer smartphone modular del mercat, amb c\u00e0mera gran angular i reproductor d\u2019alta qualitat<\/div>\n<div class=\"tablerightSessions\">SONY aposta per la fotografia amb la nova gamma Xperia X<\/div>\n<div class=\"tablerightSessions\">BQ es decanta per les tauletes<\/div>\n<div class=\"tablerightSessions\">EPSON tamb\u00e9 presenta la seva pr\u00f2pia versi\u00f3 d\u2019ulleres de realitat augmentada en alta definici\u00f3<\/div>\n<div class=\"tablerightSessions\">MARK ZUCKERBERG ser\u00e0 la gran estrella del congr\u00e9s: el fundador de Facebook oferir\u00e0 una xerrada per reivindicar la import\u00e0ncia de garantir l\u2019acc\u00e9s universal a internet, despr\u00e9s que l\u2019\u00cdndia hagi vetat la seva plataforma FreeBasics.<\/div>\n<div class=\"tablerightSessions\"><a href=\"https:\/\/codewebbarcelona.com\/wp-content\/uploads\/2016\/02\/MWC-logo-1.jpg\"><img decoding=\"async\" class=\"alignnone size-full wp-image-186\" src=\"https:\/\/codewebbarcelona.com\/wp-content\/uploads\/2016\/02\/MWC-logo-1.jpg\" alt=\"dise\u00f1o web barcelona\" width=\"1627\" height=\"748\" \/><\/a><\/div>\n<p>A m\u00e9s, i segurament perqu\u00e8 tots ho hem patit, una de les grans novetats \u00e9s l\u2019arribada del graf\u00e8: ja n\u2019estem farts de pantalles que es trenquen a la m\u00ednima.<\/p>\n<p>El graf\u00e8 obre la porta a pantalles molt resistents i flexibles com paper, i a la fabricaci\u00f3 de xips amb molta m\u00e9s capacitat, entre altres avantatges. Tot i que encara \u00e9s una tecnologia de futur i ser\u00e0 protagonista en properes edicions del Mobile, de moment ens toca somiar i protegir el m\u00f2bil amb una bona funda.<\/p>\n<p>&nbsp;<\/p>\n","protected":false},"excerpt":{"rendered":"<p>Un any m\u00e9s, Barcelona es converteix en l\u2019epicentre del Mobile World Congress. L\u2019esdeveniment tindr\u00e0 lloc durant quatre dies, del 22 al 25 de febrer de 2016. La ciutat acull el congr\u00e9s des de 2006, aix\u00ed que ja celebrem una d\u00e8cada de MWC a la capital catalana. Amb prop de 100.000 metres quadrats d\u2019exposici\u00f3, \u00e9s una [&hellip;]<\/p>\n","protected":false},"author":1,"featured_media":4662,"comment_status":"closed","ping_status":"closed","sticky":false,"template":"","format":"standard","meta":{"_acf_changed":false,"footnotes":""},"categories":[212],"class_list":["post-39117","post","type-post","status-publish","format-standard","has-post-thumbnail","hentry","category-altres"],"acf":[],"yoast_head":"<!-- This site is optimized with the Yoast SEO plugin v27.2 - https:\/\/yoast.com\/product\/yoast-seo-wordpress\/ -->\n<title>Mobile World Congress Barcelona febrereo de 2016<\/title>\n<meta name=\"description\" content=\"Barcelona acoge el Mobile World Congress del 22 al 25 de febrero de 2016. Dise\u00f1o web para m\u00f3viles en Barcelona\" \/>\n<meta name=\"robots\" content=\"index, follow, max-snippet:-1, max-image-preview:large, max-video-preview:-1\" \/>\n<link rel=\"canonical\" href=\"https:\/\/codewebbarcelona.com\/ca\/blog\/mobile-world-congress-barcelona-2016\/\" \/>\n<meta property=\"og:locale\" content=\"ca_ES\" \/>\n<meta property=\"og:type\" content=\"article\" \/>\n<meta property=\"og:title\" content=\"Mobile World Congress Barcelona febrereo de 2016\" \/>\n<meta property=\"og:description\" content=\"Barcelona acoge el Mobile World Congress del 22 al 25 de febrero de 2016. Dise\u00f1o web para m\u00f3viles en Barcelona\" \/>\n<meta property=\"og:url\" content=\"https:\/\/codewebbarcelona.com\/ca\/blog\/mobile-world-congress-barcelona-2016\/\" \/>\n<meta property=\"og:site_name\" content=\"Code Barcelona\" \/>\n<meta property=\"article:published_time\" content=\"2016-02-08T12:33:20+00:00\" \/>\n<meta property=\"article:modified_time\" content=\"2026-04-21T06:35:05+00:00\" \/>\n<meta property=\"og:image\" content=\"https:\/\/codewebbarcelona.com\/wp-content\/uploads\/2016\/02\/mobile-world-congress-barcelona-2016-featured.jpg\" \/>\n\t<meta property=\"og:image:width\" content=\"1440\" \/>\n\t<meta property=\"og:image:height\" content=\"657\" \/>\n\t<meta property=\"og:image:type\" content=\"image\/jpeg\" \/>\n<meta name=\"author\" content=\"cd26Bc\" \/>\n<meta name=\"twitter:card\" content=\"summary_large_image\" \/>\n<meta name=\"twitter:label1\" content=\"Escrit per\" \/>\n\t<meta name=\"twitter:data1\" content=\"cd26Bc\" \/>\n\t<meta name=\"twitter:label2\" content=\"Temps estimat de lectura\" \/>\n\t<meta name=\"twitter:data2\" content=\"3 minuts\" \/>\n<script type=\"application\/ld+json\" class=\"yoast-schema-graph\">{\"@context\":\"https:\/\/schema.org\",\"@graph\":[{\"@type\":\"Article\",\"@id\":\"https:\/\/codewebbarcelona.com\/ca\/blog\/mobile-world-congress-barcelona-2016\/#article\",\"isPartOf\":{\"@id\":\"https:\/\/codewebbarcelona.com\/ca\/blog\/mobile-world-congress-barcelona-2016\/\"},\"author\":{\"name\":\"cd26Bc\",\"@id\":\"https:\/\/codewebbarcelona.com\/ca\/#\/schema\/person\/3af5f44aaf0de2919e9225aa5ca32567\"},\"headline\":\"Mobile World Congress Barcelona 2016\",\"datePublished\":\"2016-02-08T12:33:20+00:00\",\"dateModified\":\"2026-04-21T06:35:05+00:00\",\"mainEntityOfPage\":{\"@id\":\"https:\/\/codewebbarcelona.com\/ca\/blog\/mobile-world-congress-barcelona-2016\/\"},\"wordCount\":588,\"image\":{\"@id\":\"https:\/\/codewebbarcelona.com\/ca\/blog\/mobile-world-congress-barcelona-2016\/#primaryimage\"},\"thumbnailUrl\":\"https:\/\/codewebbarcelona.com\/wp-content\/uploads\/2016\/02\/mobile-world-congress-barcelona-2016-featured.jpg\",\"articleSection\":[\"Altres\"],\"inLanguage\":\"ca\"},{\"@type\":\"WebPage\",\"@id\":\"https:\/\/codewebbarcelona.com\/ca\/blog\/mobile-world-congress-barcelona-2016\/\",\"url\":\"https:\/\/codewebbarcelona.com\/ca\/blog\/mobile-world-congress-barcelona-2016\/\",\"name\":\"Mobile World Congress Barcelona febrereo de 2016\",\"isPartOf\":{\"@id\":\"https:\/\/codewebbarcelona.com\/ca\/#website\"},\"primaryImageOfPage\":{\"@id\":\"https:\/\/codewebbarcelona.com\/ca\/blog\/mobile-world-congress-barcelona-2016\/#primaryimage\"},\"image\":{\"@id\":\"https:\/\/codewebbarcelona.com\/ca\/blog\/mobile-world-congress-barcelona-2016\/#primaryimage\"},\"thumbnailUrl\":\"https:\/\/codewebbarcelona.com\/wp-content\/uploads\/2016\/02\/mobile-world-congress-barcelona-2016-featured.jpg\",\"datePublished\":\"2016-02-08T12:33:20+00:00\",\"dateModified\":\"2026-04-21T06:35:05+00:00\",\"author\":{\"@id\":\"https:\/\/codewebbarcelona.com\/ca\/#\/schema\/person\/3af5f44aaf0de2919e9225aa5ca32567\"},\"description\":\"Barcelona acoge el Mobile World Congress del 22 al 25 de febrero de 2016. Dise\u00f1o web para m\u00f3viles en Barcelona\",\"inLanguage\":\"ca\",\"potentialAction\":[{\"@type\":\"ReadAction\",\"target\":[\"https:\/\/codewebbarcelona.com\/ca\/blog\/mobile-world-congress-barcelona-2016\/\"]}]},{\"@type\":\"ImageObject\",\"inLanguage\":\"ca\",\"@id\":\"https:\/\/codewebbarcelona.com\/ca\/blog\/mobile-world-congress-barcelona-2016\/#primaryimage\",\"url\":\"https:\/\/codewebbarcelona.com\/wp-content\/uploads\/2016\/02\/mobile-world-congress-barcelona-2016-featured.jpg\",\"contentUrl\":\"https:\/\/codewebbarcelona.com\/wp-content\/uploads\/2016\/02\/mobile-world-congress-barcelona-2016-featured.jpg\",\"width\":1440,\"height\":657},{\"@type\":\"WebSite\",\"@id\":\"https:\/\/codewebbarcelona.com\/ca\/#website\",\"url\":\"https:\/\/codewebbarcelona.com\/ca\/\",\"name\":\"Code Barcelona\",\"description\":\"\",\"potentialAction\":[{\"@type\":\"SearchAction\",\"target\":{\"@type\":\"EntryPoint\",\"urlTemplate\":\"https:\/\/codewebbarcelona.com\/ca\/?s={search_term_string}\"},\"query-input\":{\"@type\":\"PropertyValueSpecification\",\"valueRequired\":true,\"valueName\":\"search_term_string\"}}],\"inLanguage\":\"ca\"},{\"@type\":\"Person\",\"@id\":\"https:\/\/codewebbarcelona.com\/ca\/#\/schema\/person\/3af5f44aaf0de2919e9225aa5ca32567\",\"name\":\"cd26Bc\",\"image\":{\"@type\":\"ImageObject\",\"inLanguage\":\"ca\",\"@id\":\"https:\/\/secure.gravatar.com\/avatar\/b904e836584635855eaa0ee2922bae4fe2aa94ffb558048dcc5dac5f98f0fadc?s=96&d=mm&r=g\",\"url\":\"https:\/\/secure.gravatar.com\/avatar\/b904e836584635855eaa0ee2922bae4fe2aa94ffb558048dcc5dac5f98f0fadc?s=96&d=mm&r=g\",\"contentUrl\":\"https:\/\/secure.gravatar.com\/avatar\/b904e836584635855eaa0ee2922bae4fe2aa94ffb558048dcc5dac5f98f0fadc?s=96&d=mm&r=g\",\"caption\":\"cd26Bc\"},\"sameAs\":[\"https:\/\/codewebbarcelona.com\"]}]}<\/script>\n<!-- \/ Yoast SEO plugin. -->","yoast_head_json":{"title":"Mobile World Congress Barcelona febrereo de 2016","description":"Barcelona acoge el Mobile World Congress del 22 al 25 de febrero de 2016. Dise\u00f1o web para m\u00f3viles en Barcelona","robots":{"index":"index","follow":"follow","max-snippet":"max-snippet:-1","max-image-preview":"max-image-preview:large","max-video-preview":"max-video-preview:-1"},"canonical":"https:\/\/codewebbarcelona.com\/ca\/blog\/mobile-world-congress-barcelona-2016\/","og_locale":"ca_ES","og_type":"article","og_title":"Mobile World Congress Barcelona febrereo de 2016","og_description":"Barcelona acoge el Mobile World Congress del 22 al 25 de febrero de 2016. Dise\u00f1o web para m\u00f3viles en Barcelona","og_url":"https:\/\/codewebbarcelona.com\/ca\/blog\/mobile-world-congress-barcelona-2016\/","og_site_name":"Code Barcelona","article_published_time":"2016-02-08T12:33:20+00:00","article_modified_time":"2026-04-21T06:35:05+00:00","og_image":[{"width":1440,"height":657,"url":"https:\/\/codewebbarcelona.com\/wp-content\/uploads\/2016\/02\/mobile-world-congress-barcelona-2016-featured.jpg","type":"image\/jpeg"}],"author":"cd26Bc","twitter_card":"summary_large_image","twitter_misc":{"Escrit per":"cd26Bc","Temps estimat de lectura":"3 minuts"},"schema":{"@context":"https:\/\/schema.org","@graph":[{"@type":"Article","@id":"https:\/\/codewebbarcelona.com\/ca\/blog\/mobile-world-congress-barcelona-2016\/#article","isPartOf":{"@id":"https:\/\/codewebbarcelona.com\/ca\/blog\/mobile-world-congress-barcelona-2016\/"},"author":{"name":"cd26Bc","@id":"https:\/\/codewebbarcelona.com\/ca\/#\/schema\/person\/3af5f44aaf0de2919e9225aa5ca32567"},"headline":"Mobile World Congress Barcelona 2016","datePublished":"2016-02-08T12:33:20+00:00","dateModified":"2026-04-21T06:35:05+00:00","mainEntityOfPage":{"@id":"https:\/\/codewebbarcelona.com\/ca\/blog\/mobile-world-congress-barcelona-2016\/"},"wordCount":588,"image":{"@id":"https:\/\/codewebbarcelona.com\/ca\/blog\/mobile-world-congress-barcelona-2016\/#primaryimage"},"thumbnailUrl":"https:\/\/codewebbarcelona.com\/wp-content\/uploads\/2016\/02\/mobile-world-congress-barcelona-2016-featured.jpg","articleSection":["Altres"],"inLanguage":"ca"},{"@type":"WebPage","@id":"https:\/\/codewebbarcelona.com\/ca\/blog\/mobile-world-congress-barcelona-2016\/","url":"https:\/\/codewebbarcelona.com\/ca\/blog\/mobile-world-congress-barcelona-2016\/","name":"Mobile World Congress Barcelona febrereo de 2016","isPartOf":{"@id":"https:\/\/codewebbarcelona.com\/ca\/#website"},"primaryImageOfPage":{"@id":"https:\/\/codewebbarcelona.com\/ca\/blog\/mobile-world-congress-barcelona-2016\/#primaryimage"},"image":{"@id":"https:\/\/codewebbarcelona.com\/ca\/blog\/mobile-world-congress-barcelona-2016\/#primaryimage"},"thumbnailUrl":"https:\/\/codewebbarcelona.com\/wp-content\/uploads\/2016\/02\/mobile-world-congress-barcelona-2016-featured.jpg","datePublished":"2016-02-08T12:33:20+00:00","dateModified":"2026-04-21T06:35:05+00:00","author":{"@id":"https:\/\/codewebbarcelona.com\/ca\/#\/schema\/person\/3af5f44aaf0de2919e9225aa5ca32567"},"description":"Barcelona acoge el Mobile World Congress del 22 al 25 de febrero de 2016. Dise\u00f1o web para m\u00f3viles en Barcelona","inLanguage":"ca","potentialAction":[{"@type":"ReadAction","target":["https:\/\/codewebbarcelona.com\/ca\/blog\/mobile-world-congress-barcelona-2016\/"]}]},{"@type":"ImageObject","inLanguage":"ca","@id":"https:\/\/codewebbarcelona.com\/ca\/blog\/mobile-world-congress-barcelona-2016\/#primaryimage","url":"https:\/\/codewebbarcelona.com\/wp-content\/uploads\/2016\/02\/mobile-world-congress-barcelona-2016-featured.jpg","contentUrl":"https:\/\/codewebbarcelona.com\/wp-content\/uploads\/2016\/02\/mobile-world-congress-barcelona-2016-featured.jpg","width":1440,"height":657},{"@type":"WebSite","@id":"https:\/\/codewebbarcelona.com\/ca\/#website","url":"https:\/\/codewebbarcelona.com\/ca\/","name":"Code Barcelona","description":"","potentialAction":[{"@type":"SearchAction","target":{"@type":"EntryPoint","urlTemplate":"https:\/\/codewebbarcelona.com\/ca\/?s={search_term_string}"},"query-input":{"@type":"PropertyValueSpecification","valueRequired":true,"valueName":"search_term_string"}}],"inLanguage":"ca"},{"@type":"Person","@id":"https:\/\/codewebbarcelona.com\/ca\/#\/schema\/person\/3af5f44aaf0de2919e9225aa5ca32567","name":"cd26Bc","image":{"@type":"ImageObject","inLanguage":"ca","@id":"https:\/\/secure.gravatar.com\/avatar\/b904e836584635855eaa0ee2922bae4fe2aa94ffb558048dcc5dac5f98f0fadc?s=96&d=mm&r=g","url":"https:\/\/secure.gravatar.com\/avatar\/b904e836584635855eaa0ee2922bae4fe2aa94ffb558048dcc5dac5f98f0fadc?s=96&d=mm&r=g","contentUrl":"https:\/\/secure.gravatar.com\/avatar\/b904e836584635855eaa0ee2922bae4fe2aa94ffb558048dcc5dac5f98f0fadc?s=96&d=mm&r=g","caption":"cd26Bc"},"sameAs":["https:\/\/codewebbarcelona.com"]}]}},"_links":{"self":[{"href":"https:\/\/codewebbarcelona.com\/ca\/wp-json\/wp\/v2\/posts\/39117","targetHints":{"allow":["GET"]}}],"collection":[{"href":"https:\/\/codewebbarcelona.com\/ca\/wp-json\/wp\/v2\/posts"}],"about":[{"href":"https:\/\/codewebbarcelona.com\/ca\/wp-json\/wp\/v2\/types\/post"}],"author":[{"embeddable":true,"href":"https:\/\/codewebbarcelona.com\/ca\/wp-json\/wp\/v2\/users\/1"}],"replies":[{"embeddable":true,"href":"https:\/\/codewebbarcelona.com\/ca\/wp-json\/wp\/v2\/comments?post=39117"}],"version-history":[{"count":2,"href":"https:\/\/codewebbarcelona.com\/ca\/wp-json\/wp\/v2\/posts\/39117\/revisions"}],"predecessor-version":[{"id":39124,"href":"https:\/\/codewebbarcelona.com\/ca\/wp-json\/wp\/v2\/posts\/39117\/revisions\/39124"}],"wp:featuredmedia":[{"embeddable":true,"href":"https:\/\/codewebbarcelona.com\/ca\/wp-json\/wp\/v2\/media\/4662"}],"wp:attachment":[{"href":"https:\/\/codewebbarcelona.com\/ca\/wp-json\/wp\/v2\/media?parent=39117"}],"wp:term":[{"taxonomy":"category","embeddable":true,"href":"https:\/\/codewebbarcelona.com\/ca\/wp-json\/wp\/v2\/categories?post=39117"}],"curies":[{"name":"wp","href":"https:\/\/api.w.org\/{rel}","templated":true}]}}