{"id":34329,"date":"2018-12-19T10:12:12","date_gmt":"2018-12-19T10:12:12","guid":{"rendered":"https:\/\/codewebbarcelona.com\/proporcion-aurea-que-es-mito-realidad\/"},"modified":"2026-04-21T05:18:35","modified_gmt":"2026-04-21T05:18:35","slug":"proporcio-aurea-que-es-mite-realitat","status":"publish","type":"post","link":"https:\/\/codewebbarcelona.com\/ca\/blog\/proporcio-aurea-que-es-mite-realitat\/","title":{"rendered":"La proporci\u00f3 \u00e0uria. Qu\u00e8 \u00e9s? Mite o realitat?"},"content":{"rendered":"<p>Proporci\u00f3 \u00e0uria, nombre \u00e0uri, n\u00famero d\u2019or, ra\u00f3 \u00e0uria, ra\u00f3 daurada, mitjana \u00e0uria&#8230; Segur que alguna vegada n\u2019has sentit a parlar. En aquest article vull analitzar el concepte per arribar a una conclusi\u00f3: \u00e9s un mite o una realitat?<\/p>\n<p>Si et mous una mica per internet, segueixes comptes d\u2019Instagram relacionades amb el disseny gr\u00e0fic o busques l\u2019origen d\u2019algun logotip fam\u00f3s, segur que t\u2019has topat amb la mesura \u00e0uria aplicada a algun disseny.<\/p>\n<p>A mi tamb\u00e9 m\u2019ha passat. I no crec que sigui l\u2019\u00fanic que ho mira amb una mica d\u2019escepticisme.<\/p>\n<p>Mai m\u2019he posicionat clarament a favor o en contra, perqu\u00e8 no ho havia analitzat a fons.<\/p>\n<p>Aix\u00ed que dedico aquest post a fer una mena de recerca personal per treure\u2019n les meves pr\u00f2pies conclusions i, la propera vegada que em trobi amb el concepte, poder-lo mirar de cara i dir-li que s\u00e9 qui \u00e9s i on viu.<br \/>\n<img decoding=\"async\" src=\"https:\/\/media.giphy.com\/media\/l3q2FsTOIDtxIErmw\/giphy.gif\" \/><\/p>\n<p>D\u2019entrada, \u00e9s molt f\u00e0cil caure en un dels dos extrems. Podem prendre-ho com un dogma i pensar que \u00e9s una veritat absoluta. Fins i tot podem fer-ne bandera per justificar el disseny d\u2019un logotip, encara que no tinguem clar qu\u00e8 significa realment. O podem prendre-ho a la lleugera i dir que la proporci\u00f3 \u00e0uria \u00e9s m\u00e9s fake que les operacions d\u2019una Kardashian.<\/p>\n<p>Si no ens hem molestat a investigar una mica, qualsevol opini\u00f3 que tinguem ser\u00e0 fruit de la ignor\u00e0ncia.<\/p>\n<p>Som-hi!<\/p>\n<h2>Qu\u00e8 \u00e9s la proporci\u00f3 \u00e0uria?<\/h2>\n<h3>Resumint una mica<\/h3>\n<p>Representada per la lletra grega \u03c6 (phi), la proporci\u00f3 \u00e0uria o nombre \u00e0uri \u00e9s un nombre irracional que s\u2019expressa mitjan\u00e7ant radicals decimals.<\/p>\n<p><img decoding=\"async\" class=\"alignnone size-full wp-image-2225\" src=\"https:\/\/codewebbarcelona.com\/wp-content\/uploads\/2018\/12\/proporcion-aurea-decimales.png\" alt=\"\" width=\"409\" height=\"92\" \/><\/p>\n<p>T\u2019has aclarit amb la representaci\u00f3 matem\u00e0tica? Jo tampoc.<\/p>\n<p>Portant-ho al nostre terreny, si est\u00e0s m\u00ednimament ficat en el m\u00f3n del disseny gr\u00e0fic o de l\u2019art, segurament has vist la figura amb qu\u00e8 se sol representar.<\/p>\n<p><img decoding=\"async\" class=\"alignnone size-full wp-image-2224\" src=\"https:\/\/codewebbarcelona.com\/wp-content\/uploads\/2018\/12\/proporcion-aurea.png\" alt=\"\" width=\"885\" height=\"555\" \/><\/p>\n<p>Aquesta mena de cargol \u00e9s, segons diuen, la proporci\u00f3 divina. Es diu que es pot trobar a la natura, a l\u2019art, en la manera com percebem la bellesa&#8230;<\/p>\n<p>En teoria, un objecte que segueix la proporci\u00f3 \u00e0uria resulta molt m\u00e9s agradable a la vista que un que no la segueix.<\/p>\n<p>Aix\u00ed doncs, si aquest concepte fos del tot cert, podr\u00edem aplicar-lo al disseny, oi?<\/p>\n<p>A partir de la figura anterior, podem traslladar la proporcionalitat a un sistema de graella.<\/p>\n<p><img decoding=\"async\" class=\"alignnone size-full wp-image-2226\" src=\"https:\/\/codewebbarcelona.com\/wp-content\/uploads\/2018\/12\/proporcion-aurea-grid.jpg\" alt=\"\" width=\"535\" height=\"338\" \/><\/p>\n<h3>La proporci\u00f3 \u00e0uria aplicada al disseny i l\u2019art<\/h3>\n<p>En el m\u00f3n del disseny i l\u2019art, podem trobar aquest element en moltes obres antigues i tamb\u00e9 en creacions m\u00e9s recents.<\/p>\n<h4>Proporci\u00f3 \u00e0uria a l\u2019art<\/h4>\n<p>A continuaci\u00f3 et mostro alguns exemples d\u2019obres que segurament coneixes i veurem com hi apareix la proporci\u00f3 \u00e0uria.<\/p>\n<p><img decoding=\"async\" class=\"alignnone size-full wp-image-2227\" src=\"https:\/\/codewebbarcelona.com\/wp-content\/uploads\/2018\/12\/proprocion-aurea-ultima-cena.jpg\" alt=\"\" width=\"600\" height=\"424\" \/><\/p>\n<p>A la famosa \u00daltima Cena, podem veure que el nombre \u00e0uri aplicat geom\u00e8tricament es repeteix en diverses seccions.<\/p>\n<p>Tant els grups de persones com els espais respecte a l\u2019escenari estan disposats seguint la proporci\u00f3 \u00e0uria.<\/p>\n<p>La taula, vista frontalment, es divideix clarament: la part inferior \u00e9s la meitat de la superior, i si ens fixem al centre, l\u2019amplada correspon a la meitat de les parts adjacents.<\/p>\n<p><img decoding=\"async\" class=\"alignnone size-full wp-image-2228\" src=\"https:\/\/codewebbarcelona.com\/wp-content\/uploads\/2018\/12\/davinci-proporcion-aurea.jpg\" alt=\"\" width=\"599\" height=\"262\" \/><\/p>\n<p>En aquesta altra obra de Da Vinci, es pot veure com el quadre es divideix en diferents profunditats, separades segons la proporci\u00f3 \u00e0uria.<\/p>\n<p><img decoding=\"async\" class=\"alignnone size-full wp-image-2229\" src=\"https:\/\/codewebbarcelona.com\/wp-content\/uploads\/2018\/12\/davinci-proporcion-aurea-detalle.jpg\" alt=\"\" width=\"400\" height=\"400\" \/><\/p>\n<p>Tamb\u00e9 es pot apreciar que la tauleta t\u00e9 els seus ornaments respectant la proporci\u00f3 divina.<\/p>\n<p><img decoding=\"async\" class=\"alignnone size-full wp-image-2230\" src=\"https:\/\/codewebbarcelona.com\/wp-content\/uploads\/2018\/12\/michelangelo-proporcion-aurea.jpg\" alt=\"\" width=\"592\" height=\"396\" \/><\/p>\n<p>En una altra gran obra, aquesta de Michelangelo, tamb\u00e9 veiem la proporci\u00f3 \u00e0uria aplicada a les figures m\u00e9s destacades de l\u2019escena.<\/p>\n<h4>Proporci\u00f3 \u00e0uria en el disseny<\/h4>\n<p>Hem vist que en l\u2019art la proporci\u00f3 \u00e0uria apareix sovint. Podria posar m\u00e9s exemples, per\u00f2 el post es faria etern. Si vols buscar-ne m\u00e9s, Google t\u2019ajudar\u00e0. Ara veiem com s\u2019aplica al m\u00f3n del disseny.<\/p>\n<p><img decoding=\"async\" class=\"alignnone size-full wp-image-2231\" src=\"https:\/\/codewebbarcelona.com\/wp-content\/uploads\/2018\/12\/proporcion-aurea-apple.jpg\" alt=\"\" width=\"1280\" height=\"720\" \/><\/p>\n<p>Si parlem de proporci\u00f3 \u00e0uria, no podem obviar el logotip d\u2019Apple. En un post anterior ja vaig parlar del logotip d\u2019Apple i de per qu\u00e8 \u00e9s un dels <a href=\"https:\/\/codewebbarcelona.com\/blog\/mejores-logos-del-mundo-apple\/\">millors logos del m\u00f3n<\/a>. Aclariment: no s\u00f3c fanboy d\u2019Apple, encara que ho pugui semblar. De fet, ni tan sols escric des d\u2019un Mac.<\/p>\n<p>Podeu veure que el logo est\u00e0 dividit en diversos cercles. Aquests cercles s\u2019han creat a partir de la proporci\u00f3 \u00e0uria.<\/p>\n<p><img decoding=\"async\" class=\"alignnone size-full wp-image-2232\" src=\"https:\/\/codewebbarcelona.com\/wp-content\/uploads\/2018\/12\/proporcion-aurea-circulos.jpg\" alt=\"\" width=\"1080\" height=\"732\" \/><\/p>\n<p>Et deixo un v\u00eddeo de YouTube on es mostra la deconstrucci\u00f3 del logo i veur\u00e0s clarament a qu\u00e8 em refereixo.<\/p>\n<p><iframe src=\"https:\/\/www.youtube.com\/embed\/Mwr1M9dmUuM\" width=\"560\" height=\"315\" frameborder=\"0\" allowfullscreen=\"allowfullscreen\"><\/iframe><\/p>\n<p>A partir d\u2019aqu\u00ed, veur\u00e0s que aix\u00f2 mateix es pot aplicar a molts altres logos de marques reconegudes arreu del m\u00f3n.<\/p>\n<p><img decoding=\"async\" class=\"alignnone size-full wp-image-2233\" src=\"https:\/\/codewebbarcelona.com\/wp-content\/uploads\/2018\/12\/proporcion-aurea-diseno-1.png\" alt=\"\" width=\"1022\" height=\"266\" \/> <img decoding=\"async\" class=\"alignnone size-full wp-image-2234\" src=\"https:\/\/codewebbarcelona.com\/wp-content\/uploads\/2018\/12\/proporcion-aurea-diseno-2.png\" alt=\"\" width=\"1022\" height=\"266\" \/><\/p>\n<p>Toyota, BP, National Geographic, Pepsi&#8230; Tots aquests logotips respecten la proporci\u00f3.<\/p>\n<h3>La proporci\u00f3 \u00e0uria a la natura<\/h3>\n<p>Vist que en l\u2019art i el disseny la proporci\u00f3 divina sembla present a moltes obres, fem una ullada r\u00e0pida a la natura, l\u2019arquitectura i altres \u00e0mbits.<\/p>\n<h4>L\u2019angle \u00e0uri<\/h4>\n<p>Per entendre millor el concepte, a partir del nombre \u00e0uri podem obtenir l\u2019angle \u00e0uri.<\/p>\n<p><img decoding=\"async\" class=\"alignnone size-full wp-image-2235\" src=\"https:\/\/codewebbarcelona.com\/wp-content\/uploads\/2018\/12\/angulo-aureo.png\" alt=\"\" width=\"288\" height=\"300\" \/><\/p>\n<p>Veurem que aquest angle \u00e9s present en el m\u00f3n vegetal&#8230; molt m\u00e9s del que et penses.<\/p>\n<p>De fet, m\u2019ha deixat bastant sorpr\u00e8s. Recorda que estic escrivint aquest post a mesura que investigo.<\/p>\n<h4>Per qu\u00e8 \u00e9s important l\u2019angle \u00e0uri a les plantes?<\/h4>\n<p>L\u2019angle \u00e0uri, com veur\u00e0s, \u00e9s clau per al desenvolupament d\u2019una planta.<\/p>\n<p>Estar\u00e0s d\u2019acord amb mi que seria estrany trobar una planta com la de l\u2019esquerra de la imatge.<\/p>\n<p><img decoding=\"async\" class=\"alignnone size-full wp-image-2236\" src=\"https:\/\/codewebbarcelona.com\/wp-content\/uploads\/2018\/12\/angulo-aureo-plantas.png\" alt=\"\" width=\"300\" height=\"283\" \/><\/p>\n<p>El m\u00e9s habitual \u00e9s trobar plantes amb les fulles repartides de manera que ocupen tot l\u2019espai disponible. L\u2019objectiu: aprofitar al m\u00e0xim la llum solar. La manera m\u00e9s eficient de fer-ho \u00e9s seguint un patr\u00f3 on cada nova fulla o p\u00e8tal deixa espai per a la seg\u00fcent. I aix\u00ed, fins a l\u2019infinit.<\/p>\n<p>Ho veur\u00e0s m\u00e9s clar amb la seg\u00fcent seq\u00fc\u00e8ncia.<\/p>\n<p><img decoding=\"async\" class=\"alignnone size-full wp-image-2237\" src=\"https:\/\/codewebbarcelona.com\/wp-content\/uploads\/2018\/12\/angulo-aureo-plantas-1.png\" alt=\"\" width=\"300\" height=\"93\" \/><\/p>\n<p>De la planta neix una fulla.<\/p>\n<p><img decoding=\"async\" class=\"alignnone size-full wp-image-2238\" src=\"https:\/\/codewebbarcelona.com\/wp-content\/uploads\/2018\/12\/angulo-aureo-plantas-2.png\" alt=\"\" width=\"300\" height=\"164\" \/><\/p>\n<p>Apliquem l\u2019angle \u00e0uri i apareix una segona fulla.<\/p>\n<p><img decoding=\"async\" class=\"alignnone size-full wp-image-2239\" src=\"https:\/\/codewebbarcelona.com\/wp-content\/uploads\/2018\/12\/angulo-aureo-plantas-3.png\" alt=\"\" width=\"300\" height=\"263\" \/><\/p>\n<p>Seguim amb el mateix concepte. Surt una tercera fulla.<\/p>\n<p><img decoding=\"async\" class=\"alignnone size-full wp-image-2240\" src=\"https:\/\/codewebbarcelona.com\/wp-content\/uploads\/2018\/12\/angulo-aureo-plantas-4.png\" alt=\"\" width=\"300\" height=\"274\" \/><\/p>\n<p>Una quarta fulla&#8230;<\/p>\n<p><img decoding=\"async\" class=\"alignnone size-full wp-image-2241\" src=\"https:\/\/codewebbarcelona.com\/wp-content\/uploads\/2018\/12\/angulo-aureo-plantas-5.png\" alt=\"\" width=\"300\" height=\"270\" \/><\/p>\n<p>Una cinquena fulla. Veus que, de moment, no se superposen.<\/p>\n<p><img decoding=\"async\" class=\"alignnone size-full wp-image-2242\" src=\"https:\/\/codewebbarcelona.com\/wp-content\/uploads\/2018\/12\/angulo-aureo-plantas-6.png\" alt=\"\" width=\"300\" height=\"290\" \/><\/p>\n<p>Per\u00f2 si seguim amb la f\u00f3rmula, obtenim aquesta figura. Impressionant, oi?<\/p>\n<p>Si seguim aquest patr\u00f3, no importa quantes fulles surtin: sempre es repartiran per maximitzar l\u2019espai.<\/p>\n<p>Tamb\u00e9 ho podem veure a les flors.<\/p>\n<p><img decoding=\"async\" class=\"alignnone size-full wp-image-2244\" src=\"https:\/\/codewebbarcelona.com\/wp-content\/uploads\/2018\/12\/angulo-aureo-flor.jpg\" alt=\"\" width=\"300\" height=\"225\" \/><\/p>\n<p><img decoding=\"async\" class=\"alignnone size-full wp-image-2245\" src=\"https:\/\/codewebbarcelona.com\/wp-content\/uploads\/2018\/12\/angulo-aureo-flor-concepto.png\" alt=\"\" width=\"300\" height=\"225\" \/><\/p>\n<p><em><a href=\"http:\/\/www.greatmathsteachingideas.com\/2012\/08\/\" target=\"_blank\" rel=\"noopener\">Imatge<\/a> de <a href=\"http:\/\/www.greatmathsteachingideas.com\/\" target=\"_blank\" rel=\"noopener\">William Emeny<\/a><\/em><\/p>\n<p>Si vols aprofundir m\u00e9s, et deixo un enlla\u00e7 sobre la successi\u00f3 de Fibonacci.<\/p>\n<p><a href=\"http:\/\/gofiguremath.org\/natures-favorite-math\/fibonacci-numbers\/fibonacci-in-nature\/\" target=\"_blank\" rel=\"noopener\">http:\/\/gofiguremath.org\/natures-favorite-math\/fibonacci-numbers\/fibonacci-in-nature\/<\/a><\/p>\n<p>&nbsp;<\/p>\n<h3>La proporci\u00f3 \u00e0uria en altres \u00e0mbits<\/h3>\n<p>Sortint de la natura, et mostro altres \u00e0mbits on la proporci\u00f3 \u00e0uria tamb\u00e9 fa acte de pres\u00e8ncia.<\/p>\n<p><img decoding=\"async\" class=\"alignnone size-full wp-image-2246\" src=\"https:\/\/codewebbarcelona.com\/wp-content\/uploads\/2018\/12\/proporcion-aurea-arquitectura.png\" alt=\"\" width=\"1022\" height=\"266\" \/><\/p>\n<p>La podem veure en l\u2019arquitectura.<\/p>\n<p><img decoding=\"async\" class=\"alignnone size-full wp-image-2248\" src=\"https:\/\/codewebbarcelona.com\/wp-content\/uploads\/2018\/12\/proporcion-aurea-fotografia.png\" alt=\"\" width=\"1022\" height=\"266\" \/><\/p>\n<p>En fotografia.<\/p>\n<p><img decoding=\"async\" class=\"alignnone size-full wp-image-2247\" src=\"https:\/\/codewebbarcelona.com\/wp-content\/uploads\/2018\/12\/proporcion-aurea-cocina.jpg\" alt=\"\" width=\"794\" height=\"601\" \/><\/p>\n<p>Fins i tot a la cuina. Pots veure que les proporcions dels ingredients segueixen la proporci\u00f3 \u00e0uria.<\/p>\n<h2>La proporci\u00f3 \u00e0uria: mite o realitat?<\/h2>\n<p>Un cop explicat qu\u00e8 \u00e9s la proporci\u00f3 \u00e0uria, el nombre \u00e0uri, la proporci\u00f3 divina o com li vulguis dir, podem pensar que \u00e9s una realitat i no un mite. Per\u00f2 a partir d\u2019aqu\u00ed sorgeixen preguntes que cal respondre si volem ser objectius.<\/p>\n<h3>\u00c9s casualitat o causalitat?<\/h3>\n<p>En l\u2019art antic, la proporci\u00f3 \u00e0uria era realment buscada pels autors? O va ser la casualitat de con\u00e8ixer la proporci\u00f3 divina el que va portar a crear obres amb aquestes proporcions?<\/p>\n<p>Si \u00e9s casualitat, potser \u00e9s fruit de la genialitat? Tant a la natura com en el disseny fet per alg\u00fa sense coneixements espec\u00edfics. \u00c9s una manera innata de \u201ctenir bon gust\u201d, de respectar proporcions o d\u2019optimitzar recursos (en el cas de la natura)?<\/p>\n<p>Si \u00e9s causalitat, \u00e9s a dir, si es va fer expressament, veiem que tot i que el concepte apareix en alguns elements del quadre, tamb\u00e9 n\u2019hi ha molts d\u2019altres on no hi \u00e9s, aix\u00ed que podria ser nom\u00e9s una coincid\u00e8ncia.<\/p>\n<p>Com m\u00e9s elements hi ha en un quadre, m\u00e9s probabilitats que algun encaixi amb la proporci\u00f3 \u00e0uria. Per\u00f2 tamb\u00e9 augmenta el nombre d\u2019elements que no encaixen. Aix\u00ed que potser tot dep\u00e8n de la percepci\u00f3 de cadasc\u00fa.<\/p>\n<p>Per un, dos o tres elements on apareix, n\u2019hi ha centenars on no, per\u00f2 triem fixar-nos nom\u00e9s en els que s\u00ed.<\/p>\n<h3>Indicis que apunten a mite<\/h3>\n<p>Per mostrar indicis que apunten a mite, et poso alguns exemples amb la proporci\u00f3 divina aplicada a posteriori.<\/p>\n<p>Ara que tinc tota aquesta informaci\u00f3, com a m\u00ednim tinc curiositat per saber si algun dels meus dissenys compleix la proporci\u00f3 \u00e0uria. Cal dir que, tot i con\u00e8ixer el concepte, mai l\u2019he tingut en compte a l\u2019hora de fer un projecte de disseny gr\u00e0fic.<\/p>\n<p><img decoding=\"async\" class=\"alignnone size-full wp-image-2250\" src=\"https:\/\/codewebbarcelona.com\/wp-content\/uploads\/2018\/12\/proporcion-aurea-dabeer-1.jpg\" alt=\"\" width=\"848\" height=\"565\" \/><\/p>\n<p>En el <a href=\"https:\/\/codewebbarcelona.com\/diseno-web-dabeer\/\" target=\"_blank\" rel=\"noopener\">disseny web de dabeer<\/a>, podem veure que hi apareix la proporci\u00f3 divina. Acabo de descobrir-ho.<\/p>\n<h4>I qu\u00e8 passa quan no es compleix?<\/h4>\n<p><img decoding=\"async\" class=\"alignnone size-full wp-image-2251\" src=\"https:\/\/codewebbarcelona.com\/wp-content\/uploads\/2018\/12\/proporcion-aurea-fail.jpg\" alt=\"\" width=\"1112\" height=\"511\" \/><\/p>\n<p>Com veus a l\u2019exemple, podem apreciar la proporci\u00f3 \u00e0uria en magenta per a l\u2019element de la dreta. Per\u00f2 no en el seg\u00fcent, representat amb l\u00ednies blaves.<\/p>\n<p>A m\u00e9s, \u00e9s relativament f\u00e0cil fer encaixar el patr\u00f3 en qualsevol disseny: nom\u00e9s cal trobar la proporci\u00f3 adequada.<\/p>\n<p>Fins i tot podr\u00edem argumentar que un element est\u00e0 dividit en subproporcions \u00e0uries per fer-lo quadrar, oi?<\/p>\n<p><img decoding=\"async\" class=\"alignnone size-full wp-image-2252\" src=\"https:\/\/codewebbarcelona.com\/wp-content\/uploads\/2018\/12\/proporcion-aurea-fail2.jpg\" alt=\"\" width=\"1112\" height=\"511\" \/><\/p>\n<p>Ara s\u00ed que encaixaria.<\/p>\n<p>S\u00e9 que pot sonar a demag\u00f2gia, per\u00f2 la veritat \u00e9s que, en l\u2019exemple de l\u2019\u00daltima Cena, la proporci\u00f3 \u00e0uria que ens assenyalen:<\/p>\n<p><img decoding=\"async\" class=\"alignnone size-full wp-image-2227\" src=\"https:\/\/codewebbarcelona.com\/wp-content\/uploads\/2018\/12\/proprocion-aurea-ultima-cena.jpg\" alt=\"\" width=\"600\" height=\"424\" \/><\/p>\n<p>Totes les refer\u00e8ncies estan aplicades segons la mesura que conv\u00e9 a cada element, per\u00f2 entre elles no hi ha cap relaci\u00f3.<\/p>\n<p><img decoding=\"async\" class=\"alignnone size-full wp-image-2253\" src=\"https:\/\/codewebbarcelona.com\/wp-content\/uploads\/2018\/12\/proporcion-aurea-fail3.jpg\" alt=\"\" width=\"618\" height=\"439\" \/><\/p>\n<p><img decoding=\"async\" class=\"alignnone size-full wp-image-2254\" src=\"https:\/\/codewebbarcelona.com\/wp-content\/uploads\/2018\/12\/proporcion-aurea\n<\/p>\n","protected":false},"excerpt":{"rendered":"<p>Proporci\u00f3 \u00e0uria, nombre \u00e0uri, n\u00famero d\u2019or, ra\u00f3 \u00e0uria, ra\u00f3 daurada, mitjana \u00e0uria&#8230; Segur que alguna vegada n\u2019has sentit a parlar. En aquest article vull analitzar el concepte per arribar a una conclusi\u00f3: \u00e9s un mite o una realitat? Si et mous una mica per internet, segueixes comptes d\u2019Instagram relacionades amb el disseny gr\u00e0fic o busques [&hellip;]<\/p>\n","protected":false},"author":1,"featured_media":1992,"comment_status":"closed","ping_status":"closed","sticky":false,"template":"","format":"standard","meta":{"_acf_changed":false,"footnotes":""},"categories":[134],"class_list":["post-34329","post","type-post","status-publish","format-standard","has-post-thumbnail","hentry","category-disseny-grafic"],"acf":[],"yoast_head":"<!-- This site is optimized with the Yoast SEO plugin v27.2 - https:\/\/yoast.com\/product\/yoast-seo-wordpress\/ -->\n<title>La proporci\u00f3n \u00e1urea. \u00bfQu\u00e9 es? \u00bfMito o realidad? - Code Barcelona<\/title>\n<meta name=\"description\" content=\"Desmontando el mito de la proporci\u00f3n \u00e1urea. Explicamos a fondo el concepto y lo analizamos en las obras de arte y dise\u00f1o a lo largo de la historia adem\u00e1s de en la naturaleza y distintos elementos. \u00bfSabias que Donald Trump cumple la proporci\u00f3n \u00e1urea?\" \/>\n<meta name=\"robots\" content=\"index, follow, max-snippet:-1, max-image-preview:large, max-video-preview:-1\" \/>\n<link rel=\"canonical\" href=\"https:\/\/codewebbarcelona.com\/ca\/blog\/proporcio-aurea-que-es-mite-realitat\/\" \/>\n<meta property=\"og:locale\" content=\"ca_ES\" \/>\n<meta property=\"og:type\" content=\"article\" \/>\n<meta property=\"og:title\" content=\"La proporci\u00f3n \u00e1urea. \u00bfQu\u00e9 es? \u00bfMito o realidad? - Code Barcelona\" \/>\n<meta property=\"og:description\" content=\"Desmontando el mito de la proporci\u00f3n \u00e1urea. Explicamos a fondo el concepto y lo analizamos en las obras de arte y dise\u00f1o a lo largo de la historia adem\u00e1s de en la naturaleza y distintos elementos. \u00bfSabias que Donald Trump cumple la proporci\u00f3n \u00e1urea?\" \/>\n<meta property=\"og:url\" content=\"https:\/\/codewebbarcelona.com\/ca\/blog\/proporcio-aurea-que-es-mite-realitat\/\" \/>\n<meta property=\"og:site_name\" content=\"Code Barcelona\" \/>\n<meta property=\"article:published_time\" content=\"2018-12-19T10:12:12+00:00\" \/>\n<meta property=\"article:modified_time\" content=\"2026-04-21T05:18:35+00:00\" \/>\n<meta property=\"og:image\" content=\"https:\/\/codewebbarcelona.com\/wp-content\/uploads\/2018\/12\/la-proporcion-aurea-que-es-mito-o-realidad-featured.jpg\" \/>\n\t<meta property=\"og:image:width\" content=\"2560\" \/>\n\t<meta property=\"og:image:height\" content=\"896\" \/>\n\t<meta property=\"og:image:type\" content=\"image\/jpeg\" \/>\n<meta name=\"author\" content=\"cd26Bc\" \/>\n<meta name=\"twitter:card\" content=\"summary_large_image\" \/>\n<meta name=\"twitter:label1\" content=\"Escrit per\" \/>\n\t<meta name=\"twitter:data1\" content=\"cd26Bc\" \/>\n\t<meta name=\"twitter:label2\" content=\"Temps estimat de lectura\" \/>\n\t<meta name=\"twitter:data2\" content=\"8 minuts\" \/>\n<script type=\"application\/ld+json\" class=\"yoast-schema-graph\">{\"@context\":\"https:\/\/schema.org\",\"@graph\":[{\"@type\":\"Article\",\"@id\":\"https:\/\/codewebbarcelona.com\/ca\/blog\/proporcio-aurea-que-es-mite-realitat\/#article\",\"isPartOf\":{\"@id\":\"https:\/\/codewebbarcelona.com\/ca\/blog\/proporcio-aurea-que-es-mite-realitat\/\"},\"author\":{\"name\":\"cd26Bc\",\"@id\":\"https:\/\/codewebbarcelona.com\/ca\/#\/schema\/person\/3af5f44aaf0de2919e9225aa5ca32567\"},\"headline\":\"La proporci\u00f3 \u00e0uria. Qu\u00e8 \u00e9s? Mite o realitat?\",\"datePublished\":\"2018-12-19T10:12:12+00:00\",\"dateModified\":\"2026-04-21T05:18:35+00:00\",\"mainEntityOfPage\":{\"@id\":\"https:\/\/codewebbarcelona.com\/ca\/blog\/proporcio-aurea-que-es-mite-realitat\/\"},\"wordCount\":1581,\"image\":{\"@id\":\"https:\/\/codewebbarcelona.com\/ca\/blog\/proporcio-aurea-que-es-mite-realitat\/#primaryimage\"},\"thumbnailUrl\":\"https:\/\/codewebbarcelona.com\/wp-content\/uploads\/2018\/12\/la-proporcion-aurea-que-es-mito-o-realidad-featured.jpg\",\"articleSection\":[\"Dise\u00f1o gr\u00e1fico\"],\"inLanguage\":\"ca\"},{\"@type\":\"WebPage\",\"@id\":\"https:\/\/codewebbarcelona.com\/ca\/blog\/proporcio-aurea-que-es-mite-realitat\/\",\"url\":\"https:\/\/codewebbarcelona.com\/ca\/blog\/proporcio-aurea-que-es-mite-realitat\/\",\"name\":\"La proporci\u00f3n \u00e1urea. \u00bfQu\u00e9 es? \u00bfMito o realidad? - Code Barcelona\",\"isPartOf\":{\"@id\":\"https:\/\/codewebbarcelona.com\/ca\/#website\"},\"primaryImageOfPage\":{\"@id\":\"https:\/\/codewebbarcelona.com\/ca\/blog\/proporcio-aurea-que-es-mite-realitat\/#primaryimage\"},\"image\":{\"@id\":\"https:\/\/codewebbarcelona.com\/ca\/blog\/proporcio-aurea-que-es-mite-realitat\/#primaryimage\"},\"thumbnailUrl\":\"https:\/\/codewebbarcelona.com\/wp-content\/uploads\/2018\/12\/la-proporcion-aurea-que-es-mito-o-realidad-featured.jpg\",\"datePublished\":\"2018-12-19T10:12:12+00:00\",\"dateModified\":\"2026-04-21T05:18:35+00:00\",\"author\":{\"@id\":\"https:\/\/codewebbarcelona.com\/ca\/#\/schema\/person\/3af5f44aaf0de2919e9225aa5ca32567\"},\"description\":\"Desmontando el mito de la proporci\u00f3n \u00e1urea. Explicamos a fondo el concepto y lo analizamos en las obras de arte y dise\u00f1o a lo largo de la historia adem\u00e1s de en la naturaleza y distintos elementos. \u00bfSabias que Donald Trump cumple la proporci\u00f3n \u00e1urea?\",\"inLanguage\":\"ca\",\"potentialAction\":[{\"@type\":\"ReadAction\",\"target\":[\"https:\/\/codewebbarcelona.com\/ca\/blog\/proporcio-aurea-que-es-mite-realitat\/\"]}]},{\"@type\":\"ImageObject\",\"inLanguage\":\"ca\",\"@id\":\"https:\/\/codewebbarcelona.com\/ca\/blog\/proporcio-aurea-que-es-mite-realitat\/#primaryimage\",\"url\":\"https:\/\/codewebbarcelona.com\/wp-content\/uploads\/2018\/12\/la-proporcion-aurea-que-es-mito-o-realidad-featured.jpg\",\"contentUrl\":\"https:\/\/codewebbarcelona.com\/wp-content\/uploads\/2018\/12\/la-proporcion-aurea-que-es-mito-o-realidad-featured.jpg\",\"width\":2560,\"height\":896},{\"@type\":\"WebSite\",\"@id\":\"https:\/\/codewebbarcelona.com\/ca\/#website\",\"url\":\"https:\/\/codewebbarcelona.com\/ca\/\",\"name\":\"Code Barcelona\",\"description\":\"\",\"potentialAction\":[{\"@type\":\"SearchAction\",\"target\":{\"@type\":\"EntryPoint\",\"urlTemplate\":\"https:\/\/codewebbarcelona.com\/ca\/?s={search_term_string}\"},\"query-input\":{\"@type\":\"PropertyValueSpecification\",\"valueRequired\":true,\"valueName\":\"search_term_string\"}}],\"inLanguage\":\"ca\"},{\"@type\":\"Person\",\"@id\":\"https:\/\/codewebbarcelona.com\/ca\/#\/schema\/person\/3af5f44aaf0de2919e9225aa5ca32567\",\"name\":\"cd26Bc\",\"image\":{\"@type\":\"ImageObject\",\"inLanguage\":\"ca\",\"@id\":\"https:\/\/secure.gravatar.com\/avatar\/b904e836584635855eaa0ee2922bae4fe2aa94ffb558048dcc5dac5f98f0fadc?s=96&d=mm&r=g\",\"url\":\"https:\/\/secure.gravatar.com\/avatar\/b904e836584635855eaa0ee2922bae4fe2aa94ffb558048dcc5dac5f98f0fadc?s=96&d=mm&r=g\",\"contentUrl\":\"https:\/\/secure.gravatar.com\/avatar\/b904e836584635855eaa0ee2922bae4fe2aa94ffb558048dcc5dac5f98f0fadc?s=96&d=mm&r=g\",\"caption\":\"cd26Bc\"},\"sameAs\":[\"https:\/\/codewebbarcelona.com\"]}]}<\/script>\n<!-- \/ Yoast SEO plugin. -->","yoast_head_json":{"title":"La proporci\u00f3n \u00e1urea. \u00bfQu\u00e9 es? \u00bfMito o realidad? - Code Barcelona","description":"Desmontando el mito de la proporci\u00f3n \u00e1urea. Explicamos a fondo el concepto y lo analizamos en las obras de arte y dise\u00f1o a lo largo de la historia adem\u00e1s de en la naturaleza y distintos elementos. \u00bfSabias que Donald Trump cumple la proporci\u00f3n \u00e1urea?","robots":{"index":"index","follow":"follow","max-snippet":"max-snippet:-1","max-image-preview":"max-image-preview:large","max-video-preview":"max-video-preview:-1"},"canonical":"https:\/\/codewebbarcelona.com\/ca\/blog\/proporcio-aurea-que-es-mite-realitat\/","og_locale":"ca_ES","og_type":"article","og_title":"La proporci\u00f3n \u00e1urea. \u00bfQu\u00e9 es? \u00bfMito o realidad? - Code Barcelona","og_description":"Desmontando el mito de la proporci\u00f3n \u00e1urea. Explicamos a fondo el concepto y lo analizamos en las obras de arte y dise\u00f1o a lo largo de la historia adem\u00e1s de en la naturaleza y distintos elementos. \u00bfSabias que Donald Trump cumple la proporci\u00f3n \u00e1urea?","og_url":"https:\/\/codewebbarcelona.com\/ca\/blog\/proporcio-aurea-que-es-mite-realitat\/","og_site_name":"Code Barcelona","article_published_time":"2018-12-19T10:12:12+00:00","article_modified_time":"2026-04-21T05:18:35+00:00","og_image":[{"width":2560,"height":896,"url":"https:\/\/codewebbarcelona.com\/wp-content\/uploads\/2018\/12\/la-proporcion-aurea-que-es-mito-o-realidad-featured.jpg","type":"image\/jpeg"}],"author":"cd26Bc","twitter_card":"summary_large_image","twitter_misc":{"Escrit per":"cd26Bc","Temps estimat de lectura":"8 minuts"},"schema":{"@context":"https:\/\/schema.org","@graph":[{"@type":"Article","@id":"https:\/\/codewebbarcelona.com\/ca\/blog\/proporcio-aurea-que-es-mite-realitat\/#article","isPartOf":{"@id":"https:\/\/codewebbarcelona.com\/ca\/blog\/proporcio-aurea-que-es-mite-realitat\/"},"author":{"name":"cd26Bc","@id":"https:\/\/codewebbarcelona.com\/ca\/#\/schema\/person\/3af5f44aaf0de2919e9225aa5ca32567"},"headline":"La proporci\u00f3 \u00e0uria. Qu\u00e8 \u00e9s? Mite o realitat?","datePublished":"2018-12-19T10:12:12+00:00","dateModified":"2026-04-21T05:18:35+00:00","mainEntityOfPage":{"@id":"https:\/\/codewebbarcelona.com\/ca\/blog\/proporcio-aurea-que-es-mite-realitat\/"},"wordCount":1581,"image":{"@id":"https:\/\/codewebbarcelona.com\/ca\/blog\/proporcio-aurea-que-es-mite-realitat\/#primaryimage"},"thumbnailUrl":"https:\/\/codewebbarcelona.com\/wp-content\/uploads\/2018\/12\/la-proporcion-aurea-que-es-mito-o-realidad-featured.jpg","articleSection":["Dise\u00f1o gr\u00e1fico"],"inLanguage":"ca"},{"@type":"WebPage","@id":"https:\/\/codewebbarcelona.com\/ca\/blog\/proporcio-aurea-que-es-mite-realitat\/","url":"https:\/\/codewebbarcelona.com\/ca\/blog\/proporcio-aurea-que-es-mite-realitat\/","name":"La proporci\u00f3n \u00e1urea. \u00bfQu\u00e9 es? \u00bfMito o realidad? - Code Barcelona","isPartOf":{"@id":"https:\/\/codewebbarcelona.com\/ca\/#website"},"primaryImageOfPage":{"@id":"https:\/\/codewebbarcelona.com\/ca\/blog\/proporcio-aurea-que-es-mite-realitat\/#primaryimage"},"image":{"@id":"https:\/\/codewebbarcelona.com\/ca\/blog\/proporcio-aurea-que-es-mite-realitat\/#primaryimage"},"thumbnailUrl":"https:\/\/codewebbarcelona.com\/wp-content\/uploads\/2018\/12\/la-proporcion-aurea-que-es-mito-o-realidad-featured.jpg","datePublished":"2018-12-19T10:12:12+00:00","dateModified":"2026-04-21T05:18:35+00:00","author":{"@id":"https:\/\/codewebbarcelona.com\/ca\/#\/schema\/person\/3af5f44aaf0de2919e9225aa5ca32567"},"description":"Desmontando el mito de la proporci\u00f3n \u00e1urea. Explicamos a fondo el concepto y lo analizamos en las obras de arte y dise\u00f1o a lo largo de la historia adem\u00e1s de en la naturaleza y distintos elementos. \u00bfSabias que Donald Trump cumple la proporci\u00f3n \u00e1urea?","inLanguage":"ca","potentialAction":[{"@type":"ReadAction","target":["https:\/\/codewebbarcelona.com\/ca\/blog\/proporcio-aurea-que-es-mite-realitat\/"]}]},{"@type":"ImageObject","inLanguage":"ca","@id":"https:\/\/codewebbarcelona.com\/ca\/blog\/proporcio-aurea-que-es-mite-realitat\/#primaryimage","url":"https:\/\/codewebbarcelona.com\/wp-content\/uploads\/2018\/12\/la-proporcion-aurea-que-es-mito-o-realidad-featured.jpg","contentUrl":"https:\/\/codewebbarcelona.com\/wp-content\/uploads\/2018\/12\/la-proporcion-aurea-que-es-mito-o-realidad-featured.jpg","width":2560,"height":896},{"@type":"WebSite","@id":"https:\/\/codewebbarcelona.com\/ca\/#website","url":"https:\/\/codewebbarcelona.com\/ca\/","name":"Code Barcelona","description":"","potentialAction":[{"@type":"SearchAction","target":{"@type":"EntryPoint","urlTemplate":"https:\/\/codewebbarcelona.com\/ca\/?s={search_term_string}"},"query-input":{"@type":"PropertyValueSpecification","valueRequired":true,"valueName":"search_term_string"}}],"inLanguage":"ca"},{"@type":"Person","@id":"https:\/\/codewebbarcelona.com\/ca\/#\/schema\/person\/3af5f44aaf0de2919e9225aa5ca32567","name":"cd26Bc","image":{"@type":"ImageObject","inLanguage":"ca","@id":"https:\/\/secure.gravatar.com\/avatar\/b904e836584635855eaa0ee2922bae4fe2aa94ffb558048dcc5dac5f98f0fadc?s=96&d=mm&r=g","url":"https:\/\/secure.gravatar.com\/avatar\/b904e836584635855eaa0ee2922bae4fe2aa94ffb558048dcc5dac5f98f0fadc?s=96&d=mm&r=g","contentUrl":"https:\/\/secure.gravatar.com\/avatar\/b904e836584635855eaa0ee2922bae4fe2aa94ffb558048dcc5dac5f98f0fadc?s=96&d=mm&r=g","caption":"cd26Bc"},"sameAs":["https:\/\/codewebbarcelona.com"]}]}},"_links":{"self":[{"href":"https:\/\/codewebbarcelona.com\/ca\/wp-json\/wp\/v2\/posts\/34329","targetHints":{"allow":["GET"]}}],"collection":[{"href":"https:\/\/codewebbarcelona.com\/ca\/wp-json\/wp\/v2\/posts"}],"about":[{"href":"https:\/\/codewebbarcelona.com\/ca\/wp-json\/wp\/v2\/types\/post"}],"author":[{"embeddable":true,"href":"https:\/\/codewebbarcelona.com\/ca\/wp-json\/wp\/v2\/users\/1"}],"replies":[{"embeddable":true,"href":"https:\/\/codewebbarcelona.com\/ca\/wp-json\/wp\/v2\/comments?post=34329"}],"version-history":[{"count":2,"href":"https:\/\/codewebbarcelona.com\/ca\/wp-json\/wp\/v2\/posts\/34329\/revisions"}],"predecessor-version":[{"id":34366,"href":"https:\/\/codewebbarcelona.com\/ca\/wp-json\/wp\/v2\/posts\/34329\/revisions\/34366"}],"wp:featuredmedia":[{"embeddable":true,"href":"https:\/\/codewebbarcelona.com\/ca\/wp-json\/wp\/v2\/media\/1992"}],"wp:attachment":[{"href":"https:\/\/codewebbarcelona.com\/ca\/wp-json\/wp\/v2\/media?parent=34329"}],"wp:term":[{"taxonomy":"category","embeddable":true,"href":"https:\/\/codewebbarcelona.com\/ca\/wp-json\/wp\/v2\/categories?post=34329"}],"curies":[{"name":"wp","href":"https:\/\/api.w.org\/{rel}","templated":true}]}}