{"id":33601,"date":"2019-03-08T16:31:11","date_gmt":"2019-03-08T16:31:11","guid":{"rendered":"https:\/\/codewebbarcelona.com\/curso-fotografia-profesional-instagram\/"},"modified":"2026-04-21T04:56:27","modified_gmt":"2026-04-21T04:56:27","slug":"curs-fotografia-professional-instagram","status":"publish","type":"post","link":"https:\/\/codewebbarcelona.com\/ca\/blog\/curs-fotografia-professional-instagram\/","title":{"rendered":"Fotografia professional per a Instagram, el curs de la setmana"},"content":{"rendered":"<p>Vols descobrir tots els secrets perqu\u00e8 les teves xarxes socials llueixin amb les millors fotos del timeline? Aquest \u00e9s el teu curs.<\/p>\n<p>Aprendr\u00e0s tot el necessari perqu\u00e8 les teves fotografies d\u2019Instagram tinguin un aspecte totalment professional. Prepara\u2019t per a una allau de \u201cm\u2019agrada\u201d!<\/p>\n<p>Et presento el <a href=\"https:\/\/www.domestika.org\/es\/courses\/227-fotografia-profesional-para-instagram\/course?atag=424b94&amp;utm_medium=affiliates&amp;utm_source=codebarcelona_424b94\" target=\"_blank\" rel=\"noopener\">curs de fotografia professional per a Instagram de Domestika<\/a>.<\/p>\n<h2>Fotografia professional per a Instagram<\/h2>\n<p>&nbsp;<\/p>\n<p>La fotografia est\u00e0 a l\u2019abast de tothom. Si vols, pots aconseguir resultats professionals per alimentar les teves xarxes socials i presentar qualsevol projecte.<\/p>\n<p><iframe src=\"https:\/\/player.vimeo.com\/video\/244329947\" width=\"980\" height=\"570\" frameborder=\"0\" allowfullscreen=\"allowfullscreen\"><\/iframe><\/p>\n<p>De la m\u00e0 de la professora Marina Barrio, fot\u00f2grafa professional a Melon Blanc, aprendr\u00e0s a mostrar un projecte a trav\u00e9s d\u2019Instagram.<\/p>\n<h3>Qu\u00e8 aprendr\u00e9 al curs Fotografia professional per a Instagram?<\/h3>\n<p>En aquest curs descobrir\u00e0s com utilitzar el m\u00f2bil per captar les millors fotos i moments clau, cuidar l\u2019aspecte creatiu de les teves imatges i dominar la t\u00e8cnica fotogr\u00e0fica nom\u00e9s amb el teu smartphone.<\/p>\n<p>Et convertir\u00e0s en un Instagramer de veritat.<\/p>\n<h3>A qui s\u2019adre\u00e7a<\/h3>\n<p>\u00c9s ideal per a qualsevol perfil creatiu amb ganes d\u2019aprendre fotografia, especialment:<\/p>\n<ul>\n<li>Emprenedors<\/li>\n<\/ul>\n<h3>Requisits t\u00e8cnics<\/h3>\n<p>Els requisits t\u00e8cnics s\u00f3n m\u00ednims: nom\u00e9s necessites un tel\u00e8fon amb c\u00e0mera i un smartphone on puguis instal\u00b7lar Instagram.<\/p>\n<h3>Contingut<\/h3>\n<p>Al llarg del curs aprendr\u00e0s un munt de coses:<\/p>\n<ul>\n<li>Perfils d\u2019Instagram inspiradors.<\/li>\n<li>On utilitzar les teves fotografies<\/li>\n<li>Composici\u00f3 fotogr\u00e0fica<\/li>\n<li>Definir el teu estil<\/li>\n<li>Fotografia realista<\/li>\n<li>Flatlay<\/li>\n<li>Originals<\/li>\n<li>Creatives<\/li>\n<li>Edici\u00f3 fotogr\u00e0fica<\/li>\n<li>Organitzaci\u00f3 i planificaci\u00f3 de les xarxes socials<\/li>\n<li>Programaci\u00f3 de publicacions<\/li>\n<li>I els trucs de la Marina per treure el m\u00e0xim partit a les Instagram stories<\/li>\n<\/ul>\n<h3>Aplicacions a la vida real<\/h3>\n<p>Aquest curs et ser\u00e0 molt \u00fatil si est\u00e0s pensant a emprendre un negoci: t\u2019ajudar\u00e0 a mostrar el teu projecte i, per qu\u00e8 no, a guanyar visibilitat. <a href=\"https:\/\/www.domestika.org\/es\/courses\/227-fotografia-profesional-para-instagram\/course?atag=424b94&amp;utm_medium=affiliates&amp;utm_source=codebarcelona_424b94\" target=\"_blank\" rel=\"noopener\">Apunta-t\u2019hi<\/a> sense pensar-t\u2019ho dues vegades.<\/p>\n<h3>Sobre Domestika<\/h3>\n<p>El fet <strong>Domestika<\/strong> de la setmana: Tots els cursos s\u00f3n en format online perqu\u00e8 els puguis fer al teu ritme, quan vulguis i des d\u2019on vulguis. Nom\u00e9s necessites un ordinador i connexi\u00f3 a Internet.<\/p>\n","protected":false},"excerpt":{"rendered":"<p>Vols descobrir tots els secrets perqu\u00e8 les teves xarxes socials llueixin amb les millors fotos del timeline? Aquest \u00e9s el teu curs. Aprendr\u00e0s tot el necessari perqu\u00e8 les teves fotografies d\u2019Instagram tinguin un aspecte totalment professional. Prepara\u2019t per a una allau de \u201cm\u2019agrada\u201d! Et presento el curs de fotografia professional per a Instagram de Domestika. [&hellip;]<\/p>\n","protected":false},"author":1,"featured_media":8500,"comment_status":"closed","ping_status":"closed","sticky":false,"template":"","format":"standard","meta":{"_acf_changed":false,"footnotes":""},"categories":[210,211],"class_list":["post-33601","post","type-post","status-publish","format-standard","has-post-thumbnail","hentry","category-inspiracio","category-marketing"],"acf":[],"yoast_head":"<!-- This site is optimized with the Yoast SEO plugin v27.2 - https:\/\/yoast.com\/product\/yoast-seo-wordpress\/ -->\n<title>Curso Fotograf\u00eda profesional para Instagram - Code Barcelona<\/title>\n<meta name=\"description\" content=\"Presentaci\u00f3n del curso para conocer las claves para convertirte en un profesional de la fotograf\u00eda para Instagram.\" \/>\n<meta name=\"robots\" content=\"index, follow, max-snippet:-1, max-image-preview:large, max-video-preview:-1\" \/>\n<link rel=\"canonical\" href=\"https:\/\/codewebbarcelona.com\/ca\/blog\/curs-fotografia-professional-instagram\/\" \/>\n<meta property=\"og:locale\" content=\"ca_ES\" \/>\n<meta property=\"og:type\" content=\"article\" \/>\n<meta property=\"og:title\" content=\"Curso Fotograf\u00eda profesional para Instagram - Code Barcelona\" \/>\n<meta property=\"og:description\" content=\"Presentaci\u00f3n del curso para conocer las claves para convertirte en un profesional de la fotograf\u00eda para Instagram.\" \/>\n<meta property=\"og:url\" content=\"https:\/\/codewebbarcelona.com\/ca\/blog\/curs-fotografia-professional-instagram\/\" \/>\n<meta property=\"og:site_name\" content=\"Code Barcelona\" \/>\n<meta property=\"article:published_time\" content=\"2019-03-08T16:31:11+00:00\" \/>\n<meta property=\"article:modified_time\" content=\"2026-04-21T04:56:27+00:00\" \/>\n<meta property=\"og:image\" content=\"https:\/\/codewebbarcelona.com\/wp-content\/uploads\/2019\/03\/fotografia-profesional-para-instagram-el-curso-de-la-semana-featured.jpg\" \/>\n\t<meta property=\"og:image:width\" content=\"2560\" \/>\n\t<meta property=\"og:image:height\" content=\"896\" \/>\n\t<meta property=\"og:image:type\" content=\"image\/jpeg\" \/>\n<meta name=\"author\" content=\"cd26Bc\" \/>\n<meta name=\"twitter:card\" content=\"summary_large_image\" \/>\n<meta name=\"twitter:label1\" content=\"Escrit per\" \/>\n\t<meta name=\"twitter:data1\" content=\"cd26Bc\" \/>\n\t<meta name=\"twitter:label2\" content=\"Temps estimat de lectura\" \/>\n\t<meta name=\"twitter:data2\" content=\"2 minuts\" \/>\n<script type=\"application\/ld+json\" class=\"yoast-schema-graph\">{\"@context\":\"https:\/\/schema.org\",\"@graph\":[{\"@type\":\"Article\",\"@id\":\"https:\/\/codewebbarcelona.com\/ca\/blog\/curs-fotografia-professional-instagram\/#article\",\"isPartOf\":{\"@id\":\"https:\/\/codewebbarcelona.com\/ca\/blog\/curs-fotografia-professional-instagram\/\"},\"author\":{\"name\":\"cd26Bc\",\"@id\":\"https:\/\/codewebbarcelona.com\/ca\/#\/schema\/person\/3af5f44aaf0de2919e9225aa5ca32567\"},\"headline\":\"Fotografia professional per a Instagram, el curs de la setmana\",\"datePublished\":\"2019-03-08T16:31:11+00:00\",\"dateModified\":\"2026-04-21T04:56:27+00:00\",\"mainEntityOfPage\":{\"@id\":\"https:\/\/codewebbarcelona.com\/ca\/blog\/curs-fotografia-professional-instagram\/\"},\"wordCount\":367,\"image\":{\"@id\":\"https:\/\/codewebbarcelona.com\/ca\/blog\/curs-fotografia-professional-instagram\/#primaryimage\"},\"thumbnailUrl\":\"https:\/\/codewebbarcelona.com\/wp-content\/uploads\/2019\/03\/fotografia-profesional-para-instagram-el-curso-de-la-semana-featured.jpg\",\"articleSection\":[\"Inspiraci\u00f3\",\"M\u00e0rqueting\"],\"inLanguage\":\"ca\"},{\"@type\":\"WebPage\",\"@id\":\"https:\/\/codewebbarcelona.com\/ca\/blog\/curs-fotografia-professional-instagram\/\",\"url\":\"https:\/\/codewebbarcelona.com\/ca\/blog\/curs-fotografia-professional-instagram\/\",\"name\":\"Curso Fotograf\u00eda profesional para Instagram - Code Barcelona\",\"isPartOf\":{\"@id\":\"https:\/\/codewebbarcelona.com\/ca\/#website\"},\"primaryImageOfPage\":{\"@id\":\"https:\/\/codewebbarcelona.com\/ca\/blog\/curs-fotografia-professional-instagram\/#primaryimage\"},\"image\":{\"@id\":\"https:\/\/codewebbarcelona.com\/ca\/blog\/curs-fotografia-professional-instagram\/#primaryimage\"},\"thumbnailUrl\":\"https:\/\/codewebbarcelona.com\/wp-content\/uploads\/2019\/03\/fotografia-profesional-para-instagram-el-curso-de-la-semana-featured.jpg\",\"datePublished\":\"2019-03-08T16:31:11+00:00\",\"dateModified\":\"2026-04-21T04:56:27+00:00\",\"author\":{\"@id\":\"https:\/\/codewebbarcelona.com\/ca\/#\/schema\/person\/3af5f44aaf0de2919e9225aa5ca32567\"},\"description\":\"Presentaci\u00f3n del curso para conocer las claves para convertirte en un profesional de la fotograf\u00eda para Instagram.\",\"inLanguage\":\"ca\",\"potentialAction\":[{\"@type\":\"ReadAction\",\"target\":[\"https:\/\/codewebbarcelona.com\/ca\/blog\/curs-fotografia-professional-instagram\/\"]}]},{\"@type\":\"ImageObject\",\"inLanguage\":\"ca\",\"@id\":\"https:\/\/codewebbarcelona.com\/ca\/blog\/curs-fotografia-professional-instagram\/#primaryimage\",\"url\":\"https:\/\/codewebbarcelona.com\/wp-content\/uploads\/2019\/03\/fotografia-profesional-para-instagram-el-curso-de-la-semana-featured.jpg\",\"contentUrl\":\"https:\/\/codewebbarcelona.com\/wp-content\/uploads\/2019\/03\/fotografia-profesional-para-instagram-el-curso-de-la-semana-featured.jpg\",\"width\":2560,\"height\":896},{\"@type\":\"WebSite\",\"@id\":\"https:\/\/codewebbarcelona.com\/ca\/#website\",\"url\":\"https:\/\/codewebbarcelona.com\/ca\/\",\"name\":\"Code Barcelona\",\"description\":\"\",\"potentialAction\":[{\"@type\":\"SearchAction\",\"target\":{\"@type\":\"EntryPoint\",\"urlTemplate\":\"https:\/\/codewebbarcelona.com\/ca\/?s={search_term_string}\"},\"query-input\":{\"@type\":\"PropertyValueSpecification\",\"valueRequired\":true,\"valueName\":\"search_term_string\"}}],\"inLanguage\":\"ca\"},{\"@type\":\"Person\",\"@id\":\"https:\/\/codewebbarcelona.com\/ca\/#\/schema\/person\/3af5f44aaf0de2919e9225aa5ca32567\",\"name\":\"cd26Bc\",\"image\":{\"@type\":\"ImageObject\",\"inLanguage\":\"ca\",\"@id\":\"https:\/\/secure.gravatar.com\/avatar\/b904e836584635855eaa0ee2922bae4fe2aa94ffb558048dcc5dac5f98f0fadc?s=96&d=mm&r=g\",\"url\":\"https:\/\/secure.gravatar.com\/avatar\/b904e836584635855eaa0ee2922bae4fe2aa94ffb558048dcc5dac5f98f0fadc?s=96&d=mm&r=g\",\"contentUrl\":\"https:\/\/secure.gravatar.com\/avatar\/b904e836584635855eaa0ee2922bae4fe2aa94ffb558048dcc5dac5f98f0fadc?s=96&d=mm&r=g\",\"caption\":\"cd26Bc\"},\"sameAs\":[\"https:\/\/codewebbarcelona.com\"]}]}<\/script>\n<!-- \/ Yoast SEO plugin. -->","yoast_head_json":{"title":"Curso Fotograf\u00eda profesional para Instagram - Code Barcelona","description":"Presentaci\u00f3n del curso para conocer las claves para convertirte en un profesional de la fotograf\u00eda para Instagram.","robots":{"index":"index","follow":"follow","max-snippet":"max-snippet:-1","max-image-preview":"max-image-preview:large","max-video-preview":"max-video-preview:-1"},"canonical":"https:\/\/codewebbarcelona.com\/ca\/blog\/curs-fotografia-professional-instagram\/","og_locale":"ca_ES","og_type":"article","og_title":"Curso Fotograf\u00eda profesional para Instagram - Code Barcelona","og_description":"Presentaci\u00f3n del curso para conocer las claves para convertirte en un profesional de la fotograf\u00eda para Instagram.","og_url":"https:\/\/codewebbarcelona.com\/ca\/blog\/curs-fotografia-professional-instagram\/","og_site_name":"Code Barcelona","article_published_time":"2019-03-08T16:31:11+00:00","article_modified_time":"2026-04-21T04:56:27+00:00","og_image":[{"width":2560,"height":896,"url":"https:\/\/codewebbarcelona.com\/wp-content\/uploads\/2019\/03\/fotografia-profesional-para-instagram-el-curso-de-la-semana-featured.jpg","type":"image\/jpeg"}],"author":"cd26Bc","twitter_card":"summary_large_image","twitter_misc":{"Escrit per":"cd26Bc","Temps estimat de lectura":"2 minuts"},"schema":{"@context":"https:\/\/schema.org","@graph":[{"@type":"Article","@id":"https:\/\/codewebbarcelona.com\/ca\/blog\/curs-fotografia-professional-instagram\/#article","isPartOf":{"@id":"https:\/\/codewebbarcelona.com\/ca\/blog\/curs-fotografia-professional-instagram\/"},"author":{"name":"cd26Bc","@id":"https:\/\/codewebbarcelona.com\/ca\/#\/schema\/person\/3af5f44aaf0de2919e9225aa5ca32567"},"headline":"Fotografia professional per a Instagram, el curs de la setmana","datePublished":"2019-03-08T16:31:11+00:00","dateModified":"2026-04-21T04:56:27+00:00","mainEntityOfPage":{"@id":"https:\/\/codewebbarcelona.com\/ca\/blog\/curs-fotografia-professional-instagram\/"},"wordCount":367,"image":{"@id":"https:\/\/codewebbarcelona.com\/ca\/blog\/curs-fotografia-professional-instagram\/#primaryimage"},"thumbnailUrl":"https:\/\/codewebbarcelona.com\/wp-content\/uploads\/2019\/03\/fotografia-profesional-para-instagram-el-curso-de-la-semana-featured.jpg","articleSection":["Inspiraci\u00f3","M\u00e0rqueting"],"inLanguage":"ca"},{"@type":"WebPage","@id":"https:\/\/codewebbarcelona.com\/ca\/blog\/curs-fotografia-professional-instagram\/","url":"https:\/\/codewebbarcelona.com\/ca\/blog\/curs-fotografia-professional-instagram\/","name":"Curso Fotograf\u00eda profesional para Instagram - Code Barcelona","isPartOf":{"@id":"https:\/\/codewebbarcelona.com\/ca\/#website"},"primaryImageOfPage":{"@id":"https:\/\/codewebbarcelona.com\/ca\/blog\/curs-fotografia-professional-instagram\/#primaryimage"},"image":{"@id":"https:\/\/codewebbarcelona.com\/ca\/blog\/curs-fotografia-professional-instagram\/#primaryimage"},"thumbnailUrl":"https:\/\/codewebbarcelona.com\/wp-content\/uploads\/2019\/03\/fotografia-profesional-para-instagram-el-curso-de-la-semana-featured.jpg","datePublished":"2019-03-08T16:31:11+00:00","dateModified":"2026-04-21T04:56:27+00:00","author":{"@id":"https:\/\/codewebbarcelona.com\/ca\/#\/schema\/person\/3af5f44aaf0de2919e9225aa5ca32567"},"description":"Presentaci\u00f3n del curso para conocer las claves para convertirte en un profesional de la fotograf\u00eda para Instagram.","inLanguage":"ca","potentialAction":[{"@type":"ReadAction","target":["https:\/\/codewebbarcelona.com\/ca\/blog\/curs-fotografia-professional-instagram\/"]}]},{"@type":"ImageObject","inLanguage":"ca","@id":"https:\/\/codewebbarcelona.com\/ca\/blog\/curs-fotografia-professional-instagram\/#primaryimage","url":"https:\/\/codewebbarcelona.com\/wp-content\/uploads\/2019\/03\/fotografia-profesional-para-instagram-el-curso-de-la-semana-featured.jpg","contentUrl":"https:\/\/codewebbarcelona.com\/wp-content\/uploads\/2019\/03\/fotografia-profesional-para-instagram-el-curso-de-la-semana-featured.jpg","width":2560,"height":896},{"@type":"WebSite","@id":"https:\/\/codewebbarcelona.com\/ca\/#website","url":"https:\/\/codewebbarcelona.com\/ca\/","name":"Code Barcelona","description":"","potentialAction":[{"@type":"SearchAction","target":{"@type":"EntryPoint","urlTemplate":"https:\/\/codewebbarcelona.com\/ca\/?s={search_term_string}"},"query-input":{"@type":"PropertyValueSpecification","valueRequired":true,"valueName":"search_term_string"}}],"inLanguage":"ca"},{"@type":"Person","@id":"https:\/\/codewebbarcelona.com\/ca\/#\/schema\/person\/3af5f44aaf0de2919e9225aa5ca32567","name":"cd26Bc","image":{"@type":"ImageObject","inLanguage":"ca","@id":"https:\/\/secure.gravatar.com\/avatar\/b904e836584635855eaa0ee2922bae4fe2aa94ffb558048dcc5dac5f98f0fadc?s=96&d=mm&r=g","url":"https:\/\/secure.gravatar.com\/avatar\/b904e836584635855eaa0ee2922bae4fe2aa94ffb558048dcc5dac5f98f0fadc?s=96&d=mm&r=g","contentUrl":"https:\/\/secure.gravatar.com\/avatar\/b904e836584635855eaa0ee2922bae4fe2aa94ffb558048dcc5dac5f98f0fadc?s=96&d=mm&r=g","caption":"cd26Bc"},"sameAs":["https:\/\/codewebbarcelona.com"]}]}},"_links":{"self":[{"href":"https:\/\/codewebbarcelona.com\/ca\/wp-json\/wp\/v2\/posts\/33601","targetHints":{"allow":["GET"]}}],"collection":[{"href":"https:\/\/codewebbarcelona.com\/ca\/wp-json\/wp\/v2\/posts"}],"about":[{"href":"https:\/\/codewebbarcelona.com\/ca\/wp-json\/wp\/v2\/types\/post"}],"author":[{"embeddable":true,"href":"https:\/\/codewebbarcelona.com\/ca\/wp-json\/wp\/v2\/users\/1"}],"replies":[{"embeddable":true,"href":"https:\/\/codewebbarcelona.com\/ca\/wp-json\/wp\/v2\/comments?post=33601"}],"version-history":[{"count":2,"href":"https:\/\/codewebbarcelona.com\/ca\/wp-json\/wp\/v2\/posts\/33601\/revisions"}],"predecessor-version":[{"id":33604,"href":"https:\/\/codewebbarcelona.com\/ca\/wp-json\/wp\/v2\/posts\/33601\/revisions\/33604"}],"wp:featuredmedia":[{"embeddable":true,"href":"https:\/\/codewebbarcelona.com\/ca\/wp-json\/wp\/v2\/media\/8500"}],"wp:attachment":[{"href":"https:\/\/codewebbarcelona.com\/ca\/wp-json\/wp\/v2\/media?parent=33601"}],"wp:term":[{"taxonomy":"category","embeddable":true,"href":"https:\/\/codewebbarcelona.com\/ca\/wp-json\/wp\/v2\/categories?post=33601"}],"curies":[{"name":"wp","href":"https:\/\/api.w.org\/{rel}","templated":true}]}}