{"id":33526,"date":"2019-05-06T09:49:33","date_gmt":"2019-05-06T09:49:33","guid":{"rendered":"https:\/\/codewebbarcelona.com\/entrevista-nuria-vila-creativa-comprometida\/"},"modified":"2026-04-21T04:52:30","modified_gmt":"2026-04-21T04:52:30","slug":"entrevista-nuria-vila-creativa-compromesa","status":"publish","type":"post","link":"https:\/\/codewebbarcelona.com\/ca\/blog\/entrevista-nuria-vila-creativa-compromesa\/","title":{"rendered":"Entrevista a N\u00faria Vila, una creativa compromesa"},"content":{"rendered":"<p>En la nostra trobada entre professionals, ens desplacem fins a Granollers per con\u00e8ixer una creativa amb una traject\u00f2ria impressionant. Us pica la curiositat?<\/p>\n<p>Descobrim la N\u00faria Vila, <strong>dissenyadora gr\u00e0fica<\/strong> i <strong>directora d\u2019art<\/strong>, especialitzada en <strong>identitat corporativa<\/strong>, <strong>edici\u00f3<\/strong>, <strong>packaging<\/strong> i <strong>comunicaci\u00f3 visual<\/strong>. Una dona molt compromesa amb la seva feina i amb el medi ambient.<\/p>\n<h2>Entrevista a N\u00faria Vila, una creativa compromesa<\/h2>\n<p>&nbsp;<\/p>\n<p><strong>Code: Com est\u00e0s, N\u00faria? Ens podries fer una mica de retrospectiva dels teus inicis en el disseny gr\u00e0fic perqu\u00e8 els nostres lectors et coneguin millor? Quan va comen\u00e7ar tot?<\/strong><\/p>\n<p><strong>N\u00faria<\/strong>: Hola! Tot va comen\u00e7ar quan vaig viure dos anys a Conca i, just abans de tornar a Barcelona, vaig anar a El Salvador a fer un documental per a una associaci\u00f3 que treballava amb infants amb discapacitat. Va ser un viatge que em va canviar. El recordar\u00e9 tota la vida i estic molt agra\u00efda per l\u2019experi\u00e8ncia. Em vaig encari\u00f1ar amb molta gent que em va obrir les portes de casa seva i de la seva vida.<\/p>\n<p>Quan vaig arribar-hi, l\u2019ambient era molt tens. La guerra era recent, vaig con\u00e8ixer moltes hist\u00f2ries dures on la realitat superava la ficci\u00f3 i jo hi era amb els meus problemes de primer m\u00f3n. En aquell moment, tot va fer un tomb.<\/p>\n<p>Quan vaig tornar a Barcelona vaig continuar treballant per a Mateo&amp;Co, on estava molt a gust i treballava a dist\u00e0ncia perqu\u00e8 l\u2019oficina era a Madrid. Vaig comen\u00e7ar un postgrau en <strong>direcci\u00f3 d\u2019art<\/strong> que era molt interessant, per\u00f2 jo necessitava pair tota l\u2019experi\u00e8ncia viscuda.<\/p>\n<p>Vaig comen\u00e7ar a sentir-me malament amb tot. Amb aquesta societat consumista, i jo en formava part perqu\u00e8 ajudava a que les marques (que sovint ni tan sols em creia) venguessin m\u00e9s i m\u00e9s. Per aix\u00f2 vaig decidir deixar la feina per veure qu\u00e8 podia fer i amb qu\u00e8 em podia sentir c\u00f2moda. Vaig decidir fer-me aut\u00f2noma i vaig comen\u00e7ar a treballar per a fam\u00edlia i amics.<\/p>\n<p>La casualitat va ser que gaireb\u00e9 tots estaven vinculats a l\u2019agricultura (ecol\u00f2gica), la sostenibilitat&#8230; i va ser llavors quan vaig comen\u00e7ar a investigar com podia fer dissenys m\u00e9s sostenibles.<\/p>\n<p><img decoding=\"async\" class=\"alignnone size-full wp-image-3318\" src=\"https:\/\/codewebbarcelona.com\/wp-content\/uploads\/2019\/05\/000_diseno_grafico_entrevista_nuria_vila_.jpg\" alt=\"000_diseno_grafico_entrevista_nuria_vila_\" width=\"1080\" height=\"538\" \/><\/p>\n<p><strong>Code: Ens ha cridat molt l\u2019atenci\u00f3 el teu comprom\u00eds amb el medi ambient i la manera com els teus projectes estan impregnats d\u2019aquesta filosofia. Qu\u00e8 ens pots explicar sobre aquesta decisi\u00f3?<\/strong><\/p>\n<p><strong>N\u00faria:\u00a0<\/strong>Com explicava abans, en deixar la feina i comen\u00e7ar pel meu compte, vaig comen\u00e7ar a treballar per a l\u2019entorn m\u00e9s proper i tot estava relacionat amb la sostenibilitat i l\u2019agricultura ecol\u00f2gica.<\/p>\n<p>Als br\u00edfings sempre em deien que volien transmetre una imatge ecol\u00f2gica. Per aix\u00f2 vaig comen\u00e7ar a buscar la manera de fer-ho, no nom\u00e9s utilitzant paper kraft, color verd o dibuixant fulles, sin\u00f3 aconseguint que la pe\u00e7a que dissenyava fos realment m\u00e9s sostenible. Vaig investigar sobre materials i em vaig formar en el tema.<\/p>\n<p><img decoding=\"async\" class=\"alignnone size-full wp-image-3320\" src=\"https:\/\/codewebbarcelona.com\/wp-content\/uploads\/2019\/05\/006_diseno_grafico_entrevista_nuria_vila_.jpg\" alt=\"006_diseno_grafico_entrevista_nuria_vila_\" width=\"1080\" height=\"538\" \/> <img decoding=\"async\" class=\"alignnone size-full wp-image-3319\" src=\"https:\/\/codewebbarcelona.com\/wp-content\/uploads\/2019\/05\/001_diseno_grafico_entrevista_nuria_vila_.jpg\" alt=\"001_diseno_grafico_entrevista_nuria_vila_\" width=\"1080\" height=\"538\" \/><\/p>\n<p><strong>Code: Ens ha agradat molt el projecte de L&#8217;Encant. Ens pots explicar una mica el proc\u00e9s d\u2019inspiraci\u00f3?<\/strong><\/p>\n<p><strong>N\u00faria:\u00a0<\/strong>L\u2019Encant era un bar\/restaurant que fusionava cuina catalana i japonesa. Per aix\u00f2 vaig buscar el nexe com\u00fa. En aquest cas, el nom utilitza un ap\u00f2strof. Era el pal. Per als japonesos, els bastonets per menjar; per a nosaltres, el palet de les broquetes o els aperitius. A partir d\u2019aqu\u00ed vam jugar amb un sistema gr\u00e0fic que barrejava el pal amb formes geom\u00e8triques. Un altre element en com\u00fa era el ventall. Per aix\u00f2 la carta t\u00e9 forma de ventall. Es pot desmuntar f\u00e0cilment per canviar alguna de les p\u00e0gines del men\u00fa amb els preus. Com que era un local que es centrava sobretot en la terrassa (a l\u2019exterior), vaig utilitzar paper pedra.<\/p>\n<p><img decoding=\"async\" class=\"alignnone size-full wp-image-3321\" src=\"https:\/\/codewebbarcelona.com\/wp-content\/uploads\/2019\/05\/002_diseno_grafico_entrevista_nuria_vila_.jpg\" alt=\"002_diseno_grafico_entrevista_nuria_vila_\" width=\"1080\" height=\"1080\" \/> <img decoding=\"async\" class=\"alignnone size-full wp-image-3322\" src=\"https:\/\/codewebbarcelona.com\/wp-content\/uploads\/2019\/05\/003_diseno_grafico_entrevista_nuria_vila_.jpg\" alt=\"003_diseno_grafico_entrevista_nuria_vila_\" width=\"1080\" height=\"1080\" \/><\/p>\n<p><strong>Code: I pel que fa als materials utilitzats?<\/strong><\/p>\n<p><strong>N\u00faria:<\/strong> El paper pedra \u00e9s un material certificat \u201ccradle to cradle\u201d (de la cuna a la cuna) que no utilitza cel\u00b7lulosa ni aigua. Est\u00e0 fet a partir de pedres (de runes) i un aglomerant. Aix\u00f2 fa que sigui molt resistent, es pot mullar, netejar i costa molt de trencar. Molt millor que utilitzar paper plastificat (quan plastifiques ja no es pot reciclar).<br \/>\nLes cobertes eren de fusta gravada.<\/p>\n<p><strong>Code: El resultat \u00e9s espectacular. T\u2019agradaria destacar alguna cosa en concret del projecte?<\/strong><\/p>\n<p><strong>N\u00faria:<\/strong> \u00c9s un projecte que vaig fer el 2011 i, a dia d\u2019avui, encara rebo correus d\u2019arreu del m\u00f3n preguntant per ell.<\/p>\n<p><strong>Code: Abans d\u2019acabar, una bateria de tres preguntes que sempre fem als companys de professi\u00f3.<\/strong><\/p>\n<p><strong>Code: Qu\u00e8 \u00e9s el millor de ser dissenyadora?<\/strong><\/p>\n<p><strong>N\u00faria:<\/strong> Que \u00e9s una feina gens rutin\u00e0ria. Cada projecte \u00e9s diferent i t\u2019obliga a buscar solucions noves.<\/p>\n<p>Sempre est\u00e0s aprenent coses diferents.<\/p>\n<p><strong>Code: I el pitjor?<\/strong><\/p>\n<p><strong>N\u00faria:<\/strong> El pitjor de ser aut\u00f2noma \u00e9s la inestabilitat econ\u00f2mica. Ho fas tot tu, aix\u00ed que ara mateix estic intentant que els pressupostos i les factures m\u2019agradin tant com dissenyar, per\u00f2 encara em sembla el pitjor!! jejej<\/p>\n<p><strong>Code: Com veus el panorama del sector?<\/strong><\/p>\n<p><strong>N\u00faria:<\/strong> Crec que hi ha molt bons <strong>dissenyadors i estudis<\/strong>, per\u00f2 tamb\u00e9 penso que el client cada cop est\u00e0 m\u00e9s sensibilitzat i confia m\u00e9s en el <strong>dissenyador<\/strong>.<\/p>\n<p>La clau est\u00e0 en la relaci\u00f3 amb el client. Encara queda molt cam\u00ed per rec\u00f3rrer, per\u00f2 anem pel bon cam\u00ed.<\/p>\n<p>Pel que fa a la reducci\u00f3 de l\u2019impacte ambiental, aqu\u00ed encara estem for\u00e7a endarrerits. Cal que les empreses apostin per minimitzar l\u2019impacte que generen i els <strong>dissenyadors<\/strong> hem d\u2019ajudar-hi. Falta formaci\u00f3 i consci\u00e8ncia. Cada cop n\u2019hi ha m\u00e9s, per\u00f2 el temps se\u2019ns acaba, aix\u00ed que crec que hem de buscar i aplicar solucions ja, perqu\u00e8 nom\u00e9s tenim un planeta i ens l\u2019estem carregant.<\/p>\n<p><img decoding=\"async\" class=\"alignnone size-full wp-image-3323\" src=\"https:\/\/codewebbarcelona.com\/wp-content\/uploads\/2019\/05\/004_diseno_grafico_entrevista_nuria_vila_.jpg\" alt=\"004_diseno_grafico_entrevista_nuria_vila_\" width=\"1080\" height=\"1080\" \/> <img decoding=\"async\" class=\"alignnone size-full wp-image-3324\" src=\"https:\/\/codewebbarcelona.com\/wp-content\/uploads\/2019\/05\/005_diseno_grafico_entrevista_nuria_vila_.jpg\" alt=\"005_diseno_grafico_entrevista_nuria_vila_\" width=\"1080\" height=\"1080\" \/><\/p>\n<p><b>Code: Tanquem aquesta aproximaci\u00f3 a la N\u00faria desitjant-li molts \u00e8xits professionals i convidant tots els nostres lectors a descobrir-la m\u00e9s a fons a trav\u00e9s de la seva pres\u00e8ncia online.<\/b><\/p>\n<p><a href=\"http:\/\/www.nuriavila.net\" target=\"_blank\" rel=\"noopener\">www.nuriavila.net<\/a><br \/>\n<a href=\"https:\/\/www.instagram.com\/nu_vila\/\" target=\"_blank\" rel=\"noopener\">www.instagram.com\/nu_vila<\/a><br \/>\n<a href=\"http:\/\/www.nuriavila.net\/es\/http-www-nuriavila-net-es-proyectos\/lencant\" target=\"_blank\" rel=\"noopener\">Projecte L&#8217;Encant<\/a><\/p>\n<p><a href=\"https:\/\/codewebbarcelona.com\/blog\/entrevista-a-ivan-castro-artista-del-lettering-con-todas-las-letras\/\" target=\"_blank\" rel=\"noopener\">Tamb\u00e9 et pot interessar l\u2019entrevista que vam fer a&#8230; (faig girar la ruleta!)<\/a><\/p>\n<p>&nbsp;<\/p>\n","protected":false},"excerpt":{"rendered":"<p>En la nostra trobada entre professionals, ens desplacem fins a Granollers per con\u00e8ixer una creativa amb una traject\u00f2ria impressionant. Us pica la curiositat? Descobrim la N\u00faria Vila, dissenyadora gr\u00e0fica i directora d\u2019art, especialitzada en identitat corporativa, edici\u00f3, packaging i comunicaci\u00f3 visual. Una dona molt compromesa amb la seva feina i amb el medi ambient. Entrevista [&hellip;]<\/p>\n","protected":false},"author":1,"featured_media":12924,"comment_status":"closed","ping_status":"closed","sticky":false,"template":"","format":"standard","meta":{"_acf_changed":false,"footnotes":""},"categories":[210,212,134],"class_list":["post-33526","post","type-post","status-publish","format-standard","has-post-thumbnail","hentry","category-inspiracio","category-altres","category-disseny-grafic"],"acf":[],"yoast_head":"<!-- This site is optimized with the Yoast SEO plugin v27.2 - https:\/\/yoast.com\/product\/yoast-seo-wordpress\/ -->\n<title>Entrevista a N\u00faria Vila, una creativa comprometida - Code Barcelona<\/title>\n<meta name=\"robots\" content=\"index, follow, max-snippet:-1, max-image-preview:large, max-video-preview:-1\" \/>\n<link rel=\"canonical\" href=\"https:\/\/codewebbarcelona.com\/ca\/blog\/entrevista-nuria-vila-creativa-compromesa\/\" \/>\n<meta property=\"og:locale\" content=\"ca_ES\" \/>\n<meta property=\"og:type\" content=\"article\" \/>\n<meta property=\"og:title\" content=\"Entrevista a N\u00faria Vila, una creativa comprometida - Code Barcelona\" \/>\n<meta property=\"og:description\" content=\"En la nostra trobada entre professionals, ens desplacem fins a Granollers per con\u00e8ixer una creativa amb una traject\u00f2ria impressionant. Us pica la curiositat? Descobrim la N\u00faria Vila, dissenyadora gr\u00e0fica i directora d\u2019art, especialitzada en identitat corporativa, edici\u00f3, packaging i comunicaci\u00f3 visual. Una dona molt compromesa amb la seva feina i amb el medi ambient. Entrevista [&hellip;]\" \/>\n<meta property=\"og:url\" content=\"https:\/\/codewebbarcelona.com\/ca\/blog\/entrevista-nuria-vila-creativa-compromesa\/\" \/>\n<meta property=\"og:site_name\" content=\"Code Barcelona\" \/>\n<meta property=\"article:published_time\" content=\"2019-05-06T09:49:33+00:00\" \/>\n<meta property=\"article:modified_time\" content=\"2026-04-21T04:52:30+00:00\" \/>\n<meta property=\"og:image\" content=\"https:\/\/codewebbarcelona.com\/wp-content\/uploads\/2019\/05\/entrevista-a-nuria-vila-una-creativa-comprometida-featured.jpg\" \/>\n\t<meta property=\"og:image:width\" content=\"1904\" \/>\n\t<meta property=\"og:image:height\" content=\"704\" \/>\n\t<meta property=\"og:image:type\" content=\"image\/jpeg\" \/>\n<meta name=\"author\" content=\"cd26Bc\" \/>\n<meta name=\"twitter:card\" content=\"summary_large_image\" \/>\n<meta name=\"twitter:label1\" content=\"Escrit per\" \/>\n\t<meta name=\"twitter:data1\" content=\"cd26Bc\" \/>\n\t<meta name=\"twitter:label2\" content=\"Temps estimat de lectura\" \/>\n\t<meta name=\"twitter:data2\" content=\"5 minuts\" \/>\n<script type=\"application\/ld+json\" class=\"yoast-schema-graph\">{\"@context\":\"https:\/\/schema.org\",\"@graph\":[{\"@type\":\"Article\",\"@id\":\"https:\/\/codewebbarcelona.com\/ca\/blog\/entrevista-nuria-vila-creativa-compromesa\/#article\",\"isPartOf\":{\"@id\":\"https:\/\/codewebbarcelona.com\/ca\/blog\/entrevista-nuria-vila-creativa-compromesa\/\"},\"author\":{\"name\":\"cd26Bc\",\"@id\":\"https:\/\/codewebbarcelona.com\/ca\/#\/schema\/person\/3af5f44aaf0de2919e9225aa5ca32567\"},\"headline\":\"Entrevista a N\u00faria Vila, una creativa compromesa\",\"datePublished\":\"2019-05-06T09:49:33+00:00\",\"dateModified\":\"2026-04-21T04:52:30+00:00\",\"mainEntityOfPage\":{\"@id\":\"https:\/\/codewebbarcelona.com\/ca\/blog\/entrevista-nuria-vila-creativa-compromesa\/\"},\"wordCount\":1070,\"image\":{\"@id\":\"https:\/\/codewebbarcelona.com\/ca\/blog\/entrevista-nuria-vila-creativa-compromesa\/#primaryimage\"},\"thumbnailUrl\":\"https:\/\/codewebbarcelona.com\/wp-content\/uploads\/2019\/05\/entrevista-a-nuria-vila-una-creativa-comprometida-featured.jpg\",\"articleSection\":[\"Inspiraci\u00f3\",\"Altres\",\"Dise\u00f1o gr\u00e1fico\"],\"inLanguage\":\"ca\"},{\"@type\":\"WebPage\",\"@id\":\"https:\/\/codewebbarcelona.com\/ca\/blog\/entrevista-nuria-vila-creativa-compromesa\/\",\"url\":\"https:\/\/codewebbarcelona.com\/ca\/blog\/entrevista-nuria-vila-creativa-compromesa\/\",\"name\":\"Entrevista a N\u00faria Vila, una creativa comprometida - Code Barcelona\",\"isPartOf\":{\"@id\":\"https:\/\/codewebbarcelona.com\/ca\/#website\"},\"primaryImageOfPage\":{\"@id\":\"https:\/\/codewebbarcelona.com\/ca\/blog\/entrevista-nuria-vila-creativa-compromesa\/#primaryimage\"},\"image\":{\"@id\":\"https:\/\/codewebbarcelona.com\/ca\/blog\/entrevista-nuria-vila-creativa-compromesa\/#primaryimage\"},\"thumbnailUrl\":\"https:\/\/codewebbarcelona.com\/wp-content\/uploads\/2019\/05\/entrevista-a-nuria-vila-una-creativa-comprometida-featured.jpg\",\"datePublished\":\"2019-05-06T09:49:33+00:00\",\"dateModified\":\"2026-04-21T04:52:30+00:00\",\"author\":{\"@id\":\"https:\/\/codewebbarcelona.com\/ca\/#\/schema\/person\/3af5f44aaf0de2919e9225aa5ca32567\"},\"inLanguage\":\"ca\",\"potentialAction\":[{\"@type\":\"ReadAction\",\"target\":[\"https:\/\/codewebbarcelona.com\/ca\/blog\/entrevista-nuria-vila-creativa-compromesa\/\"]}]},{\"@type\":\"ImageObject\",\"inLanguage\":\"ca\",\"@id\":\"https:\/\/codewebbarcelona.com\/ca\/blog\/entrevista-nuria-vila-creativa-compromesa\/#primaryimage\",\"url\":\"https:\/\/codewebbarcelona.com\/wp-content\/uploads\/2019\/05\/entrevista-a-nuria-vila-una-creativa-comprometida-featured.jpg\",\"contentUrl\":\"https:\/\/codewebbarcelona.com\/wp-content\/uploads\/2019\/05\/entrevista-a-nuria-vila-una-creativa-comprometida-featured.jpg\",\"width\":1904,\"height\":704},{\"@type\":\"WebSite\",\"@id\":\"https:\/\/codewebbarcelona.com\/ca\/#website\",\"url\":\"https:\/\/codewebbarcelona.com\/ca\/\",\"name\":\"Code Barcelona\",\"description\":\"\",\"potentialAction\":[{\"@type\":\"SearchAction\",\"target\":{\"@type\":\"EntryPoint\",\"urlTemplate\":\"https:\/\/codewebbarcelona.com\/ca\/?s={search_term_string}\"},\"query-input\":{\"@type\":\"PropertyValueSpecification\",\"valueRequired\":true,\"valueName\":\"search_term_string\"}}],\"inLanguage\":\"ca\"},{\"@type\":\"Person\",\"@id\":\"https:\/\/codewebbarcelona.com\/ca\/#\/schema\/person\/3af5f44aaf0de2919e9225aa5ca32567\",\"name\":\"cd26Bc\",\"image\":{\"@type\":\"ImageObject\",\"inLanguage\":\"ca\",\"@id\":\"https:\/\/secure.gravatar.com\/avatar\/b904e836584635855eaa0ee2922bae4fe2aa94ffb558048dcc5dac5f98f0fadc?s=96&d=mm&r=g\",\"url\":\"https:\/\/secure.gravatar.com\/avatar\/b904e836584635855eaa0ee2922bae4fe2aa94ffb558048dcc5dac5f98f0fadc?s=96&d=mm&r=g\",\"contentUrl\":\"https:\/\/secure.gravatar.com\/avatar\/b904e836584635855eaa0ee2922bae4fe2aa94ffb558048dcc5dac5f98f0fadc?s=96&d=mm&r=g\",\"caption\":\"cd26Bc\"},\"sameAs\":[\"https:\/\/codewebbarcelona.com\"]}]}<\/script>\n<!-- \/ Yoast SEO plugin. -->","yoast_head_json":{"title":"Entrevista a N\u00faria Vila, una creativa comprometida - Code Barcelona","robots":{"index":"index","follow":"follow","max-snippet":"max-snippet:-1","max-image-preview":"max-image-preview:large","max-video-preview":"max-video-preview:-1"},"canonical":"https:\/\/codewebbarcelona.com\/ca\/blog\/entrevista-nuria-vila-creativa-compromesa\/","og_locale":"ca_ES","og_type":"article","og_title":"Entrevista a N\u00faria Vila, una creativa comprometida - Code Barcelona","og_description":"En la nostra trobada entre professionals, ens desplacem fins a Granollers per con\u00e8ixer una creativa amb una traject\u00f2ria impressionant. Us pica la curiositat? Descobrim la N\u00faria Vila, dissenyadora gr\u00e0fica i directora d\u2019art, especialitzada en identitat corporativa, edici\u00f3, packaging i comunicaci\u00f3 visual. Una dona molt compromesa amb la seva feina i amb el medi ambient. Entrevista [&hellip;]","og_url":"https:\/\/codewebbarcelona.com\/ca\/blog\/entrevista-nuria-vila-creativa-compromesa\/","og_site_name":"Code Barcelona","article_published_time":"2019-05-06T09:49:33+00:00","article_modified_time":"2026-04-21T04:52:30+00:00","og_image":[{"width":1904,"height":704,"url":"https:\/\/codewebbarcelona.com\/wp-content\/uploads\/2019\/05\/entrevista-a-nuria-vila-una-creativa-comprometida-featured.jpg","type":"image\/jpeg"}],"author":"cd26Bc","twitter_card":"summary_large_image","twitter_misc":{"Escrit per":"cd26Bc","Temps estimat de lectura":"5 minuts"},"schema":{"@context":"https:\/\/schema.org","@graph":[{"@type":"Article","@id":"https:\/\/codewebbarcelona.com\/ca\/blog\/entrevista-nuria-vila-creativa-compromesa\/#article","isPartOf":{"@id":"https:\/\/codewebbarcelona.com\/ca\/blog\/entrevista-nuria-vila-creativa-compromesa\/"},"author":{"name":"cd26Bc","@id":"https:\/\/codewebbarcelona.com\/ca\/#\/schema\/person\/3af5f44aaf0de2919e9225aa5ca32567"},"headline":"Entrevista a N\u00faria Vila, una creativa compromesa","datePublished":"2019-05-06T09:49:33+00:00","dateModified":"2026-04-21T04:52:30+00:00","mainEntityOfPage":{"@id":"https:\/\/codewebbarcelona.com\/ca\/blog\/entrevista-nuria-vila-creativa-compromesa\/"},"wordCount":1070,"image":{"@id":"https:\/\/codewebbarcelona.com\/ca\/blog\/entrevista-nuria-vila-creativa-compromesa\/#primaryimage"},"thumbnailUrl":"https:\/\/codewebbarcelona.com\/wp-content\/uploads\/2019\/05\/entrevista-a-nuria-vila-una-creativa-comprometida-featured.jpg","articleSection":["Inspiraci\u00f3","Altres","Dise\u00f1o gr\u00e1fico"],"inLanguage":"ca"},{"@type":"WebPage","@id":"https:\/\/codewebbarcelona.com\/ca\/blog\/entrevista-nuria-vila-creativa-compromesa\/","url":"https:\/\/codewebbarcelona.com\/ca\/blog\/entrevista-nuria-vila-creativa-compromesa\/","name":"Entrevista a N\u00faria Vila, una creativa comprometida - Code Barcelona","isPartOf":{"@id":"https:\/\/codewebbarcelona.com\/ca\/#website"},"primaryImageOfPage":{"@id":"https:\/\/codewebbarcelona.com\/ca\/blog\/entrevista-nuria-vila-creativa-compromesa\/#primaryimage"},"image":{"@id":"https:\/\/codewebbarcelona.com\/ca\/blog\/entrevista-nuria-vila-creativa-compromesa\/#primaryimage"},"thumbnailUrl":"https:\/\/codewebbarcelona.com\/wp-content\/uploads\/2019\/05\/entrevista-a-nuria-vila-una-creativa-comprometida-featured.jpg","datePublished":"2019-05-06T09:49:33+00:00","dateModified":"2026-04-21T04:52:30+00:00","author":{"@id":"https:\/\/codewebbarcelona.com\/ca\/#\/schema\/person\/3af5f44aaf0de2919e9225aa5ca32567"},"inLanguage":"ca","potentialAction":[{"@type":"ReadAction","target":["https:\/\/codewebbarcelona.com\/ca\/blog\/entrevista-nuria-vila-creativa-compromesa\/"]}]},{"@type":"ImageObject","inLanguage":"ca","@id":"https:\/\/codewebbarcelona.com\/ca\/blog\/entrevista-nuria-vila-creativa-compromesa\/#primaryimage","url":"https:\/\/codewebbarcelona.com\/wp-content\/uploads\/2019\/05\/entrevista-a-nuria-vila-una-creativa-comprometida-featured.jpg","contentUrl":"https:\/\/codewebbarcelona.com\/wp-content\/uploads\/2019\/05\/entrevista-a-nuria-vila-una-creativa-comprometida-featured.jpg","width":1904,"height":704},{"@type":"WebSite","@id":"https:\/\/codewebbarcelona.com\/ca\/#website","url":"https:\/\/codewebbarcelona.com\/ca\/","name":"Code Barcelona","description":"","potentialAction":[{"@type":"SearchAction","target":{"@type":"EntryPoint","urlTemplate":"https:\/\/codewebbarcelona.com\/ca\/?s={search_term_string}"},"query-input":{"@type":"PropertyValueSpecification","valueRequired":true,"valueName":"search_term_string"}}],"inLanguage":"ca"},{"@type":"Person","@id":"https:\/\/codewebbarcelona.com\/ca\/#\/schema\/person\/3af5f44aaf0de2919e9225aa5ca32567","name":"cd26Bc","image":{"@type":"ImageObject","inLanguage":"ca","@id":"https:\/\/secure.gravatar.com\/avatar\/b904e836584635855eaa0ee2922bae4fe2aa94ffb558048dcc5dac5f98f0fadc?s=96&d=mm&r=g","url":"https:\/\/secure.gravatar.com\/avatar\/b904e836584635855eaa0ee2922bae4fe2aa94ffb558048dcc5dac5f98f0fadc?s=96&d=mm&r=g","contentUrl":"https:\/\/secure.gravatar.com\/avatar\/b904e836584635855eaa0ee2922bae4fe2aa94ffb558048dcc5dac5f98f0fadc?s=96&d=mm&r=g","caption":"cd26Bc"},"sameAs":["https:\/\/codewebbarcelona.com"]}]}},"_links":{"self":[{"href":"https:\/\/codewebbarcelona.com\/ca\/wp-json\/wp\/v2\/posts\/33526","targetHints":{"allow":["GET"]}}],"collection":[{"href":"https:\/\/codewebbarcelona.com\/ca\/wp-json\/wp\/v2\/posts"}],"about":[{"href":"https:\/\/codewebbarcelona.com\/ca\/wp-json\/wp\/v2\/types\/post"}],"author":[{"embeddable":true,"href":"https:\/\/codewebbarcelona.com\/ca\/wp-json\/wp\/v2\/users\/1"}],"replies":[{"embeddable":true,"href":"https:\/\/codewebbarcelona.com\/ca\/wp-json\/wp\/v2\/comments?post=33526"}],"version-history":[{"count":2,"href":"https:\/\/codewebbarcelona.com\/ca\/wp-json\/wp\/v2\/posts\/33526\/revisions"}],"predecessor-version":[{"id":33536,"href":"https:\/\/codewebbarcelona.com\/ca\/wp-json\/wp\/v2\/posts\/33526\/revisions\/33536"}],"wp:featuredmedia":[{"embeddable":true,"href":"https:\/\/codewebbarcelona.com\/ca\/wp-json\/wp\/v2\/media\/12924"}],"wp:attachment":[{"href":"https:\/\/codewebbarcelona.com\/ca\/wp-json\/wp\/v2\/media?parent=33526"}],"wp:term":[{"taxonomy":"category","embeddable":true,"href":"https:\/\/codewebbarcelona.com\/ca\/wp-json\/wp\/v2\/categories?post=33526"}],"curies":[{"name":"wp","href":"https:\/\/api.w.org\/{rel}","templated":true}]}}