{"id":33484,"date":"2019-04-26T15:23:24","date_gmt":"2019-04-26T15:23:24","guid":{"rendered":"https:\/\/codewebbarcelona.com\/entrevista-ely-ely-ilustra-explosion-creativa\/"},"modified":"2026-04-21T04:50:18","modified_gmt":"2026-04-21T04:50:18","slug":"entrevista-ely-ely-ilustra-explosio-creativa","status":"publish","type":"post","link":"https:\/\/codewebbarcelona.com\/ca\/blog\/entrevista-ely-ely-ilustra-explosio-creativa\/","title":{"rendered":"Entrevista a Ely Ely Ilustra, explosi\u00f3 creativa"},"content":{"rendered":"<p>Agafem l\u2019avi\u00f3 i creuem l\u2019Atl\u00e0ntic direcci\u00f3 M\u00e8xic per trobar-nos amb la Melissa, m\u00e9s coneguda com Ely Ely Ilustra, una artista de la il\u00b7lustraci\u00f3 que no deixa ning\u00fa indiferent amb les seves creacions.<\/p>\n<p>Ely Ely Ilustra \u00e9s <strong>dissenyadora gr\u00e0fica<\/strong>, <strong>creadora de branding<\/strong> i, sobretot, una <strong>il\u00b7lustradora<\/strong> excepcional. Descobrim qu\u00e8 ens explica des de la CDMX.<\/p>\n<h3>Entrevista a Ely Ely Ilustra, explosi\u00f3 creativa<\/h3>\n<p>&nbsp;<\/p>\n<p><b>Code: \u00c9s un plaer poder conversar amb tu uns minuts. El teu portfoli m\u2019ha impressionat molt i m\u2019agradaria comen\u00e7ar pel principi: parla\u2019ns una mica de tu, dels teus inicis. Explica\u2019m, on i com va comen\u00e7ar tot?<\/b><\/p>\n<p><strong>Ely Ely Ilustra:<\/strong> Com molts <strong>il\u00b7lustradors<\/strong> i <strong>il\u00b7lustradores<\/strong>, dibuixo des de petita, aix\u00ed que era bastant evident que acabaria triant una carrera creativa. Vaig estudiar <strong>Disseny Gr\u00e0fic<\/strong> i, gaireb\u00e9 acabant la universitat, vaig tenir l\u2019oportunitat d\u2019anar a estudiar a Vi\u00f1a del Mar, Xile. All\u00e0 vaig descobrir la seva ciutat germana, Valpara\u00edso, un lloc incre\u00efble constru\u00eft entre turons, amb un port i cases de colors vius. \u00c9s una ciutat on l\u2019art i el disseny s\u00f3n a tot arreu: escales i murs plens de murals gegants i poesia, manifestacions art\u00edstiques sorprenents a cada rac\u00f3. Aquella experi\u00e8ncia em va fer un clic i vaig decidir que la meva passi\u00f3 i habilitat pel dibuix esdevindrien la meva professi\u00f3, i que algun dia seria <strong>il\u00b7lustradora al 100%<\/strong>. Uns anys despr\u00e9s vaig tornar a M\u00e8xic, vaig treballar en un parell d\u2019ag\u00e8ncies i, paral\u00b7lelament, feia projectes d\u2019il\u00b7lustraci\u00f3 com a freelance. Fins que vaig decidir fer el salt i ara s\u00f3c il\u00b7lustradora independent a temps complet.<\/p>\n<p>Col\u00b7laboro amb moltes ag\u00e8ncies de publicitat i desenvolupo <strong>il\u00b7lustraci\u00f3 digital<\/strong>, editorial i de gran format per a marques nacionals i internacionals. \ud83d\ude42<\/p>\n<p><img decoding=\"async\" class=\"alignnone size-full wp-image-3299\" src=\"https:\/\/codewebbarcelona.com\/wp-content\/uploads\/2019\/04\/diseno_grafico_entrevista_elyelyilustra_02.jpg\" alt=\"diseno_grafico_entrevista_elyelyilustra_02\" width=\"1080\" height=\"538\" \/><\/p>\n<p><b>Code: Em crida molt l\u2019atenci\u00f3 l\u2019\u00fas del color i l\u2019estil tan personal de les teves il\u00b7lustracions. Qu\u00e8 ens pots explicar sobre el teu proc\u00e9s creatiu? Com definiries el teu estil?<\/b><\/p>\n<p><strong>Ely Ely Ilustra:<\/strong> Quan treballo per a un client, sempre segueixo el brief i faig una recerca pr\u00e8via per ampliar la meva biblioteca visual interna. Per\u00f2 quan il\u00b7lustro per a mi, em deixo portar per alguna cosa que he vist, una foto o una imatge que m\u2019ha vingut al cap. De vegades, una idea es transforma directament en imatge. Faig diversos esbossos i despr\u00e9s passo a la part digital.<\/p>\n<p><strong>Code: Veig que la figura femenina apareix sovint a les teves obres. A qu\u00e8 creus que es deu?<\/strong><\/p>\n<p><strong>Ely Ely Ilustra:<\/strong> Un cop vaig llegir que dibuixem all\u00f2 que m\u00e9s coneixem. No \u00e9s casualitat que molts il\u00b7lustradors, quan creen personatges, aquests s\u2019assemblin f\u00edsicament a ells mateixos. En el meu cas, com a dona, conec b\u00e9 aquesta realitat i m\u2019agrada parlar, a trav\u00e9s de les meves il\u00b7lustracions, de dones que se senten c\u00f2modes amb el seu cos i el seu entorn. M\u2019agrada mostrar dones fortes, que gaudeixen del moment i de la vida.<\/p>\n<p><img decoding=\"async\" class=\"alignnone size-full wp-image-3300\" src=\"https:\/\/codewebbarcelona.com\/wp-content\/uploads\/2019\/04\/diseno_grafico_entrevista_elyelyilustra_03.jpg\" alt=\"diseno_grafico_entrevista_elyelyilustra_03\" width=\"1080\" height=\"538\" \/><\/p>\n<p><strong>Code: I qu\u00e8 em dius de l\u2019\u00fas del color? \u00c9s una part molt important de les teves il\u00b7lustracions, salta a la vista, per\u00f2 fins a quin punt i de quina manera?<\/strong><\/p>\n<p><strong>Ely Ely Ilustra:<\/strong> Viure a M\u00e8xic \u00e9s viure envoltada de colors vius i textures, i d\u2019aqu\u00ed ve gran part de la meva inspiraci\u00f3 i estil. M\u2019agrada agafar com a refer\u00e8ncia l\u2019est\u00e8tica folkl\u00f2rica mexicana, i aix\u00f2 es reflecteix en la manera com interpreto i creo les meves <strong>il\u00b7lustracions<\/strong>.<\/p>\n<p><strong>Code: I per acabar, les tres preguntes m\u00e0giques que fem a tots els nostres convidats:<\/strong><\/p>\n<p><strong>Code: El millor de ser creatiu?<\/strong><\/p>\n<p><strong>Ely Ely Ilustra:<\/strong> La capacitat d\u2019interpretar el m\u00f3n des d\u2019una altra perspectiva i amb molta imaginaci\u00f3, la llibertat de pensament, la flexibilitat hor\u00e0ria si ets freelance, la varietat de projectes i d\u2019experi\u00e8ncies que pots viure.<\/p>\n<p><img decoding=\"async\" class=\"alignnone size-full wp-image-3301\" src=\"https:\/\/codewebbarcelona.com\/wp-content\/uploads\/2019\/04\/diseno_grafico_entrevista_elyelyilustra_01.jpg\" alt=\"diseno_grafico_entrevista_elyelyilustra_01\" width=\"1080\" height=\"538\" \/><\/p>\n<p><strong>Code: El pitjor de ser creatiu?<\/strong><\/p>\n<p><strong>Ely Ely Ilustra:<\/strong> En el meu cas, el meu gran \u201cenemic\u201d sempre ha estat el perfeccionisme. Tot i que m\u2019ha ajudat a millorar i a pujar el nivell i la qualitat dels meus projectes, tamb\u00e9 m\u2019ha generat molta pressi\u00f3. He hagut d\u2019aprendre a gestionar-ho d\u2019una altra manera, conviure-hi i ser m\u00e9s amable amb mi mateixa.<\/p>\n<p>Un altre inconvenient del m\u00f3n creatiu \u00e9s que sovint nom\u00e9s volem dibuixar i no hem apr\u00e8s o no ens hem centrat en temes administratius o de gesti\u00f3, que s\u00f3n fonamentals tant si ets independent com si treballes com a freelance de tant en tant.<\/p>\n<p><strong>Code: Com veus el panorama del sector?<\/strong><\/p>\n<p><strong>Ely Ely Ilustra:<\/strong> Crec que la <strong>il\u00b7lustraci\u00f3<\/strong> sempre ha tingut un paper important. Forma part de la publicitat i l\u2019edici\u00f3, per citar nom\u00e9s dos \u00e0mbits, i est\u00e0 m\u00e9s viva que mai. Hi ha molt\u00edssims <strong>il\u00b7lustradors<\/strong> i <strong>il\u00b7lustradores<\/strong> arreu del m\u00f3n amb talents incre\u00efbles i molt diversos. \u00c9s realment inspirador.<\/p>\n<p><img decoding=\"async\" class=\"alignnone size-full wp-image-3302\" src=\"https:\/\/codewebbarcelona.com\/wp-content\/uploads\/2019\/04\/diseno_grafico_entrevista_elyelyilustra_05.jpg\" alt=\"diseno_grafico_entrevista_elyelyilustra_05\" width=\"1080\" height=\"538\" \/><\/p>\n<p><strong>Code: En qu\u00e8 est\u00e0s treballant ara mateix? Tens nous projectes?<\/strong><\/p>\n<p><strong>Ely Ely Ilustra:<\/strong> Ara mateix estic treballant en unes il\u00b7lustracions per a la comunicaci\u00f3 interna de Nike i tamb\u00e9 en alguns projectes personals.<\/p>\n<p><strong>Code: Donem per tancada aquesta entrevista donant-te la meva m\u00e9s sincera enhorabona per la teva feina. Et seguirem de prop, ets una font d\u2019inspiraci\u00f3.<\/strong><\/p>\n<p><a href=\"https:\/\/www.instagram.com\/elyelyilustra\/\" target=\"_blank\" rel=\"noopener\">www.instagram.com\/elyelyilustra<\/a><br \/>\n<a href=\"https:\/\/twitter.com\/elyelyilustra\" target=\"_blank\" rel=\"noopener\">twitter.com\/elyelyilustra<\/a><br \/>\n<a href=\"https:\/\/www.facebook.com\/ElyElyIlustra\/?ref=bookmarks\" target=\"_blank\" rel=\"noopener\">www.facebook.com\/ElyElyIlustra<\/a><\/p>\n<p><a href=\"https:\/\/codewebbarcelona.com\/blog\/entrevista-a-carles-sala-bulldog-studio\/\" target=\"_blank\" rel=\"noopener\">Tamb\u00e9 et pot interessar l\u2019entrevista que vam fer a&#8230;..(que em llegeixin el futur!)<\/a><\/p>\n","protected":false},"excerpt":{"rendered":"<p>Agafem l\u2019avi\u00f3 i creuem l\u2019Atl\u00e0ntic direcci\u00f3 M\u00e8xic per trobar-nos amb la Melissa, m\u00e9s coneguda com Ely Ely Ilustra, una artista de la il\u00b7lustraci\u00f3 que no deixa ning\u00fa indiferent amb les seves creacions. Ely Ely Ilustra \u00e9s dissenyadora gr\u00e0fica, creadora de branding i, sobretot, una il\u00b7lustradora excepcional. Descobrim qu\u00e8 ens explica des de la CDMX. Entrevista [&hellip;]<\/p>\n","protected":false},"author":1,"featured_media":12946,"comment_status":"closed","ping_status":"closed","sticky":false,"template":"","format":"standard","meta":{"_acf_changed":false,"footnotes":""},"categories":[210,212,134],"class_list":["post-33484","post","type-post","status-publish","format-standard","has-post-thumbnail","hentry","category-inspiracio","category-altres","category-disseny-grafic"],"acf":[],"yoast_head":"<!-- This site is optimized with the Yoast SEO plugin v27.2 - https:\/\/yoast.com\/product\/yoast-seo-wordpress\/ -->\n<title>Entrevista a Ely Ely Ilustra una explosi\u00f3n creativa - Code Barcelona<\/title>\n<meta name=\"description\" content=\"Tengo el placer de presentaros a la ilustradora Ely Ely ilustra en el ciclo de entrevistas que dedicamos a profesionales del sector creativo. No os perd\u00e1is esta fant\u00e1stica conversaci\u00f3n.\" \/>\n<meta name=\"robots\" content=\"index, follow, max-snippet:-1, max-image-preview:large, max-video-preview:-1\" \/>\n<link rel=\"canonical\" href=\"https:\/\/codewebbarcelona.com\/ca\/blog\/entrevista-ely-ely-ilustra-explosio-creativa\/\" \/>\n<meta property=\"og:locale\" content=\"ca_ES\" \/>\n<meta property=\"og:type\" content=\"article\" \/>\n<meta property=\"og:title\" content=\"Entrevista a Ely Ely Ilustra una explosi\u00f3n creativa - Code Barcelona\" \/>\n<meta property=\"og:description\" content=\"Tengo el placer de presentaros a la ilustradora Ely Ely ilustra en el ciclo de entrevistas que dedicamos a profesionales del sector creativo. No os perd\u00e1is esta fant\u00e1stica conversaci\u00f3n.\" \/>\n<meta property=\"og:url\" content=\"https:\/\/codewebbarcelona.com\/ca\/blog\/entrevista-ely-ely-ilustra-explosio-creativa\/\" \/>\n<meta property=\"og:site_name\" content=\"Code Barcelona\" \/>\n<meta property=\"article:published_time\" content=\"2019-04-26T15:23:24+00:00\" \/>\n<meta property=\"article:modified_time\" content=\"2026-04-21T04:50:18+00:00\" \/>\n<meta property=\"og:image\" content=\"https:\/\/codewebbarcelona.com\/wp-content\/uploads\/2019\/04\/entrevista-a-ely-ely-ilustra-explosion-creativa-featured.jpg\" \/>\n\t<meta property=\"og:image:width\" content=\"1904\" \/>\n\t<meta property=\"og:image:height\" content=\"704\" \/>\n\t<meta property=\"og:image:type\" content=\"image\/jpeg\" \/>\n<meta name=\"author\" content=\"cd26Bc\" \/>\n<meta name=\"twitter:card\" content=\"summary_large_image\" \/>\n<meta name=\"twitter:label1\" content=\"Escrit per\" \/>\n\t<meta name=\"twitter:data1\" content=\"cd26Bc\" \/>\n\t<meta name=\"twitter:label2\" content=\"Temps estimat de lectura\" \/>\n\t<meta name=\"twitter:data2\" content=\"5 minuts\" \/>\n<script type=\"application\/ld+json\" class=\"yoast-schema-graph\">{\"@context\":\"https:\/\/schema.org\",\"@graph\":[{\"@type\":\"Article\",\"@id\":\"https:\/\/codewebbarcelona.com\/ca\/blog\/entrevista-ely-ely-ilustra-explosio-creativa\/#article\",\"isPartOf\":{\"@id\":\"https:\/\/codewebbarcelona.com\/ca\/blog\/entrevista-ely-ely-ilustra-explosio-creativa\/\"},\"author\":{\"name\":\"cd26Bc\",\"@id\":\"https:\/\/codewebbarcelona.com\/ca\/#\/schema\/person\/3af5f44aaf0de2919e9225aa5ca32567\"},\"headline\":\"Entrevista a Ely Ely Ilustra, explosi\u00f3 creativa\",\"datePublished\":\"2019-04-26T15:23:24+00:00\",\"dateModified\":\"2026-04-21T04:50:18+00:00\",\"mainEntityOfPage\":{\"@id\":\"https:\/\/codewebbarcelona.com\/ca\/blog\/entrevista-ely-ely-ilustra-explosio-creativa\/\"},\"wordCount\":949,\"image\":{\"@id\":\"https:\/\/codewebbarcelona.com\/ca\/blog\/entrevista-ely-ely-ilustra-explosio-creativa\/#primaryimage\"},\"thumbnailUrl\":\"https:\/\/codewebbarcelona.com\/wp-content\/uploads\/2019\/04\/entrevista-a-ely-ely-ilustra-explosion-creativa-featured.jpg\",\"articleSection\":[\"Inspiraci\u00f3\",\"Altres\",\"Dise\u00f1o gr\u00e1fico\"],\"inLanguage\":\"ca\"},{\"@type\":\"WebPage\",\"@id\":\"https:\/\/codewebbarcelona.com\/ca\/blog\/entrevista-ely-ely-ilustra-explosio-creativa\/\",\"url\":\"https:\/\/codewebbarcelona.com\/ca\/blog\/entrevista-ely-ely-ilustra-explosio-creativa\/\",\"name\":\"Entrevista a Ely Ely Ilustra una explosi\u00f3n creativa - Code Barcelona\",\"isPartOf\":{\"@id\":\"https:\/\/codewebbarcelona.com\/ca\/#website\"},\"primaryImageOfPage\":{\"@id\":\"https:\/\/codewebbarcelona.com\/ca\/blog\/entrevista-ely-ely-ilustra-explosio-creativa\/#primaryimage\"},\"image\":{\"@id\":\"https:\/\/codewebbarcelona.com\/ca\/blog\/entrevista-ely-ely-ilustra-explosio-creativa\/#primaryimage\"},\"thumbnailUrl\":\"https:\/\/codewebbarcelona.com\/wp-content\/uploads\/2019\/04\/entrevista-a-ely-ely-ilustra-explosion-creativa-featured.jpg\",\"datePublished\":\"2019-04-26T15:23:24+00:00\",\"dateModified\":\"2026-04-21T04:50:18+00:00\",\"author\":{\"@id\":\"https:\/\/codewebbarcelona.com\/ca\/#\/schema\/person\/3af5f44aaf0de2919e9225aa5ca32567\"},\"description\":\"Tengo el placer de presentaros a la ilustradora Ely Ely ilustra en el ciclo de entrevistas que dedicamos a profesionales del sector creativo. No os perd\u00e1is esta fant\u00e1stica conversaci\u00f3n.\",\"inLanguage\":\"ca\",\"potentialAction\":[{\"@type\":\"ReadAction\",\"target\":[\"https:\/\/codewebbarcelona.com\/ca\/blog\/entrevista-ely-ely-ilustra-explosio-creativa\/\"]}]},{\"@type\":\"ImageObject\",\"inLanguage\":\"ca\",\"@id\":\"https:\/\/codewebbarcelona.com\/ca\/blog\/entrevista-ely-ely-ilustra-explosio-creativa\/#primaryimage\",\"url\":\"https:\/\/codewebbarcelona.com\/wp-content\/uploads\/2019\/04\/entrevista-a-ely-ely-ilustra-explosion-creativa-featured.jpg\",\"contentUrl\":\"https:\/\/codewebbarcelona.com\/wp-content\/uploads\/2019\/04\/entrevista-a-ely-ely-ilustra-explosion-creativa-featured.jpg\",\"width\":1904,\"height\":704},{\"@type\":\"WebSite\",\"@id\":\"https:\/\/codewebbarcelona.com\/ca\/#website\",\"url\":\"https:\/\/codewebbarcelona.com\/ca\/\",\"name\":\"Code Barcelona\",\"description\":\"\",\"potentialAction\":[{\"@type\":\"SearchAction\",\"target\":{\"@type\":\"EntryPoint\",\"urlTemplate\":\"https:\/\/codewebbarcelona.com\/ca\/?s={search_term_string}\"},\"query-input\":{\"@type\":\"PropertyValueSpecification\",\"valueRequired\":true,\"valueName\":\"search_term_string\"}}],\"inLanguage\":\"ca\"},{\"@type\":\"Person\",\"@id\":\"https:\/\/codewebbarcelona.com\/ca\/#\/schema\/person\/3af5f44aaf0de2919e9225aa5ca32567\",\"name\":\"cd26Bc\",\"image\":{\"@type\":\"ImageObject\",\"inLanguage\":\"ca\",\"@id\":\"https:\/\/secure.gravatar.com\/avatar\/b904e836584635855eaa0ee2922bae4fe2aa94ffb558048dcc5dac5f98f0fadc?s=96&d=mm&r=g\",\"url\":\"https:\/\/secure.gravatar.com\/avatar\/b904e836584635855eaa0ee2922bae4fe2aa94ffb558048dcc5dac5f98f0fadc?s=96&d=mm&r=g\",\"contentUrl\":\"https:\/\/secure.gravatar.com\/avatar\/b904e836584635855eaa0ee2922bae4fe2aa94ffb558048dcc5dac5f98f0fadc?s=96&d=mm&r=g\",\"caption\":\"cd26Bc\"},\"sameAs\":[\"https:\/\/codewebbarcelona.com\"]}]}<\/script>\n<!-- \/ Yoast SEO plugin. -->","yoast_head_json":{"title":"Entrevista a Ely Ely Ilustra una explosi\u00f3n creativa - Code Barcelona","description":"Tengo el placer de presentaros a la ilustradora Ely Ely ilustra en el ciclo de entrevistas que dedicamos a profesionales del sector creativo. No os perd\u00e1is esta fant\u00e1stica conversaci\u00f3n.","robots":{"index":"index","follow":"follow","max-snippet":"max-snippet:-1","max-image-preview":"max-image-preview:large","max-video-preview":"max-video-preview:-1"},"canonical":"https:\/\/codewebbarcelona.com\/ca\/blog\/entrevista-ely-ely-ilustra-explosio-creativa\/","og_locale":"ca_ES","og_type":"article","og_title":"Entrevista a Ely Ely Ilustra una explosi\u00f3n creativa - Code Barcelona","og_description":"Tengo el placer de presentaros a la ilustradora Ely Ely ilustra en el ciclo de entrevistas que dedicamos a profesionales del sector creativo. No os perd\u00e1is esta fant\u00e1stica conversaci\u00f3n.","og_url":"https:\/\/codewebbarcelona.com\/ca\/blog\/entrevista-ely-ely-ilustra-explosio-creativa\/","og_site_name":"Code Barcelona","article_published_time":"2019-04-26T15:23:24+00:00","article_modified_time":"2026-04-21T04:50:18+00:00","og_image":[{"width":1904,"height":704,"url":"https:\/\/codewebbarcelona.com\/wp-content\/uploads\/2019\/04\/entrevista-a-ely-ely-ilustra-explosion-creativa-featured.jpg","type":"image\/jpeg"}],"author":"cd26Bc","twitter_card":"summary_large_image","twitter_misc":{"Escrit per":"cd26Bc","Temps estimat de lectura":"5 minuts"},"schema":{"@context":"https:\/\/schema.org","@graph":[{"@type":"Article","@id":"https:\/\/codewebbarcelona.com\/ca\/blog\/entrevista-ely-ely-ilustra-explosio-creativa\/#article","isPartOf":{"@id":"https:\/\/codewebbarcelona.com\/ca\/blog\/entrevista-ely-ely-ilustra-explosio-creativa\/"},"author":{"name":"cd26Bc","@id":"https:\/\/codewebbarcelona.com\/ca\/#\/schema\/person\/3af5f44aaf0de2919e9225aa5ca32567"},"headline":"Entrevista a Ely Ely Ilustra, explosi\u00f3 creativa","datePublished":"2019-04-26T15:23:24+00:00","dateModified":"2026-04-21T04:50:18+00:00","mainEntityOfPage":{"@id":"https:\/\/codewebbarcelona.com\/ca\/blog\/entrevista-ely-ely-ilustra-explosio-creativa\/"},"wordCount":949,"image":{"@id":"https:\/\/codewebbarcelona.com\/ca\/blog\/entrevista-ely-ely-ilustra-explosio-creativa\/#primaryimage"},"thumbnailUrl":"https:\/\/codewebbarcelona.com\/wp-content\/uploads\/2019\/04\/entrevista-a-ely-ely-ilustra-explosion-creativa-featured.jpg","articleSection":["Inspiraci\u00f3","Altres","Dise\u00f1o gr\u00e1fico"],"inLanguage":"ca"},{"@type":"WebPage","@id":"https:\/\/codewebbarcelona.com\/ca\/blog\/entrevista-ely-ely-ilustra-explosio-creativa\/","url":"https:\/\/codewebbarcelona.com\/ca\/blog\/entrevista-ely-ely-ilustra-explosio-creativa\/","name":"Entrevista a Ely Ely Ilustra una explosi\u00f3n creativa - Code Barcelona","isPartOf":{"@id":"https:\/\/codewebbarcelona.com\/ca\/#website"},"primaryImageOfPage":{"@id":"https:\/\/codewebbarcelona.com\/ca\/blog\/entrevista-ely-ely-ilustra-explosio-creativa\/#primaryimage"},"image":{"@id":"https:\/\/codewebbarcelona.com\/ca\/blog\/entrevista-ely-ely-ilustra-explosio-creativa\/#primaryimage"},"thumbnailUrl":"https:\/\/codewebbarcelona.com\/wp-content\/uploads\/2019\/04\/entrevista-a-ely-ely-ilustra-explosion-creativa-featured.jpg","datePublished":"2019-04-26T15:23:24+00:00","dateModified":"2026-04-21T04:50:18+00:00","author":{"@id":"https:\/\/codewebbarcelona.com\/ca\/#\/schema\/person\/3af5f44aaf0de2919e9225aa5ca32567"},"description":"Tengo el placer de presentaros a la ilustradora Ely Ely ilustra en el ciclo de entrevistas que dedicamos a profesionales del sector creativo. No os perd\u00e1is esta fant\u00e1stica conversaci\u00f3n.","inLanguage":"ca","potentialAction":[{"@type":"ReadAction","target":["https:\/\/codewebbarcelona.com\/ca\/blog\/entrevista-ely-ely-ilustra-explosio-creativa\/"]}]},{"@type":"ImageObject","inLanguage":"ca","@id":"https:\/\/codewebbarcelona.com\/ca\/blog\/entrevista-ely-ely-ilustra-explosio-creativa\/#primaryimage","url":"https:\/\/codewebbarcelona.com\/wp-content\/uploads\/2019\/04\/entrevista-a-ely-ely-ilustra-explosion-creativa-featured.jpg","contentUrl":"https:\/\/codewebbarcelona.com\/wp-content\/uploads\/2019\/04\/entrevista-a-ely-ely-ilustra-explosion-creativa-featured.jpg","width":1904,"height":704},{"@type":"WebSite","@id":"https:\/\/codewebbarcelona.com\/ca\/#website","url":"https:\/\/codewebbarcelona.com\/ca\/","name":"Code Barcelona","description":"","potentialAction":[{"@type":"SearchAction","target":{"@type":"EntryPoint","urlTemplate":"https:\/\/codewebbarcelona.com\/ca\/?s={search_term_string}"},"query-input":{"@type":"PropertyValueSpecification","valueRequired":true,"valueName":"search_term_string"}}],"inLanguage":"ca"},{"@type":"Person","@id":"https:\/\/codewebbarcelona.com\/ca\/#\/schema\/person\/3af5f44aaf0de2919e9225aa5ca32567","name":"cd26Bc","image":{"@type":"ImageObject","inLanguage":"ca","@id":"https:\/\/secure.gravatar.com\/avatar\/b904e836584635855eaa0ee2922bae4fe2aa94ffb558048dcc5dac5f98f0fadc?s=96&d=mm&r=g","url":"https:\/\/secure.gravatar.com\/avatar\/b904e836584635855eaa0ee2922bae4fe2aa94ffb558048dcc5dac5f98f0fadc?s=96&d=mm&r=g","contentUrl":"https:\/\/secure.gravatar.com\/avatar\/b904e836584635855eaa0ee2922bae4fe2aa94ffb558048dcc5dac5f98f0fadc?s=96&d=mm&r=g","caption":"cd26Bc"},"sameAs":["https:\/\/codewebbarcelona.com"]}]}},"_links":{"self":[{"href":"https:\/\/codewebbarcelona.com\/ca\/wp-json\/wp\/v2\/posts\/33484","targetHints":{"allow":["GET"]}}],"collection":[{"href":"https:\/\/codewebbarcelona.com\/ca\/wp-json\/wp\/v2\/posts"}],"about":[{"href":"https:\/\/codewebbarcelona.com\/ca\/wp-json\/wp\/v2\/types\/post"}],"author":[{"embeddable":true,"href":"https:\/\/codewebbarcelona.com\/ca\/wp-json\/wp\/v2\/users\/1"}],"replies":[{"embeddable":true,"href":"https:\/\/codewebbarcelona.com\/ca\/wp-json\/wp\/v2\/comments?post=33484"}],"version-history":[{"count":2,"href":"https:\/\/codewebbarcelona.com\/ca\/wp-json\/wp\/v2\/posts\/33484\/revisions"}],"predecessor-version":[{"id":33491,"href":"https:\/\/codewebbarcelona.com\/ca\/wp-json\/wp\/v2\/posts\/33484\/revisions\/33491"}],"wp:featuredmedia":[{"embeddable":true,"href":"https:\/\/codewebbarcelona.com\/ca\/wp-json\/wp\/v2\/media\/12946"}],"wp:attachment":[{"href":"https:\/\/codewebbarcelona.com\/ca\/wp-json\/wp\/v2\/media?parent=33484"}],"wp:term":[{"taxonomy":"category","embeddable":true,"href":"https:\/\/codewebbarcelona.com\/ca\/wp-json\/wp\/v2\/categories?post=33484"}],"curies":[{"name":"wp","href":"https:\/\/api.w.org\/{rel}","templated":true}]}}