{"id":33468,"date":"2019-05-21T08:42:39","date_gmt":"2019-05-21T08:42:39","guid":{"rendered":"https:\/\/codewebbarcelona.com\/entrevista-daniel-martos-fuente-inspiracion\/"},"modified":"2026-04-21T04:49:48","modified_gmt":"2026-04-21T04:49:48","slug":"entrevista-daniel-martos-font-inspiracio","status":"publish","type":"post","link":"https:\/\/codewebbarcelona.com\/ca\/blog\/entrevista-daniel-martos-font-inspiracio\/","title":{"rendered":"Entrevista a Daniel Martos, font d\u2019inspiraci\u00f3"},"content":{"rendered":"<p>En aquesta ocasi\u00f3 ens desplacem a l\u2019estudi Herraizsoto&amp;co de Barcelona, un aut\u00e8ntic niu creatiu a l\u2019avantguarda del disseny i la creativitat.<\/p>\n<p>Donem pas a Daniel Martos, un creatiu amb molt per explicar-nos i un projecte que hem volgut destacar per la seva frescor.<\/p>\n<h2>Entrevista a Daniel Martos, font d\u2019inspiraci\u00f3<\/h2>\n<p>&nbsp;<\/p>\n<p><strong>Code: \u00c9s un plaer con\u00e8ixer-te, Daniel. Et pots presentar una mica als nostres lectors explicant-los d\u2019on neix el teu vessant creatiu i com has arribat fins aqu\u00ed?<\/strong><\/p>\n<p><strong>Daniel:<\/strong> El plaer \u00e9s meu! S\u00f3c del 96, aix\u00ed que encara em considero un rookie de la vida.<\/p>\n<p>Vaig estudiar el batxillerat tecnol\u00f2gic a la meva ciutat, Vic, per\u00f2 aviat vaig descobrir que la meva passi\u00f3 era una altra. Des de petit m\u2019ha agradat dibuixar, escriure i veure pel\u00b7l\u00edcules, aix\u00ed que vaig decidir comen\u00e7ar el grau d\u2019Audiovisuals i Multim\u00e8dia.<\/p>\n<p>Al principi no tenia gaire clar cap on tirar, per\u00f2 endinsar-me una mica en el m\u00f3n del cinema, les <strong>produccions audiovisuals<\/strong>, el <strong>disseny<\/strong>, la <strong>publicitat<\/strong>, etc. m\u2019ha perm\u00e8s descobrir el <strong>disseny gr\u00e0fic<\/strong>, la <strong>il\u00b7lustraci\u00f3<\/strong>, l\u2019<strong>animaci\u00f3<\/strong> i la <strong>programaci\u00f3<\/strong>, que s\u00f3n les \u00e0rees que m\u00e9s m\u2019apassionen.<\/p>\n<p><img decoding=\"async\" class=\"alignnone size-full wp-image-3200\" src=\"https:\/\/codewebbarcelona.com\/wp-content\/uploads\/2019\/05\/coolgifs.gif\" alt=\"\" width=\"500\" height=\"125\" \/><\/p>\n<p><img decoding=\"async\" class=\"alignnone size-full wp-image-3201\" src=\"https:\/\/codewebbarcelona.com\/wp-content\/uploads\/2019\/05\/culture.gif\" alt=\"\" width=\"650\" height=\"348\" \/><\/p>\n<h3>Code: El cam\u00ed ha estat f\u00e0cil o dif\u00edcil? Qu\u00e8 t\u2019ha emp\u00e8s a seguir endavant?<\/h3>\n<p><strong>Daniel:<\/strong> B\u00e9, per mi el cam\u00ed tot just comen\u00e7a.<\/p>\n<p>He tingut (i de fet encara tinc, perqu\u00e8 estic a l\u2019\u00faltim curs del grau) companys i professors que m\u2019han obert portes i m\u2019han despertat la curiositat per enganxar-me definitivament a aquest m\u00f3n.<\/p>\n<p>A m\u00e9s, des que vaig arribar a herraizsoto&amp;co estic aprenent molt\u00edssim sobre el funcionament de les ag\u00e8ncies, i la fam\u00edlia que he trobat aqu\u00ed ho fa tot una mica m\u00e9s f\u00e0cil.<\/p>\n<p><img decoding=\"async\" class=\"alignnone size-full wp-image-3202\" src=\"https:\/\/codewebbarcelona.com\/wp-content\/uploads\/2019\/05\/herraizsoto.gif\" alt=\"\" width=\"650\" height=\"93\" \/><\/p>\n<h3>Code: Com b\u00e9 saps, el projecte de Coolgifs ens encanta, \u00e9s molt fresc i actual. Qu\u00e8 ens pots explicar sobre el proc\u00e9s creatiu que hi ha al darrere?<\/h3>\n<p><strong>Daniel:<\/strong> &amp;coolgifs va n\u00e9ixer fa poc m\u00e9s d\u2019un any, com una iniciativa pr\u00f2pia de l\u2019ag\u00e8ncia.<\/p>\n<p>La idea era que els emojis ja se\u2019ns quedaven curts, aix\u00ed que vol\u00edem trobar un recurs m\u00e9s expressiu i amb m\u00e9s personalitat.<\/p>\n<p>D\u2019aqu\u00ed va sorgir la idea de crear una fam\u00edlia de monstres i assignar a cadascun una emoci\u00f3. Vam fer una an\u00e0lisi de qu\u00e8 sol compartir la gent a les Stories i vam treure una llista de possibles candidats, que vam reduir a cinc per comen\u00e7ar.<\/p>\n<p>A partir d\u2019aqu\u00ed, vam comen\u00e7ar a fer esbossos i validar amb l\u2019equip el tractament <strong>gr\u00e0fic<\/strong> dels monstres, i quan ja ten\u00edem els cinc, vam fer el mateix amb l\u2019animaci\u00f3.<\/p>\n<p>Va ser un proc\u00e9s continu d\u2019assaig-error, per\u00f2 sobretot un gran aprenentatge pel que fa a l\u2019animaci\u00f3 de personatges i, des d\u2019una vessant m\u00e9s t\u00e8cnica, trobar els par\u00e0metres \u00f2ptims perqu\u00e8 els gifs llu\u00efssin al m\u00e0xim a Instagram.<\/p>\n<p><img decoding=\"async\" class=\"alignnone size-full wp-image-3198\" src=\"https:\/\/codewebbarcelona.com\/wp-content\/uploads\/2019\/05\/avid-1.gif\" alt=\"\" width=\"500\" height=\"500\" \/><\/p>\n<p><img decoding=\"async\" class=\"alignnone size-full wp-image-3199\" src=\"https:\/\/codewebbarcelona.com\/wp-content\/uploads\/2019\/05\/avid-text.gif\" alt=\"\" width=\"650\" height=\"250\" \/><\/p>\n<h3>Code: El projecte respira frescor per tot arreu, les il\u00b7lustracions s\u00f3n genials. Creus que la inspiraci\u00f3 sempre neix de la feina?<\/h3>\n<p><strong>Daniel:<\/strong> Gens ni mica, de fet diria que sovint \u00e9s al rev\u00e9s.<\/p>\n<p>Per mi, la inspiraci\u00f3 pot sorgir a qualsevol lloc, quan menys t\u2019ho esperes.<\/p>\n<p>Sovint en situacions quotidianes: escoltant m\u00fasica, veient s\u00e8ries o pel\u00b7l\u00edcules, en exposicions o fins i tot prenent alguna cosa amb els amics.<\/p>\n<p>De fet, &amp;coolgifs va n\u00e9ixer de la necessitat d\u2019expressar emocions de manera exagerada a Instagram Stories, un entorn que ja forma part del dia a dia de molta gent.<\/p>\n<p>La feina pot inspirar, evidentment, per\u00f2 per mi \u00e9s m\u00e9s aviat un entrenament de les habilitats per executar idees i resoldre problemes amb m\u00e9s efic\u00e0cia i rapidesa.<\/p>\n<h3>Code: M\u2019encanta el resultat i segur que hi ha molta m\u00e0gia creativa al darrere. Vols destacar alguna cosa m\u00e9s del projecte?<\/h3>\n<p><strong>Daniel:<\/strong> Moltes gr\u00e0cies! La veritat \u00e9s que ha estat possible gr\u00e0cies a la col\u00b7laboraci\u00f3 de tot l\u2019equip.<\/p>\n<p>Del projecte, m\u2019agrada que sigui una iniciativa pr\u00f2pia de l\u2019ag\u00e8ncia, i com que \u00e9s un format relativament nou en un entorn que pot canviar radicalment d\u2019un dia per l\u2019altre, fa que no el donem per tancat, sin\u00f3 que esperem poder ampliar la fam\u00edlia de monstres en el futur.<\/p>\n<p>Tamb\u00e9 he de dir que l\u2019\u00e8xit ha estat molt m\u00e9s gran del que ens imagin\u00e0vem, perqu\u00e8 hem vist molta gent, fins i tot influencers, fent-los servir. Us animo a tots a buscar \u201ccoolgifs\u201d a Instagram Stories i fer-los servir com vulgueu!<\/p>\n<p><img decoding=\"async\" class=\"alignnone size-full wp-image-3194\" src=\"https:\/\/codewebbarcelona.com\/wp-content\/uploads\/2019\/05\/crushy-text.gif\" alt=\"crushy-text\" width=\"500\" height=\"500\" \/><\/p>\n<p><img decoding=\"async\" class=\"alignnone size-full wp-image-3195\" src=\"https:\/\/codewebbarcelona.com\/wp-content\/uploads\/2019\/05\/crushy.gif\" alt=\"\" width=\"600\" height=\"296\" \/><\/p>\n<h3>Code: I per acabar, les tres preguntes m\u00e0giques que fem a tots els nostres convidats:<\/h3>\n<div style=\"width: 1920px;\" class=\"wp-video\"><video class=\"wp-video-shortcode\" id=\"video-33468-1\" width=\"1920\" height=\"1080\" preload=\"metadata\" controls=\"controls\"><source type=\"video\/mp4\" src=\"https:\/\/codewebbarcelona.com\/wp-content\/uploads\/2019\/05\/contexto-LOOP.mp4?_=1\" \/><\/video><\/div>\n<p>&nbsp;<\/p>\n<div style=\"width: 1920px;\" class=\"wp-video\"><video class=\"wp-video-shortcode\" id=\"video-33468-2\" width=\"1920\" height=\"1080\" preload=\"metadata\" controls=\"controls\"><source type=\"video\/mp4\" src=\"https:\/\/codewebbarcelona.com\/wp-content\/uploads\/2019\/05\/uso-LOOP.mp4?_=2\" \/><\/video><\/div>\n<h3>Code: Qu\u00e8 \u00e9s el millor de ser dissenyador?<\/h3>\n<p><strong>Daniel:<\/strong> Sens dubte, tenir l\u2019oportunitat de crear alguna cosa diferent cada dia.<\/p>\n<h3>Code: I el pitjor?<\/h3>\n<p><strong>Daniel:<\/strong> Els canvis incomprensibles que demanen alguns clients.<\/p>\n<h3>Code: Com veus el panorama del sector?<\/h3>\n<p><strong>Daniel:<\/strong> Doncs sincerament, amb optimisme.<\/p>\n<p>Estem tan acostumats a rebre impactes visuals, il\u00b7lustracions i peces audiovisuals que \u00e9s molt dif\u00edcil destacar.<\/p>\n<p>Per aix\u00f2 les marques necessiten accions diferents.<\/p>\n<p>Ja no n\u2019hi ha prou amb ser boniques est\u00e8ticament, han d\u2019aportar valor a la gent.<\/p>\n<p>Aqu\u00ed \u00e9s on la comunitat creativa t\u00e9 l\u2019oportunitat de reivindicar-se i posar en valor la feina que fem.<\/p>\n<p><img decoding=\"async\" class=\"alignnone size-full wp-image-3197\" src=\"https:\/\/codewebbarcelona.com\/wp-content\/uploads\/2019\/05\/addie.gif\" alt=\"\" width=\"400\" height=\"615\" \/><\/p>\n<p><img decoding=\"async\" class=\"alignnone size-full wp-image-3193\" src=\"https:\/\/codewebbarcelona.com\/wp-content\/uploads\/2019\/05\/addie-text.gif\" alt=\"addie-text\" width=\"300\" height=\"600\" \/><\/p>\n<h3>Code: Abans d\u2019acabar la conversa, vull felicitar-te per la feina i animar-te a seguir alimentant la teva m\u00e0quina creativa. Ha estat un plaer parlar amb tu, moltes gr\u00e0cies.<\/h3>\n<h3>Animo els lectors a fer una ullada a la feina de Daniel Martos a trav\u00e9s dels seg\u00fcents enlla\u00e7os:<\/h3>\n<p><a href=\"https:\/\/www.instagram.com\/dani.martos\/\" target=\"_blank\" rel=\"noopener\">www.instagram.com\/dani.martos<\/a><\/p>\n<p><a href=\"https:\/\/www.instagram.com\/herraizsoto\/\" target=\"_blank\" rel=\"noopener\">www.instagram.com\/herraizsoto\/<\/a><\/p>\n<p><a href=\"https:\/\/codewebbarcelona.com\/blog\/entrevista-ely-ely-ilustra-explosion-creativa\/\" target=\"_blank\" rel=\"noopener\">&#8230;un altre article relacionat<\/a><\/p>\n<p><img decoding=\"async\" class=\"alignnone size-full wp-image-3206\" src=\"https:\/\/codewebbarcelona.com\/wp-content\/uploads\/2019\/05\/familia-coolgifs.jpg\" alt=\"\" width=\"1920\" height=\"1080\" \/><\/p>\n","protected":false},"excerpt":{"rendered":"<p>En aquesta ocasi\u00f3 ens desplacem a l\u2019estudi Herraizsoto&amp;co de Barcelona, un aut\u00e8ntic niu creatiu a l\u2019avantguarda del disseny i la creativitat. Donem pas a Daniel Martos, un creatiu amb molt per explicar-nos i un projecte que hem volgut destacar per la seva frescor. Entrevista a Daniel Martos, font d\u2019inspiraci\u00f3 &nbsp; Code: \u00c9s un plaer con\u00e8ixer-te, [&hellip;]<\/p>\n","protected":false},"author":1,"featured_media":12798,"comment_status":"closed","ping_status":"closed","sticky":false,"template":"","format":"standard","meta":{"_acf_changed":false,"footnotes":""},"categories":[210,212,134],"class_list":["post-33468","post","type-post","status-publish","format-standard","has-post-thumbnail","hentry","category-inspiracio","category-altres","category-disseny-grafic"],"acf":[],"yoast_head":"<!-- This site is optimized with the Yoast SEO plugin v27.2 - https:\/\/yoast.com\/product\/yoast-seo-wordpress\/ -->\n<title>Entrevista a Daniel Martos de Herraizsoto&amp;co - Code Barcelona<\/title>\n<meta name=\"description\" content=\"Veamos qu\u00e9 nos cont\u00f3 Daniel miembro de Herraizsoto&amp;co un estudio de dise\u00f1o gr\u00e1fico de la ciudad de Barcelona.\" \/>\n<meta name=\"robots\" content=\"index, follow, max-snippet:-1, max-image-preview:large, max-video-preview:-1\" \/>\n<link rel=\"canonical\" href=\"https:\/\/codewebbarcelona.com\/ca\/blog\/entrevista-daniel-martos-font-inspiracio\/\" \/>\n<meta property=\"og:locale\" content=\"ca_ES\" \/>\n<meta property=\"og:type\" content=\"article\" \/>\n<meta property=\"og:title\" content=\"Entrevista a Daniel Martos de Herraizsoto&amp;co - Code Barcelona\" \/>\n<meta property=\"og:description\" content=\"Veamos qu\u00e9 nos cont\u00f3 Daniel miembro de Herraizsoto&amp;co un estudio de dise\u00f1o gr\u00e1fico de la ciudad de Barcelona.\" \/>\n<meta property=\"og:url\" content=\"https:\/\/codewebbarcelona.com\/ca\/blog\/entrevista-daniel-martos-font-inspiracio\/\" \/>\n<meta property=\"og:site_name\" content=\"Code Barcelona\" \/>\n<meta property=\"article:published_time\" content=\"2019-05-21T08:42:39+00:00\" \/>\n<meta property=\"article:modified_time\" content=\"2026-04-21T04:49:48+00:00\" \/>\n<meta property=\"og:image\" content=\"https:\/\/codewebbarcelona.com\/wp-content\/uploads\/2019\/05\/entrevista-a-daniel-martos-fuente-de-inspiracion-featured.jpg\" \/>\n\t<meta property=\"og:image:width\" content=\"1904\" \/>\n\t<meta property=\"og:image:height\" content=\"704\" \/>\n\t<meta property=\"og:image:type\" content=\"image\/jpeg\" \/>\n<meta name=\"author\" content=\"cd26Bc\" \/>\n<meta name=\"twitter:card\" content=\"summary_large_image\" \/>\n<meta name=\"twitter:label1\" content=\"Escrit per\" \/>\n\t<meta name=\"twitter:data1\" content=\"cd26Bc\" \/>\n\t<meta name=\"twitter:label2\" content=\"Temps estimat de lectura\" \/>\n\t<meta name=\"twitter:data2\" content=\"5 minuts\" \/>\n<script type=\"application\/ld+json\" class=\"yoast-schema-graph\">{\"@context\":\"https:\/\/schema.org\",\"@graph\":[{\"@type\":\"Article\",\"@id\":\"https:\/\/codewebbarcelona.com\/ca\/blog\/entrevista-daniel-martos-font-inspiracio\/#article\",\"isPartOf\":{\"@id\":\"https:\/\/codewebbarcelona.com\/ca\/blog\/entrevista-daniel-martos-font-inspiracio\/\"},\"author\":{\"name\":\"cd26Bc\",\"@id\":\"https:\/\/codewebbarcelona.com\/ca\/#\/schema\/person\/3af5f44aaf0de2919e9225aa5ca32567\"},\"headline\":\"Entrevista a Daniel Martos, font d\u2019inspiraci\u00f3\",\"datePublished\":\"2019-05-21T08:42:39+00:00\",\"dateModified\":\"2026-04-21T04:49:48+00:00\",\"mainEntityOfPage\":{\"@id\":\"https:\/\/codewebbarcelona.com\/ca\/blog\/entrevista-daniel-martos-font-inspiracio\/\"},\"wordCount\":1016,\"image\":{\"@id\":\"https:\/\/codewebbarcelona.com\/ca\/blog\/entrevista-daniel-martos-font-inspiracio\/#primaryimage\"},\"thumbnailUrl\":\"https:\/\/codewebbarcelona.com\/wp-content\/uploads\/2019\/05\/entrevista-a-daniel-martos-fuente-de-inspiracion-featured.jpg\",\"articleSection\":[\"Inspiraci\u00f3\",\"Altres\",\"Dise\u00f1o gr\u00e1fico\"],\"inLanguage\":\"ca\"},{\"@type\":\"WebPage\",\"@id\":\"https:\/\/codewebbarcelona.com\/ca\/blog\/entrevista-daniel-martos-font-inspiracio\/\",\"url\":\"https:\/\/codewebbarcelona.com\/ca\/blog\/entrevista-daniel-martos-font-inspiracio\/\",\"name\":\"Entrevista a Daniel Martos de Herraizsoto&co - Code Barcelona\",\"isPartOf\":{\"@id\":\"https:\/\/codewebbarcelona.com\/ca\/#website\"},\"primaryImageOfPage\":{\"@id\":\"https:\/\/codewebbarcelona.com\/ca\/blog\/entrevista-daniel-martos-font-inspiracio\/#primaryimage\"},\"image\":{\"@id\":\"https:\/\/codewebbarcelona.com\/ca\/blog\/entrevista-daniel-martos-font-inspiracio\/#primaryimage\"},\"thumbnailUrl\":\"https:\/\/codewebbarcelona.com\/wp-content\/uploads\/2019\/05\/entrevista-a-daniel-martos-fuente-de-inspiracion-featured.jpg\",\"datePublished\":\"2019-05-21T08:42:39+00:00\",\"dateModified\":\"2026-04-21T04:49:48+00:00\",\"author\":{\"@id\":\"https:\/\/codewebbarcelona.com\/ca\/#\/schema\/person\/3af5f44aaf0de2919e9225aa5ca32567\"},\"description\":\"Veamos qu\u00e9 nos cont\u00f3 Daniel miembro de Herraizsoto&co un estudio de dise\u00f1o gr\u00e1fico de la ciudad de Barcelona.\",\"inLanguage\":\"ca\",\"potentialAction\":[{\"@type\":\"ReadAction\",\"target\":[\"https:\/\/codewebbarcelona.com\/ca\/blog\/entrevista-daniel-martos-font-inspiracio\/\"]}]},{\"@type\":\"ImageObject\",\"inLanguage\":\"ca\",\"@id\":\"https:\/\/codewebbarcelona.com\/ca\/blog\/entrevista-daniel-martos-font-inspiracio\/#primaryimage\",\"url\":\"https:\/\/codewebbarcelona.com\/wp-content\/uploads\/2019\/05\/entrevista-a-daniel-martos-fuente-de-inspiracion-featured.jpg\",\"contentUrl\":\"https:\/\/codewebbarcelona.com\/wp-content\/uploads\/2019\/05\/entrevista-a-daniel-martos-fuente-de-inspiracion-featured.jpg\",\"width\":1904,\"height\":704},{\"@type\":\"WebSite\",\"@id\":\"https:\/\/codewebbarcelona.com\/ca\/#website\",\"url\":\"https:\/\/codewebbarcelona.com\/ca\/\",\"name\":\"Code Barcelona\",\"description\":\"\",\"potentialAction\":[{\"@type\":\"SearchAction\",\"target\":{\"@type\":\"EntryPoint\",\"urlTemplate\":\"https:\/\/codewebbarcelona.com\/ca\/?s={search_term_string}\"},\"query-input\":{\"@type\":\"PropertyValueSpecification\",\"valueRequired\":true,\"valueName\":\"search_term_string\"}}],\"inLanguage\":\"ca\"},{\"@type\":\"Person\",\"@id\":\"https:\/\/codewebbarcelona.com\/ca\/#\/schema\/person\/3af5f44aaf0de2919e9225aa5ca32567\",\"name\":\"cd26Bc\",\"image\":{\"@type\":\"ImageObject\",\"inLanguage\":\"ca\",\"@id\":\"https:\/\/secure.gravatar.com\/avatar\/b904e836584635855eaa0ee2922bae4fe2aa94ffb558048dcc5dac5f98f0fadc?s=96&d=mm&r=g\",\"url\":\"https:\/\/secure.gravatar.com\/avatar\/b904e836584635855eaa0ee2922bae4fe2aa94ffb558048dcc5dac5f98f0fadc?s=96&d=mm&r=g\",\"contentUrl\":\"https:\/\/secure.gravatar.com\/avatar\/b904e836584635855eaa0ee2922bae4fe2aa94ffb558048dcc5dac5f98f0fadc?s=96&d=mm&r=g\",\"caption\":\"cd26Bc\"},\"sameAs\":[\"https:\/\/codewebbarcelona.com\"]}]}<\/script>\n<!-- \/ Yoast SEO plugin. -->","yoast_head_json":{"title":"Entrevista a Daniel Martos de Herraizsoto&co - Code Barcelona","description":"Veamos qu\u00e9 nos cont\u00f3 Daniel miembro de Herraizsoto&co un estudio de dise\u00f1o gr\u00e1fico de la ciudad de Barcelona.","robots":{"index":"index","follow":"follow","max-snippet":"max-snippet:-1","max-image-preview":"max-image-preview:large","max-video-preview":"max-video-preview:-1"},"canonical":"https:\/\/codewebbarcelona.com\/ca\/blog\/entrevista-daniel-martos-font-inspiracio\/","og_locale":"ca_ES","og_type":"article","og_title":"Entrevista a Daniel Martos de Herraizsoto&co - Code Barcelona","og_description":"Veamos qu\u00e9 nos cont\u00f3 Daniel miembro de Herraizsoto&co un estudio de dise\u00f1o gr\u00e1fico de la ciudad de Barcelona.","og_url":"https:\/\/codewebbarcelona.com\/ca\/blog\/entrevista-daniel-martos-font-inspiracio\/","og_site_name":"Code Barcelona","article_published_time":"2019-05-21T08:42:39+00:00","article_modified_time":"2026-04-21T04:49:48+00:00","og_image":[{"width":1904,"height":704,"url":"https:\/\/codewebbarcelona.com\/wp-content\/uploads\/2019\/05\/entrevista-a-daniel-martos-fuente-de-inspiracion-featured.jpg","type":"image\/jpeg"}],"author":"cd26Bc","twitter_card":"summary_large_image","twitter_misc":{"Escrit per":"cd26Bc","Temps estimat de lectura":"5 minuts"},"schema":{"@context":"https:\/\/schema.org","@graph":[{"@type":"Article","@id":"https:\/\/codewebbarcelona.com\/ca\/blog\/entrevista-daniel-martos-font-inspiracio\/#article","isPartOf":{"@id":"https:\/\/codewebbarcelona.com\/ca\/blog\/entrevista-daniel-martos-font-inspiracio\/"},"author":{"name":"cd26Bc","@id":"https:\/\/codewebbarcelona.com\/ca\/#\/schema\/person\/3af5f44aaf0de2919e9225aa5ca32567"},"headline":"Entrevista a Daniel Martos, font d\u2019inspiraci\u00f3","datePublished":"2019-05-21T08:42:39+00:00","dateModified":"2026-04-21T04:49:48+00:00","mainEntityOfPage":{"@id":"https:\/\/codewebbarcelona.com\/ca\/blog\/entrevista-daniel-martos-font-inspiracio\/"},"wordCount":1016,"image":{"@id":"https:\/\/codewebbarcelona.com\/ca\/blog\/entrevista-daniel-martos-font-inspiracio\/#primaryimage"},"thumbnailUrl":"https:\/\/codewebbarcelona.com\/wp-content\/uploads\/2019\/05\/entrevista-a-daniel-martos-fuente-de-inspiracion-featured.jpg","articleSection":["Inspiraci\u00f3","Altres","Dise\u00f1o gr\u00e1fico"],"inLanguage":"ca"},{"@type":"WebPage","@id":"https:\/\/codewebbarcelona.com\/ca\/blog\/entrevista-daniel-martos-font-inspiracio\/","url":"https:\/\/codewebbarcelona.com\/ca\/blog\/entrevista-daniel-martos-font-inspiracio\/","name":"Entrevista a Daniel Martos de Herraizsoto&co - Code Barcelona","isPartOf":{"@id":"https:\/\/codewebbarcelona.com\/ca\/#website"},"primaryImageOfPage":{"@id":"https:\/\/codewebbarcelona.com\/ca\/blog\/entrevista-daniel-martos-font-inspiracio\/#primaryimage"},"image":{"@id":"https:\/\/codewebbarcelona.com\/ca\/blog\/entrevista-daniel-martos-font-inspiracio\/#primaryimage"},"thumbnailUrl":"https:\/\/codewebbarcelona.com\/wp-content\/uploads\/2019\/05\/entrevista-a-daniel-martos-fuente-de-inspiracion-featured.jpg","datePublished":"2019-05-21T08:42:39+00:00","dateModified":"2026-04-21T04:49:48+00:00","author":{"@id":"https:\/\/codewebbarcelona.com\/ca\/#\/schema\/person\/3af5f44aaf0de2919e9225aa5ca32567"},"description":"Veamos qu\u00e9 nos cont\u00f3 Daniel miembro de Herraizsoto&co un estudio de dise\u00f1o gr\u00e1fico de la ciudad de Barcelona.","inLanguage":"ca","potentialAction":[{"@type":"ReadAction","target":["https:\/\/codewebbarcelona.com\/ca\/blog\/entrevista-daniel-martos-font-inspiracio\/"]}]},{"@type":"ImageObject","inLanguage":"ca","@id":"https:\/\/codewebbarcelona.com\/ca\/blog\/entrevista-daniel-martos-font-inspiracio\/#primaryimage","url":"https:\/\/codewebbarcelona.com\/wp-content\/uploads\/2019\/05\/entrevista-a-daniel-martos-fuente-de-inspiracion-featured.jpg","contentUrl":"https:\/\/codewebbarcelona.com\/wp-content\/uploads\/2019\/05\/entrevista-a-daniel-martos-fuente-de-inspiracion-featured.jpg","width":1904,"height":704},{"@type":"WebSite","@id":"https:\/\/codewebbarcelona.com\/ca\/#website","url":"https:\/\/codewebbarcelona.com\/ca\/","name":"Code Barcelona","description":"","potentialAction":[{"@type":"SearchAction","target":{"@type":"EntryPoint","urlTemplate":"https:\/\/codewebbarcelona.com\/ca\/?s={search_term_string}"},"query-input":{"@type":"PropertyValueSpecification","valueRequired":true,"valueName":"search_term_string"}}],"inLanguage":"ca"},{"@type":"Person","@id":"https:\/\/codewebbarcelona.com\/ca\/#\/schema\/person\/3af5f44aaf0de2919e9225aa5ca32567","name":"cd26Bc","image":{"@type":"ImageObject","inLanguage":"ca","@id":"https:\/\/secure.gravatar.com\/avatar\/b904e836584635855eaa0ee2922bae4fe2aa94ffb558048dcc5dac5f98f0fadc?s=96&d=mm&r=g","url":"https:\/\/secure.gravatar.com\/avatar\/b904e836584635855eaa0ee2922bae4fe2aa94ffb558048dcc5dac5f98f0fadc?s=96&d=mm&r=g","contentUrl":"https:\/\/secure.gravatar.com\/avatar\/b904e836584635855eaa0ee2922bae4fe2aa94ffb558048dcc5dac5f98f0fadc?s=96&d=mm&r=g","caption":"cd26Bc"},"sameAs":["https:\/\/codewebbarcelona.com"]}]}},"_links":{"self":[{"href":"https:\/\/codewebbarcelona.com\/ca\/wp-json\/wp\/v2\/posts\/33468","targetHints":{"allow":["GET"]}}],"collection":[{"href":"https:\/\/codewebbarcelona.com\/ca\/wp-json\/wp\/v2\/posts"}],"about":[{"href":"https:\/\/codewebbarcelona.com\/ca\/wp-json\/wp\/v2\/types\/post"}],"author":[{"embeddable":true,"href":"https:\/\/codewebbarcelona.com\/ca\/wp-json\/wp\/v2\/users\/1"}],"replies":[{"embeddable":true,"href":"https:\/\/codewebbarcelona.com\/ca\/wp-json\/wp\/v2\/comments?post=33468"}],"version-history":[{"count":2,"href":"https:\/\/codewebbarcelona.com\/ca\/wp-json\/wp\/v2\/posts\/33468\/revisions"}],"predecessor-version":[{"id":33483,"href":"https:\/\/codewebbarcelona.com\/ca\/wp-json\/wp\/v2\/posts\/33468\/revisions\/33483"}],"wp:featuredmedia":[{"embeddable":true,"href":"https:\/\/codewebbarcelona.com\/ca\/wp-json\/wp\/v2\/media\/12798"}],"wp:attachment":[{"href":"https:\/\/codewebbarcelona.com\/ca\/wp-json\/wp\/v2\/media?parent=33468"}],"wp:term":[{"taxonomy":"category","embeddable":true,"href":"https:\/\/codewebbarcelona.com\/ca\/wp-json\/wp\/v2\/categories?post=33468"}],"curies":[{"name":"wp","href":"https:\/\/api.w.org\/{rel}","templated":true}]}}