{"id":33445,"date":"2016-02-20T12:20:05","date_gmt":"2016-02-20T12:20:05","guid":{"rendered":"https:\/\/codewebbarcelona.com\/el-tiempo-en-la-era-digital\/"},"modified":"2026-04-21T04:48:19","modified_gmt":"2026-04-21T04:48:19","slug":"el-temps-a-l-era-digital","status":"publish","type":"post","link":"https:\/\/codewebbarcelona.com\/ca\/blog\/el-temps-a-l-era-digital\/","title":{"rendered":"El temps a l\u2019era digital"},"content":{"rendered":"<div class=\"textarea\">\n<div>Aquesta vegada ens allunyem dels aspectes m\u00e9s t\u00e8cnics d\u2019aquest <span class=\"googie_link\">blog<\/span> per endinsar-nos en l\u2019<span class=\"googie_link\">\u00e0mbit<\/span> del pensament i la <span class=\"googie_link\">filosofia<\/span> en l\u2019era digital. El proper <span class=\"googie_link\">dia<\/span> 22 de febrer tenim l\u2019oportunitat d\u2019assistir a la confer\u00e8ncia que la <span class=\"googie_link\">soci\u00f2loga<\/span> <span class=\"googie_link\">Judy<\/span> <span class=\"googie_link\">Wajcman<\/span> oferir\u00e0 al <a href=\"http:\/\/www.cccb.org\/ca\/activitats\/fitxa\/el-temps-a-lera-digital\/222655\" target=\"_blank\"><span class=\"googie_link\">CCCB<\/span><\/a> de Barcelona.<\/div>\n<div>Us volem apropar una mica a la figura de la ponent per entendre millor la seva traject\u00f2ria i personalitat. El seu curr\u00edculum \u00e9s impressionant i \u00e9s tot un privilegi poder-la escoltar en directe parlant d\u2019un tema tan proper com aquest.<\/div>\n<div>Judy W. \u00e9s professora de Sociologia a la London School of Economics and Political Science. Abans tamb\u00e9 va ser professora de Sociologia a l\u2019Australian National University i ha estat professora visitant al Lehman Brothers Centre for Women in Business de la London Business School i a l\u2019Oxford Internet Institute. Ha ocupat c\u00e0rrecs a Cambridge, Edimburg, Manchester, Sydney, T\u00f2quio, Viena, Zuric i Warwick. Tamb\u00e9 ha estat membre visitant a l\u2019All Souls College d\u2019Oxford i va ser la primera dona al St. John\u2019s College de Cambridge (beca Norman Laski 1978\u201380).<\/div>\n<div>Va presidir la Society for Social Studies of Science entre 2010 i 2011, i encara forma part del seu comit\u00e8 editorial. Recentment ha publicat <em>Pressed for Time. <\/em><em>The Acceleration of Life in Digital Capitalism<\/em> (University of Chicago Press, 2015).<\/div>\n<div>La sinopsi del llibre ja \u00e9s prou reveladora: la imatge de l\u2019addicte a l\u2019iPhone, tecnol\u00f2gicament atrapat, \u00e9s f\u00e0cil d\u2019evocar. La majoria ens queixem de no tenir prou temps i de rebre massa correus electr\u00f2nics. Aquesta sensaci\u00f3 generalitzada que la vida va molt m\u00e9s de pressa que abans est\u00e0 completament arrelada a la nostra cultura, i sovint culpem els m\u00f2bils i Internet. Per\u00f2 poques vegades ens aturem a pensar que, en realitat, la finalitat d\u2019Internet i dels dispositius intel\u00b7ligents era fer-nos la vida m\u00e9s f\u00e0cil i \u00e0gil.<\/div>\n<div>Tanmateix, el mateix fet ens ha convertit en esclaus d\u2019una acceleraci\u00f3 constant, entrant en una espiral on sempre anem a contrarellotge, tot i que no som m\u00e0quines.<\/div>\n<div>El problema \u00e9s que nosaltres mateixos no posem l\u00edmits a aquesta acceleraci\u00f3 imparable, i valorem estar ocupats i tenir vides plenes d\u2019activitat, una actitud que la nostra societat productivista premia i fomenta.<\/div>\n<div>\u00c9s per aquest motiu que el CCCB ha considerat oport\u00fa convidar-la perqu\u00e8 comparteixi la seva visi\u00f3 filos\u00f2fica sobre el concepte del temps avui dia, i sobre com la vida s\u2019accelera en l\u2019era digital i capitalista.<\/div>\n<div>Amb la seva reflexi\u00f3, ens ajudar\u00e0 a prendre consci\u00e8ncia de com la cultura digital ha transformat el concepte de temps i, alhora, a nosaltres mateixos.<\/div>\n<div>M\u00e9s, m\u00e9s r\u00e0pid i millor. Aquest podria ser el titular que <span class=\"googie_link\">definiria<\/span> la vida moderna.<\/div>\n<\/div>\n<p><a href=\"https:\/\/codewebbarcelona.com\/wp-content\/uploads\/2016\/02\/tempsdigital_lab-1.jpg\"><img decoding=\"async\" class=\"alignnone size-full wp-image-191\" src=\"https:\/\/codewebbarcelona.com\/wp-content\/uploads\/2016\/02\/tempsdigital_lab-1.jpg\" alt=\"barcelona disseny web\" width=\"635\" height=\"300\" \/><\/a><\/p>\n<p><em>Un grup de treballadors fent cua per fitxar en una f\u00e0brica d\u2019armes. Gran Bretanya, 1940. \u00a9 IWM (D 672)<\/em><\/p>\n<p>La mateixa tecnologia que havia de facilitar-nos la vida, juntament amb els dispositius que haurien de simplificar-nos les coses, han acabat prenent el control i convertint-nos en ostatges.<\/p>\n<p>\u00c9s una xerrada molt interessant per a qui gaudeix del pensament cr\u00edtic en un entorn actual i en constant canvi.<\/p>\n<p>Les dades de l\u2019esdeveniment s\u00f3n les seg\u00fcents:<\/p>\n<p>Lloc: CCCB, Centre de Cultura Contempor\u00e0nia de Barcelona, Carrer de Montalegre, 5, 08001 Barcelona.<\/p>\n<p>Horari: Obert cada dia excepte dilluns, d\u201911:00 a 20:00 hores<\/p>\n<p>Tel\u00e8fon: 933064100<\/p>\n<p>Aqu\u00ed teniu la confer\u00e8ncia de Judy Wajcman, segur que la gaudireu tant com jo.<\/p>\n<p><iframe src=\"https:\/\/player.vimeo.com\/video\/157404873\" width=\"640\" height=\"360\" frameborder=\"0\" allowfullscreen=\"allowfullscreen\"><\/iframe><\/p>\n","protected":false},"excerpt":{"rendered":"<p>Aquesta vegada ens allunyem dels aspectes m\u00e9s t\u00e8cnics d\u2019aquest blog per endinsar-nos en l\u2019\u00e0mbit del pensament i la filosofia en l\u2019era digital. El proper dia 22 de febrer tenim l\u2019oportunitat d\u2019assistir a la confer\u00e8ncia que la soci\u00f2loga Judy Wajcman oferir\u00e0 al CCCB de Barcelona. Us volem apropar una mica a la figura de la ponent [&hellip;]<\/p>\n","protected":false},"author":1,"featured_media":4654,"comment_status":"closed","ping_status":"closed","sticky":false,"template":"","format":"standard","meta":{"_acf_changed":false,"footnotes":""},"categories":[212],"class_list":["post-33445","post","type-post","status-publish","format-standard","has-post-thumbnail","hentry","category-altres"],"acf":[],"yoast_head":"<!-- This site is optimized with the Yoast SEO plugin v27.2 - https:\/\/yoast.com\/product\/yoast-seo-wordpress\/ -->\n<title>Conferencia de Judy Wajcman, CCCB, Barcelona 22 de Febrero<\/title>\n<meta name=\"description\" content=\"Conferencia que trata los aspectos m\u00e1s filos\u00f3ficos en relaci\u00f3n al auge imparable de las nuevas tecnolog\u00edas y de como estas afectan a nuestros h\u00e1bitos diarios\" \/>\n<meta name=\"robots\" content=\"index, follow, max-snippet:-1, max-image-preview:large, max-video-preview:-1\" \/>\n<link rel=\"canonical\" href=\"https:\/\/codewebbarcelona.com\/ca\/blog\/el-temps-a-l-era-digital\/\" \/>\n<meta property=\"og:locale\" content=\"ca_ES\" \/>\n<meta property=\"og:type\" content=\"article\" \/>\n<meta property=\"og:title\" content=\"Conferencia de Judy Wajcman, CCCB, Barcelona 22 de Febrero\" \/>\n<meta property=\"og:description\" content=\"Conferencia que trata los aspectos m\u00e1s filos\u00f3ficos en relaci\u00f3n al auge imparable de las nuevas tecnolog\u00edas y de como estas afectan a nuestros h\u00e1bitos diarios\" \/>\n<meta property=\"og:url\" content=\"https:\/\/codewebbarcelona.com\/ca\/blog\/el-temps-a-l-era-digital\/\" \/>\n<meta property=\"og:site_name\" content=\"Code Barcelona\" \/>\n<meta property=\"article:published_time\" content=\"2016-02-20T12:20:05+00:00\" \/>\n<meta property=\"article:modified_time\" content=\"2026-04-21T04:48:19+00:00\" \/>\n<meta property=\"og:image\" content=\"https:\/\/codewebbarcelona.com\/wp-content\/uploads\/2016\/02\/el-tiempo-en-la-era-digital-featured.jpg\" \/>\n\t<meta property=\"og:image:width\" content=\"635\" \/>\n\t<meta property=\"og:image:height\" content=\"400\" \/>\n\t<meta property=\"og:image:type\" content=\"image\/jpeg\" \/>\n<meta name=\"author\" content=\"cd26Bc\" \/>\n<meta name=\"twitter:card\" content=\"summary_large_image\" \/>\n<meta name=\"twitter:label1\" content=\"Escrit per\" \/>\n\t<meta name=\"twitter:data1\" content=\"cd26Bc\" \/>\n\t<meta name=\"twitter:label2\" content=\"Temps estimat de lectura\" \/>\n\t<meta name=\"twitter:data2\" content=\"3 minuts\" \/>\n<script type=\"application\/ld+json\" class=\"yoast-schema-graph\">{\"@context\":\"https:\/\/schema.org\",\"@graph\":[{\"@type\":\"Article\",\"@id\":\"https:\/\/codewebbarcelona.com\/ca\/blog\/el-temps-a-l-era-digital\/#article\",\"isPartOf\":{\"@id\":\"https:\/\/codewebbarcelona.com\/ca\/blog\/el-temps-a-l-era-digital\/\"},\"author\":{\"name\":\"cd26Bc\",\"@id\":\"https:\/\/codewebbarcelona.com\/ca\/#\/schema\/person\/3af5f44aaf0de2919e9225aa5ca32567\"},\"headline\":\"El temps a l\u2019era digital\",\"datePublished\":\"2016-02-20T12:20:05+00:00\",\"dateModified\":\"2026-04-21T04:48:19+00:00\",\"mainEntityOfPage\":{\"@id\":\"https:\/\/codewebbarcelona.com\/ca\/blog\/el-temps-a-l-era-digital\/\"},\"wordCount\":590,\"image\":{\"@id\":\"https:\/\/codewebbarcelona.com\/ca\/blog\/el-temps-a-l-era-digital\/#primaryimage\"},\"thumbnailUrl\":\"https:\/\/codewebbarcelona.com\/wp-content\/uploads\/2016\/02\/el-tiempo-en-la-era-digital-featured.jpg\",\"articleSection\":[\"Altres\"],\"inLanguage\":\"ca\"},{\"@type\":\"WebPage\",\"@id\":\"https:\/\/codewebbarcelona.com\/ca\/blog\/el-temps-a-l-era-digital\/\",\"url\":\"https:\/\/codewebbarcelona.com\/ca\/blog\/el-temps-a-l-era-digital\/\",\"name\":\"Conferencia de Judy Wajcman, CCCB, Barcelona 22 de Febrero\",\"isPartOf\":{\"@id\":\"https:\/\/codewebbarcelona.com\/ca\/#website\"},\"primaryImageOfPage\":{\"@id\":\"https:\/\/codewebbarcelona.com\/ca\/blog\/el-temps-a-l-era-digital\/#primaryimage\"},\"image\":{\"@id\":\"https:\/\/codewebbarcelona.com\/ca\/blog\/el-temps-a-l-era-digital\/#primaryimage\"},\"thumbnailUrl\":\"https:\/\/codewebbarcelona.com\/wp-content\/uploads\/2016\/02\/el-tiempo-en-la-era-digital-featured.jpg\",\"datePublished\":\"2016-02-20T12:20:05+00:00\",\"dateModified\":\"2026-04-21T04:48:19+00:00\",\"author\":{\"@id\":\"https:\/\/codewebbarcelona.com\/ca\/#\/schema\/person\/3af5f44aaf0de2919e9225aa5ca32567\"},\"description\":\"Conferencia que trata los aspectos m\u00e1s filos\u00f3ficos en relaci\u00f3n al auge imparable de las nuevas tecnolog\u00edas y de como estas afectan a nuestros h\u00e1bitos diarios\",\"inLanguage\":\"ca\",\"potentialAction\":[{\"@type\":\"ReadAction\",\"target\":[\"https:\/\/codewebbarcelona.com\/ca\/blog\/el-temps-a-l-era-digital\/\"]}]},{\"@type\":\"ImageObject\",\"inLanguage\":\"ca\",\"@id\":\"https:\/\/codewebbarcelona.com\/ca\/blog\/el-temps-a-l-era-digital\/#primaryimage\",\"url\":\"https:\/\/codewebbarcelona.com\/wp-content\/uploads\/2016\/02\/el-tiempo-en-la-era-digital-featured.jpg\",\"contentUrl\":\"https:\/\/codewebbarcelona.com\/wp-content\/uploads\/2016\/02\/el-tiempo-en-la-era-digital-featured.jpg\",\"width\":635,\"height\":400},{\"@type\":\"WebSite\",\"@id\":\"https:\/\/codewebbarcelona.com\/ca\/#website\",\"url\":\"https:\/\/codewebbarcelona.com\/ca\/\",\"name\":\"Code Barcelona\",\"description\":\"\",\"potentialAction\":[{\"@type\":\"SearchAction\",\"target\":{\"@type\":\"EntryPoint\",\"urlTemplate\":\"https:\/\/codewebbarcelona.com\/ca\/?s={search_term_string}\"},\"query-input\":{\"@type\":\"PropertyValueSpecification\",\"valueRequired\":true,\"valueName\":\"search_term_string\"}}],\"inLanguage\":\"ca\"},{\"@type\":\"Person\",\"@id\":\"https:\/\/codewebbarcelona.com\/ca\/#\/schema\/person\/3af5f44aaf0de2919e9225aa5ca32567\",\"name\":\"cd26Bc\",\"image\":{\"@type\":\"ImageObject\",\"inLanguage\":\"ca\",\"@id\":\"https:\/\/secure.gravatar.com\/avatar\/b904e836584635855eaa0ee2922bae4fe2aa94ffb558048dcc5dac5f98f0fadc?s=96&d=mm&r=g\",\"url\":\"https:\/\/secure.gravatar.com\/avatar\/b904e836584635855eaa0ee2922bae4fe2aa94ffb558048dcc5dac5f98f0fadc?s=96&d=mm&r=g\",\"contentUrl\":\"https:\/\/secure.gravatar.com\/avatar\/b904e836584635855eaa0ee2922bae4fe2aa94ffb558048dcc5dac5f98f0fadc?s=96&d=mm&r=g\",\"caption\":\"cd26Bc\"},\"sameAs\":[\"https:\/\/codewebbarcelona.com\"]}]}<\/script>\n<!-- \/ Yoast SEO plugin. -->","yoast_head_json":{"title":"Conferencia de Judy Wajcman, CCCB, Barcelona 22 de Febrero","description":"Conferencia que trata los aspectos m\u00e1s filos\u00f3ficos en relaci\u00f3n al auge imparable de las nuevas tecnolog\u00edas y de como estas afectan a nuestros h\u00e1bitos diarios","robots":{"index":"index","follow":"follow","max-snippet":"max-snippet:-1","max-image-preview":"max-image-preview:large","max-video-preview":"max-video-preview:-1"},"canonical":"https:\/\/codewebbarcelona.com\/ca\/blog\/el-temps-a-l-era-digital\/","og_locale":"ca_ES","og_type":"article","og_title":"Conferencia de Judy Wajcman, CCCB, Barcelona 22 de Febrero","og_description":"Conferencia que trata los aspectos m\u00e1s filos\u00f3ficos en relaci\u00f3n al auge imparable de las nuevas tecnolog\u00edas y de como estas afectan a nuestros h\u00e1bitos diarios","og_url":"https:\/\/codewebbarcelona.com\/ca\/blog\/el-temps-a-l-era-digital\/","og_site_name":"Code Barcelona","article_published_time":"2016-02-20T12:20:05+00:00","article_modified_time":"2026-04-21T04:48:19+00:00","og_image":[{"width":635,"height":400,"url":"https:\/\/codewebbarcelona.com\/wp-content\/uploads\/2016\/02\/el-tiempo-en-la-era-digital-featured.jpg","type":"image\/jpeg"}],"author":"cd26Bc","twitter_card":"summary_large_image","twitter_misc":{"Escrit per":"cd26Bc","Temps estimat de lectura":"3 minuts"},"schema":{"@context":"https:\/\/schema.org","@graph":[{"@type":"Article","@id":"https:\/\/codewebbarcelona.com\/ca\/blog\/el-temps-a-l-era-digital\/#article","isPartOf":{"@id":"https:\/\/codewebbarcelona.com\/ca\/blog\/el-temps-a-l-era-digital\/"},"author":{"name":"cd26Bc","@id":"https:\/\/codewebbarcelona.com\/ca\/#\/schema\/person\/3af5f44aaf0de2919e9225aa5ca32567"},"headline":"El temps a l\u2019era digital","datePublished":"2016-02-20T12:20:05+00:00","dateModified":"2026-04-21T04:48:19+00:00","mainEntityOfPage":{"@id":"https:\/\/codewebbarcelona.com\/ca\/blog\/el-temps-a-l-era-digital\/"},"wordCount":590,"image":{"@id":"https:\/\/codewebbarcelona.com\/ca\/blog\/el-temps-a-l-era-digital\/#primaryimage"},"thumbnailUrl":"https:\/\/codewebbarcelona.com\/wp-content\/uploads\/2016\/02\/el-tiempo-en-la-era-digital-featured.jpg","articleSection":["Altres"],"inLanguage":"ca"},{"@type":"WebPage","@id":"https:\/\/codewebbarcelona.com\/ca\/blog\/el-temps-a-l-era-digital\/","url":"https:\/\/codewebbarcelona.com\/ca\/blog\/el-temps-a-l-era-digital\/","name":"Conferencia de Judy Wajcman, CCCB, Barcelona 22 de Febrero","isPartOf":{"@id":"https:\/\/codewebbarcelona.com\/ca\/#website"},"primaryImageOfPage":{"@id":"https:\/\/codewebbarcelona.com\/ca\/blog\/el-temps-a-l-era-digital\/#primaryimage"},"image":{"@id":"https:\/\/codewebbarcelona.com\/ca\/blog\/el-temps-a-l-era-digital\/#primaryimage"},"thumbnailUrl":"https:\/\/codewebbarcelona.com\/wp-content\/uploads\/2016\/02\/el-tiempo-en-la-era-digital-featured.jpg","datePublished":"2016-02-20T12:20:05+00:00","dateModified":"2026-04-21T04:48:19+00:00","author":{"@id":"https:\/\/codewebbarcelona.com\/ca\/#\/schema\/person\/3af5f44aaf0de2919e9225aa5ca32567"},"description":"Conferencia que trata los aspectos m\u00e1s filos\u00f3ficos en relaci\u00f3n al auge imparable de las nuevas tecnolog\u00edas y de como estas afectan a nuestros h\u00e1bitos diarios","inLanguage":"ca","potentialAction":[{"@type":"ReadAction","target":["https:\/\/codewebbarcelona.com\/ca\/blog\/el-temps-a-l-era-digital\/"]}]},{"@type":"ImageObject","inLanguage":"ca","@id":"https:\/\/codewebbarcelona.com\/ca\/blog\/el-temps-a-l-era-digital\/#primaryimage","url":"https:\/\/codewebbarcelona.com\/wp-content\/uploads\/2016\/02\/el-tiempo-en-la-era-digital-featured.jpg","contentUrl":"https:\/\/codewebbarcelona.com\/wp-content\/uploads\/2016\/02\/el-tiempo-en-la-era-digital-featured.jpg","width":635,"height":400},{"@type":"WebSite","@id":"https:\/\/codewebbarcelona.com\/ca\/#website","url":"https:\/\/codewebbarcelona.com\/ca\/","name":"Code Barcelona","description":"","potentialAction":[{"@type":"SearchAction","target":{"@type":"EntryPoint","urlTemplate":"https:\/\/codewebbarcelona.com\/ca\/?s={search_term_string}"},"query-input":{"@type":"PropertyValueSpecification","valueRequired":true,"valueName":"search_term_string"}}],"inLanguage":"ca"},{"@type":"Person","@id":"https:\/\/codewebbarcelona.com\/ca\/#\/schema\/person\/3af5f44aaf0de2919e9225aa5ca32567","name":"cd26Bc","image":{"@type":"ImageObject","inLanguage":"ca","@id":"https:\/\/secure.gravatar.com\/avatar\/b904e836584635855eaa0ee2922bae4fe2aa94ffb558048dcc5dac5f98f0fadc?s=96&d=mm&r=g","url":"https:\/\/secure.gravatar.com\/avatar\/b904e836584635855eaa0ee2922bae4fe2aa94ffb558048dcc5dac5f98f0fadc?s=96&d=mm&r=g","contentUrl":"https:\/\/secure.gravatar.com\/avatar\/b904e836584635855eaa0ee2922bae4fe2aa94ffb558048dcc5dac5f98f0fadc?s=96&d=mm&r=g","caption":"cd26Bc"},"sameAs":["https:\/\/codewebbarcelona.com"]}]}},"_links":{"self":[{"href":"https:\/\/codewebbarcelona.com\/ca\/wp-json\/wp\/v2\/posts\/33445","targetHints":{"allow":["GET"]}}],"collection":[{"href":"https:\/\/codewebbarcelona.com\/ca\/wp-json\/wp\/v2\/posts"}],"about":[{"href":"https:\/\/codewebbarcelona.com\/ca\/wp-json\/wp\/v2\/types\/post"}],"author":[{"embeddable":true,"href":"https:\/\/codewebbarcelona.com\/ca\/wp-json\/wp\/v2\/users\/1"}],"replies":[{"embeddable":true,"href":"https:\/\/codewebbarcelona.com\/ca\/wp-json\/wp\/v2\/comments?post=33445"}],"version-history":[{"count":2,"href":"https:\/\/codewebbarcelona.com\/ca\/wp-json\/wp\/v2\/posts\/33445\/revisions"}],"predecessor-version":[{"id":33450,"href":"https:\/\/codewebbarcelona.com\/ca\/wp-json\/wp\/v2\/posts\/33445\/revisions\/33450"}],"wp:featuredmedia":[{"embeddable":true,"href":"https:\/\/codewebbarcelona.com\/ca\/wp-json\/wp\/v2\/media\/4654"}],"wp:attachment":[{"href":"https:\/\/codewebbarcelona.com\/ca\/wp-json\/wp\/v2\/media?parent=33445"}],"wp:term":[{"taxonomy":"category","embeddable":true,"href":"https:\/\/codewebbarcelona.com\/ca\/wp-json\/wp\/v2\/categories?post=33445"}],"curies":[{"name":"wp","href":"https:\/\/api.w.org\/{rel}","templated":true}]}}