{"id":32257,"date":"2021-07-23T10:06:10","date_gmt":"2021-07-23T10:06:10","guid":{"rendered":"https:\/\/codewebbarcelona.com\/mejor-diseno-grafico-del-mes\/"},"modified":"2026-04-21T04:34:39","modified_gmt":"2026-04-21T04:34:39","slug":"millor-disseny-grafic-del-mes","status":"publish","type":"post","link":"https:\/\/codewebbarcelona.com\/ca\/blog\/millor-disseny-grafic-del-mes\/","title":{"rendered":"El millor disseny gr\u00e0fic del mes"},"content":{"rendered":"<p>Avui sortim a la recerca del millor disseny gr\u00e0fic del mes. T\u2019hi apuntes?<\/p>\n<p>Hem seleccionat deu dels projectes m\u00e9s destacats del moment i els analitzarem un a un fins a trobar el millor disseny gr\u00e0fic del mes.<\/p>\n<h2>El millor disseny gr\u00e0fic del mes<\/h2>\n<h3>FIIT<\/h3>\n<p><img decoding=\"async\" class=\"alignnone size-full wp-image-8752\" src=\"https:\/\/codewebbarcelona.com\/wp-content\/uploads\/2021\/07\/mejor-diseno-grafico-del-mes-fiit-0.jpg\" alt=\"mejor-diseno-grafico-del-mes-fiit-0\" width=\"1536\" height=\"880\" \/> <img decoding=\"async\" class=\"alignnone size-full wp-image-8753\" src=\"https:\/\/codewebbarcelona.com\/wp-content\/uploads\/2021\/07\/mejor-diseno-grafico-del-mes-fiit-00.jpg\" alt=\"mejor-diseno-grafico-del-mes-fiit-00\" width=\"1536\" height=\"880\" \/> <img decoding=\"async\" class=\"alignnone wp-image-8754\" src=\"https:\/\/codewebbarcelona.com\/wp-content\/uploads\/2021\/07\/mejor-diseno-grafico-del-mes-fiit-01.jpg\" alt=\"mejor-diseno-grafico-del-mes-fiit-01\" width=\"1550\" height=\"995\" \/> <img decoding=\"async\" class=\"alignnone size-full wp-image-8755\" src=\"https:\/\/codewebbarcelona.com\/wp-content\/uploads\/2021\/07\/mejor-diseno-grafico-del-mes-fiit-02.jpg\" alt=\"mejor-diseno-grafico-del-mes-fiit-02\" width=\"1536\" height=\"880\" \/> <img decoding=\"async\" class=\"alignnone size-full wp-image-8756\" src=\"https:\/\/codewebbarcelona.com\/wp-content\/uploads\/2021\/07\/mejor-diseno-grafico-del-mes-fiit-03.jpg\" alt=\"mejor-diseno-grafico-del-mes-fiit-03\" width=\"1536\" height=\"880\" \/><\/p>\n<p><b>Disseny gr\u00e0fic a c\u00e0rrec de l\u2019estudi de disseny gr\u00e0fic <a href=\"https:\/\/jet.style\/\" target=\"_blank\" rel=\"noopener\">Jet Style<\/a><\/b><\/p>\n<p>El nou programa educatiu FIIT (inform\u00e0tica fonamental i tecnologia de la informaci\u00f3) es presenta amb una <strong>identitat corporativa<\/strong> inspirada en un escut d\u2019armes, en sintonia amb el concepte formatiu.<\/p>\n<p>L\u2019escut pren com a refer\u00e8ncia l\u2019emblema her\u00e0ldic franc\u00e8s, dividit en quatre parts. Hi trobem les quatre lletres i tres s\u00edmbols principals: F (\u0424), representada com un Ouroboros, s\u00edmbol de l\u2019eternitat i l\u2019infinit, que evoca el cicle constant de la vida, la creaci\u00f3 i la destrucci\u00f3, la vida i la mort, la reencarnaci\u00f3;<br \/>\nI (\u0418), com un llamp, s\u00edmbol de l\u2019inici d\u2019una tempesta revolucion\u00e0ria, la llum que trenca la foscor i representa la lluita entre la llum i la foscor, el pensament revolucionari;<br \/>\nT, inspirada en la Chief-Pale, la creu Tau o la creu de Sant Antoni. La Chief-Pale \u00e9s una t\u00e8cnica molt valorada entre programadors i altres professionals. La creu, que porta el nom del \u201cpare del monaquisme cristi\u00e0\u201d, Antoni el Gran (segle IV), es considera un amulet de bona sort i protecci\u00f3.<\/p>\n<p>La <strong>identitat corporativa<\/strong> es desplega a xarxes socials, <strong>disseny web<\/strong>, <strong>disseny d\u2019esdeveniments<\/strong>, presentacions, manuals de formaci\u00f3, fullets i tot tipus de marxandatge.<\/p>\n<p>Aquest projecte destaca per:<\/p>\n<ul>\n<li><strong>La conceptualitzaci\u00f3<\/strong><\/li>\n<li><strong>El disseny del logotip her\u00e0ldic<\/strong><\/li>\n<li><strong>L\u2019\u00fas del color<\/strong><\/li>\n<li><strong>La combinaci\u00f3 crom\u00e0tica<\/strong><\/li>\n<li><strong>Les formes geom\u00e8triques<\/strong><\/li>\n<\/ul>\n<p>&nbsp;<\/p>\n<p>Aquest <strong>disseny gr\u00e0fic<\/strong> ha estat reconegut amb:<\/p>\n<p><a href=\"https:\/\/europeandesign.org\/submissions\/logo-and-brand-identity-for-fiit\/\" target=\"_blank\" rel=\"noopener\">BRONZE EDAWARDS &#8211; EUROPEAN DESIGN a la categoria de Branding i aplicaci\u00f3 d\u2019identitat digital<\/a><\/p>\n<p>No et perdis aquest projecte que hem seleccionat.<\/p>\n<p><a href=\"https:\/\/jet.style\/portfolio\/case\/logo-and-brand-identity-for-fiit\" target=\"_blank\" rel=\"noopener\">Si vols, pots veure el projecte complet fent clic aqu\u00ed<\/a><\/p>\n<h3>365 IDENTITIES<\/h3>\n<p><iframe title=\"vimeo-player\" src=\"https:\/\/player.vimeo.com\/video\/508427684\" width=\"1280\" height=\"720\" frameborder=\"0\" allowfullscreen=\"allowfullscreen\"><span data-mce-type=\"bookmark\" style=\"display: inline-block; width: 0px; overflow: hidden; line-height: 0;\" class=\"mce_SELRES_start\">\ufeff<\/span><\/iframe><\/p>\n<p>&nbsp;<\/p>\n<p><img decoding=\"async\" class=\"alignnone size-full wp-image-8745\" src=\"https:\/\/codewebbarcelona.com\/wp-content\/uploads\/2021\/07\/mejor-diseC3B1o-grC3A1fico-del-mes-365-identities-01-1.jpg\" alt=\"mejor-dise\u00f1o gr\u00e1fico-del-mes-365-identities-01\" width=\"1536\" height=\"864\" \/> <img decoding=\"async\" class=\"alignnone size-full wp-image-8746\" src=\"https:\/\/codewebbarcelona.com\/wp-content\/uploads\/2021\/07\/mejor-diseC3B1o-grC3A1fico-del-mes-365-identities-02-1.jpg\" alt=\"mejor-dise\u00f1o gr\u00e1fico-del-mes-365-identities-02\" width=\"1536\" height=\"864\" \/> <img decoding=\"async\" class=\"alignnone size-full wp-image-8747\" src=\"https:\/\/codewebbarcelona.com\/wp-content\/uploads\/2021\/07\/mejor-diseC3B1o-grC3A1fico-del-mes-365-identities-03-1.jpg\" alt=\"mejor-dise\u00f1o gr\u00e1fico-del-mes-365-identities-03\" width=\"1536\" height=\"864\" \/> <img decoding=\"async\" class=\"alignnone size-full wp-image-8748\" src=\"https:\/\/codewebbarcelona.com\/wp-content\/uploads\/2021\/07\/mejor-diseC3B1o-grC3A1fico-del-mes-365-identities-04-1.jpg\" alt=\"mejor-dise\u00f1o gr\u00e1fico-del-mes-365-identities-04\" width=\"1536\" height=\"864\" \/> <img decoding=\"async\" class=\"alignnone size-full wp-image-8749\" src=\"https:\/\/codewebbarcelona.com\/wp-content\/uploads\/2021\/07\/mejor-diseC3B1o-grC3A1fico-del-mes-365-identities-05-1.jpg\" alt=\"mejor-dise\u00f1o gr\u00e1fico-del-mes-365-identities-05\" width=\"1536\" height=\"864\" \/> <img decoding=\"async\" class=\"alignnone wp-image-8750\" src=\"https:\/\/codewebbarcelona.com\/wp-content\/uploads\/2021\/07\/mejor-diseC3B1o-grC3A1fico-del-mes-365-identities-06-1.jpg\" alt=\"mejor-dise\u00f1o gr\u00e1fico-del-mes-365-identities-06\" width=\"1556\" height=\"871\" \/><\/p>\n<p><b>Disseny gr\u00e0fic i il\u00b7lustraci\u00f3 a c\u00e0rrec del dissenyador gr\u00e0fic <a href=\"https:\/\/anti.as\" target=\"_blank\" rel=\"noopener\">ANTI<\/a><\/b><\/p>\n<p>El sal\u00f3 de bellesa <a href=\"https:\/\/www.nynyny.no\/\" target=\"_blank\" rel=\"noopener\">NY (Nou, en noruec)<\/a> celebra 50 anys. Durant aquest temps han creat nous estils, maquillatges, talls de cabell i han contribu\u00eft a millorar l\u2019autoestima de molts clients.<\/p>\n<p>Amb aquesta premissa, presenten un <strong>disseny de logotip<\/strong> que reflecteix plenament la seva creativitat. El concepte consisteix a crear un <strong>logotip<\/strong> basat en les inicials del nom amb 365 variacions diferents.<\/p>\n<p>Aquest projecte destaca per:<\/p>\n<ul>\n<li><strong>L\u2019esperit innovador<\/strong><\/li>\n<li><strong>La creativitat<\/strong><\/li>\n<li><strong>El disseny del logotip<\/strong><\/li>\n<li><strong>El concepte del projecte<\/strong><\/li>\n<\/ul>\n<p>&nbsp;<\/p>\n<p>Aquest <strong>disseny gr\u00e0fic<\/strong> ha estat reconegut amb:<\/p>\n<p><a href=\"https:\/\/europeandesign.org\/submissions\/365-identities\/\" target=\"_blank\" rel=\"noopener\">BRONZE EDAWARDS &#8211; EUROPEAN DESIGN a la categoria d\u2019Aplicaci\u00f3 d\u2019identitat corporativa impresa<\/a><\/p>\n<p>Descobreix en detall el treball de <strong>disseny gr\u00e0fic<\/strong> i les seves aplicacions impreses.<\/p>\n<p><a href=\"https:\/\/anti.as\/our-work\" target=\"_blank\" rel=\"noopener\">Si vols, pots veure el projecte complet fent clic aqu\u00ed<\/a><\/p>\n<h3>47 INTERNSHIP<\/h3>\n<p><iframe src=\"https:\/\/player.vimeo.com\/video\/487068490?title=0&amp;byline=0&amp;portrait=0\" width=\"1280\" height=\"870\" frameborder=\"0\" allowfullscreen=\"allowfullscreen\"><\/iframe><\/p>\n<p>&nbsp;<\/p>\n<p><b>Disseny gr\u00e0fic i il\u00b7lustraci\u00f3 a c\u00e0rrec del dissenyador gr\u00e0fic <a href=\"https:\/\/willeazwey.com\/\" target=\"_blank\" rel=\"noopener\">Denzu Tokyo<\/a><\/b><\/p>\n<p>Amb la pand\u00e8mia de la Covid-19, les classes presencials es van tornar complicades o inviables. Per aix\u00f2, Dentsu Tokyo ha creat una plataforma online per igualar les oportunitats entre estudiants de zones rurals i urbanes.<\/p>\n<p>Aix\u00ed neix 47 Internship.<\/p>\n<p>Aquest projecte destaca per:<\/p>\n<ul>\n<li><strong>L\u2019\u00fas de la gamma crom\u00e0tica<\/strong><\/li>\n<li><strong>L\u2019animaci\u00f3 del disseny<\/strong><\/li>\n<li><strong>El significat del projecte<\/strong><\/li>\n<li><strong>El concepte<\/strong><\/li>\n<li><strong>El resultat final<\/strong><\/li>\n<\/ul>\n<p>&nbsp;<\/p>\n<p>Aquest <strong>disseny gr\u00e0fic<\/strong> ha estat reconegut amb:<\/p>\n<p><a href=\"https:\/\/www.dandad.org\/awards\/professional\/2021\/234467\/47-internship\/\" target=\"_blank\" rel=\"noopener\">D&amp;AD Awards &#8211; Yellow Pencil en Branding i Motion<\/a><\/p>\n<p>Un dels <strong>millors dissenys gr\u00e0fics<\/strong> aplicats a una animaci\u00f3 en moviment.<\/p>\n<p><a href=\"https:\/\/www.dandad.org\/awards\/professional\/2021\/234467\/47-internship\/\" target=\"_blank\" rel=\"noopener\">Si vols, pots veure el projecte complet fent clic aqu\u00ed<\/a><\/p>\n<h3>FAR SKATE<\/h3>\n<p><img decoding=\"async\" class=\"alignnone wp-image-8761\" src=\"https:\/\/codewebbarcelona.com\/wp-content\/uploads\/2021\/07\/far-skate-05.jpg\" alt=\"\" width=\"1000\" height=\"563\" \/><\/p>\n<p><img decoding=\"async\" class=\"alignnone wp-image-8736\" src=\"https:\/\/codewebbarcelona.com\/wp-content\/uploads\/2021\/07\/mejor-diseC3B1o-grC3A1fico-del-mes-far-skate-0-1.jpg\" alt=\"mejor-dise\u00f1o gr\u00e1fico-del-mes-far-skate-0\" width=\"1000\" height=\"563\" \/> <img decoding=\"async\" class=\"alignnone wp-image-8737\" src=\"https:\/\/codewebbarcelona.com\/wp-content\/uploads\/2021\/07\/mejor-diseC3B1o-grC3A1fico-del-mes-far-skate-00-1.jpg\" alt=\"mejor-dise\u00f1o gr\u00e1fico-del-mes-far-skate-00\" width=\"1000\" height=\"563\" \/> <img decoding=\"async\" class=\"alignnone wp-image-8738\" src=\"https:\/\/codewebbarcelona.com\/wp-content\/uploads\/2021\/07\/mejor-diseC3B1o-grC3A1fico-del-mes-far-skate-01-1.jpg\" alt=\"mejor-dise\u00f1o gr\u00e1fico-del-mes-far-skate-01\" width=\"1000\" height=\"563\" \/> <img decoding=\"async\" class=\"alignnone wp-image-8739\" src=\"https:\/\/codewebbarcelona.com\/wp-content\/uploads\/2021\/07\/mejor-diseC3B1o-grC3A1fico-del-mes-far-skate-02-1.jpg\" alt=\"mejor-dise\u00f1o gr\u00e1fico-del-mes-far-skate-02\" width=\"100060\" height=\"56313\" \/> <img decoding=\"async\" class=\"alignnone wp-image-8740\" src=\"https:\/\/codewebbarcelona.com\/wp-content\/uploads\/2021\/07\/mejor-diseC3B1o-grC3A1fico-del-mes-far-skate-03-1.jpg\" alt=\"mejor-dise\u00f1o gr\u00e1fico-del-mes-far-skate-03\" width=\"1000\" height=\"563\" \/> <img decoding=\"async\" class=\"alignnone wp-image-8741\" src=\"https:\/\/codewebbarcelona.com\/wp-content\/uploads\/2021\/07\/mejor-diseC3B1o-grC3A1fico-del-mes-far-skate-04-1.jpg\" alt=\"mejor-dise\u00f1o gr\u00e1fico-del-mes-far-skate-04\" width=\"1000\" height=\"563\" \/> <img decoding=\"async\" class=\"alignnone wp-image-8742\" src=\"https:\/\/codewebbarcelona.com\/wp-content\/uploads\/2021\/07\/mejor-diseC3B1o-grC3A1fico-del-mes-far-skate-06-1.jpg\" alt=\"mejor-dise\u00f1o gr\u00e1fico-del-mes-far-skate-06\" width=\"1000\" height=\"563\" \/> <img decoding=\"async\" class=\"alignnone wp-image-8743\" src=\"https:\/\/codewebbarcelona.com\/wp-content\/uploads\/2021\/07\/mejor-diseC3B1o-grC3A1fico-del-mes-far-skate-07-1.jpg\" alt=\"mejor-dise\u00f1o gr\u00e1fico-del-mes-far-skate-07\" width=\"1000\" height=\"563\" \/> <img decoding=\"async\" class=\"alignnone wp-image-8744\" src=\"https:\/\/codewebbarcelona.com\/wp-content\/uploads\/2021\/07\/mejor-diseC3B1o-grC3A1fico-del-mes-far-skate-08-1.jpg\" alt=\"mejor-dise\u00f1o gr\u00e1fico-del-mes-far-skate-08\" width=\"1000\" height=\"563\" \/><\/p>\n<p><iframe title=\"YouTube video player\" src=\"https:\/\/www.youtube.com\/embed\/wZZEoabyfpM\" width=\"1920\" height=\"1080\" frameborder=\"0\" allowfullscreen=\"allowfullscreen\"><\/iframe><\/p>\n<p><b>Disseny gr\u00e0fic i il\u00b7lustraci\u00f3 a c\u00e0rrec del dissenyador gr\u00e0fic <a href=\"https:\/\/stereocreative.com\/work\/far-skate-brand-identity\" target=\"_blank\" rel=\"noopener\">Stereo creative<\/a><\/b><\/p>\n<p><a href=\"https:\/\/farskate.co.uk\/\" target=\"_blank\" rel=\"noopener\">FAR Skate Foundation<\/a> \u00e9s una entitat sense \u00e0nim de lucre que uneix skate i educaci\u00f3 per a joves en situaci\u00f3 de vulnerabilitat. La seva <strong>identitat<\/strong> s\u2019ha creat perqu\u00e8 el <strong>sistema d\u2019identitat<\/strong> i el <strong>disseny gr\u00e0fic<\/strong> encaixin a la perfecci\u00f3 amb les necessitats del projecte.<\/p>\n<p>\u00c9s especialment destacable com l\u2019<strong>estudi de disseny gr\u00e0fic<\/strong> ha treballat la <strong>creaci\u00f3 del branding<\/strong> i la seva aplicaci\u00f3 a una gran varietat d\u2019elements corporatius, aconseguint un resultat de <strong>disseny gr\u00e0fic<\/strong> excel\u00b7lent.<\/p>\n<p>Aquest projecte destaca per:<\/p>\n<ul>\n<li><strong>L\u2019objectiu social de l\u2019organitzaci\u00f3<\/strong><\/li>\n<li><strong>L\u2019impacte social<\/strong><\/li>\n<li><strong>L\u2019aplicaci\u00f3 del branding<\/strong><\/li>\n<li><strong>El to comunicatiu<\/strong><\/li>\n<\/ul>\n<p>&nbsp;<\/p>\n<p>Un dels <strong>millors dissenys gr\u00e0fics del mes de juliol<\/strong><\/p>\n<p><a href=\"https:\/\/www.dandad.org\/awards\/professional\/2021\/234456\/far-skate\/\" target=\"_blank\" rel=\"noopener\">Si vols, pots veure el projecte complet fent clic aqu\u00ed<\/a><\/p>\n<h3>SPAREBANKEN M\u00d8RE<\/h3>\n<p><iframe title=\"vimeo-player\" src=\"https:\/\/player.vimeo.com\/video\/386506089\" width=\"1280\" height=\"720\" frameborder=\"0\" allowfullscreen=\"allowfullscreen\"><\/iframe><br \/>\n<b><\/b><\/p>\n<p>&nbsp;<\/p>\n<p><iframe title=\"vimeo-player\" src=\"https:\/\/player.vimeo.com\/video\/392987323\" width=\"1280\" height=\"720\" frameborder=\"0\" allowfullscreen=\"allowfullscreen\"><\/iframe><\/p>\n<p>&nbsp;<\/p>\n<p><img decoding=\"async\" class=\"alignnone size-full wp-image-8751\" src=\"https:\/\/codewebbarcelona.com\/wp-content\/uploads\/2021\/07\/sparebanken-more-01.jpg\" alt=\"mejor-dise\u00f1o gr\u00e1fico-sparebanken-more-01\" width=\"1100\" height=\"616\" \/><br \/>\n<b>Disseny gr\u00e0fic i il\u00b7lustraci\u00f3 a c\u00e0rrec del dissenyador gr\u00e0fic <a href=\"https:\/\/www.sdg.no\/\" target=\"_blank\" rel=\"noopener\">Scandinavian Design Group<\/a><\/b><\/p>\n<p>La principal entitat financera de la regi\u00f3 oest de Noruega, Sparebanken More, presenta la seva nova <strong>identitat corporativa<\/strong>.<\/p>\n<p>La <strong>identitat corporativa<\/strong> aposta per una imatge visual, centrada en les persones i molt din\u00e0mica.<\/p>\n<p>Aquest projecte destaca per:<\/p>\n<ul>\n<li><strong>El disseny de la identitat corporativa<\/strong><\/li>\n<li><strong>L\u2019aplicaci\u00f3 del branding als diferents elements<\/strong><\/li>\n<li><strong>Els recursos d\u2019identitat de marca<\/strong><\/li>\n<li><strong>L\u2019\u00fas del color<\/strong><\/li>\n<li><strong>El to comunicatiu<\/strong><\/li>\n<\/ul>\n<p>&nbsp;<\/p>\n<p>Aquest <strong\n<\/p>\n","protected":false},"excerpt":{"rendered":"<p>Avui sortim a la recerca del millor disseny gr\u00e0fic del mes. T\u2019hi apuntes? Hem seleccionat deu dels projectes m\u00e9s destacats del moment i els analitzarem un a un fins a trobar el millor disseny gr\u00e0fic del mes. El millor disseny gr\u00e0fic del mes FIIT Disseny gr\u00e0fic a c\u00e0rrec de l\u2019estudi de disseny gr\u00e0fic Jet Style [&hellip;]<\/p>\n","protected":false},"author":1,"featured_media":13772,"comment_status":"closed","ping_status":"closed","sticky":false,"template":"","format":"standard","meta":{"_acf_changed":false,"footnotes":""},"categories":[208,210,134],"class_list":["post-32257","post","type-post","status-publish","format-standard","has-post-thumbnail","hentry","category-disseny-desenvolupament-web","category-inspiracio","category-disseny-grafic"],"acf":[],"yoast_head":"<!-- This site is optimized with the Yoast SEO plugin v27.2 - https:\/\/yoast.com\/product\/yoast-seo-wordpress\/ -->\n<title>El millor disseny gr\u00e0fic del mes - Code Barcelona<\/title>\n<meta name=\"robots\" content=\"index, follow, max-snippet:-1, max-image-preview:large, max-video-preview:-1\" \/>\n<link rel=\"canonical\" href=\"https:\/\/codewebbarcelona.com\/ca\/blog\/millor-disseny-grafic-del-mes\/\" \/>\n<meta property=\"og:locale\" content=\"ca_ES\" \/>\n<meta property=\"og:type\" content=\"article\" \/>\n<meta property=\"og:title\" content=\"El millor disseny gr\u00e0fic del mes - Code Barcelona\" \/>\n<meta property=\"og:description\" content=\"Avui sortim a la recerca del millor disseny gr\u00e0fic del mes. T\u2019hi apuntes? Hem seleccionat deu dels projectes m\u00e9s destacats del moment i els analitzarem un a un fins a trobar el millor disseny gr\u00e0fic del mes. El millor disseny gr\u00e0fic del mes FIIT Disseny gr\u00e0fic a c\u00e0rrec de l\u2019estudi de disseny gr\u00e0fic Jet Style [&hellip;]\" \/>\n<meta property=\"og:url\" content=\"https:\/\/codewebbarcelona.com\/ca\/blog\/millor-disseny-grafic-del-mes\/\" \/>\n<meta property=\"og:site_name\" content=\"Code Barcelona\" \/>\n<meta property=\"article:published_time\" content=\"2021-07-23T10:06:10+00:00\" \/>\n<meta property=\"article:modified_time\" content=\"2026-04-21T04:34:39+00:00\" \/>\n<meta property=\"og:image\" content=\"https:\/\/codewebbarcelona.com\/wp-content\/uploads\/2021\/07\/mejor-diseC3B1o-grC3A1fico-del-mes-far-skate-06-1.jpg\" \/>\n\t<meta property=\"og:image:width\" content=\"860\" \/>\n\t<meta property=\"og:image:height\" content=\"484\" \/>\n\t<meta property=\"og:image:type\" content=\"image\/jpeg\" \/>\n<meta name=\"author\" content=\"cd26Bc\" \/>\n<meta name=\"twitter:card\" content=\"summary_large_image\" \/>\n<meta name=\"twitter:label1\" content=\"Escrit per\" \/>\n\t<meta name=\"twitter:data1\" content=\"cd26Bc\" \/>\n\t<meta name=\"twitter:label2\" content=\"Temps estimat de lectura\" \/>\n\t<meta name=\"twitter:data2\" content=\"4 minuts\" \/>\n<script type=\"application\/ld+json\" class=\"yoast-schema-graph\">{\"@context\":\"https:\/\/schema.org\",\"@graph\":[{\"@type\":\"Article\",\"@id\":\"https:\/\/codewebbarcelona.com\/ca\/blog\/millor-disseny-grafic-del-mes\/#article\",\"isPartOf\":{\"@id\":\"https:\/\/codewebbarcelona.com\/ca\/blog\/millor-disseny-grafic-del-mes\/\"},\"author\":{\"name\":\"cd26Bc\",\"@id\":\"https:\/\/codewebbarcelona.com\/ca\/#\/schema\/person\/3af5f44aaf0de2919e9225aa5ca32567\"},\"headline\":\"El millor disseny gr\u00e0fic del mes\",\"datePublished\":\"2021-07-23T10:06:10+00:00\",\"dateModified\":\"2026-04-21T04:34:39+00:00\",\"mainEntityOfPage\":{\"@id\":\"https:\/\/codewebbarcelona.com\/ca\/blog\/millor-disseny-grafic-del-mes\/\"},\"wordCount\":831,\"image\":{\"@id\":\"https:\/\/codewebbarcelona.com\/ca\/blog\/millor-disseny-grafic-del-mes\/#primaryimage\"},\"thumbnailUrl\":\"https:\/\/codewebbarcelona.com\/wp-content\/uploads\/2021\/07\/mejor-diseC3B1o-grC3A1fico-del-mes-far-skate-06-1.jpg\",\"articleSection\":[\"Disseny i desenvolupament web\",\"Inspiraci\u00f3\",\"Dise\u00f1o gr\u00e1fico\"],\"inLanguage\":\"ca\"},{\"@type\":\"WebPage\",\"@id\":\"https:\/\/codewebbarcelona.com\/ca\/blog\/millor-disseny-grafic-del-mes\/\",\"url\":\"https:\/\/codewebbarcelona.com\/ca\/blog\/millor-disseny-grafic-del-mes\/\",\"name\":\"El millor disseny gr\u00e0fic del mes - Code Barcelona\",\"isPartOf\":{\"@id\":\"https:\/\/codewebbarcelona.com\/ca\/#website\"},\"primaryImageOfPage\":{\"@id\":\"https:\/\/codewebbarcelona.com\/ca\/blog\/millor-disseny-grafic-del-mes\/#primaryimage\"},\"image\":{\"@id\":\"https:\/\/codewebbarcelona.com\/ca\/blog\/millor-disseny-grafic-del-mes\/#primaryimage\"},\"thumbnailUrl\":\"https:\/\/codewebbarcelona.com\/wp-content\/uploads\/2021\/07\/mejor-diseC3B1o-grC3A1fico-del-mes-far-skate-06-1.jpg\",\"datePublished\":\"2021-07-23T10:06:10+00:00\",\"dateModified\":\"2026-04-21T04:34:39+00:00\",\"author\":{\"@id\":\"https:\/\/codewebbarcelona.com\/ca\/#\/schema\/person\/3af5f44aaf0de2919e9225aa5ca32567\"},\"inLanguage\":\"ca\",\"potentialAction\":[{\"@type\":\"ReadAction\",\"target\":[\"https:\/\/codewebbarcelona.com\/ca\/blog\/millor-disseny-grafic-del-mes\/\"]}]},{\"@type\":\"ImageObject\",\"inLanguage\":\"ca\",\"@id\":\"https:\/\/codewebbarcelona.com\/ca\/blog\/millor-disseny-grafic-del-mes\/#primaryimage\",\"url\":\"https:\/\/codewebbarcelona.com\/wp-content\/uploads\/2021\/07\/mejor-diseC3B1o-grC3A1fico-del-mes-far-skate-06-1.jpg\",\"contentUrl\":\"https:\/\/codewebbarcelona.com\/wp-content\/uploads\/2021\/07\/mejor-diseC3B1o-grC3A1fico-del-mes-far-skate-06-1.jpg\",\"width\":860,\"height\":484},{\"@type\":\"WebSite\",\"@id\":\"https:\/\/codewebbarcelona.com\/ca\/#website\",\"url\":\"https:\/\/codewebbarcelona.com\/ca\/\",\"name\":\"Code Barcelona\",\"description\":\"\",\"potentialAction\":[{\"@type\":\"SearchAction\",\"target\":{\"@type\":\"EntryPoint\",\"urlTemplate\":\"https:\/\/codewebbarcelona.com\/ca\/?s={search_term_string}\"},\"query-input\":{\"@type\":\"PropertyValueSpecification\",\"valueRequired\":true,\"valueName\":\"search_term_string\"}}],\"inLanguage\":\"ca\"},{\"@type\":\"Person\",\"@id\":\"https:\/\/codewebbarcelona.com\/ca\/#\/schema\/person\/3af5f44aaf0de2919e9225aa5ca32567\",\"name\":\"cd26Bc\",\"image\":{\"@type\":\"ImageObject\",\"inLanguage\":\"ca\",\"@id\":\"https:\/\/secure.gravatar.com\/avatar\/b904e836584635855eaa0ee2922bae4fe2aa94ffb558048dcc5dac5f98f0fadc?s=96&d=mm&r=g\",\"url\":\"https:\/\/secure.gravatar.com\/avatar\/b904e836584635855eaa0ee2922bae4fe2aa94ffb558048dcc5dac5f98f0fadc?s=96&d=mm&r=g\",\"contentUrl\":\"https:\/\/secure.gravatar.com\/avatar\/b904e836584635855eaa0ee2922bae4fe2aa94ffb558048dcc5dac5f98f0fadc?s=96&d=mm&r=g\",\"caption\":\"cd26Bc\"},\"sameAs\":[\"https:\/\/codewebbarcelona.com\"]}]}<\/script>\n<!-- \/ Yoast SEO plugin. -->","yoast_head_json":{"title":"El millor disseny gr\u00e0fic del mes - Code Barcelona","robots":{"index":"index","follow":"follow","max-snippet":"max-snippet:-1","max-image-preview":"max-image-preview:large","max-video-preview":"max-video-preview:-1"},"canonical":"https:\/\/codewebbarcelona.com\/ca\/blog\/millor-disseny-grafic-del-mes\/","og_locale":"ca_ES","og_type":"article","og_title":"El millor disseny gr\u00e0fic del mes - Code Barcelona","og_description":"Avui sortim a la recerca del millor disseny gr\u00e0fic del mes. T\u2019hi apuntes? Hem seleccionat deu dels projectes m\u00e9s destacats del moment i els analitzarem un a un fins a trobar el millor disseny gr\u00e0fic del mes. El millor disseny gr\u00e0fic del mes FIIT Disseny gr\u00e0fic a c\u00e0rrec de l\u2019estudi de disseny gr\u00e0fic Jet Style [&hellip;]","og_url":"https:\/\/codewebbarcelona.com\/ca\/blog\/millor-disseny-grafic-del-mes\/","og_site_name":"Code Barcelona","article_published_time":"2021-07-23T10:06:10+00:00","article_modified_time":"2026-04-21T04:34:39+00:00","og_image":[{"width":860,"height":484,"url":"https:\/\/codewebbarcelona.com\/wp-content\/uploads\/2021\/07\/mejor-diseC3B1o-grC3A1fico-del-mes-far-skate-06-1.jpg","type":"image\/jpeg"}],"author":"cd26Bc","twitter_card":"summary_large_image","twitter_misc":{"Escrit per":"cd26Bc","Temps estimat de lectura":"4 minuts"},"schema":{"@context":"https:\/\/schema.org","@graph":[{"@type":"Article","@id":"https:\/\/codewebbarcelona.com\/ca\/blog\/millor-disseny-grafic-del-mes\/#article","isPartOf":{"@id":"https:\/\/codewebbarcelona.com\/ca\/blog\/millor-disseny-grafic-del-mes\/"},"author":{"name":"cd26Bc","@id":"https:\/\/codewebbarcelona.com\/ca\/#\/schema\/person\/3af5f44aaf0de2919e9225aa5ca32567"},"headline":"El millor disseny gr\u00e0fic del mes","datePublished":"2021-07-23T10:06:10+00:00","dateModified":"2026-04-21T04:34:39+00:00","mainEntityOfPage":{"@id":"https:\/\/codewebbarcelona.com\/ca\/blog\/millor-disseny-grafic-del-mes\/"},"wordCount":831,"image":{"@id":"https:\/\/codewebbarcelona.com\/ca\/blog\/millor-disseny-grafic-del-mes\/#primaryimage"},"thumbnailUrl":"https:\/\/codewebbarcelona.com\/wp-content\/uploads\/2021\/07\/mejor-diseC3B1o-grC3A1fico-del-mes-far-skate-06-1.jpg","articleSection":["Disseny i desenvolupament web","Inspiraci\u00f3","Dise\u00f1o gr\u00e1fico"],"inLanguage":"ca"},{"@type":"WebPage","@id":"https:\/\/codewebbarcelona.com\/ca\/blog\/millor-disseny-grafic-del-mes\/","url":"https:\/\/codewebbarcelona.com\/ca\/blog\/millor-disseny-grafic-del-mes\/","name":"El millor disseny gr\u00e0fic del mes - Code Barcelona","isPartOf":{"@id":"https:\/\/codewebbarcelona.com\/ca\/#website"},"primaryImageOfPage":{"@id":"https:\/\/codewebbarcelona.com\/ca\/blog\/millor-disseny-grafic-del-mes\/#primaryimage"},"image":{"@id":"https:\/\/codewebbarcelona.com\/ca\/blog\/millor-disseny-grafic-del-mes\/#primaryimage"},"thumbnailUrl":"https:\/\/codewebbarcelona.com\/wp-content\/uploads\/2021\/07\/mejor-diseC3B1o-grC3A1fico-del-mes-far-skate-06-1.jpg","datePublished":"2021-07-23T10:06:10+00:00","dateModified":"2026-04-21T04:34:39+00:00","author":{"@id":"https:\/\/codewebbarcelona.com\/ca\/#\/schema\/person\/3af5f44aaf0de2919e9225aa5ca32567"},"inLanguage":"ca","potentialAction":[{"@type":"ReadAction","target":["https:\/\/codewebbarcelona.com\/ca\/blog\/millor-disseny-grafic-del-mes\/"]}]},{"@type":"ImageObject","inLanguage":"ca","@id":"https:\/\/codewebbarcelona.com\/ca\/blog\/millor-disseny-grafic-del-mes\/#primaryimage","url":"https:\/\/codewebbarcelona.com\/wp-content\/uploads\/2021\/07\/mejor-diseC3B1o-grC3A1fico-del-mes-far-skate-06-1.jpg","contentUrl":"https:\/\/codewebbarcelona.com\/wp-content\/uploads\/2021\/07\/mejor-diseC3B1o-grC3A1fico-del-mes-far-skate-06-1.jpg","width":860,"height":484},{"@type":"WebSite","@id":"https:\/\/codewebbarcelona.com\/ca\/#website","url":"https:\/\/codewebbarcelona.com\/ca\/","name":"Code Barcelona","description":"","potentialAction":[{"@type":"SearchAction","target":{"@type":"EntryPoint","urlTemplate":"https:\/\/codewebbarcelona.com\/ca\/?s={search_term_string}"},"query-input":{"@type":"PropertyValueSpecification","valueRequired":true,"valueName":"search_term_string"}}],"inLanguage":"ca"},{"@type":"Person","@id":"https:\/\/codewebbarcelona.com\/ca\/#\/schema\/person\/3af5f44aaf0de2919e9225aa5ca32567","name":"cd26Bc","image":{"@type":"ImageObject","inLanguage":"ca","@id":"https:\/\/secure.gravatar.com\/avatar\/b904e836584635855eaa0ee2922bae4fe2aa94ffb558048dcc5dac5f98f0fadc?s=96&d=mm&r=g","url":"https:\/\/secure.gravatar.com\/avatar\/b904e836584635855eaa0ee2922bae4fe2aa94ffb558048dcc5dac5f98f0fadc?s=96&d=mm&r=g","contentUrl":"https:\/\/secure.gravatar.com\/avatar\/b904e836584635855eaa0ee2922bae4fe2aa94ffb558048dcc5dac5f98f0fadc?s=96&d=mm&r=g","caption":"cd26Bc"},"sameAs":["https:\/\/codewebbarcelona.com"]}]}},"_links":{"self":[{"href":"https:\/\/codewebbarcelona.com\/ca\/wp-json\/wp\/v2\/posts\/32257","targetHints":{"allow":["GET"]}}],"collection":[{"href":"https:\/\/codewebbarcelona.com\/ca\/wp-json\/wp\/v2\/posts"}],"about":[{"href":"https:\/\/codewebbarcelona.com\/ca\/wp-json\/wp\/v2\/types\/post"}],"author":[{"embeddable":true,"href":"https:\/\/codewebbarcelona.com\/ca\/wp-json\/wp\/v2\/users\/1"}],"replies":[{"embeddable":true,"href":"https:\/\/codewebbarcelona.com\/ca\/wp-json\/wp\/v2\/comments?post=32257"}],"version-history":[{"count":2,"href":"https:\/\/codewebbarcelona.com\/ca\/wp-json\/wp\/v2\/posts\/32257\/revisions"}],"predecessor-version":[{"id":32296,"href":"https:\/\/codewebbarcelona.com\/ca\/wp-json\/wp\/v2\/posts\/32257\/revisions\/32296"}],"wp:featuredmedia":[{"embeddable":true,"href":"https:\/\/codewebbarcelona.com\/ca\/wp-json\/wp\/v2\/media\/13772"}],"wp:attachment":[{"href":"https:\/\/codewebbarcelona.com\/ca\/wp-json\/wp\/v2\/media?parent=32257"}],"wp:term":[{"taxonomy":"category","embeddable":true,"href":"https:\/\/codewebbarcelona.com\/ca\/wp-json\/wp\/v2\/categories?post=32257"}],"curies":[{"name":"wp","href":"https:\/\/api.w.org\/{rel}","templated":true}]}}