{"id":18082,"date":"2025-11-19T07:01:39","date_gmt":"2025-11-19T07:01:39","guid":{"rendered":"https:\/\/codewebbarcelona.com\/diseno-grafico-destacado-de-la-semana-ms-evolutie-ganador-del-if-design-award-2025\/"},"modified":"2026-04-20T19:02:19","modified_gmt":"2026-04-20T19:02:19","slug":"disseny-grafic-setmana-ms-evolutie-if-design-award-2025","status":"publish","type":"post","link":"https:\/\/codewebbarcelona.com\/ca\/blog\/disseny-grafic-setmana-ms-evolutie-if-design-award-2025\/","title":{"rendered":"Disseny gr\u00e0fic destacat de la setmana: MS Evolutie \u2014 Guanyador de l\u2019iF Design Award 2025"},"content":{"rendered":"<p>Cada setmana analitzem un projecte destacat del m\u00f3n del branding, el disseny estrat\u00e8gic i la identitat visual. Avui posem el focus en una de les propostes m\u00e9s inspiradores del panorama europeu:<br \/>\n<strong>MS Evolutie<\/strong>, un vaixell de c\u00e0rrega hist\u00f2ric reconvertit en espai cultural, guardonat amb el prestigi\u00f3s<br \/>\n<strong>iF Design Award 2025<\/strong> en les categories de Comunicaci\u00f3 i Branding.<br \/>\nUn projecte que exemplifica a la perfecci\u00f3 com el disseny gr\u00e0fic professional, la narrativa visual i una base conceptual s\u00f2lida poden transformar una infraestructura industrial en una marca cultural rellevant, flexible i plena de significat.<\/p>\n<div style=\"width: 2560px;\" class=\"wp-video\"><video class=\"wp-video-shortcode\" id=\"video-18082-1\" width=\"2560\" height=\"1440\" preload=\"metadata\" controls=\"controls\"><source type=\"video\/mp4\" src=\"https:\/\/codewebbarcelona.com\/wp-content\/uploads\/2025\/11\/branding-destacado-de-la-semana-ms-evolutie-1.mp4?_=1\" \/><\/video><\/div>\n<p>El treball, signat per <strong>SUAN Conceptual Design GmbH<\/strong> (Basilea, Su\u00efssa), \u00e9s un referent brillant per a qualsevol<br \/>\n<strong>ag\u00e8ncia de branding a Barcelona<\/strong>, estudi de disseny gr\u00e0fic o consultoria estrat\u00e8gica de marca que vulgui entendre com un sistema visual pot unir patrimoni, funcionalitat i contemporane\u00eftat sense perdre autenticitat. Es tracta d\u2019un cas que combina disseny corporatiu, storytelling cultural i un llenguatge visual modular que permet que la marca respiri, s\u2019adapti i evolucioni.<\/p>\n<h3>Un espai cultural flotant amb hist\u00f2ria i prop\u00f2sit<\/h3>\n<p>El <strong>MS Evolutie<\/strong> no \u00e9s un espai cultural convencional. Procedent de Rotterdam, aquest vaixell de c\u00e0rrega vintage ha recorregut durant d\u00e8cades les vies navegables interiors d\u2019Europa fins a convertir-se, anys m\u00e9s tard, en un centre cultural itinerant dedicat a l\u2019art, el teatre, la performance i esdeveniments creatius. Actualment sol estar amarrat a Basilea, per\u00f2 la seva identitat segueix vinculada al moviment, la navegaci\u00f3 i el car\u00e0cter industrial que el defineix.<\/p>\n<p><img decoding=\"async\" class=\"alignnone size-full wp-image-13803\" src=\"https:\/\/codewebbarcelona.com\/wp-content\/uploads\/2025\/11\/branding-destacado-de-la-semana-ms-evolutie-7.jpg\" alt=\"\" width=\"2560\" height=\"1440\" \/><\/p>\n<p><img decoding=\"async\" class=\"alignnone size-full wp-image-13804\" src=\"https:\/\/codewebbarcelona.com\/wp-content\/uploads\/2025\/11\/branding-destacado-de-la-semana-ms-evolutie-5.jpg\" alt=\"\" width=\"2560\" height=\"1440\" \/><\/p>\n<p>Aquest punt de partida atorga al projecte un potencial narratiu enorme: no es tracta nom\u00e9s de crear una identitat visual per a un espai cultural, sin\u00f3 de construir un llenguatge gr\u00e0fic que connecti amb el seu passat mar\u00edtim i, alhora, reflecteixi la seva nova funci\u00f3 com a punt de trobada creativa.<\/p>\n<p>Per a SUAN, el repte era <strong>crear un branding cultural tan flexible com el mateix vaixell<\/strong>: amb aplicacions a xarxes socials, esdeveniments, senyalitzaci\u00f3, marxandatge, publicacions impreses i plataformes digitals. I, a m\u00e9s, capa\u00e7 de transmetre tant la seva ess\u00e8ncia n\u00e0utica com la seva nova missi\u00f3 art\u00edstica.<\/p>\n<p><img decoding=\"async\" class=\"alignnone size-full wp-image-13806\" src=\"https:\/\/codewebbarcelona.com\/wp-content\/uploads\/2025\/11\/branding-destacado-de-la-semana-ms-evolutie-4-1.jpg\" alt=\"\" width=\"2560\" height=\"1440\" \/><\/p>\n<h3>Redefinir el nom del vaixell com a logotip: identitat nascuda de l\u2019objecte<\/h3>\n<p>Un dels encerts conceptuals m\u00e9s potents del projecte \u00e9s l\u2019\u00fas del propi vaixell com a origen del logotip.<br \/>\nEl nom \u201cEvolutie\u201d pintat a la proa es va redibuixar, refinar i reconstruir com un signe tipogr\u00e0fic net, funcional i reconeixible que ara actua com a logotip oficial de la marca.<\/p>\n<p>Aquest gest senzill, per\u00f2 altament estrat\u00e8gic, aporta diversos avantatges al disseny de marca:<\/p>\n<ul>\n<li><strong>Connecta la identitat amb la hist\u00f2ria real<\/strong>: el logotip no \u00e9s una invenci\u00f3, sin\u00f3 un element que ja existia i forma part de l\u2019ADN del vaixell.<\/li>\n<li><strong>Genera coher\u00e8ncia visual<\/strong> en tots els suports i aplicacions.<\/li>\n<li><strong>Integra passat i present<\/strong> de manera org\u00e0nica.<\/li>\n<li><strong>Refor\u00e7a l\u2019autenticitat<\/strong>, un valor clau en el branding cultural.<\/li>\n<\/ul>\n<p>&nbsp;<\/p>\n<p>Per a qualsevol ag\u00e8ncia especialitzada en identitat de marca, \u00e9s un recordatori que el disseny estrat\u00e8gic no consisteix a afegir, sin\u00f3 a <strong>descobrir elements ocults que ja formen part de la hist\u00f2ria del projecte<\/strong>.<\/p>\n<p><img decoding=\"async\" class=\"alignnone size-full wp-image-13808\" src=\"https:\/\/codewebbarcelona.com\/wp-content\/uploads\/2025\/11\/branding-destacado-de-la-semana-ms-evolutie-8.jpg\" alt=\"\" width=\"2560\" height=\"1440\" \/><\/p>\n<h3>Un sistema visual inspirat en la senyalitzaci\u00f3 de navegaci\u00f3 interior<\/h3>\n<p>La inspiraci\u00f3 principal del llenguatge visual prov\u00e9 de l\u2019univers de la navegaci\u00f3 interior europea. SUAN va crear un <strong>design system modular<\/strong> que utilitza:<\/p>\n<ul>\n<li>formes geom\u00e8triques contundents,<\/li>\n<li>simbologia abstracta,<\/li>\n<li>senyals de tr\u00e0nsit mar\u00edtim reinterpretades,<\/li>\n<li>ret\u00edcules estrictes,<\/li>\n<li>i un enfocament gr\u00e0fic d\u2019alt contrast.<\/li>\n<\/ul>\n<p>&nbsp;<\/p>\n<p>Aquest plantejament dota la marca de:<\/p>\n<ul>\n<li><strong>claror funcional<\/strong>, imprescindible en la senyalitzaci\u00f3 n\u00e0utica;<\/li>\n<li><strong>for\u00e7a visual<\/strong>, pr\u00f2pia del disseny su\u00eds contemporani;<\/li>\n<li><strong>un llenguatge modular i flexible<\/strong> aplicable a qualsevol format;<\/li>\n<li><strong>una est\u00e8tica industrial<\/strong> coherent amb l\u2019origen del vaixell.<\/li>\n<\/ul>\n<p>&nbsp;<\/p>\n<p>La tria de basar-se en la navegaci\u00f3 interior no \u00e9s casual. El MS Evolutie \u00e9s un vaixell que ha recorregut Europa durant d\u00e8cades, i la identitat aprofita aquesta mem\u00f2ria visual per construir un sistema alhora cultural, hist\u00f2ric i gr\u00e0fic.<\/p>\n<p><img decoding=\"async\" class=\"alignnone size-full wp-image-13810\" src=\"https:\/\/codewebbarcelona.com\/wp-content\/uploads\/2025\/11\/branding-destacado-de-la-semana-ms-evolutie-10.jpg\" alt=\"\" width=\"2560\" height=\"1440\" \/><\/p>\n<h3>Un branding modular perfecte per a xarxes socials i microaplicacions<\/h3>\n<p>Un dels aspectes m\u00e9s innovadors del projecte \u00e9s la seva capacitat per funcionar en microformats.<br \/>\nLes formes abstractes derivades de la senyalitzaci\u00f3 de navegaci\u00f3 poden convertir-se en:<\/p>\n<ul>\n<li>icones,<\/li>\n<li>marcs gr\u00e0fics,<\/li>\n<li>fons,<\/li>\n<li>patrons adaptables a stories d\u2019Instagram,<\/li>\n<li>elements informatius per a esdeveniments,<\/li>\n<li>separadors visuals,<\/li>\n<li>o petits accents tipogr\u00e0fics.<\/li>\n<\/ul>\n<p>&nbsp;<\/p>\n<p>Aquesta aproximaci\u00f3 fa que el sistema sigui especialment adequat per a l\u2019ecosistema digital actual, on les marques culturals necessiten un llenguatge flexible, reconeixible i f\u00e0cil d\u2019aplicar per equips de comunicaci\u00f3 amb recursos limitats.<\/p>\n<p><img decoding=\"async\" class=\"alignnone size-full wp-image-13811\" src=\"https:\/\/codewebbarcelona.com\/wp-content\/uploads\/2025\/11\/branding-destacado-de-la-semana-ms-evolutie-9.jpg\" alt=\"\" width=\"2560\" height=\"1440\" \/><\/p>\n<p>Les fotografies dels esdeveniments s\u2019integren directament a la ret\u00edcula, permetent una est\u00e8tica ordenada, neta i coherent.<br \/>\nEl resultat s\u00f3n <strong>flyers, cartells i postals<\/strong> amb grans espais en blanc, composicions equilibrades i un look editorial modern que connecta amb el p\u00fablic europeu.<\/p>\n<h3>Un disseny que uneix rigor su\u00eds i sensibilitat cultural<\/h3>\n<p>El sistema visual del MS Evolutie destaca per una qualitat immediata:<br \/>\n<strong>l\u2019equilibri entre estructura i expressi\u00f3<\/strong>.<br \/>\nS\u2019hi percep el rigor del disseny su\u00eds: ret\u00edcules, ordre, precisi\u00f3, coher\u00e8ncia.<br \/>\nPer\u00f2 tamb\u00e9 una sensibilitat cultural: imatges, espais en blanc, ritme visual, narrativa.<\/p>\n<p>Aquest equilibri \u00e9s essencial per a qualsevol identitat cultural contempor\u00e0nia. Les marques culturals no poden ser r\u00edgides, per\u00f2 tampoc poden perdre cohesi\u00f3. Necessiten un sistema que permeti experimentar, per\u00f2 dins d\u2019un marc clar.<\/p>\n<p><img decoding=\"async\" class=\"alignnone size-full wp-image-13812\" src=\"https:\/\/codewebbarcelona.com\/wp-content\/uploads\/2025\/11\/branding-destacado-de-la-semana-ms-evolutie-11.jpg\" alt=\"\" width=\"2560\" height=\"1440\" \/><\/p>\n<p>MS Evolutie ho aconsegueix gr\u00e0cies a:<\/p>\n<ul>\n<li><strong>una tipografia clara i funcional<\/strong>, alineada amb l\u2019univers mar\u00edtim;<\/li>\n<li><strong>una ret\u00edcula estricta<\/strong> que organitza tot el material gr\u00e0fic;<\/li>\n<li><strong>formes abstractes<\/strong> que aporten expressi\u00f3 i dinamisme visual;<\/li>\n<li><strong>una paleta d\u2019alt contrast<\/strong> inspirada en la senyalitzaci\u00f3 n\u00e0utica.<\/li>\n<\/ul>\n<p>&nbsp;<\/p>\n<p>El resultat \u00e9s un branding cultural que funciona tant en entorns impresos com digitals, en espais f\u00edsics, xarxes socials o aplicacions de marxandatge.<\/p>\n<p><img decoding=\"async\" class=\"alignnone size-full wp-image-13809\" src=\"https:\/\/codewebbarcelona.com\/wp-content\/uploads\/2025\/11\/branding-destacado-de-la-semana-ms-evolutie-1.jpg\" alt=\"\" width=\"2560\" height=\"1440\" \/><\/p>\n<h3>El proc\u00e9s de disseny: fidelitat al context i claredat conceptual<\/h3>\n<p>El projecte va ser desenvolupat per <strong>SUAN Conceptual Design GmbH<\/strong> (Basilea, CH), amb l\u2019equip format per<br \/>\n<strong>Susanne Hartmann<\/strong> i <strong>Esther Stute<\/strong>.<br \/>\nEl client, <strong>Evolutie GmbH<\/strong>, volia una marca que respect\u00e9s el car\u00e0cter hist\u00f2ric del vaixell sense caure en la nost\u00e0lgia.<br \/>\nLa clau era actualitzar la imatge mantenint-ne l\u2019esperit original.<\/p>\n<p>Dades clau del disseny:<\/p>\n<ul>\n<li><strong>Any de llan\u00e7ament:<\/strong> 2022<\/li>\n<li><strong>Temps de desenvolupament:<\/strong> 6 mesos<\/li>\n<li><strong>Serveis:<\/strong> Branding, disseny de logotip, sistema modular, regals promocionals, social media<\/li>\n<li><strong>\u00c0mbit:<\/strong> Europa<\/li>\n<li><strong>P\u00fablic objectiu:<\/strong> usuaris d\u2019espais culturals i consumidors creatius<\/li>\n<\/ul>\n<p>&nbsp;<\/p>\n<p>Aquest enfocament demostra una cosa fonamental:<br \/>\nun projecte de branding no consisteix a imposar un llenguatge visual, sin\u00f3 a <strong>descobrir all\u00f2 que fa \u00fanic el projecte i amplificar-ho amb disseny estrat\u00e8gic<\/strong>.<\/p>\n<p><img decoding=\"async\" class=\"alignnone size-full wp-image-13807\" src=\"https:\/\/codewebbarcelona.com\/wp-content\/uploads\/2025\/11\/branding-destacado-de-la-semana-ms-evolutie-2.jpg\" alt=\"\" width=\"2048\" height=\"1152\" \/><\/p>\n<h3>Impacte del projecte i rellev\u00e0ncia en el sector cultural<\/h3>\n<p>El branding del MS Evolutie ha aconseguit posicionar el vaixell com un dels espais culturals m\u00e9s interessants de l\u2019escena independent europea. La seva identitat visual, alhora reconeixible i adaptable, permet:<\/p>\n<ul>\n<li><strong>crear comunitat<\/strong> al voltant de la seva programaci\u00f3 cultural;<\/li>\n<li><strong>refor\u00e7ar el seu car\u00e0cter itinerant<\/strong> i obert;<\/li>\n<li><strong>funcionar com a marca local i europea<\/strong> simult\u00e0niament;<\/li>\n<li><strong>destacar a xarxes socials<\/strong> amb peces gr\u00e0fiques coherents i atractives;<\/li>\n<li><strong>enfortir la coher\u00e8ncia del projecte<\/strong> en totes les seves aplicacions.<\/li>\n<\/ul>\n<p>&nbsp;<\/p>\n<p>El reconeixement obtingut amb l\u2019<strong>iF Design Award 2025<\/strong> subratlla el valor del projecte com a referent en branding cultural contemporani.<\/p>\n<p><img decoding=\"async\" class=\"alignnone size-full wp-image-13813\" src=\"https:\/\/codewebbarcelona.com\/wp-content\/uploads\/2025\/11\/branding-destacado-de-la-semana-ms-evolutie-3.jpg\" alt=\"\" width=\"2560\" height=\"1440\" \/><\/p>\n<h3>Lli\u00e7ons per a estudis de branding i disseny estrat\u00e8gic<\/h3>\n<p>MS Evolutie \u00e9s un cas de gran valor per a qualsevol dissenyador, estudi o ag\u00e8ncia que treballi en projectes de:<\/p>\n<ul>\n<li>branding cultural,<\/li>\n<li>identitat visual per a espais culturals,<\/li>\n<li>disseny corporatiu per a organitzacions creatives,<\/li>\n<li>rebrandings basats en patrimoni,<\/li>\n<li>disseny modular i sistemes visuals.<\/li>\n<\/ul>\n<p>&nbsp;<\/p>\n<p>Les lli\u00e7ons clau que ens deixa aquest projecte s\u00f3n:<\/p>\n<ul>\n<li><strong>La identitat ha de sorgir del context real<\/strong>, no d\u2019una est\u00e8tica arbitr\u00e0ria.<\/li>\n<li><strong>Un bon branding respecta la hist\u00f2ria<\/strong> del projecte i la projecta cap al futur.<\/li>\n<li><strong>Els sistemes modulars<\/strong> ofereixen versatilitat sense perdre coher\u00e8ncia.<\/li>\n<li><strong>La senyalitzaci\u00f3 \u00e9s una oportunitat gr\u00e0fica<\/strong>, no nom\u00e9s un recurs funcional.<\/li>\n<li><strong>El disseny ha d\u2019estar al servei de la narrativa<\/strong> i no a l\u2019inrev\u00e9s.<\/li>\n<\/ul>\n<h3>Conclusi\u00f3: una identitat cultural potent, aut\u00e8ntica i contempor\u00e0nia<\/h3>\n<p>El projecte de branding del <strong>MS Evolutie<\/strong> demostra com el disseny gr\u00e0fic, quan es combina amb claredat conceptual i sensibilitat estrat\u00e8gica, pot transformar un vaixell industrial en una marca cultural ic\u00f2nica.<br \/>\nEl treball de SUAN Conceptual Design GmbH equilibra estructura, expressi\u00f3 i autenticitat amb una precisi\u00f3 admirable.<\/p>\n<p>Per aix\u00f2 ha estat reconegut amb l\u2019<strong>iF Design Award 2025<\/strong>: no nom\u00e9s per la seva est\u00e8tica, sin\u00f3 per la seva capacitat de construir un pont entre her\u00e8ncia, cultura i disseny contemporani.<\/p>\n<p>MS Evolutie no \u00e9s nom\u00e9s un vaixell.<br \/>\n\u00c9s una identitat viva, flexible i plena d\u2019hist\u00f2ria.<br \/>\n\u00c9s un exemple de com el branding pot convertir un espai en un s\u00edmbol cultural.<\/p>\n<p>Un projecte que inspira, connecta i navega cap al futur del disseny.<\/p>\n","protected":false},"excerpt":{"rendered":"<p>Cada setmana analitzem un projecte destacat del m\u00f3n del branding, el disseny estrat\u00e8gic i la identitat visual. Avui posem el focus en una de les propostes m\u00e9s inspiradores del panorama europeu: MS Evolutie, un vaixell de c\u00e0rrega hist\u00f2ric reconvertit en espai cultural, guardonat amb el prestigi\u00f3s iF Design Award 2025 en les categories de Comunicaci\u00f3 [&hellip;]<\/p>\n","protected":false},"author":1,"featured_media":1548,"comment_status":"closed","ping_status":"closed","sticky":false,"template":"","format":"standard","meta":{"_acf_changed":false,"footnotes":""},"categories":[210,134],"class_list":["post-18082","post","type-post","status-publish","format-standard","has-post-thumbnail","hentry","category-inspiracio","category-disseny-grafic"],"acf":[],"yoast_head":"<!-- This site is optimized with the Yoast SEO plugin v27.2 - https:\/\/yoast.com\/product\/yoast-seo-wordpress\/ -->\n<title>Disseny gr\u00e0fic destacat de la setmana: MS Evolutie \u2014 Guanyador de l\u2019iF Design Award 2025 - Code Barcelona<\/title>\n<meta name=\"robots\" content=\"index, follow, max-snippet:-1, max-image-preview:large, max-video-preview:-1\" \/>\n<link rel=\"canonical\" href=\"https:\/\/codewebbarcelona.com\/ca\/blog\/disseny-grafic-setmana-ms-evolutie-if-design-award-2025\/\" \/>\n<meta property=\"og:locale\" content=\"ca_ES\" \/>\n<meta property=\"og:type\" content=\"article\" \/>\n<meta property=\"og:title\" content=\"Disseny gr\u00e0fic destacat de la setmana: MS Evolutie \u2014 Guanyador de l\u2019iF Design Award 2025 - Code Barcelona\" \/>\n<meta property=\"og:description\" content=\"Cada setmana analitzem un projecte destacat del m\u00f3n del branding, el disseny estrat\u00e8gic i la identitat visual. Avui posem el focus en una de les propostes m\u00e9s inspiradores del panorama europeu: MS Evolutie, un vaixell de c\u00e0rrega hist\u00f2ric reconvertit en espai cultural, guardonat amb el prestigi\u00f3s iF Design Award 2025 en les categories de Comunicaci\u00f3 [&hellip;]\" \/>\n<meta property=\"og:url\" content=\"https:\/\/codewebbarcelona.com\/ca\/blog\/disseny-grafic-setmana-ms-evolutie-if-design-award-2025\/\" \/>\n<meta property=\"og:site_name\" content=\"Code Barcelona\" \/>\n<meta property=\"article:published_time\" content=\"2025-11-19T07:01:39+00:00\" \/>\n<meta property=\"article:modified_time\" content=\"2026-04-20T19:02:19+00:00\" \/>\n<meta property=\"og:image\" content=\"https:\/\/codewebbarcelona.com\/wp-content\/uploads\/2025\/11\/diseno-grafico-destacado-de-la-semana-ms-evolutie-ganador-del-if-design-award-2025-featured.gif\" \/>\n\t<meta property=\"og:image:width\" content=\"800\" \/>\n\t<meta property=\"og:image:height\" content=\"450\" \/>\n\t<meta property=\"og:image:type\" content=\"image\/gif\" \/>\n<meta name=\"author\" content=\"cd26Bc\" \/>\n<meta name=\"twitter:card\" content=\"summary_large_image\" \/>\n<meta name=\"twitter:label1\" content=\"Escrit per\" \/>\n\t<meta name=\"twitter:data1\" content=\"cd26Bc\" \/>\n\t<meta name=\"twitter:label2\" content=\"Temps estimat de lectura\" \/>\n\t<meta name=\"twitter:data2\" content=\"8 minuts\" \/>\n<script type=\"application\/ld+json\" class=\"yoast-schema-graph\">{\"@context\":\"https:\/\/schema.org\",\"@graph\":[{\"@type\":\"Article\",\"@id\":\"https:\/\/codewebbarcelona.com\/ca\/blog\/disseny-grafic-setmana-ms-evolutie-if-design-award-2025\/#article\",\"isPartOf\":{\"@id\":\"https:\/\/codewebbarcelona.com\/ca\/blog\/disseny-grafic-setmana-ms-evolutie-if-design-award-2025\/\"},\"author\":{\"name\":\"cd26Bc\",\"@id\":\"https:\/\/codewebbarcelona.com\/ca\/#\/schema\/person\/3af5f44aaf0de2919e9225aa5ca32567\"},\"headline\":\"Disseny gr\u00e0fic destacat de la setmana: MS Evolutie \u2014 Guanyador de l\u2019iF Design Award 2025\",\"datePublished\":\"2025-11-19T07:01:39+00:00\",\"dateModified\":\"2026-04-20T19:02:19+00:00\",\"mainEntityOfPage\":{\"@id\":\"https:\/\/codewebbarcelona.com\/ca\/blog\/disseny-grafic-setmana-ms-evolutie-if-design-award-2025\/\"},\"wordCount\":1542,\"image\":{\"@id\":\"https:\/\/codewebbarcelona.com\/ca\/blog\/disseny-grafic-setmana-ms-evolutie-if-design-award-2025\/#primaryimage\"},\"thumbnailUrl\":\"https:\/\/codewebbarcelona.com\/wp-content\/uploads\/2025\/11\/diseno-grafico-destacado-de-la-semana-ms-evolutie-ganador-del-if-design-award-2025-featured.gif\",\"articleSection\":[\"Inspiraci\u00f3\",\"Dise\u00f1o gr\u00e1fico\"],\"inLanguage\":\"ca\"},{\"@type\":\"WebPage\",\"@id\":\"https:\/\/codewebbarcelona.com\/ca\/blog\/disseny-grafic-setmana-ms-evolutie-if-design-award-2025\/\",\"url\":\"https:\/\/codewebbarcelona.com\/ca\/blog\/disseny-grafic-setmana-ms-evolutie-if-design-award-2025\/\",\"name\":\"Disseny gr\u00e0fic destacat de la setmana: MS Evolutie \u2014 Guanyador de l\u2019iF Design Award 2025 - Code Barcelona\",\"isPartOf\":{\"@id\":\"https:\/\/codewebbarcelona.com\/ca\/#website\"},\"primaryImageOfPage\":{\"@id\":\"https:\/\/codewebbarcelona.com\/ca\/blog\/disseny-grafic-setmana-ms-evolutie-if-design-award-2025\/#primaryimage\"},\"image\":{\"@id\":\"https:\/\/codewebbarcelona.com\/ca\/blog\/disseny-grafic-setmana-ms-evolutie-if-design-award-2025\/#primaryimage\"},\"thumbnailUrl\":\"https:\/\/codewebbarcelona.com\/wp-content\/uploads\/2025\/11\/diseno-grafico-destacado-de-la-semana-ms-evolutie-ganador-del-if-design-award-2025-featured.gif\",\"datePublished\":\"2025-11-19T07:01:39+00:00\",\"dateModified\":\"2026-04-20T19:02:19+00:00\",\"author\":{\"@id\":\"https:\/\/codewebbarcelona.com\/ca\/#\/schema\/person\/3af5f44aaf0de2919e9225aa5ca32567\"},\"inLanguage\":\"ca\",\"potentialAction\":[{\"@type\":\"ReadAction\",\"target\":[\"https:\/\/codewebbarcelona.com\/ca\/blog\/disseny-grafic-setmana-ms-evolutie-if-design-award-2025\/\"]}]},{\"@type\":\"ImageObject\",\"inLanguage\":\"ca\",\"@id\":\"https:\/\/codewebbarcelona.com\/ca\/blog\/disseny-grafic-setmana-ms-evolutie-if-design-award-2025\/#primaryimage\",\"url\":\"https:\/\/codewebbarcelona.com\/wp-content\/uploads\/2025\/11\/diseno-grafico-destacado-de-la-semana-ms-evolutie-ganador-del-if-design-award-2025-featured.gif\",\"contentUrl\":\"https:\/\/codewebbarcelona.com\/wp-content\/uploads\/2025\/11\/diseno-grafico-destacado-de-la-semana-ms-evolutie-ganador-del-if-design-award-2025-featured.gif\",\"width\":800,\"height\":450},{\"@type\":\"WebSite\",\"@id\":\"https:\/\/codewebbarcelona.com\/ca\/#website\",\"url\":\"https:\/\/codewebbarcelona.com\/ca\/\",\"name\":\"Code Barcelona\",\"description\":\"\",\"potentialAction\":[{\"@type\":\"SearchAction\",\"target\":{\"@type\":\"EntryPoint\",\"urlTemplate\":\"https:\/\/codewebbarcelona.com\/ca\/?s={search_term_string}\"},\"query-input\":{\"@type\":\"PropertyValueSpecification\",\"valueRequired\":true,\"valueName\":\"search_term_string\"}}],\"inLanguage\":\"ca\"},{\"@type\":\"Person\",\"@id\":\"https:\/\/codewebbarcelona.com\/ca\/#\/schema\/person\/3af5f44aaf0de2919e9225aa5ca32567\",\"name\":\"cd26Bc\",\"image\":{\"@type\":\"ImageObject\",\"inLanguage\":\"ca\",\"@id\":\"https:\/\/secure.gravatar.com\/avatar\/b904e836584635855eaa0ee2922bae4fe2aa94ffb558048dcc5dac5f98f0fadc?s=96&d=mm&r=g\",\"url\":\"https:\/\/secure.gravatar.com\/avatar\/b904e836584635855eaa0ee2922bae4fe2aa94ffb558048dcc5dac5f98f0fadc?s=96&d=mm&r=g\",\"contentUrl\":\"https:\/\/secure.gravatar.com\/avatar\/b904e836584635855eaa0ee2922bae4fe2aa94ffb558048dcc5dac5f98f0fadc?s=96&d=mm&r=g\",\"caption\":\"cd26Bc\"},\"sameAs\":[\"https:\/\/codewebbarcelona.com\"]}]}<\/script>\n<!-- \/ Yoast SEO plugin. -->","yoast_head_json":{"title":"Disseny gr\u00e0fic destacat de la setmana: MS Evolutie \u2014 Guanyador de l\u2019iF Design Award 2025 - Code Barcelona","robots":{"index":"index","follow":"follow","max-snippet":"max-snippet:-1","max-image-preview":"max-image-preview:large","max-video-preview":"max-video-preview:-1"},"canonical":"https:\/\/codewebbarcelona.com\/ca\/blog\/disseny-grafic-setmana-ms-evolutie-if-design-award-2025\/","og_locale":"ca_ES","og_type":"article","og_title":"Disseny gr\u00e0fic destacat de la setmana: MS Evolutie \u2014 Guanyador de l\u2019iF Design Award 2025 - Code Barcelona","og_description":"Cada setmana analitzem un projecte destacat del m\u00f3n del branding, el disseny estrat\u00e8gic i la identitat visual. Avui posem el focus en una de les propostes m\u00e9s inspiradores del panorama europeu: MS Evolutie, un vaixell de c\u00e0rrega hist\u00f2ric reconvertit en espai cultural, guardonat amb el prestigi\u00f3s iF Design Award 2025 en les categories de Comunicaci\u00f3 [&hellip;]","og_url":"https:\/\/codewebbarcelona.com\/ca\/blog\/disseny-grafic-setmana-ms-evolutie-if-design-award-2025\/","og_site_name":"Code Barcelona","article_published_time":"2025-11-19T07:01:39+00:00","article_modified_time":"2026-04-20T19:02:19+00:00","og_image":[{"width":800,"height":450,"url":"https:\/\/codewebbarcelona.com\/wp-content\/uploads\/2025\/11\/diseno-grafico-destacado-de-la-semana-ms-evolutie-ganador-del-if-design-award-2025-featured.gif","type":"image\/gif"}],"author":"cd26Bc","twitter_card":"summary_large_image","twitter_misc":{"Escrit per":"cd26Bc","Temps estimat de lectura":"8 minuts"},"schema":{"@context":"https:\/\/schema.org","@graph":[{"@type":"Article","@id":"https:\/\/codewebbarcelona.com\/ca\/blog\/disseny-grafic-setmana-ms-evolutie-if-design-award-2025\/#article","isPartOf":{"@id":"https:\/\/codewebbarcelona.com\/ca\/blog\/disseny-grafic-setmana-ms-evolutie-if-design-award-2025\/"},"author":{"name":"cd26Bc","@id":"https:\/\/codewebbarcelona.com\/ca\/#\/schema\/person\/3af5f44aaf0de2919e9225aa5ca32567"},"headline":"Disseny gr\u00e0fic destacat de la setmana: MS Evolutie \u2014 Guanyador de l\u2019iF Design Award 2025","datePublished":"2025-11-19T07:01:39+00:00","dateModified":"2026-04-20T19:02:19+00:00","mainEntityOfPage":{"@id":"https:\/\/codewebbarcelona.com\/ca\/blog\/disseny-grafic-setmana-ms-evolutie-if-design-award-2025\/"},"wordCount":1542,"image":{"@id":"https:\/\/codewebbarcelona.com\/ca\/blog\/disseny-grafic-setmana-ms-evolutie-if-design-award-2025\/#primaryimage"},"thumbnailUrl":"https:\/\/codewebbarcelona.com\/wp-content\/uploads\/2025\/11\/diseno-grafico-destacado-de-la-semana-ms-evolutie-ganador-del-if-design-award-2025-featured.gif","articleSection":["Inspiraci\u00f3","Dise\u00f1o gr\u00e1fico"],"inLanguage":"ca"},{"@type":"WebPage","@id":"https:\/\/codewebbarcelona.com\/ca\/blog\/disseny-grafic-setmana-ms-evolutie-if-design-award-2025\/","url":"https:\/\/codewebbarcelona.com\/ca\/blog\/disseny-grafic-setmana-ms-evolutie-if-design-award-2025\/","name":"Disseny gr\u00e0fic destacat de la setmana: MS Evolutie \u2014 Guanyador de l\u2019iF Design Award 2025 - Code Barcelona","isPartOf":{"@id":"https:\/\/codewebbarcelona.com\/ca\/#website"},"primaryImageOfPage":{"@id":"https:\/\/codewebbarcelona.com\/ca\/blog\/disseny-grafic-setmana-ms-evolutie-if-design-award-2025\/#primaryimage"},"image":{"@id":"https:\/\/codewebbarcelona.com\/ca\/blog\/disseny-grafic-setmana-ms-evolutie-if-design-award-2025\/#primaryimage"},"thumbnailUrl":"https:\/\/codewebbarcelona.com\/wp-content\/uploads\/2025\/11\/diseno-grafico-destacado-de-la-semana-ms-evolutie-ganador-del-if-design-award-2025-featured.gif","datePublished":"2025-11-19T07:01:39+00:00","dateModified":"2026-04-20T19:02:19+00:00","author":{"@id":"https:\/\/codewebbarcelona.com\/ca\/#\/schema\/person\/3af5f44aaf0de2919e9225aa5ca32567"},"inLanguage":"ca","potentialAction":[{"@type":"ReadAction","target":["https:\/\/codewebbarcelona.com\/ca\/blog\/disseny-grafic-setmana-ms-evolutie-if-design-award-2025\/"]}]},{"@type":"ImageObject","inLanguage":"ca","@id":"https:\/\/codewebbarcelona.com\/ca\/blog\/disseny-grafic-setmana-ms-evolutie-if-design-award-2025\/#primaryimage","url":"https:\/\/codewebbarcelona.com\/wp-content\/uploads\/2025\/11\/diseno-grafico-destacado-de-la-semana-ms-evolutie-ganador-del-if-design-award-2025-featured.gif","contentUrl":"https:\/\/codewebbarcelona.com\/wp-content\/uploads\/2025\/11\/diseno-grafico-destacado-de-la-semana-ms-evolutie-ganador-del-if-design-award-2025-featured.gif","width":800,"height":450},{"@type":"WebSite","@id":"https:\/\/codewebbarcelona.com\/ca\/#website","url":"https:\/\/codewebbarcelona.com\/ca\/","name":"Code Barcelona","description":"","potentialAction":[{"@type":"SearchAction","target":{"@type":"EntryPoint","urlTemplate":"https:\/\/codewebbarcelona.com\/ca\/?s={search_term_string}"},"query-input":{"@type":"PropertyValueSpecification","valueRequired":true,"valueName":"search_term_string"}}],"inLanguage":"ca"},{"@type":"Person","@id":"https:\/\/codewebbarcelona.com\/ca\/#\/schema\/person\/3af5f44aaf0de2919e9225aa5ca32567","name":"cd26Bc","image":{"@type":"ImageObject","inLanguage":"ca","@id":"https:\/\/secure.gravatar.com\/avatar\/b904e836584635855eaa0ee2922bae4fe2aa94ffb558048dcc5dac5f98f0fadc?s=96&d=mm&r=g","url":"https:\/\/secure.gravatar.com\/avatar\/b904e836584635855eaa0ee2922bae4fe2aa94ffb558048dcc5dac5f98f0fadc?s=96&d=mm&r=g","contentUrl":"https:\/\/secure.gravatar.com\/avatar\/b904e836584635855eaa0ee2922bae4fe2aa94ffb558048dcc5dac5f98f0fadc?s=96&d=mm&r=g","caption":"cd26Bc"},"sameAs":["https:\/\/codewebbarcelona.com"]}]}},"_links":{"self":[{"href":"https:\/\/codewebbarcelona.com\/ca\/wp-json\/wp\/v2\/posts\/18082","targetHints":{"allow":["GET"]}}],"collection":[{"href":"https:\/\/codewebbarcelona.com\/ca\/wp-json\/wp\/v2\/posts"}],"about":[{"href":"https:\/\/codewebbarcelona.com\/ca\/wp-json\/wp\/v2\/types\/post"}],"author":[{"embeddable":true,"href":"https:\/\/codewebbarcelona.com\/ca\/wp-json\/wp\/v2\/users\/1"}],"replies":[{"embeddable":true,"href":"https:\/\/codewebbarcelona.com\/ca\/wp-json\/wp\/v2\/comments?post=18082"}],"version-history":[{"count":2,"href":"https:\/\/codewebbarcelona.com\/ca\/wp-json\/wp\/v2\/posts\/18082\/revisions"}],"predecessor-version":[{"id":18095,"href":"https:\/\/codewebbarcelona.com\/ca\/wp-json\/wp\/v2\/posts\/18082\/revisions\/18095"}],"wp:featuredmedia":[{"embeddable":true,"href":"https:\/\/codewebbarcelona.com\/ca\/wp-json\/wp\/v2\/media\/1548"}],"wp:attachment":[{"href":"https:\/\/codewebbarcelona.com\/ca\/wp-json\/wp\/v2\/media?parent=18082"}],"wp:term":[{"taxonomy":"category","embeddable":true,"href":"https:\/\/codewebbarcelona.com\/ca\/wp-json\/wp\/v2\/categories?post=18082"}],"curies":[{"name":"wp","href":"https:\/\/api.w.org\/{rel}","templated":true}]}}