{"id":18051,"date":"2025-11-25T06:39:11","date_gmt":"2025-11-25T06:39:11","guid":{"rendered":"https:\/\/codewebbarcelona.com\/diseno-grafico-destacado-la-semana-kulturhavna-by-anti\/"},"modified":"2026-04-20T19:01:30","modified_gmt":"2026-04-20T19:01:30","slug":"disseny-grafic-destacat-setmana-kulturhavna-by-anti","status":"publish","type":"post","link":"https:\/\/codewebbarcelona.com\/ca\/blog\/disseny-grafic-destacat-setmana-kulturhavna-by-anti\/","title":{"rendered":"Disseny gr\u00e0fic destacat de la setmana: Kulturhavna by Anti"},"content":{"rendered":"<h3>Kulturhavna: la identitat viva que transforma un espai urb\u00e0 a trav\u00e9s del disseny participatiu<\/h3>\n<p>Hi ha projectes de disseny gr\u00e0fic que simplement creen una identitat visual. I despr\u00e9s n\u2019hi ha uns pocs, com <strong>Kulturhavna<\/strong>, que construeixen una identitat que viu, respira i evoluciona al ritme de la comunitat. Desenvolupat per <strong>Anti<\/strong> (Noruega) i guardonat amb l\u2019<strong>European Design Awards 2025 \u2013 Gold<\/strong> a la categoria <em>Brand Logo<\/em>, aquest projecte redefineix qu\u00e8 pot ser una marca en l\u2019espai p\u00fablic contemporani.<\/p>\n<p><iframe title=\"Kulturhavna Identity\" src=\"https:\/\/player.vimeo.com\/video\/1052313402?h=1f46db5039&amp;app_id=122963&amp;dnt=1&amp;quality=1080p&amp;autoplay=1&amp;loop=0\" width=\"100%\" height=\"500\" frameborder=\"0\" allowfullscreen=\"allowfullscreen\"><br \/>\n<\/iframe><\/p>\n<p>Des de la nostra experi\u00e8ncia com a <strong>ag\u00e8ncia de comunicaci\u00f3 i disseny gr\u00e0fic a Barcelona<\/strong>, especialitzada en branding, disseny web i identitat visual, Kulturhavna ens ofereix una lli\u00e7\u00f3 magistral d\u2019innovaci\u00f3: demostra que el disseny pot ser flexible, din\u00e0mic, participatiu i profundament hum\u00e0. Una refer\u00e8ncia ideal per repensar com abordem la creaci\u00f3 de marques per a institucions, barris, projectes culturals i processos participatius.<\/p>\n<h3>Un espai urb\u00e0 temporal transformat pels seus propis habitants<\/h3>\n<p>Kulturhavna \u2014\u201cCulture Harbor\u201d\u2014 \u00e9s un projecte de desenvolupament urb\u00e0 temporal a \u00c5lesund, Noruega. La pregunta que impulsa el projecte \u00e9s tan simple com radical: <em>com omplim un espai urb\u00e0 de cultura?<\/em> I, encara m\u00e9s important, <em>com pot aquesta cultura influir en la seva identitat visual?<\/em><\/p>\n<p>En comptes de crear un logotip est\u00e0tic o un manual r\u00edgid, Anti va decidir que la identitat havia de reflectir exactament el que passa a l\u2019espai: un lloc en canvi constant, definit per les necessitats, desitjos i aportacions de qui l\u2019habita. Aix\u00ed neix una identitat modular i evolutiva, un sistema gr\u00e0fic obert a la interpretaci\u00f3 i a la participaci\u00f3 ciutadana.<\/p>\n<h3>La \u201cK\u201d com a contenidor de cultura<\/h3>\n<div style=\"width: 1920px;\" class=\"wp-video\"><video class=\"wp-video-shortcode\" id=\"video-18051-1\" width=\"1920\" height=\"1080\" preload=\"metadata\" controls=\"controls\"><source type=\"video\/mp4\" src=\"https:\/\/codewebbarcelona.com\/wp-content\/uploads\/2025\/11\/diseno-grafico-destacado-de-la-semana-kulturhavna-by-anti-7.mp4?_=1\" \/><\/video><\/div>\n<div style=\"width: 1920px;\" class=\"wp-video\"><video class=\"wp-video-shortcode\" id=\"video-18051-2\" width=\"1920\" height=\"1080\" preload=\"metadata\" controls=\"controls\"><source type=\"video\/mp4\" src=\"https:\/\/codewebbarcelona.com\/wp-content\/uploads\/2025\/11\/diseno-grafico-destacado-de-la-semana-kulturhavna-by-anti-8.mp4?_=2\" \/><\/video><\/div>\n<div style=\"width: 1920px;\" class=\"wp-video\"><video class=\"wp-video-shortcode\" id=\"video-18051-3\" width=\"1920\" height=\"1080\" preload=\"metadata\" controls=\"controls\"><source type=\"video\/mp4\" src=\"https:\/\/codewebbarcelona.com\/wp-content\/uploads\/2025\/11\/diseno-grafico-destacado-de-la-semana-kulturhavna-by-anti-4.mp4?_=3\" \/><\/video><\/div>\n<p>El cor del sistema \u00e9s la lletra <strong>\u201cK\u201d de Kultur<\/strong>. Per\u00f2 no \u00e9s una lletra fixa, sin\u00f3 un <strong>s\u00edmbol constru\u00eft a partir d\u2019una graella de tres parts<\/strong>. Cada part s\u2019omple amb <strong>icones dibuixades a m\u00e0<\/strong> que representen activitats, idees o usos proposats pels ve\u00efns: esdeveniments culturals, jocs infantils, zones esportives, tallers, espais de trobada, instal\u00b7lacions creatives\u2026<\/p>\n<p>Aquest sistema generatiu permet crear m\u00e9s de <strong>1.953.125 combinacions \u00faniques<\/strong>. Cada ciutad\u00e0 que participa a Kultuhavna genera la seva pr\u00f2pia \u201cK\u201d, que es converteix en una versi\u00f3 personalitzada del logotip. El resultat \u00e9s una identitat que no representa el lloc: <strong>es construeix amb el lloc<\/strong>.<\/p>\n<div style=\"width: 3826px;\" class=\"wp-video\"><video class=\"wp-video-shortcode\" id=\"video-18051-4\" width=\"3826\" height=\"2370\" preload=\"metadata\" controls=\"controls\"><source type=\"video\/mp4\" src=\"https:\/\/codewebbarcelona.com\/wp-content\/uploads\/2025\/11\/diseno-grafico-destacado-de-la-semana-kulturhavna-by-anti-2.mp4?_=4\" \/><\/video><\/div>\n<div style=\"width: 3650px;\" class=\"wp-video\"><video class=\"wp-video-shortcode\" id=\"video-18051-5\" width=\"3650\" height=\"2160\" preload=\"metadata\" controls=\"controls\"><source type=\"video\/mp4\" src=\"https:\/\/codewebbarcelona.com\/wp-content\/uploads\/2025\/11\/diseno-grafico-destacado-de-la-semana-kulturhavna-by-anti-3.mp4?_=5\" \/><\/video><\/div>\n<h3>Disseny participatiu: quan la marca no s\u2019imposa, es co-crea<\/h3>\n<p>Una de les decisions m\u00e9s potents del projecte va ser renunciar al logotip tradicional. En el seu lloc, Anti va crear un sistema que \u00e9s tant visual com metodol\u00f2gic: la identitat es genera a partir de la participaci\u00f3 directa de la comunitat.<\/p>\n<p>Aix\u00f2 trenca amb els models cl\u00e0ssics de branding institucional a Europa \u2014i obre una via molt interessant per a ciutats com <strong>Barcelona<\/strong>, on els processos participatius ja formen part essencial de l\u2019urbanisme contemporani.<\/p>\n<p>La filosofia \u00e9s clara: una identitat basada en la regeneraci\u00f3 urbana no pot ser est\u00e0tica. Ha de ser <strong>viva, flexible i inclusiva<\/strong>. I aix\u00ed ho demostra Kulturhavna.<\/p>\n<div style=\"width: 2160px;\" class=\"wp-video\"><video class=\"wp-video-shortcode\" id=\"video-18051-6\" width=\"2160\" height=\"2160\" preload=\"metadata\" controls=\"controls\"><source type=\"video\/mp4\" src=\"https:\/\/codewebbarcelona.com\/wp-content\/uploads\/2025\/11\/diseno-grafico-destacado-de-la-semana-kulturhavna-by-anti-1.mp4?_=6\" \/><\/video><\/div>\n<div style=\"width: 2160px;\" class=\"wp-video\"><video class=\"wp-video-shortcode\" id=\"video-18051-7\" width=\"2160\" height=\"2160\" preload=\"metadata\" controls=\"controls\"><source type=\"video\/mp4\" src=\"https:\/\/codewebbarcelona.com\/wp-content\/uploads\/2025\/11\/diseno-grafico-destacado-de-la-semana-kulturhavna-by-anti-5.mp4?_=7\" \/><\/video><\/div>\n<div style=\"width: 2160px;\" class=\"wp-video\"><video class=\"wp-video-shortcode\" id=\"video-18051-8\" width=\"2160\" height=\"2160\" preload=\"metadata\" controls=\"controls\"><source type=\"video\/mp4\" src=\"https:\/\/codewebbarcelona.com\/wp-content\/uploads\/2025\/11\/diseno-grafico-destacado-de-la-semana-kulturhavna-by-anti-6.mp4?_=8\" \/><\/video><\/div>\n<h3>La plataforma digital: del disseny gr\u00e0fic a l\u2019experi\u00e8ncia participativa<\/h3>\n<p>Perqu\u00e8 la identitat no es qued\u00e9s nom\u00e9s en el concepte visual, Anti va desenvolupar una <strong>plataforma digital de participaci\u00f3<\/strong> pensada per ser accessible, intu\u00eftiva i motivadora. El seu objectiu: convertir l\u2019opini\u00f3 ciutadana en la mat\u00e8ria primera que dona forma tant a la identitat com al futur de l\u2019espai urb\u00e0.<\/p>\n<p>Aquesta plataforma permet als ciutadans:<\/p>\n<ul>\n<li>Enviar idees i suggeriments per a activitats i usos de l\u2019espai.<\/li>\n<li>Votar propostes d\u2019altres ve\u00efns.<\/li>\n<li>Veure en temps real quines activitats s\u00f3n les m\u00e9s sol\u00b7licitades.<\/li>\n<li>Consultar quins projectes ja s\u2019han implementat.<\/li>\n<li>Generar autom\u00e0ticament la seva pr\u00f2pia \u201cK\u201d personalitzada.<\/li>\n<\/ul>\n<p>&nbsp;<\/p>\n<p>L\u2019enfocament resol un problema habitual: els processos participatius tradicionals (enquestes, reunions, taules rodones) solen ser poc atractius i arriben a un p\u00fablic limitat. En canvi, Kulturhavna aposta per la gamificaci\u00f3 i la visualitzaci\u00f3 immediata.<\/p>\n<p><img decoding=\"async\" src=\"https:\/\/codewebbarcelona.com\/wp-content\/uploads\/2025\/11\/diseno-grafico-destacado-de-la-semana-kulturhavna-by-anti-3.jpg\" alt=\"\" width=\"1920\" height=\"1080\" class=\"alignnone size-full wp-image-13858\" \/><\/p>\n<p><img decoding=\"async\" src=\"https:\/\/codewebbarcelona.com\/wp-content\/uploads\/2025\/11\/diseno-grafico-destacado-de-la-semana-kulturhavna-by-anti-11.jpg\" alt=\"\" width=\"1920\" height=\"1080\" class=\"alignnone size-full wp-image-13859\" \/><\/p>\n<p><img decoding=\"async\" src=\"https:\/\/codewebbarcelona.com\/wp-content\/uploads\/2025\/11\/diseno-grafico-destacado-de-la-semana-kulturhavna-by-anti-12.jpg\" alt=\"\" width=\"1920\" height=\"1080\" class=\"alignnone size-full wp-image-13860\" \/><\/p>\n<h3>\u201cEl teu Kulturhavna\u201d: una identitat emocional i personal<\/h3>\n<p>Quan l\u2019usuari fa la seva aportaci\u00f3, la plataforma genera una versi\u00f3 \u00fanica de la \u201cK\u201d, formada pels <strong>tres icones<\/strong> escollits. Aquesta \u201cK\u201d es converteix en <strong>el seu Kulturhavna<\/strong>, una representaci\u00f3 visual de la seva participaci\u00f3.<\/p>\n<p>Aquest s\u00edmbol personalitzable refor\u00e7a el vincle emocional amb el projecte. Aix\u00ed, la marca funciona tant a nivell col\u00b7lectiu com individual, un fet poc habitual en identitats institucionals o urban\u00edstiques.<\/p>\n<p>Les versions personalitzades del logotip es poden aplicar a:<\/p>\n<ul>\n<li>Merchandising.<\/li>\n<li>Senyalitzaci\u00f3 ef\u00edmera.<\/li>\n<li>Cartelleria d\u2019esdeveniments.<\/li>\n<li>Accions participatives.<\/li>\n<li>Material promocional.<\/li>\n<\/ul>\n<p>&nbsp;<\/p>\n<p>D\u2019aquesta manera, la identitat surt de la pantalla i entra a la vida quotidiana dels habitants.<\/p>\n<p><img decoding=\"async\" src=\"https:\/\/codewebbarcelona.com\/wp-content\/uploads\/2025\/11\/diseno-grafico-destacado-de-la-semana-kulturhavna-by-anti-4.jpg\" alt=\"\" width=\"1920\" height=\"1080\" class=\"alignnone size-full wp-image-13861\" \/><\/p>\n<p><img decoding=\"async\" src=\"https:\/\/codewebbarcelona.com\/wp-content\/uploads\/2025\/11\/diseno-grafico-destacado-de-la-semana-kulturhavna-by-anti-10.jpg\" alt=\"\" width=\"1920\" height=\"1080\" class=\"alignnone size-full wp-image-13862\" \/><\/p>\n<p><img decoding=\"async\" src=\"https:\/\/codewebbarcelona.com\/wp-content\/uploads\/2025\/11\/diseno-grafico-destacado-de-la-semana-kulturhavna-by-anti-3-2.jpg\" alt=\"\" width=\"1920\" height=\"1080\" class=\"alignnone size-full wp-image-13863\" \/><\/p>\n<h3>Impacte real: dades que modelen la cultura del lloc<\/h3>\n<p>A m\u00e9s de generar identitat visual, la plataforma ofereix un <strong>panell de dades en temps real<\/strong> que mostra:<\/p>\n<ul>\n<li>Les activitats m\u00e9s votades.<\/li>\n<li>El top 5 d\u2019idees destacades.<\/li>\n<li>Propostes en fase d\u2019execuci\u00f3.<\/li>\n<li>Suggeriments acabats d\u2019enviar.<\/li>\n<li>Projectes ja implementats.<\/li>\n<\/ul>\n<p>&nbsp;<\/p>\n<p>Aquesta transpar\u00e8ncia converteix el disseny en un pont entre ciutadania i administraci\u00f3, una cosa que moltes ciutats \u2014inclosa Barcelona\u2014 fa temps que busquen. El disseny gr\u00e0fic aqu\u00ed esdev\u00e9 una <strong>eina d\u2019escolta activa<\/strong>.<\/p>\n<p>Kulturhavna demostra com la visualitzaci\u00f3 de dades + identitat modular + participaci\u00f3 = una f\u00f3rmula efica\u00e7 per construir espais urbans realment inclusius.<\/p>\n<p><img decoding=\"async\" src=\"https:\/\/codewebbarcelona.com\/wp-content\/uploads\/2025\/11\/diseno-grafico-destacado-de-la-semana-kulturhavna-by-anti-2-2.jpg\" alt=\"\" width=\"1920\" height=\"1080\" class=\"alignnone size-full wp-image-13864\" \/><\/p>\n<p><img decoding=\"async\" src=\"https:\/\/codewebbarcelona.com\/wp-content\/uploads\/2025\/11\/diseno-grafico-destacado-de-la-semana-kulturhavna-by-anti-4-2.jpg\" alt=\"\" width=\"1920\" height=\"1080\" class=\"alignnone size-full wp-image-13865\" \/><\/p>\n<p><img decoding=\"async\" src=\"https:\/\/codewebbarcelona.com\/wp-content\/uploads\/2025\/11\/diseno-grafico-destacado-de-la-semana-kulturhavna-by-anti-15.jpg\" alt=\"\" width=\"1920\" height=\"1080\" class=\"alignnone size-full wp-image-13866\" \/><\/p>\n<h3>Una identitat que tamb\u00e9 funciona fora de l\u2019\u00e0mbit digital<\/h3>\n<p>Un dels aspectes m\u00e9s interessants del projecte \u00e9s la seva capacitat de transcendir la pantalla. Com que \u00e9s un sistema modular, adaptable i altament visual, Kulturhavna s\u2019aplica de manera org\u00e0nica a:<\/p>\n<ul>\n<li>programaci\u00f3 cultural,<\/li>\n<li>senyalitzaci\u00f3 de l\u2019espai,<\/li>\n<li>esdeveniments comunitaris,<\/li>\n<li>tallers participatius,<\/li>\n<li>gr\u00e0fica de carrer,<\/li>\n<li>merchandising personalitzat.<\/li>\n<\/ul>\n<p>&nbsp;<\/p>\n<p>Cada aplicaci\u00f3 dins l\u2019espai urb\u00e0 refor\u00e7a la idea central: <strong>aquest \u00e9s un projecte fet per i per a la gent.<\/strong><\/p>\n<p><img decoding=\"async\" src=\"https:\/\/codewebbarcelona.com\/wp-content\/uploads\/2025\/11\/diseno-grafico-destacado-de-la-semana-kulturhavna-by-anti-6.jpg\" alt=\"\" width=\"1920\" height=\"1080\" class=\"alignnone size-full wp-image-13867\" \/><\/p>\n<p><img decoding=\"async\" src=\"https:\/\/codewebbarcelona.com\/wp-content\/uploads\/2025\/11\/diseno-grafico-destacado-de-la-semana-kulturhavna-by-anti-1.jpg\" alt=\"\" width=\"1920\" height=\"1080\" class=\"alignnone size-full wp-image-13868\" \/><\/p>\n<h3>Un exemple inspirador per a dissenyadors, urbanistes i comunicadors<\/h3>\n<p>Per a qui treballem en <strong>disseny gr\u00e0fic, branding i disseny web a Barcelona<\/strong>, Kulturhavna \u00e9s una refer\u00e8ncia excepcional. No nom\u00e9s per la seva execuci\u00f3 visual impecable, sin\u00f3 perqu\u00e8 ens recorda que les marques del futur \u2014especialment les p\u00fabliques i culturals\u2014 han de ser:<\/p>\n<ul>\n<li>Adaptatives.<\/li>\n<li>Participatives.<\/li>\n<li>Arrelades al territori.<\/li>\n<li>Sensibles a les dades.<\/li>\n<li>Humanes.<\/li>\n<\/ul>\n<p>&nbsp;<\/p>\n<p>El projecte demostra que el disseny no \u00e9s nom\u00e9s decorar una realitat, sin\u00f3 ajudar a construir-la. Una identitat que creix amb la seva comunitat \u00e9s una identitat que perdura.<\/p>\n<p><img decoding=\"async\" src=\"https:\/\/codewebbarcelona.com\/wp-content\/uploads\/2025\/11\/diseno-grafico-destacado-de-la-semana-kulturhavna-by-anti-2.jpg\" alt=\"\" width=\"1920\" height=\"1080\" class=\"alignnone size-full wp-image-13869\" \/><\/p>\n<p><img decoding=\"async\" src=\"https:\/\/codewebbarcelona.com\/wp-content\/uploads\/2025\/11\/diseno-grafico-destacado-de-la-semana-kulturhavna-by-anti-17.jpg\" alt=\"\" width=\"1920\" height=\"1080\" class=\"alignnone size-full wp-image-13870\" \/><\/p>\n<h3>Premis i reconeixements<\/h3>\n<p>Kulturhavna ha estat distingit amb:<\/p>\n<ul>\n<li><strong>European Design Awards (ED Awards) 2025 \u2013 GOLD<\/strong><\/li>\n<li><strong>Categoria:<\/strong> 102 Brand Logo<\/li>\n<\/ul>\n<p><img decoding=\"async\" src=\"https:\/\/codewebbarcelona.com\/wp-content\/uploads\/2025\/11\/diseno-grafico-destacado-de-la-semana-kulturhavna-by-anti-8.jpg\" alt=\"\" width=\"1920\" height=\"1080\" class=\"alignnone size-full wp-image-13871\" \/><\/p>\n<p><img decoding=\"async\" src=\"https:\/\/codewebbarcelona.com\/wp-content\/uploads\/2025\/11\/diseno-grafico-destacado-de-la-semana-kulturhavna-by-anti-5.jpg\" alt=\"\" width=\"1920\" height=\"1080\" class=\"alignnone size-full wp-image-13872\" \/><\/p>\n<p><img decoding=\"async\" src=\"https:\/\/codewebbarcelona.com\/wp-content\/uploads\/2025\/11\/diseno-grafico-destacado-de-la-semana-kulturhavna-by-anti-16.jpg\" alt=\"\" width=\"1920\" height=\"1080\" class=\"alignnone size-full wp-image-13873\" \/><\/p>\n<h3>Cr\u00e8dits del projecte<\/h3>\n<ul>\n<li><strong>Agency:<\/strong> Anti<\/li>\n<li><strong>Project Owner:<\/strong> Tone Lise Vilje<\/li>\n<li><strong>Client:<\/strong> S\u00f8rsida Utvikling AS<\/li>\n<li><strong>Creative Director:<\/strong> Mats Ottdal<\/li>\n<li><strong>Art Director:<\/strong> Carl Bugge<\/li>\n<li><strong>Illustrator:<\/strong> Mats Ottdal<\/li>\n<li><strong>Designer:<\/strong> Kristian Thorsen<\/li>\n<li><strong>Digital Lead:<\/strong> Carl Bugge<\/li>\n<li><strong>Frontend Developer \/ Design:<\/strong> Morten Johansen<\/li>\n<li><strong>Project Manager:<\/strong> Hildegunn Holtet<\/li>\n<li><strong>Client Manager:<\/strong> Kristin Grimstad<\/li>\n<li><strong>Sound Design:<\/strong> Gabriel Lerb\u00e6k Pedersen<\/li>\n<li><strong>Photography:<\/strong> Memoria<\/li>\n<\/ul>\n<p>&nbsp;<\/p>\n<p><img decoding=\"async\" src=\"https:\/\/codewebbarcelona.com\/wp-content\/uploads\/2025\/11\/diseno-grafico-destacado-de-la-semana-kulturhavna-by-anti-1-2.jpg\" alt=\"\" width=\"1920\" height=\"1080\" class=\"alignnone size-full wp-image-13874\" \/><\/p>\n<p><img decoding=\"async\" src=\"https:\/\/codewebbarcelona.com\/wp-content\/uploads\/2025\/11\/diseno-grafico-destacado-de-la-semana-kulturhavna-by-anti-7.jpg\" alt=\"\" width=\"1920\" height=\"1080\" class=\"alignnone size-full wp-image-13875\" \/><\/p>\n<p><img decoding=\"async\" src=\"https:\/\/codewebbarcelona.com\/wp-content\/uploads\/2025\/11\/diseno-grafico-destacado-de-la-semana-kulturhavna-by-anti-9.jpg\" alt=\"\" width=\"1920\" height=\"1080\" class=\"alignnone size-full wp-image-13876\" \/><\/p>\n<h3>Conclusi\u00f3: una nova manera d\u2019entendre la identitat visual<\/h3 \n\n","protected":false},"excerpt":{"rendered":"<p>Kulturhavna: la identitat viva que transforma un espai urb\u00e0 a trav\u00e9s del disseny participatiu Hi ha projectes de disseny gr\u00e0fic que simplement creen una identitat visual. I despr\u00e9s n\u2019hi ha uns pocs, com Kulturhavna, que construeixen una identitat que viu, respira i evoluciona al ritme de la comunitat. Desenvolupat per Anti (Noruega) i guardonat amb [&hellip;]<\/p>\n","protected":false},"author":1,"featured_media":7745,"comment_status":"closed","ping_status":"closed","sticky":false,"template":"","format":"standard","meta":{"_acf_changed":false,"footnotes":""},"categories":[210,134],"class_list":["post-18051","post","type-post","status-publish","format-standard","has-post-thumbnail","hentry","category-inspiracio","category-disseny-grafic"],"acf":[],"yoast_head":"<!-- This site is optimized with the Yoast SEO plugin v27.2 - https:\/\/yoast.com\/product\/yoast-seo-wordpress\/ -->\n<title>Disseny gr\u00e0fic destacat de la setmana: Kulturhavna by Anti - Code Barcelona<\/title>\n<meta name=\"robots\" content=\"index, follow, max-snippet:-1, max-image-preview:large, max-video-preview:-1\" \/>\n<link rel=\"canonical\" href=\"https:\/\/codewebbarcelona.com\/ca\/blog\/disseny-grafic-destacat-setmana-kulturhavna-by-anti\/\" \/>\n<meta property=\"og:locale\" content=\"ca_ES\" \/>\n<meta property=\"og:type\" content=\"article\" \/>\n<meta property=\"og:title\" content=\"Disseny gr\u00e0fic destacat de la setmana: Kulturhavna by Anti - Code Barcelona\" \/>\n<meta property=\"og:description\" content=\"Kulturhavna: la identitat viva que transforma un espai urb\u00e0 a trav\u00e9s del disseny participatiu Hi ha projectes de disseny gr\u00e0fic que simplement creen una identitat visual. I despr\u00e9s n\u2019hi ha uns pocs, com Kulturhavna, que construeixen una identitat que viu, respira i evoluciona al ritme de la comunitat. Desenvolupat per Anti (Noruega) i guardonat amb [&hellip;]\" \/>\n<meta property=\"og:url\" content=\"https:\/\/codewebbarcelona.com\/ca\/blog\/disseny-grafic-destacat-setmana-kulturhavna-by-anti\/\" \/>\n<meta property=\"og:site_name\" content=\"Code Barcelona\" \/>\n<meta property=\"article:published_time\" content=\"2025-11-25T06:39:11+00:00\" \/>\n<meta property=\"article:modified_time\" content=\"2026-04-20T19:01:30+00:00\" \/>\n<meta property=\"og:image\" content=\"https:\/\/codewebbarcelona.com\/wp-content\/uploads\/2025\/11\/diseno-grafico-destacado-de-la-semana-kulturhavna-by-anti-featured.gif\" \/>\n\t<meta property=\"og:image:width\" content=\"1024\" \/>\n\t<meta property=\"og:image:height\" content=\"576\" \/>\n\t<meta property=\"og:image:type\" content=\"image\/gif\" \/>\n<meta name=\"author\" content=\"cd26Bc\" \/>\n<meta name=\"twitter:card\" content=\"summary_large_image\" \/>\n<meta name=\"twitter:label1\" content=\"Escrit per\" \/>\n\t<meta name=\"twitter:data1\" content=\"cd26Bc\" \/>\n\t<meta name=\"twitter:label2\" content=\"Temps estimat de lectura\" \/>\n\t<meta name=\"twitter:data2\" content=\"6 minuts\" \/>\n<script type=\"application\/ld+json\" class=\"yoast-schema-graph\">{\"@context\":\"https:\/\/schema.org\",\"@graph\":[{\"@type\":\"Article\",\"@id\":\"https:\/\/codewebbarcelona.com\/ca\/blog\/disseny-grafic-destacat-setmana-kulturhavna-by-anti\/#article\",\"isPartOf\":{\"@id\":\"https:\/\/codewebbarcelona.com\/ca\/blog\/disseny-grafic-destacat-setmana-kulturhavna-by-anti\/\"},\"author\":{\"name\":\"cd26Bc\",\"@id\":\"https:\/\/codewebbarcelona.com\/ca\/#\/schema\/person\/3af5f44aaf0de2919e9225aa5ca32567\"},\"headline\":\"Disseny gr\u00e0fic destacat de la setmana: Kulturhavna by Anti\",\"datePublished\":\"2025-11-25T06:39:11+00:00\",\"dateModified\":\"2026-04-20T19:01:30+00:00\",\"mainEntityOfPage\":{\"@id\":\"https:\/\/codewebbarcelona.com\/ca\/blog\/disseny-grafic-destacat-setmana-kulturhavna-by-anti\/\"},\"wordCount\":1248,\"image\":{\"@id\":\"https:\/\/codewebbarcelona.com\/ca\/blog\/disseny-grafic-destacat-setmana-kulturhavna-by-anti\/#primaryimage\"},\"thumbnailUrl\":\"https:\/\/codewebbarcelona.com\/wp-content\/uploads\/2025\/11\/diseno-grafico-destacado-de-la-semana-kulturhavna-by-anti-featured.gif\",\"articleSection\":[\"Inspiraci\u00f3\",\"Dise\u00f1o gr\u00e1fico\"],\"inLanguage\":\"ca\"},{\"@type\":\"WebPage\",\"@id\":\"https:\/\/codewebbarcelona.com\/ca\/blog\/disseny-grafic-destacat-setmana-kulturhavna-by-anti\/\",\"url\":\"https:\/\/codewebbarcelona.com\/ca\/blog\/disseny-grafic-destacat-setmana-kulturhavna-by-anti\/\",\"name\":\"Disseny gr\u00e0fic destacat de la setmana: Kulturhavna by Anti - Code Barcelona\",\"isPartOf\":{\"@id\":\"https:\/\/codewebbarcelona.com\/ca\/#website\"},\"primaryImageOfPage\":{\"@id\":\"https:\/\/codewebbarcelona.com\/ca\/blog\/disseny-grafic-destacat-setmana-kulturhavna-by-anti\/#primaryimage\"},\"image\":{\"@id\":\"https:\/\/codewebbarcelona.com\/ca\/blog\/disseny-grafic-destacat-setmana-kulturhavna-by-anti\/#primaryimage\"},\"thumbnailUrl\":\"https:\/\/codewebbarcelona.com\/wp-content\/uploads\/2025\/11\/diseno-grafico-destacado-de-la-semana-kulturhavna-by-anti-featured.gif\",\"datePublished\":\"2025-11-25T06:39:11+00:00\",\"dateModified\":\"2026-04-20T19:01:30+00:00\",\"author\":{\"@id\":\"https:\/\/codewebbarcelona.com\/ca\/#\/schema\/person\/3af5f44aaf0de2919e9225aa5ca32567\"},\"inLanguage\":\"ca\",\"potentialAction\":[{\"@type\":\"ReadAction\",\"target\":[\"https:\/\/codewebbarcelona.com\/ca\/blog\/disseny-grafic-destacat-setmana-kulturhavna-by-anti\/\"]}]},{\"@type\":\"ImageObject\",\"inLanguage\":\"ca\",\"@id\":\"https:\/\/codewebbarcelona.com\/ca\/blog\/disseny-grafic-destacat-setmana-kulturhavna-by-anti\/#primaryimage\",\"url\":\"https:\/\/codewebbarcelona.com\/wp-content\/uploads\/2025\/11\/diseno-grafico-destacado-de-la-semana-kulturhavna-by-anti-featured.gif\",\"contentUrl\":\"https:\/\/codewebbarcelona.com\/wp-content\/uploads\/2025\/11\/diseno-grafico-destacado-de-la-semana-kulturhavna-by-anti-featured.gif\",\"width\":1920,\"height\":1080},{\"@type\":\"WebSite\",\"@id\":\"https:\/\/codewebbarcelona.com\/ca\/#website\",\"url\":\"https:\/\/codewebbarcelona.com\/ca\/\",\"name\":\"Code Barcelona\",\"description\":\"\",\"potentialAction\":[{\"@type\":\"SearchAction\",\"target\":{\"@type\":\"EntryPoint\",\"urlTemplate\":\"https:\/\/codewebbarcelona.com\/ca\/?s={search_term_string}\"},\"query-input\":{\"@type\":\"PropertyValueSpecification\",\"valueRequired\":true,\"valueName\":\"search_term_string\"}}],\"inLanguage\":\"ca\"},{\"@type\":\"Person\",\"@id\":\"https:\/\/codewebbarcelona.com\/ca\/#\/schema\/person\/3af5f44aaf0de2919e9225aa5ca32567\",\"name\":\"cd26Bc\",\"image\":{\"@type\":\"ImageObject\",\"inLanguage\":\"ca\",\"@id\":\"https:\/\/secure.gravatar.com\/avatar\/b904e836584635855eaa0ee2922bae4fe2aa94ffb558048dcc5dac5f98f0fadc?s=96&d=mm&r=g\",\"url\":\"https:\/\/secure.gravatar.com\/avatar\/b904e836584635855eaa0ee2922bae4fe2aa94ffb558048dcc5dac5f98f0fadc?s=96&d=mm&r=g\",\"contentUrl\":\"https:\/\/secure.gravatar.com\/avatar\/b904e836584635855eaa0ee2922bae4fe2aa94ffb558048dcc5dac5f98f0fadc?s=96&d=mm&r=g\",\"caption\":\"cd26Bc\"},\"sameAs\":[\"https:\/\/codewebbarcelona.com\"]}]}<\/script>\n<!-- \/ Yoast SEO plugin. -->","yoast_head_json":{"title":"Disseny gr\u00e0fic destacat de la setmana: Kulturhavna by Anti - Code Barcelona","robots":{"index":"index","follow":"follow","max-snippet":"max-snippet:-1","max-image-preview":"max-image-preview:large","max-video-preview":"max-video-preview:-1"},"canonical":"https:\/\/codewebbarcelona.com\/ca\/blog\/disseny-grafic-destacat-setmana-kulturhavna-by-anti\/","og_locale":"ca_ES","og_type":"article","og_title":"Disseny gr\u00e0fic destacat de la setmana: Kulturhavna by Anti - Code Barcelona","og_description":"Kulturhavna: la identitat viva que transforma un espai urb\u00e0 a trav\u00e9s del disseny participatiu Hi ha projectes de disseny gr\u00e0fic que simplement creen una identitat visual. I despr\u00e9s n\u2019hi ha uns pocs, com Kulturhavna, que construeixen una identitat que viu, respira i evoluciona al ritme de la comunitat. Desenvolupat per Anti (Noruega) i guardonat amb [&hellip;]","og_url":"https:\/\/codewebbarcelona.com\/ca\/blog\/disseny-grafic-destacat-setmana-kulturhavna-by-anti\/","og_site_name":"Code Barcelona","article_published_time":"2025-11-25T06:39:11+00:00","article_modified_time":"2026-04-20T19:01:30+00:00","og_image":[{"url":"https:\/\/codewebbarcelona.com\/wp-content\/uploads\/2025\/11\/diseno-grafico-destacado-de-la-semana-kulturhavna-by-anti-featured.gif","width":1024,"height":576,"type":"image\/gif"}],"author":"cd26Bc","twitter_card":"summary_large_image","twitter_misc":{"Escrit per":"cd26Bc","Temps estimat de lectura":"6 minuts"},"schema":{"@context":"https:\/\/schema.org","@graph":[{"@type":"Article","@id":"https:\/\/codewebbarcelona.com\/ca\/blog\/disseny-grafic-destacat-setmana-kulturhavna-by-anti\/#article","isPartOf":{"@id":"https:\/\/codewebbarcelona.com\/ca\/blog\/disseny-grafic-destacat-setmana-kulturhavna-by-anti\/"},"author":{"name":"cd26Bc","@id":"https:\/\/codewebbarcelona.com\/ca\/#\/schema\/person\/3af5f44aaf0de2919e9225aa5ca32567"},"headline":"Disseny gr\u00e0fic destacat de la setmana: Kulturhavna by Anti","datePublished":"2025-11-25T06:39:11+00:00","dateModified":"2026-04-20T19:01:30+00:00","mainEntityOfPage":{"@id":"https:\/\/codewebbarcelona.com\/ca\/blog\/disseny-grafic-destacat-setmana-kulturhavna-by-anti\/"},"wordCount":1248,"image":{"@id":"https:\/\/codewebbarcelona.com\/ca\/blog\/disseny-grafic-destacat-setmana-kulturhavna-by-anti\/#primaryimage"},"thumbnailUrl":"https:\/\/codewebbarcelona.com\/wp-content\/uploads\/2025\/11\/diseno-grafico-destacado-de-la-semana-kulturhavna-by-anti-featured.gif","articleSection":["Inspiraci\u00f3","Dise\u00f1o gr\u00e1fico"],"inLanguage":"ca"},{"@type":"WebPage","@id":"https:\/\/codewebbarcelona.com\/ca\/blog\/disseny-grafic-destacat-setmana-kulturhavna-by-anti\/","url":"https:\/\/codewebbarcelona.com\/ca\/blog\/disseny-grafic-destacat-setmana-kulturhavna-by-anti\/","name":"Disseny gr\u00e0fic destacat de la setmana: Kulturhavna by Anti - Code Barcelona","isPartOf":{"@id":"https:\/\/codewebbarcelona.com\/ca\/#website"},"primaryImageOfPage":{"@id":"https:\/\/codewebbarcelona.com\/ca\/blog\/disseny-grafic-destacat-setmana-kulturhavna-by-anti\/#primaryimage"},"image":{"@id":"https:\/\/codewebbarcelona.com\/ca\/blog\/disseny-grafic-destacat-setmana-kulturhavna-by-anti\/#primaryimage"},"thumbnailUrl":"https:\/\/codewebbarcelona.com\/wp-content\/uploads\/2025\/11\/diseno-grafico-destacado-de-la-semana-kulturhavna-by-anti-featured.gif","datePublished":"2025-11-25T06:39:11+00:00","dateModified":"2026-04-20T19:01:30+00:00","author":{"@id":"https:\/\/codewebbarcelona.com\/ca\/#\/schema\/person\/3af5f44aaf0de2919e9225aa5ca32567"},"inLanguage":"ca","potentialAction":[{"@type":"ReadAction","target":["https:\/\/codewebbarcelona.com\/ca\/blog\/disseny-grafic-destacat-setmana-kulturhavna-by-anti\/"]}]},{"@type":"ImageObject","inLanguage":"ca","@id":"https:\/\/codewebbarcelona.com\/ca\/blog\/disseny-grafic-destacat-setmana-kulturhavna-by-anti\/#primaryimage","url":"https:\/\/codewebbarcelona.com\/wp-content\/uploads\/2025\/11\/diseno-grafico-destacado-de-la-semana-kulturhavna-by-anti-featured.gif","contentUrl":"https:\/\/codewebbarcelona.com\/wp-content\/uploads\/2025\/11\/diseno-grafico-destacado-de-la-semana-kulturhavna-by-anti-featured.gif","width":1920,"height":1080},{"@type":"WebSite","@id":"https:\/\/codewebbarcelona.com\/ca\/#website","url":"https:\/\/codewebbarcelona.com\/ca\/","name":"Code Barcelona","description":"","potentialAction":[{"@type":"SearchAction","target":{"@type":"EntryPoint","urlTemplate":"https:\/\/codewebbarcelona.com\/ca\/?s={search_term_string}"},"query-input":{"@type":"PropertyValueSpecification","valueRequired":true,"valueName":"search_term_string"}}],"inLanguage":"ca"},{"@type":"Person","@id":"https:\/\/codewebbarcelona.com\/ca\/#\/schema\/person\/3af5f44aaf0de2919e9225aa5ca32567","name":"cd26Bc","image":{"@type":"ImageObject","inLanguage":"ca","@id":"https:\/\/secure.gravatar.com\/avatar\/b904e836584635855eaa0ee2922bae4fe2aa94ffb558048dcc5dac5f98f0fadc?s=96&d=mm&r=g","url":"https:\/\/secure.gravatar.com\/avatar\/b904e836584635855eaa0ee2922bae4fe2aa94ffb558048dcc5dac5f98f0fadc?s=96&d=mm&r=g","contentUrl":"https:\/\/secure.gravatar.com\/avatar\/b904e836584635855eaa0ee2922bae4fe2aa94ffb558048dcc5dac5f98f0fadc?s=96&d=mm&r=g","caption":"cd26Bc"},"sameAs":["https:\/\/codewebbarcelona.com"]}]}},"_links":{"self":[{"href":"https:\/\/codewebbarcelona.com\/ca\/wp-json\/wp\/v2\/posts\/18051","targetHints":{"allow":["GET"]}}],"collection":[{"href":"https:\/\/codewebbarcelona.com\/ca\/wp-json\/wp\/v2\/posts"}],"about":[{"href":"https:\/\/codewebbarcelona.com\/ca\/wp-json\/wp\/v2\/types\/post"}],"author":[{"embeddable":true,"href":"https:\/\/codewebbarcelona.com\/ca\/wp-json\/wp\/v2\/users\/1"}],"replies":[{"embeddable":true,"href":"https:\/\/codewebbarcelona.com\/ca\/wp-json\/wp\/v2\/comments?post=18051"}],"version-history":[{"count":2,"href":"https:\/\/codewebbarcelona.com\/ca\/wp-json\/wp\/v2\/posts\/18051\/revisions"}],"predecessor-version":[{"id":18081,"href":"https:\/\/codewebbarcelona.com\/ca\/wp-json\/wp\/v2\/posts\/18051\/revisions\/18081"}],"wp:featuredmedia":[{"embeddable":true,"href":"https:\/\/codewebbarcelona.com\/ca\/wp-json\/wp\/v2\/media\/7745"}],"wp:attachment":[{"href":"https:\/\/codewebbarcelona.com\/ca\/wp-json\/wp\/v2\/media?parent=18051"}],"wp:term":[{"taxonomy":"category","embeddable":true,"href":"https:\/\/codewebbarcelona.com\/ca\/wp-json\/wp\/v2\/categories?post=18051"}],"curies":[{"name":"wp","href":"https:\/\/api.w.org\/{rel}","templated":true}]}}