{"id":17929,"date":"2022-04-13T07:11:20","date_gmt":"2022-04-13T07:11:20","guid":{"rendered":"https:\/\/codewebbarcelona.com\/diseno-grafico-aplicado-a-espacios-interiores\/"},"modified":"2026-04-20T18:58:16","modified_gmt":"2026-04-20T18:58:16","slug":"disseny-grafic-aplicat-espais-interiors","status":"publish","type":"post","link":"https:\/\/codewebbarcelona.com\/ca\/blog\/disseny-grafic-aplicat-espais-interiors\/","title":{"rendered":"Disseny gr\u00e0fic aplicat a espais interiors"},"content":{"rendered":"<p>Vols fer una volta per espais on el disseny gr\u00e0fic aplicat a interiors \u00e9s el protagonista? Doncs queda\u2019t i segueix llegint aquest article.<\/p>\n<p>Aquesta setmana fem una ruta especial: ens han convidat a tres espais \u00fanics que volem compartir amb tu.<\/p>\n<p>Tots tres destaquen per diferents motius: la seva conceptualitzaci\u00f3, la t\u00e8cnica emprada, els canals de comunicaci\u00f3, els objectius i els resultats obtinguts.<\/p>\n<p>Com sempre, aprofitar\u00e9 aquests exemples per parlar dels projectes i donar alguns consells \u00fatils per crear aut\u00e8ntiques joies de disseny i creativitat.<\/p>\n<p>Descobrim aquests <b>tres exemples que ens sorprendran pel seu disseny gr\u00e0fic aplicat a espais interiors.<\/b><\/p>\n<h6><a href=\"https:\/\/codewebbarcelona.com\/contacta\/\" target=\"_blank\" rel=\"noopener\">T\u2019interessa que ens encarreguem d\u2019un projecte similar?<\/a><\/h6>\n<h2>Disseny gr\u00e0fic aplicat a espais interiors<\/h2>\n<h3>CUF HOSPITALS &amp; CLINICS<\/h3>\n<p><img decoding=\"async\" class=\"alignnone size-full wp-image-11587\" src=\"https:\/\/codewebbarcelona.com\/wp-content\/uploads\/2022\/04\/diseno-espacios-interiores-cuf-hospitals-01.jpg\" alt=\"diseno-espacios-interiores-cuf-hospitals-01\" width=\"1920\" height=\"821\" \/> <img decoding=\"async\" class=\"alignnone size-full wp-image-11585\" src=\"https:\/\/codewebbarcelona.com\/wp-content\/uploads\/2022\/04\/diseno-espacios-interiores-cuf-hospitals-03.jpg\" alt=\"diseno-espacios-interiores-cuf-hospitals-03\" width=\"1920\" height=\"1081\" \/> <img decoding=\"async\" class=\"alignnone size-full wp-image-11576\" src=\"https:\/\/codewebbarcelona.com\/wp-content\/uploads\/2022\/04\/diseno-espacios-interiores-cuf-hospitals-012.jpg\" alt=\"diseno-espacios-interiores-cuf-hospitals-012\" width=\"1024\" height=\"683\" \/> <img decoding=\"async\" class=\"alignnone size-full wp-image-11584\" src=\"https:\/\/codewebbarcelona.com\/wp-content\/uploads\/2022\/04\/diseno-espacios-interiores-cuf-hospitals-04.jpg\" alt=\"diseno-espacios-interiores-cuf-hospitals-04\" width=\"1024\" height=\"683\" \/> <img decoding=\"async\" class=\"alignnone size-full wp-image-11575\" src=\"https:\/\/codewebbarcelona.com\/wp-content\/uploads\/2022\/04\/diseno-espacios-interiores-cuf-hospitals-013.jpg\" alt=\"diseno-espacios-interiores-cuf-hospitals-013\" width=\"1920\" height=\"1081\" \/> <img decoding=\"async\" class=\"alignnone size-full wp-image-11573\" src=\"https:\/\/codewebbarcelona.com\/wp-content\/uploads\/2022\/04\/diseno-espacios-interiores-cuf-hospitals-016.jpg\" alt=\"diseno-espacios-interiores-cuf-hospitals-016\" width=\"1920\" height=\"1081\" \/> <img decoding=\"async\" class=\"alignnone size-full wp-image-11570\" src=\"https:\/\/codewebbarcelona.com\/wp-content\/uploads\/2022\/04\/diseno-espacios-interiores-cuf-hospitals-019.jpg\" alt=\"diseno-espacios-interiores-cuf-hospitals-019\" width=\"3600\" height=\"1536\" \/> <img decoding=\"async\" class=\"alignnone size-full wp-image-11579\" src=\"https:\/\/codewebbarcelona.com\/wp-content\/uploads\/2022\/04\/diseno-espacios-interiores-cuf-hospitals-09.jpg\" alt=\"diseno-espacios-interiores-cuf-hospitals-09\" width=\"1024\" height=\"683\" \/> <img decoding=\"async\" class=\"alignnone size-full wp-image-11571\" src=\"https:\/\/codewebbarcelona.com\/wp-content\/uploads\/2022\/04\/diseno-espacios-interiores-cuf-hospitals-018.jpg\" alt=\"diseno-espacios-interiores-cuf-hospitals-018\" width=\"3600\" height=\"1536\" \/> <img decoding=\"async\" class=\"alignnone size-full wp-image-11572\" src=\"https:\/\/codewebbarcelona.com\/wp-content\/uploads\/2022\/04\/diseno-espacios-interiores-cuf-hospitals-017.jpg\" alt=\"diseno-espacios-interiores-cuf-hospitals-017\" width=\"3600\" height=\"1536\" \/> <img decoding=\"async\" class=\"alignnone size-full wp-image-11580\" src=\"https:\/\/codewebbarcelona.com\/wp-content\/uploads\/2022\/04\/diseno-espacios-interiores-cuf-hospitals-08.jpg\" alt=\"diseno-espacios-interiores-cuf-hospitals-08\" width=\"1024\" height=\"683\" \/> <img decoding=\"async\" class=\"alignnone size-full wp-image-11581\" src=\"https:\/\/codewebbarcelona.com\/wp-content\/uploads\/2022\/04\/diseno-espacios-interiores-cuf-hospitals-07.jpg\" alt=\"diseno-espacios-interiores-cuf-hospitals-07\" width=\"1920\" height=\"1081\" \/> <img decoding=\"async\" class=\"alignnone size-full wp-image-11582\" src=\"https:\/\/codewebbarcelona.com\/wp-content\/uploads\/2022\/04\/diseno-espacios-interiores-cuf-hospitals-06.jpg\" alt=\"diseno-espacios-interiores-cuf-hospitals-06\" width=\"1024\" height=\"683\" \/> <img decoding=\"async\" class=\"alignnone size-full wp-image-11574\" src=\"https:\/\/codewebbarcelona.com\/wp-content\/uploads\/2022\/04\/diseno-espacios-interiores-cuf-hospitals-014.jpg\" alt=\"diseno-espacios-interiores-cuf-hospitals-014\" width=\"1024\" height=\"683\" \/> <img decoding=\"async\" class=\"alignnone size-full wp-image-11583\" src=\"https:\/\/codewebbarcelona.com\/wp-content\/uploads\/2022\/04\/diseno-espacios-interiores-cuf-hospitals-05.jpg\" alt=\"diseno-espacios-interiores-cuf-hospitals-05\" width=\"1024\" height=\"683\" \/> <img decoding=\"async\" class=\"alignnone size-full wp-image-11578\" src=\"https:\/\/codewebbarcelona.com\/wp-content\/uploads\/2022\/04\/diseno-espacios-interiores-cuf-hospitals-010.jpg\" alt=\"diseno-espacios-interiores-cuf-hospitals-010\" width=\"1024\" height=\"683\" \/> <img decoding=\"async\" class=\"alignnone wp-image-11577\" src=\"https:\/\/codewebbarcelona.com\/wp-content\/uploads\/2022\/04\/diseno-espacios-interiores-cuf-hospitals-011.jpg\" alt=\"diseno-espacios-interiores-cuf-hospitals-011\" width=\"1024\" height=\"1384\" \/> <img decoding=\"async\" class=\"alignnone size-full wp-image-11568\" src=\"https:\/\/codewebbarcelona.com\/wp-content\/uploads\/2022\/04\/diseno-espacios-interiores-cuf-hospitals-021.jpg\" alt=\"diseno-espacios-interiores-cuf-hospitals-021\" width=\"3600\" height=\"1536\" \/> <img decoding=\"async\" class=\"alignnone size-full wp-image-11569\" src=\"https:\/\/codewebbarcelona.com\/wp-content\/uploads\/2022\/04\/diseno-espacios-interiores-cuf-hospitals-020.jpg\" alt=\"diseno-espacios-interiores-cuf-hospitals-020\" width=\"3600\" height=\"1536\" \/> <img decoding=\"async\" class=\"alignnone size-full wp-image-11586\" src=\"https:\/\/codewebbarcelona.com\/wp-content\/uploads\/2022\/04\/diseno-espacios-interiores-cuf-hospitals-02.jpg\" alt=\"diseno-espacios-interiores-cuf-hospitals-02\" width=\"1920\" height=\"1081\" \/><\/p>\n<p><b>Disseny gr\u00e0fic aplicat a espais interiors a c\u00e0rrec de l\u2019estudi de disseny gr\u00e0fic i interiorisme P06 Studio<\/b><\/p>\n<p>Amb l\u2019objectiu d\u2019unificar la imatge de la cadena d\u2019hospitals i cl\u00edniques de Portugal, l\u2019estudi P06 Studio va assumir el repte de dissenyar els espais de CUF Hospitals &amp; Clinics.<\/p>\n<p>El projecte \u00e9s realment interessant i ha estat tot un \u00e8xit, com es pot veure a les imatges d\u2019aquest article.<\/p>\n<p>El <strong>disseny d\u2019interiors<\/strong> destaca per allunyar-se de l\u2019est\u00e8tica habitual d\u2019algunes cl\u00edniques, evitant l\u2019aspecte d\u2019hotel i apostant per una identitat m\u00e9s centrada en la salut i el benestar.<\/p>\n<p>El resultat \u00e9s un disseny singular que pot inspirar molts altres hospitals i centres sanitaris.<\/p>\n<p>Val la pena fixar-se en la paleta de colors, la senyalitzaci\u00f3 i els materials utilitzats.<\/p>\n<p><strong>Consells per al disseny gr\u00e0fic aplicat a espais interiors<\/strong><\/p>\n<p>No \u00e9s cap secret que els espais interiors poden ser concebuts des d\u2019un enfocament gr\u00e0fic des del principi.<\/p>\n<p>Sigui quin sigui l\u2019espai a dissenyar, \u00e9s fonamental comen\u00e7ar el projecte analitzant des de zero tots els elements que el definiran. Per aix\u00f2, cal tenir molt presents la visi\u00f3, la missi\u00f3 i els valors de l\u2019entitat, i a partir d\u2019aqu\u00ed, crear un disseny global amb un llibre d\u2019estil que unifiqui tots aquests aspectes.<\/p>\n<p><strong>Curiositats del projecte<\/strong><\/p>\n<p>L\u2019estudi P06 Studio va tenir en compte tots els detalls dels interiors, fins al punt de col\u00b7laborar amb dissenyadors de mobiliari i decoraci\u00f3 de Portugal per definir una l\u00ednia contempor\u00e0nia, amb formes senzilles i tons neutres.<\/p>\n<p>La majoria d\u2019aquests elements s\u2019han fabricat amb materials resistents i duradors, i han estat produ\u00efts a prop del lloc.<\/p>\n<p>El projecte ha estat reconegut amb els premis:<\/p>\n<ul>\n<li>reddot winner 2021<\/li>\n<li>EdAwards Silver Winner 2021<\/li>\n<li>Bronze CCP 2021<\/li>\n<li>German Design Award Special 2022<\/li>\n<\/ul>\n<p>&nbsp;<\/p>\n<p>La nostra enhorabona m\u00e9s sincera a l\u2019estudi P06 Studio pel seu <strong>disseny gr\u00e0fic aplicat a espais interiors<\/strong>.<\/p>\n<p><a href=\"https:\/\/www.p06.studio\/cuf-hospitals-clinics\/\" target=\"_blank\" rel=\"noopener\">Si vols, pots veure el projecte complet fent clic aqu\u00ed<\/a><\/p>\n<h6><a href=\"https:\/\/codewebbarcelona.com\/contacta\/\" target=\"_blank\" rel=\"noopener\">T\u2019interessa que ens encarreguem d\u2019un projecte similar?<\/a><\/h6>\n<p>[superfeatured]7076[\/superfeatured]<\/p>\n<h3>SIX DECADES ZAGREB FILM EXPO<\/h3>\n<p><img decoding=\"async\" class=\"alignnone size-full wp-image-11590\" src=\"https:\/\/codewebbarcelona.com\/wp-content\/uploads\/2022\/04\/diseno-espacios-interiores-zagreb-film-013.jpg\" alt=\"diseno-espacios-interiores-zagreb-film-013\" width=\"3600\" height=\"1536\" \/> <img decoding=\"async\" class=\"alignnone size-full wp-image-11599\" src=\"https:\/\/codewebbarcelona.com\/wp-content\/uploads\/2022\/04\/diseno-espacios-interiores-zagreb-film-04.jpg\" alt=\"diseno-espacios-interiores-zagreb-film-04\" width=\"2752\" height=\"1835\" \/> <img decoding=\"async\" class=\"alignnone size-full wp-image-11598\" src=\"https:\/\/codewebbarcelona.com\/wp-content\/uploads\/2022\/04\/diseno-espacios-interiores-zagreb-film-05.jpg\" alt=\"diseno-espacios-interiores-zagreb-film-05\" width=\"2731\" height=\"1820\" \/> <img decoding=\"async\" class=\"alignnone size-full wp-image-11591\" src=\"https:\/\/codewebbarcelona.com\/wp-content\/uploads\/2022\/04\/diseno-espacios-interiores-zagreb-film-012.jpg\" alt=\"diseno-espacios-interiores-zagreb-film-012\" width=\"3600\" height=\"1536\" \/> <img decoding=\"async\" class=\"alignnone size-full wp-image-11597\" src=\"https:\/\/codewebbarcelona.com\/wp-content\/uploads\/2022\/04\/diseno-espacios-interiores-zagreb-film-06.jpg\" alt=\"diseno-espacios-interiores-zagreb-film-06\" width=\"1176\" height=\"833\" \/> <img decoding=\"async\" class=\"alignnone size-full wp-image-11596\" src=\"https:\/\/codewebbarcelona.com\/wp-content\/uploads\/2022\/04\/diseno-espacios-interiores-zagreb-film-07.jpg\" alt=\"diseno-espacios-interiores-zagreb-film-07\" width=\"2726\" height=\"1817\" \/> <img decoding=\"async\" class=\"alignnone size-full wp-image-11601\" src=\"https:\/\/codewebbarcelona.com\/wp-content\/uploads\/2022\/04\/diseno-espacios-interiores-zagreb-film-02.jpg\" alt=\"diseno-espacios-interiores-zagreb-film-02\" width=\"2731\" height=\"1820\" \/> <img decoding=\"async\" class=\"alignnone size-full wp-image-11595\" src=\"https:\/\/codewebbarcelona.com\/wp-content\/uploads\/2022\/04\/diseno-espacios-interiores-zagreb-film-08.jpg\" alt=\"diseno-espacios-interiores-zagreb-film-08\" width=\"2752\" height=\"1835\" \/> <img decoding=\"async\" class=\"alignnone size-full wp-image-11594\" src=\"https:\/\/codewebbarcelona.com\/wp-content\/uploads\/2022\/04\/diseno-espacios-interiores-zagreb-film-09.jpg\" alt=\"diseno-espacios-interiores-zagreb-film-09\" width=\"1176\" height=\"833\" \/> <img decoding=\"async\" class=\"alignnone size-full wp-image-11588\" src=\"https:\/\/codewebbarcelona.com\/wp-content\/uploads\/2022\/04\/diseno-espacios-interiores-zagreb-film-015.jpg\" alt=\"diseno-espacios-interiores-zagreb-film-015\" width=\"3600\" height=\"1536\" \/> <img decoding=\"async\" class=\"alignnone size-full wp-image-11589\" src=\"https:\/\/codewebbarcelona.com\/wp-content\/uploads\/2022\/04\/diseno-espacios-interiores-zagreb-film-014.jpg\" alt=\"diseno-espacios-interiores-zagreb-film-014\" width=\"3600\" height=\"1536\" \/> <img decoding=\"async\" class=\"alignnone size-full wp-image-11593\" src=\"https:\/\/codewebbarcelona.com\/wp-content\/uploads\/2022\/04\/diseno-espacios-interiores-zagreb-film-010.jpg\" alt=\"diseno-espacios-interiores-zagreb-film-010\" width=\"2752\" height=\"1835\" \/> <img decoding=\"async\" class=\"alignnone size-full wp-image-11602\" src=\"https:\/\/codewebbarcelona.com\/wp-content\/uploads\/2022\/04\/diseno-espacios-interiores-zagreb-film-01.jpg\" alt=\"diseno-espacios-interiores-zagreb-film-01\" width=\"2752\" height=\"1835\" \/> <img decoding=\"async\" class=\"alignnone size-full wp-image-11600\" src=\"https:\/\/codewebbarcelona.com\/wp-content\/uploads\/2022\/04\/diseno-espacios-interiores-zagreb-film-03.jpg\" alt=\"diseno-espacios-interiores-zagreb-film-03\" width=\"1176\" height=\"833\" \/> <img decoding=\"async\" class=\"alignnone size-full wp-image-11592\" src=\"https:\/\/codewebbarcelona.com\/wp-content\/uploads\/2022\/04\/diseno-espacios-interiores-zagreb-film-011.jpg\" alt=\"diseno-espacios-interiores-zagreb-film-011\" width=\"3600\" height=\"1536\" \/><\/p>\n<p><b>Disseny gr\u00e0fic aplicat a espais interiors a c\u00e0rrec de l\u2019estudi de disseny gr\u00e0fic i interiorisme Studio Revolucija<\/b><\/p>\n<p>Aquest <strong>disseny d\u2019interiors<\/strong> \u00e9s un altre exemple perfecte de <strong>disseny gr\u00e0fic aplicat a l\u2019interior d\u2019un espai<\/strong>.<\/p>\n<p>El projecte juga amb elements b\u00e0sics com l\u00ednies, plans i colors d\u2019una manera molt contempor\u00e0nia, creant un di\u00e0leg entre l\u2019espai i el contingut.<\/p>\n<p>Per aconseguir una comunicaci\u00f3 efectiva, aquests elements s\u2019han relacionat de manera abstracta amb la identitat creativa de Zagreb Film, afegint una tercera dimensi\u00f3 a superf\u00edcies bidimensionals mitjan\u00e7ant pantalles de televisi\u00f3 de tub, fent una clara refer\u00e8ncia a la tradicional Zagreb School of Animated Film.<\/p>\n<p><strong>Consells per al disseny gr\u00e0fic aplicat a espais interiors<\/strong><\/p>\n<p>Un altre consell a l\u2019hora de crear un interior \u00e9s aconseguir que l\u2019espai formi part del contingut i que, en cap cas, tingui m\u00e9s protagonisme que el propi contingut.<\/p>\n<p>\u00c9s fonamental que el disseny d\u2019interiors aporti valor al concepte i que mai entri en conflicte amb el contingut, aix\u00ed que cal evitar que l\u2019ego domini el projecte i mantenir-lo en el seu lloc.<\/p>\n<p><strong>Curiositats del projecte<\/strong><\/p>\n<p>Zagreb Film \u00e9s una companyia croata especialitzada en animaci\u00f3, fundada el 1953.<\/p>\n<p>Des dels seus inicis han creat m\u00e9s de 600 peces d\u2019animaci\u00f3, 600 documentals, 800 anuncis comercials i m\u00e9s de 600 peces educatives.<\/p>\n<p>Aquest <strong>disseny gr\u00e0fic aplicat a espais interiors<\/strong> ha estat guardonat amb l\u2019EdAwards 2021.<\/p>\n<p><a href=\"https:\/\/www.clinica.hr\/2020\/10\/09\/od-imaginacije-animacije-sest-desetljeca-zagreb-filma-imagination-animation-six-decades-zagreb-film\/\" target=\"_blank\" rel=\"noopener\">Si vols, pots veure el projecte complet fent clic aqu\u00ed<\/a><\/p>\n<h6><a href=\"https:\/\/codewebbarcelona.com\/contacta\/\" target=\"_blank\" rel=\"noopener\">T\u2019interessa que ens encarreguem d\u2019un projecte similar?<\/a><\/h6>\n<p>[superfeatured]7076[\/superfeatured]<\/p>\n<h3>ESTONIAN MARITIME MUSEUM&#8217;S FAT MARGARET<\/h3>\n<div style=\"padding: 56.25% 0 0 0; position: relative;\"><iframe style=\"position: absolute; top: 0; left: 0; width: 100%; height: 100%;\" src=\"https:\/\/player.vimeo.com\/video\/516562037?h=f69b4f6a3c&amp;title=0&amp;byline=0&amp;portrait=0\" frameborder=\"0\" allowfullscreen=\"allowfullscreen\"><\/iframe><\/div>\n<div><\/div>\n<div><img class=\"alignnone size-full\n<\/p>\n","protected":false},"excerpt":{"rendered":"<p>Vols fer una volta per espais on el disseny gr\u00e0fic aplicat a interiors \u00e9s el protagonista? Doncs queda\u2019t i segueix llegint aquest article. Aquesta setmana fem una ruta especial: ens han convidat a tres espais \u00fanics que volem compartir amb tu. Tots tres destaquen per diferents motius: la seva conceptualitzaci\u00f3, la t\u00e8cnica emprada, els canals [&hellip;]<\/p>\n","protected":false},"author":1,"featured_media":5300,"comment_status":"closed","ping_status":"closed","sticky":false,"template":"","format":"standard","meta":{"_acf_changed":false,"footnotes":""},"categories":[210,134],"class_list":["post-17929","post","type-post","status-publish","format-standard","has-post-thumbnail","hentry","category-inspiracio","category-disseny-grafic"],"acf":[],"yoast_head":"<!-- This site is optimized with the Yoast SEO plugin v27.2 - https:\/\/yoast.com\/product\/yoast-seo-wordpress\/ -->\n<title>Dise\u00f1o gr\u00e1fico aplicado a espacios interiores - Code Barcelona<\/title>\n<meta name=\"description\" content=\"\u00bfQuieres pasear un rato por espacio en los que el Dise\u00f1o gr\u00e1fico aplicado a espacios interiores es la pieza principal? - No dejes de leer el siguiente art\u00edculo en el que vamos de visita, nos han invitado a tres espacios \u00fanicos que queremos compartir con vosotros.\" \/>\n<meta name=\"robots\" content=\"index, follow, max-snippet:-1, max-image-preview:large, max-video-preview:-1\" \/>\n<link rel=\"canonical\" href=\"https:\/\/codewebbarcelona.com\/ca\/blog\/disseny-grafic-aplicat-espais-interiors\/\" \/>\n<meta property=\"og:locale\" content=\"ca_ES\" \/>\n<meta property=\"og:type\" content=\"article\" \/>\n<meta property=\"og:title\" content=\"Dise\u00f1o gr\u00e1fico aplicado a espacios interiores - Code Barcelona\" \/>\n<meta property=\"og:description\" content=\"\u00bfQuieres pasear un rato por espacio en los que el Dise\u00f1o gr\u00e1fico aplicado a espacios interiores es la pieza principal? - No dejes de leer el siguiente art\u00edculo en el que vamos de visita, nos han invitado a tres espacios \u00fanicos que queremos compartir con vosotros.\" \/>\n<meta property=\"og:url\" content=\"https:\/\/codewebbarcelona.com\/ca\/blog\/disseny-grafic-aplicat-espais-interiors\/\" \/>\n<meta property=\"og:site_name\" content=\"Code Barcelona\" \/>\n<meta property=\"article:published_time\" content=\"2022-04-13T07:11:20+00:00\" \/>\n<meta property=\"article:modified_time\" content=\"2026-04-20T18:58:16+00:00\" \/>\n<meta property=\"og:image\" content=\"https:\/\/codewebbarcelona.com\/wp-content\/uploads\/2022\/04\/diseno-grafico-aplicado-a-espacios-interiores-featured.jpg\" \/>\n\t<meta property=\"og:image:width\" content=\"1920\" \/>\n\t<meta property=\"og:image:height\" content=\"821\" \/>\n\t<meta property=\"og:image:type\" content=\"image\/jpeg\" \/>\n<meta name=\"author\" content=\"cd26Bc\" \/>\n<meta name=\"twitter:card\" content=\"summary_large_image\" \/>\n<meta name=\"twitter:label1\" content=\"Escrit per\" \/>\n\t<meta name=\"twitter:data1\" content=\"cd26Bc\" \/>\n\t<meta name=\"twitter:label2\" content=\"Temps estimat de lectura\" \/>\n\t<meta name=\"twitter:data2\" content=\"4 minuts\" \/>\n<script type=\"application\/ld+json\" class=\"yoast-schema-graph\">{\"@context\":\"https:\/\/schema.org\",\"@graph\":[{\"@type\":\"Article\",\"@id\":\"https:\/\/codewebbarcelona.com\/ca\/blog\/disseny-grafic-aplicat-espais-interiors\/#article\",\"isPartOf\":{\"@id\":\"https:\/\/codewebbarcelona.com\/ca\/blog\/disseny-grafic-aplicat-espais-interiors\/\"},\"author\":{\"name\":\"cd26Bc\",\"@id\":\"https:\/\/codewebbarcelona.com\/ca\/#\/schema\/person\/3af5f44aaf0de2919e9225aa5ca32567\"},\"headline\":\"Disseny gr\u00e0fic aplicat a espais interiors\",\"datePublished\":\"2022-04-13T07:11:20+00:00\",\"dateModified\":\"2026-04-20T18:58:16+00:00\",\"mainEntityOfPage\":{\"@id\":\"https:\/\/codewebbarcelona.com\/ca\/blog\/disseny-grafic-aplicat-espais-interiors\/\"},\"wordCount\":764,\"image\":{\"@id\":\"https:\/\/codewebbarcelona.com\/ca\/blog\/disseny-grafic-aplicat-espais-interiors\/#primaryimage\"},\"thumbnailUrl\":\"https:\/\/codewebbarcelona.com\/wp-content\/uploads\/2022\/04\/diseno-grafico-aplicado-a-espacios-interiores-featured.jpg\",\"articleSection\":[\"Inspiraci\u00f3\",\"Dise\u00f1o gr\u00e1fico\"],\"inLanguage\":\"ca\"},{\"@type\":\"WebPage\",\"@id\":\"https:\/\/codewebbarcelona.com\/ca\/blog\/disseny-grafic-aplicat-espais-interiors\/\",\"url\":\"https:\/\/codewebbarcelona.com\/ca\/blog\/disseny-grafic-aplicat-espais-interiors\/\",\"name\":\"Dise\u00f1o gr\u00e1fico aplicado a espacios interiores - Code Barcelona\",\"isPartOf\":{\"@id\":\"https:\/\/codewebbarcelona.com\/ca\/#website\"},\"primaryImageOfPage\":{\"@id\":\"https:\/\/codewebbarcelona.com\/ca\/blog\/disseny-grafic-aplicat-espais-interiors\/#primaryimage\"},\"image\":{\"@id\":\"https:\/\/codewebbarcelona.com\/ca\/blog\/disseny-grafic-aplicat-espais-interiors\/#primaryimage\"},\"thumbnailUrl\":\"https:\/\/codewebbarcelona.com\/wp-content\/uploads\/2022\/04\/diseno-grafico-aplicado-a-espacios-interiores-featured.jpg\",\"datePublished\":\"2022-04-13T07:11:20+00:00\",\"dateModified\":\"2026-04-20T18:58:16+00:00\",\"author\":{\"@id\":\"https:\/\/codewebbarcelona.com\/ca\/#\/schema\/person\/3af5f44aaf0de2919e9225aa5ca32567\"},\"description\":\"\u00bfQuieres pasear un rato por espacio en los que el Dise\u00f1o gr\u00e1fico aplicado a espacios interiores es la pieza principal? - No dejes de leer el siguiente art\u00edculo en el que vamos de visita, nos han invitado a tres espacios \u00fanicos que queremos compartir con vosotros.\",\"inLanguage\":\"ca\",\"potentialAction\":[{\"@type\":\"ReadAction\",\"target\":[\"https:\/\/codewebbarcelona.com\/ca\/blog\/disseny-grafic-aplicat-espais-interiors\/\"]}]},{\"@type\":\"ImageObject\",\"inLanguage\":\"ca\",\"@id\":\"https:\/\/codewebbarcelona.com\/ca\/blog\/disseny-grafic-aplicat-espais-interiors\/#primaryimage\",\"url\":\"https:\/\/codewebbarcelona.com\/wp-content\/uploads\/2022\/04\/diseno-grafico-aplicado-a-espacios-interiores-featured.jpg\",\"contentUrl\":\"https:\/\/codewebbarcelona.com\/wp-content\/uploads\/2022\/04\/diseno-grafico-aplicado-a-espacios-interiores-featured.jpg\",\"width\":1920,\"height\":821},{\"@type\":\"WebSite\",\"@id\":\"https:\/\/codewebbarcelona.com\/ca\/#website\",\"url\":\"https:\/\/codewebbarcelona.com\/ca\/\",\"name\":\"Code Barcelona\",\"description\":\"\",\"potentialAction\":[{\"@type\":\"SearchAction\",\"target\":{\"@type\":\"EntryPoint\",\"urlTemplate\":\"https:\/\/codewebbarcelona.com\/ca\/?s={search_term_string}\"},\"query-input\":{\"@type\":\"PropertyValueSpecification\",\"valueRequired\":true,\"valueName\":\"search_term_string\"}}],\"inLanguage\":\"ca\"},{\"@type\":\"Person\",\"@id\":\"https:\/\/codewebbarcelona.com\/ca\/#\/schema\/person\/3af5f44aaf0de2919e9225aa5ca32567\",\"name\":\"cd26Bc\",\"image\":{\"@type\":\"ImageObject\",\"inLanguage\":\"ca\",\"@id\":\"https:\/\/secure.gravatar.com\/avatar\/b904e836584635855eaa0ee2922bae4fe2aa94ffb558048dcc5dac5f98f0fadc?s=96&d=mm&r=g\",\"url\":\"https:\/\/secure.gravatar.com\/avatar\/b904e836584635855eaa0ee2922bae4fe2aa94ffb558048dcc5dac5f98f0fadc?s=96&d=mm&r=g\",\"contentUrl\":\"https:\/\/secure.gravatar.com\/avatar\/b904e836584635855eaa0ee2922bae4fe2aa94ffb558048dcc5dac5f98f0fadc?s=96&d=mm&r=g\",\"caption\":\"cd26Bc\"},\"sameAs\":[\"https:\/\/codewebbarcelona.com\"]}]}<\/script>\n<!-- \/ Yoast SEO plugin. -->","yoast_head_json":{"title":"Dise\u00f1o gr\u00e1fico aplicado a espacios interiores - Code Barcelona","description":"\u00bfQuieres pasear un rato por espacio en los que el Dise\u00f1o gr\u00e1fico aplicado a espacios interiores es la pieza principal? - No dejes de leer el siguiente art\u00edculo en el que vamos de visita, nos han invitado a tres espacios \u00fanicos que queremos compartir con vosotros.","robots":{"index":"index","follow":"follow","max-snippet":"max-snippet:-1","max-image-preview":"max-image-preview:large","max-video-preview":"max-video-preview:-1"},"canonical":"https:\/\/codewebbarcelona.com\/ca\/blog\/disseny-grafic-aplicat-espais-interiors\/","og_locale":"ca_ES","og_type":"article","og_title":"Dise\u00f1o gr\u00e1fico aplicado a espacios interiores - Code Barcelona","og_description":"\u00bfQuieres pasear un rato por espacio en los que el Dise\u00f1o gr\u00e1fico aplicado a espacios interiores es la pieza principal? - No dejes de leer el siguiente art\u00edculo en el que vamos de visita, nos han invitado a tres espacios \u00fanicos que queremos compartir con vosotros.","og_url":"https:\/\/codewebbarcelona.com\/ca\/blog\/disseny-grafic-aplicat-espais-interiors\/","og_site_name":"Code Barcelona","article_published_time":"2022-04-13T07:11:20+00:00","article_modified_time":"2026-04-20T18:58:16+00:00","og_image":[{"width":1920,"height":821,"url":"https:\/\/codewebbarcelona.com\/wp-content\/uploads\/2022\/04\/diseno-grafico-aplicado-a-espacios-interiores-featured.jpg","type":"image\/jpeg"}],"author":"cd26Bc","twitter_card":"summary_large_image","twitter_misc":{"Escrit per":"cd26Bc","Temps estimat de lectura":"4 minuts"},"schema":{"@context":"https:\/\/schema.org","@graph":[{"@type":"Article","@id":"https:\/\/codewebbarcelona.com\/ca\/blog\/disseny-grafic-aplicat-espais-interiors\/#article","isPartOf":{"@id":"https:\/\/codewebbarcelona.com\/ca\/blog\/disseny-grafic-aplicat-espais-interiors\/"},"author":{"name":"cd26Bc","@id":"https:\/\/codewebbarcelona.com\/ca\/#\/schema\/person\/3af5f44aaf0de2919e9225aa5ca32567"},"headline":"Disseny gr\u00e0fic aplicat a espais interiors","datePublished":"2022-04-13T07:11:20+00:00","dateModified":"2026-04-20T18:58:16+00:00","mainEntityOfPage":{"@id":"https:\/\/codewebbarcelona.com\/ca\/blog\/disseny-grafic-aplicat-espais-interiors\/"},"wordCount":764,"image":{"@id":"https:\/\/codewebbarcelona.com\/ca\/blog\/disseny-grafic-aplicat-espais-interiors\/#primaryimage"},"thumbnailUrl":"https:\/\/codewebbarcelona.com\/wp-content\/uploads\/2022\/04\/diseno-grafico-aplicado-a-espacios-interiores-featured.jpg","articleSection":["Inspiraci\u00f3","Dise\u00f1o gr\u00e1fico"],"inLanguage":"ca"},{"@type":"WebPage","@id":"https:\/\/codewebbarcelona.com\/ca\/blog\/disseny-grafic-aplicat-espais-interiors\/","url":"https:\/\/codewebbarcelona.com\/ca\/blog\/disseny-grafic-aplicat-espais-interiors\/","name":"Dise\u00f1o gr\u00e1fico aplicado a espacios interiores - Code Barcelona","isPartOf":{"@id":"https:\/\/codewebbarcelona.com\/ca\/#website"},"primaryImageOfPage":{"@id":"https:\/\/codewebbarcelona.com\/ca\/blog\/disseny-grafic-aplicat-espais-interiors\/#primaryimage"},"image":{"@id":"https:\/\/codewebbarcelona.com\/ca\/blog\/disseny-grafic-aplicat-espais-interiors\/#primaryimage"},"thumbnailUrl":"https:\/\/codewebbarcelona.com\/wp-content\/uploads\/2022\/04\/diseno-grafico-aplicado-a-espacios-interiores-featured.jpg","datePublished":"2022-04-13T07:11:20+00:00","dateModified":"2026-04-20T18:58:16+00:00","author":{"@id":"https:\/\/codewebbarcelona.com\/ca\/#\/schema\/person\/3af5f44aaf0de2919e9225aa5ca32567"},"description":"\u00bfQuieres pasear un rato por espacio en los que el Dise\u00f1o gr\u00e1fico aplicado a espacios interiores es la pieza principal? - No dejes de leer el siguiente art\u00edculo en el que vamos de visita, nos han invitado a tres espacios \u00fanicos que queremos compartir con vosotros.","inLanguage":"ca","potentialAction":[{"@type":"ReadAction","target":["https:\/\/codewebbarcelona.com\/ca\/blog\/disseny-grafic-aplicat-espais-interiors\/"]}]},{"@type":"ImageObject","inLanguage":"ca","@id":"https:\/\/codewebbarcelona.com\/ca\/blog\/disseny-grafic-aplicat-espais-interiors\/#primaryimage","url":"https:\/\/codewebbarcelona.com\/wp-content\/uploads\/2022\/04\/diseno-grafico-aplicado-a-espacios-interiores-featured.jpg","contentUrl":"https:\/\/codewebbarcelona.com\/wp-content\/uploads\/2022\/04\/diseno-grafico-aplicado-a-espacios-interiores-featured.jpg","width":1920,"height":821},{"@type":"WebSite","@id":"https:\/\/codewebbarcelona.com\/ca\/#website","url":"https:\/\/codewebbarcelona.com\/ca\/","name":"Code Barcelona","description":"","potentialAction":[{"@type":"SearchAction","target":{"@type":"EntryPoint","urlTemplate":"https:\/\/codewebbarcelona.com\/ca\/?s={search_term_string}"},"query-input":{"@type":"PropertyValueSpecification","valueRequired":true,"valueName":"search_term_string"}}],"inLanguage":"ca"},{"@type":"Person","@id":"https:\/\/codewebbarcelona.com\/ca\/#\/schema\/person\/3af5f44aaf0de2919e9225aa5ca32567","name":"cd26Bc","image":{"@type":"ImageObject","inLanguage":"ca","@id":"https:\/\/secure.gravatar.com\/avatar\/b904e836584635855eaa0ee2922bae4fe2aa94ffb558048dcc5dac5f98f0fadc?s=96&d=mm&r=g","url":"https:\/\/secure.gravatar.com\/avatar\/b904e836584635855eaa0ee2922bae4fe2aa94ffb558048dcc5dac5f98f0fadc?s=96&d=mm&r=g","contentUrl":"https:\/\/secure.gravatar.com\/avatar\/b904e836584635855eaa0ee2922bae4fe2aa94ffb558048dcc5dac5f98f0fadc?s=96&d=mm&r=g","caption":"cd26Bc"},"sameAs":["https:\/\/codewebbarcelona.com"]}]}},"_links":{"self":[{"href":"https:\/\/codewebbarcelona.com\/ca\/wp-json\/wp\/v2\/posts\/17929","targetHints":{"allow":["GET"]}}],"collection":[{"href":"https:\/\/codewebbarcelona.com\/ca\/wp-json\/wp\/v2\/posts"}],"about":[{"href":"https:\/\/codewebbarcelona.com\/ca\/wp-json\/wp\/v2\/types\/post"}],"author":[{"embeddable":true,"href":"https:\/\/codewebbarcelona.com\/ca\/wp-json\/wp\/v2\/users\/1"}],"replies":[{"embeddable":true,"href":"https:\/\/codewebbarcelona.com\/ca\/wp-json\/wp\/v2\/comments?post=17929"}],"version-history":[{"count":2,"href":"https:\/\/codewebbarcelona.com\/ca\/wp-json\/wp\/v2\/posts\/17929\/revisions"}],"predecessor-version":[{"id":17974,"href":"https:\/\/codewebbarcelona.com\/ca\/wp-json\/wp\/v2\/posts\/17929\/revisions\/17974"}],"wp:featuredmedia":[{"embeddable":true,"href":"https:\/\/codewebbarcelona.com\/ca\/wp-json\/wp\/v2\/media\/5300"}],"wp:attachment":[{"href":"https:\/\/codewebbarcelona.com\/ca\/wp-json\/wp\/v2\/media?parent=17929"}],"wp:term":[{"taxonomy":"category","embeddable":true,"href":"https:\/\/codewebbarcelona.com\/ca\/wp-json\/wp\/v2\/categories?post=17929"}],"curies":[{"name":"wp","href":"https:\/\/api.w.org\/{rel}","templated":true}]}}