{"id":17887,"date":"2022-06-20T09:00:57","date_gmt":"2022-06-20T09:00:57","guid":{"rendered":"https:\/\/codewebbarcelona.com\/diseno-packaging-sostenible\/"},"modified":"2026-04-20T18:55:39","modified_gmt":"2026-04-20T18:55:39","slug":"disseny-packaging-sostenible","status":"publish","type":"post","link":"https:\/\/codewebbarcelona.com\/ca\/blog\/disseny-packaging-sostenible\/","title":{"rendered":"Disseny de packaging sostenible"},"content":{"rendered":"<p>Aquesta setmana ens posem conscients i sostenibles i repassem tres projectes de disseny de packaging sostenible.<\/p>\n<p>En aquest article analitzarem els projectes, les seves particularitats, alguns consells per al disseny de packaging sostenible, fotografies, v\u00eddeos, curiositats i enlla\u00e7os d\u2019inter\u00e8s.<\/p>\n<p>Descobrim aquests <b>tres exemples que ens ajudaran a prendre consci\u00e8ncia sobre el disseny de packaging sostenible.<\/b><\/p>\n<h6><a href=\"https:\/\/codewebbarcelona.com\/contacta\/\" target=\"_blank\" rel=\"noopener\">T\u2019interessa que ens encarreguem d\u2019un projecte similar?<\/a><\/h6>\n<h2>Disseny de packaging sostenible<\/h2>\n<h3>BITE DEODORANT<\/h3>\n<p><img decoding=\"async\" class=\"alignnone size-full wp-image-12003\" src=\"https:\/\/codewebbarcelona.com\/wp-content\/uploads\/2022\/06\/diseno-packaging-plastic-free-sostenible-bite-011.jpg\" alt=\"diseno-packaging-plastic-free-sostenible-bite-011\" width=\"1080\" height=\"1080\" \/><\/p>\n<div style=\"width: 800px;\" class=\"wp-video\"><video class=\"wp-video-shortcode\" id=\"video-17887-1\" width=\"800\" height=\"1000\" preload=\"metadata\" controls=\"controls\"><source type=\"video\/mp4\" src=\"https:\/\/codewebbarcelona.com\/wp-content\/uploads\/2022\/06\/diseno-packaging-plastic-free-sostenible-bite-010.mp4?_=1\" \/><\/video><\/div>\n<div style=\"width: 1440px;\" class=\"wp-video\"><video class=\"wp-video-shortcode\" id=\"video-17887-2\" width=\"1440\" height=\"1080\" preload=\"metadata\" controls=\"controls\"><source type=\"video\/mp4\" src=\"https:\/\/codewebbarcelona.com\/wp-content\/uploads\/2022\/06\/diseno-packaging-plastic-free-sostenible-bite-09.mp4?_=2\" \/><\/video><\/div>\n<p><img decoding=\"async\" class=\"alignnone size-full wp-image-12000\" src=\"https:\/\/codewebbarcelona.com\/wp-content\/uploads\/2022\/06\/diseno-packaging-plastic-free-sostenible-bite-08.jpg\" alt=\"diseno-packaging-plastic-free-sostenible-bite-08\" width=\"589\" height=\"1000\" \/><\/p>\n<p><img decoding=\"async\" class=\"alignnone size-full wp-image-11999\" src=\"https:\/\/codewebbarcelona.com\/wp-content\/uploads\/2022\/06\/diseno-packaging-plastic-free-sostenible-bite-07.jpg\" alt=\"diseno-packaging-plastic-free-sostenible-bite-07\" width=\"800\" height=\"787\" \/><\/p>\n<div style=\"width: 800px;\" class=\"wp-video\"><video class=\"wp-video-shortcode\" id=\"video-17887-3\" width=\"800\" height=\"1000\" preload=\"metadata\" controls=\"controls\"><source type=\"video\/mp4\" src=\"https:\/\/codewebbarcelona.com\/wp-content\/uploads\/2022\/06\/diseno-packaging-plastic-free-sostenible-bite-06.mp4?_=3\" \/><\/video><\/div>\n<p><img decoding=\"async\" class=\"alignnone size-full wp-image-11997\" src=\"https:\/\/codewebbarcelona.com\/wp-content\/uploads\/2022\/06\/diseno-packaging-plastic-free-sostenible-bite-05.jpg\" alt=\"diseno-packaging-plastic-free-sostenible-bite-05\" width=\"637\" height=\"1000\" \/><\/p>\n<p><img decoding=\"async\" class=\"alignnone size-full wp-image-11996\" src=\"https:\/\/codewebbarcelona.com\/wp-content\/uploads\/2022\/06\/diseno-packaging-plastic-free-sostenible-bite-04.jpeg\" alt=\"diseno-packaging-plastic-free-sostenible-bite-04\" width=\"750\" height=\"1125\" \/><\/p>\n<p><img decoding=\"async\" class=\"alignnone size-full wp-image-11995\" src=\"https:\/\/codewebbarcelona.com\/wp-content\/uploads\/2022\/06\/diseno-packaging-plastic-free-sostenible-bite-03.jpeg\" alt=\"diseno-packaging-plastic-free-sostenible-bite-03\" width=\"750\" height=\"1125\" \/> <img decoding=\"async\" class=\"alignnone size-full wp-image-11994\" src=\"https:\/\/codewebbarcelona.com\/wp-content\/uploads\/2022\/06\/diseno-packaging-plastic-free-sostenible-bite-02.jpg\" alt=\"diseno-packaging-plastic-free-sostenible-bite-02\" width=\"1457\" height=\"2306\" \/> <img decoding=\"async\" class=\"alignnone size-full wp-image-11993\" src=\"https:\/\/codewebbarcelona.com\/wp-content\/uploads\/2022\/06\/diseno-packaging-plastic-free-sostenible-bite-01.jpg\" alt=\"diseno-packaging-plastic-free-sostenible-bite-01\" width=\"1920\" height=\"1080\" \/><\/p>\n<p><strong>Disseny de packaging sostenible a c\u00e0rrec de l\u2019equip de disseny gr\u00e0fic intern de BITE<\/strong><\/p>\n<p><a href=\"https:\/\/bitetoothpastebits.com\/products\/deodorant\" target=\"_blank\" rel=\"noopener\">Bite<\/a> \u00e9s una marca de productes d\u2019higiene personal com pasta de dents, desodorants, b\u00e0lsams facials i molts m\u00e9s.<\/p>\n<p>Amb la voluntat de reflectir el comprom\u00eds mediambiental de la marca, s\u2019han creat envasos i packagings totalment reciclables, sostenibles i respectuosos amb l\u2019entorn.<\/p>\n<p>El disseny del packaging \u00e9s molt atractiu i compleix al 100% amb els est\u00e0ndards creatius del sector, deixant enrere l\u2019\u00e8poca en qu\u00e8 sostenibilitat i disseny anaven per separat.<\/p>\n<h3><strong>Consells per al disseny de packaging sostenible<\/strong><\/h3>\n<p>El primer consell per afrontar el disseny d\u2019un packaging amb una mirada sostenible \u00e9s que qualsevol acci\u00f3 ha de respondre a uns valors reals.<\/p>\n<p>Sovint veiem marques que actuen sota una suposada consci\u00e8ncia social quan, en realitat, nom\u00e9s busquen aprofitar la tend\u00e8ncia sostenible per vendre m\u00e9s.<\/p>\n<p>Pot semblar una bona idea a curt termini, per\u00f2 com diu la dita&#8230;<\/p>\n<h3 style=\"text-align: center;\">&#8220;la mentida t\u00e9 les cames molt curtes&#8221;<\/h3>\n<p>Si actuem aix\u00ed, tard o d\u2019hora ens descobriran i la marca es veur\u00e0 immersa en una crisi de comunicaci\u00f3.<\/p>\n<p>Definitivament, no ens interessa.<\/p>\n<h3><strong>Curiositats del projecte de disseny de packaging sostenible<\/strong><\/h3>\n<p>La marca Bite va comen\u00e7ar amb la pasta de dents, d\u2019aqu\u00ed el nom \u201cbite\u201d \u2013 \u201cmossegada\u201d.<\/p>\n<p>El packaging d\u2019aquest desodorant destaca per ser recarregable a l\u2019interior, mentre que l\u2019env\u00e0s es reutilitza.<\/p>\n<p>Est\u00e0 disponible en tres aromes: Neroli c\u00edtric, Rose Vert floral fresc i Santal amaderat.<\/p>\n<p>Les rec\u00e0rregues s\u2019envien en envasos compostables i s\u2019introdueixen en un dispensador met\u00e0l\u00b7lic brillant, que recorda una petita c\u00e0psula d\u2019escapament d\u2019una nau espacial.<\/p>\n<p>L\u2019acabat mirall, els cantons arrodonits i la forma robusta evoquen els primers iPod, per\u00f2 totalment cromats.<\/p>\n<p>La marca Bite s\u2019estampa al davant, amb el lema \u201cPerqu\u00e8 \u00e9s la Terra\u201d just a sota.<\/p>\n<p>El projecte ha estat guardonat amb:<\/p>\n<ul>\n<li><a href=\"https:\/\/thedieline.com\/blog\/2022\/5\/23\/the-best-in-packaging-from-2022-dieline-awards-winners-revealed?\" target=\"_blank\" rel=\"noopener\">Best of Show &#8211; The Dieline Award &#8211; Creative Agency &#8211; In-House<\/a><\/li>\n<li><a href=\"https:\/\/thedieline.com\/blog\/2021\/9\/27\/take-the-bite-out-of-your-stink-with-new-plastic-free-deodorant?\" target=\"_blank\" rel=\"noopener\">Plastic-Free Innovation of the Year &#8211; The Dieline Award &#8211; Creative Agency &#8211; In-House<\/a><\/li>\n<\/ul>\n<p>&nbsp;<\/p>\n<p>Enhorabona a la marca Bite per aquest <strong>disseny de packaging sostenible per al seu desodorant<\/strong>.<\/p>\n<p><a href=\"https:\/\/bitetoothpastebits.com\/products\/deodorant\" target=\"_blank\" rel=\"noopener\">Si vols, pots veure el projecte complet fent clic aqu\u00ed<\/a><\/p>\n<h6><a href=\"https:\/\/codewebbarcelona.com\/contacta\/\" target=\"_blank\" rel=\"noopener\">T\u2019interessa que ens encarreguem d\u2019un projecte similar?<\/a><\/h6>\n<p>[superfeatured]7076[\/superfeatured]<\/p>\n<h3>ECO-FLO<\/h3>\n<p><img decoding=\"async\" class=\"alignnone size-full wp-image-12004\" src=\"https:\/\/codewebbarcelona.com\/wp-content\/uploads\/2022\/06\/diseno-packaging-plastic-free-sostenible-covid-test-01.jpg\" alt=\"diseno-packaging-plastic-free-sostenible-covid-test-01\" width=\"1920\" height=\"1280\" \/> <img decoding=\"async\" class=\"alignnone size-full wp-image-12005\" src=\"https:\/\/codewebbarcelona.com\/wp-content\/uploads\/2022\/06\/diseno-packaging-plastic-free-sostenible-covid-test-2.jpg\" alt=\"diseno-packaging-plastic-free-sostenible-covid-test-2\" width=\"1920\" height=\"1080\" \/> <img decoding=\"async\" class=\"alignnone size-full wp-image-12006\" src=\"https:\/\/codewebbarcelona.com\/wp-content\/uploads\/2022\/06\/diseno-packaging-plastic-free-sostenible-covid-test-4.jpg\" alt=\"diseno-packaging-plastic-free-sostenible-covid-test-4\" width=\"1920\" height=\"1279\" \/> <img decoding=\"async\" class=\"alignnone size-full wp-image-12007\" src=\"https:\/\/codewebbarcelona.com\/wp-content\/uploads\/2022\/06\/diseno-packaging-plastic-free-sostenible-covid-test-5.gif\" alt=\"diseno-packaging-plastic-free-sostenible-covid-test-5\" width=\"1920\" height=\"1080\" \/> <img decoding=\"async\" class=\"alignnone size-full wp-image-12008\" src=\"https:\/\/codewebbarcelona.com\/wp-content\/uploads\/2022\/06\/diseno-packaging-plastic-free-sostenible-covid-test-6.jpg\" alt=\"diseno-packaging-plastic-free-sostenible-covid-test-6\" width=\"1920\" height=\"1279\" \/><\/p>\n<p><strong>Disseny de packaging sostenible a c\u00e0rrec de l\u2019estudi de disseny gr\u00e0fic Morrama<\/strong><\/p>\n<p>El kit de prova s\u2019ha simplificat a quatre peces (kit de prova, tira reactiva, coixinet absorbent i un sobre).<\/p>\n<p>Eliminant la carcassa exterior de pl\u00e0stic, el bastonet, la c\u00e0psula amortidora i el tub mesclador, s\u2019han suprimit diverses peces de pl\u00e0stic d\u2019un sol \u00fas.<\/p>\n<p>La prova es fabricaria amb polpa de cel\u00b7lulosa reciclable certificada FSC i s\u2019envasaria en un sobre de pel\u00b7l\u00edcula Nature Flex biodegradable i segellada.<\/p>\n<p>La selecci\u00f3 dels materials s\u2019ha fet pensant en el final de la seva vida \u00fatil.<\/p>\n<p>El resultat \u00e9s un kit de prova que pot descompondre\u2019s en un termini de 4 a 6 setmanes en un abocador.<\/p>\n<h3><strong>Consells per al disseny de packaging sostenible<\/strong><\/h3>\n<p>Perqu\u00e8 un packaging sigui realment sostenible, cal con\u00e8ixer l\u2019entorn, els materials, els processos de reciclatge previs i posteriors, la vida \u00fatil del producte, els usos posteriors i la seva degradaci\u00f3 en el medi ambient.<\/p>\n<p>Amb tots aquests factors previstos, ser\u00e0 m\u00e9s senzill \u2014o m\u00e9s complex\u2014 aconseguir un disseny sostenible.<\/p>\n<h3><strong>Curiositats del projecte de disseny de packaging sostenible<\/strong><\/h3>\n<p>Durant la pand\u00e8mia, als EUA s\u2019han utilitzat i llen\u00e7at m\u00e9s de 900 milions de tests de Covid-19 d\u2019un sol \u00fas.<\/p>\n<p>La pand\u00e8mia ha estat una aut\u00e8ntica f\u00e0brica de productes d\u2019un sol \u00fas, no reciclables i gens sostenibles.<\/p>\n<p>L\u2019OMS calcula que es van adquirir 87.000 tones d\u2019equips de protecci\u00f3 individual (EPI), aix\u00ed que fes n\u00fameros si la teva calculadora mental arriba a tants zeros.<\/p>\n<p>Nom\u00e9s les 8.000 milions de vacunes han generat 144.000 tones de residus en forma de xeringues, agulles i contenidors de seguretat.<\/p>\n<h3 style=\"text-align: center;\">&#8220;\u00e9s imprescindible eliminar els productes d\u2019un sol \u00fas&#8221;<\/h3>\n<p>La nostra m\u00e9s sincera felicitaci\u00f3 a l\u2019estudi de disseny gr\u00e0fic Morrama per aquest <strong>disseny de packaging sostenible.<\/strong><\/p>\n<p><a href=\"https:\/\/www.morrama.com\/ecoflo\" target=\"_blank\" rel=\"noopener\">Si vols, pots veure el projecte complet fent clic aqu\u00ed<\/a><\/p>\n<h6><a href=\"https:\/\/codewebbarcelona.com\/contacta\/\" target=\"_blank\" rel=\"noopener\">T\u2019interessa que ens encarreguem d\u2019un projecte similar?<\/a><\/h6>\n<p>[superfeatured]7076[\/superfeatured]<\/p>\n<h3>MOB BEAUTY<\/h3>\n<p><img decoding=\"async\" class=\"alignnone size-full wp-image-12009\" src=\"https:\/\/codewebbarcelona.com\/wp-content\/uploads\/2022\/06\/diseno-packaging-sostenible-reciclable-mob-01.jpg\" alt=\"diseno-packaging-sostenible-reciclable-mob-01\" width=\"1920\" height=\"1080\" \/> <div style=\"width: 1960px;\" class=\"wp-video\"><video class=\"wp-video-shortcode\" id=\"video-17887-4\" width=\"1960\" height=\"1200\" preload=\"metadata\" controls=\"controls\"><source type=\"video\/mp4\" src=\"https:\/\/codewebbarcelona.com\/wp-content\/uploads\/2022\/06\/diseno-packaging-sostenible-reciclable-mob-03.mp4?_=4\" \/><\/video><\/div><\/p>\n<div style=\"width: 3268px;\" class=\"wp-video\"><video class=\"wp-video-shortcode\" id=\"video-17887-5\" width=\"3268\" height=\"2000\" preload=\"metadata\" controls=\"controls\"><source type=\"video\/mp4\" src=\"https:\/\/codewebbarcelona.com\/wp-content\/uploads\/2022\/06\/diseno-packaging-sostenible-reciclable-mob-08.mp4?_=5\" \/><\/video><\/div>\n<p><img decoding=\"async\" class=\"alignnone size-full wp-image-12012\" src=\"https:\/\/codewebbarcelona.com\/wp-content\/uploads\/2022\/06\/diseno-packaging-sostenible-reciclable-mob-066.jpg\" alt=\"diseno-packaging-sostenible-reciclable-mob-066\" width=\"1308\" height=\"1080\" \/> <img decoding=\"async\" class=\"alignnone size-full wp-image-12013\" src=\"https:\/\/codewebbarcelona.com\/wp-content\/uploads\/2022\/06\/diseno-packaging-sostenible-reciclable-mob-080.jpg\" alt=\"diseno-packaging-sostenible-reciclable-mob-080\" width=\"1291\" height=\"788\" \/> <img decoding=\"async\" class=\"alignnone size-full wp-image-12014\" src=\"https:\/\/codewebbarcelona.com\/wp-content\/uploads\/2022\/06\/diseno-packaging-sostenible-reciclable-mob-082.jpg\" alt=\"diseno-packaging-sostenible-reciclable-mob-082\" width=\"1032\" height=\"1032\" \/> <img decoding=\"async\" class=\"alignnone size-full wp-image-12015\" src=\"https:\/\/codewebbarcelona.com\/wp-content\/uploads\/2022\/06\/diseno-packaging-sostenible-reciclable-mob-086.jpg\" alt=\"diseno-packaging-sostenible-reciclable-mob-086\" width=\"1032\" height=\"1032\" \/> <img decoding=\"async\" class=\"alignnone size-full wp-image-12016\" src=\"https:\/\/codewebbarcelona.com\/wp-content\/uploads\/2022\/06\/diseno-packaging-sostenible-reciclable-mob-087.jpg\" alt=\"diseno-packaging-sostenible-reciclable-mob-087\" width=\"1032\" height=\"1032\" \/> <img decoding=\"async\" class=\"alignnone size-full wp-image-12017\" src=\"https:\/\/codewebbarcelona.com\/wp-content\/uploads\/2022\/06\/diseno-packaging-sostenible-reciclable-mob-088.jpg\" alt=\"diseno-packaging-sostenible-reciclable-mob-088\" width=\"1032\" height=\"1032\" \/><\/p>\n<p><strong>Disseny de packaging sostenible a c\u00e0rrec de l\u2019estudi de disseny gr\u00e0fic Concrete<\/strong><\/p>\n<p>MOB Beauty va acudir a Concrete amb l\u2019objectiu de crear una identitat de marca i un sistema d\u2019envasat basat en el seu enfocament innovador, reutilitzable i ecol\u00f2gic per a la formulaci\u00f3 i els components cosm\u00e8tics.<\/p>\n<p>El sistema d\u2019identitat i packaging creat per Concrete per a MOB gira entorn de la idea d\u2019una dedicaci\u00f3 intransigent a la \u201cpost-bellesa\u201d, per transformar les pr\u00e0ctiques nocives de la ind\u00fastria.<\/p>\n<h3><strong>Consells per al disseny de packaging sostenible<\/strong><\/h3>\n<p>El packaging d\u2019alimentaci\u00f3 \u00e9s un camp molt ampli, amb una compet\u00e8ncia ferotge i un consumidor hiperestimul\u00b7lat. El primer consell per crear un packaging per a alimentaci\u00f3 \u00e9s ser innovador.<\/p>\n<p>La innovaci\u00f3 \u00e9s clau en la conceptualitzaci\u00f3 i desenvolupament de packaging per a aliments, per\u00f2 compte: si et passes, pots caure en l\u2019extravag\u00e0ncia o la poca funcionalitat i que el consumidor et descarti.<\/p>\n<p>\u00c9s cert que una cosa \u00e9s guanyar un premi de disseny i una altra de ben diferent \u00e9s vendre molt producte.<\/p>\n<p>Per tant, el consell \u00e9s doble: cal innovar i, alhora, respectar la identitat de l\u2019empresa i el producte.<\/p>\n<h3><strong>Curiositats del projecte de disseny de packaging sostenible<\/strong><\/h3>\n<p>La plataforma d\u2019envasat \u00e9s recarregable, de manera que el malbaratament \u00e9s m\u00ednim.<\/p>\n<p>\u00c9s la primera marca de cosm\u00e8tica que ha creat un packaging recarregable.<\/p>\n<p>Cada fase del proc\u00e9s de packaging i usabilitat s\u2019ha deconstru\u00eft i repensat per aconseguir un sistema totalment sostenible.<\/p>\n<p>Creada pels antics fundadors de MAC Cosmetics, la l\u00ednia \u00e9s una col\u00b7lecci\u00f3 de paletes de colors personalitzables i recarregables.<\/p>\n<p>Cada paleta est\u00e0 fabricada amb almenys un 50% de PET reciclat postconsum, amb l\u2019objectiu d\u2019arribar al 100% en el futur.<\/p>\n<p>Per a l\u2019embalatge secundari, en comptes de les t\u00edpiques caixes, s\u2019utilitzen clamshells compactes de bamb\u00fa i caixes de cartr\u00f3 ondulat 100% reciclat postconsum.<\/p>\n<p>La nostra m\u00e9s sincera enhorabona a l\u2019estudi de disseny gr\u00e0fic <a href=\"https:\/\/www.concrete.ca\/\" target=\"_blank\" rel=\"noopener\">Concrete<\/a> per aquest <strong>disseny de packaging sostenible.<\/strong><\/p>\n<p><a href=\"https:\/\/thedieline.com\/blog\/2022\/2\/8\/mob-beauty-creates-a-first-of-its-kind-minimal-waste-refillable-packaging?\" target=\"_blank\" rel=\"noopener\">Si vols, pots veure el projecte complet fent clic aqu\u00ed<\/a><\/p>\n<h6><a href=\"https:\/\/codewebbarcelona.com\/contacta\/\" target=\"_blank\" rel=\"noopener\">T\u2019interessa que ens encarreguem d\u2019un projecte similar?<\/a><\/h6>\n<p>[superfeatured]7076[\/superfeatured]<\/p>\n<h3>Les nostres conclusions<\/h3>\n<p>Totes les refer\u00e8ncies estan degudament acreditades i Code Barcelona no n\u2019\u00e9s ni propiet\u00e0ria ni creadora.<\/p>\n","protected":false},"excerpt":{"rendered":"<p>Aquesta setmana ens posem conscients i sostenibles i repassem tres projectes de disseny de packaging sostenible. En aquest article analitzarem els projectes, les seves particularitats, alguns consells per al disseny de packaging sostenible, fotografies, v\u00eddeos, curiositats i enlla\u00e7os d\u2019inter\u00e8s. Descobrim aquests tres exemples que ens ajudaran a prendre consci\u00e8ncia sobre el disseny de packaging sostenible. [&hellip;]<\/p>\n","protected":false},"author":1,"featured_media":4771,"comment_status":"closed","ping_status":"closed","sticky":false,"template":"","format":"standard","meta":{"_acf_changed":false,"footnotes":""},"categories":[210,134],"class_list":["post-17887","post","type-post","status-publish","format-standard","has-post-thumbnail","hentry","category-inspiracio","category-disseny-grafic"],"acf":[],"yoast_head":"<!-- This site is optimized with the Yoast SEO plugin v27.2 - https:\/\/yoast.com\/product\/yoast-seo-wordpress\/ -->\n<title>Dise\u00f1o de packaging sostenible y respetuoso - Code Barcelona<\/title>\n<meta name=\"description\" content=\"Esta semana nos ponemos conscientes y sostenibles y vamos a repasar tres proyectos de dise\u00f1o de packaging sostenible. En este art\u00edculo trataremos los proyectos, sus particularidades, algunos tips en el dise\u00f1o de packaging sostenible, fotos, v\u00eddeos, curiosidades y enlaces de inter\u00e9s.\" \/>\n<meta name=\"robots\" content=\"index, follow, max-snippet:-1, max-image-preview:large, max-video-preview:-1\" \/>\n<link rel=\"canonical\" href=\"https:\/\/codewebbarcelona.com\/ca\/blog\/disseny-packaging-sostenible\/\" \/>\n<meta property=\"og:locale\" content=\"ca_ES\" \/>\n<meta property=\"og:type\" content=\"article\" \/>\n<meta property=\"og:title\" content=\"Dise\u00f1o de packaging sostenible y respetuoso - Code Barcelona\" \/>\n<meta property=\"og:description\" content=\"Esta semana nos ponemos conscientes y sostenibles y vamos a repasar tres proyectos de dise\u00f1o de packaging sostenible. En este art\u00edculo trataremos los proyectos, sus particularidades, algunos tips en el dise\u00f1o de packaging sostenible, fotos, v\u00eddeos, curiosidades y enlaces de inter\u00e9s.\" \/>\n<meta property=\"og:url\" content=\"https:\/\/codewebbarcelona.com\/ca\/blog\/disseny-packaging-sostenible\/\" \/>\n<meta property=\"og:site_name\" content=\"Code Barcelona\" \/>\n<meta property=\"article:published_time\" content=\"2022-06-20T09:00:57+00:00\" \/>\n<meta property=\"article:modified_time\" content=\"2026-04-20T18:55:39+00:00\" \/>\n<meta property=\"og:image\" content=\"https:\/\/codewebbarcelona.com\/wp-content\/uploads\/2022\/06\/diseno-de-packaging-sostenible-featured.gif\" \/>\n\t<meta property=\"og:image:width\" content=\"600\" \/>\n\t<meta property=\"og:image:height\" content=\"336\" \/>\n\t<meta property=\"og:image:type\" content=\"image\/gif\" \/>\n<meta name=\"author\" content=\"cd26Bc\" \/>\n<meta name=\"twitter:card\" content=\"summary_large_image\" \/>\n<meta name=\"twitter:label1\" content=\"Escrit per\" \/>\n\t<meta name=\"twitter:data1\" content=\"cd26Bc\" \/>\n\t<meta name=\"twitter:label2\" content=\"Temps estimat de lectura\" \/>\n\t<meta name=\"twitter:data2\" content=\"6 minuts\" \/>\n<script type=\"application\/ld+json\" class=\"yoast-schema-graph\">{\"@context\":\"https:\/\/schema.org\",\"@graph\":[{\"@type\":\"Article\",\"@id\":\"https:\/\/codewebbarcelona.com\/ca\/blog\/disseny-packaging-sostenible\/#article\",\"isPartOf\":{\"@id\":\"https:\/\/codewebbarcelona.com\/ca\/blog\/disseny-packaging-sostenible\/\"},\"author\":{\"name\":\"cd26Bc\",\"@id\":\"https:\/\/codewebbarcelona.com\/ca\/#\/schema\/person\/3af5f44aaf0de2919e9225aa5ca32567\"},\"headline\":\"Disseny de packaging sostenible\",\"datePublished\":\"2022-06-20T09:00:57+00:00\",\"dateModified\":\"2026-04-20T18:55:39+00:00\",\"mainEntityOfPage\":{\"@id\":\"https:\/\/codewebbarcelona.com\/ca\/blog\/disseny-packaging-sostenible\/\"},\"wordCount\":1253,\"image\":{\"@id\":\"https:\/\/codewebbarcelona.com\/ca\/blog\/disseny-packaging-sostenible\/#primaryimage\"},\"thumbnailUrl\":\"https:\/\/codewebbarcelona.com\/wp-content\/uploads\/2022\/06\/diseno-de-packaging-sostenible-featured.gif\",\"articleSection\":[\"Inspiraci\u00f3\",\"Dise\u00f1o gr\u00e1fico\"],\"inLanguage\":\"ca\"},{\"@type\":\"WebPage\",\"@id\":\"https:\/\/codewebbarcelona.com\/ca\/blog\/disseny-packaging-sostenible\/\",\"url\":\"https:\/\/codewebbarcelona.com\/ca\/blog\/disseny-packaging-sostenible\/\",\"name\":\"Dise\u00f1o de packaging sostenible y respetuoso - Code Barcelona\",\"isPartOf\":{\"@id\":\"https:\/\/codewebbarcelona.com\/ca\/#website\"},\"primaryImageOfPage\":{\"@id\":\"https:\/\/codewebbarcelona.com\/ca\/blog\/disseny-packaging-sostenible\/#primaryimage\"},\"image\":{\"@id\":\"https:\/\/codewebbarcelona.com\/ca\/blog\/disseny-packaging-sostenible\/#primaryimage\"},\"thumbnailUrl\":\"https:\/\/codewebbarcelona.com\/wp-content\/uploads\/2022\/06\/diseno-de-packaging-sostenible-featured.gif\",\"datePublished\":\"2022-06-20T09:00:57+00:00\",\"dateModified\":\"2026-04-20T18:55:39+00:00\",\"author\":{\"@id\":\"https:\/\/codewebbarcelona.com\/ca\/#\/schema\/person\/3af5f44aaf0de2919e9225aa5ca32567\"},\"description\":\"Esta semana nos ponemos conscientes y sostenibles y vamos a repasar tres proyectos de dise\u00f1o de packaging sostenible. En este art\u00edculo trataremos los proyectos, sus particularidades, algunos tips en el dise\u00f1o de packaging sostenible, fotos, v\u00eddeos, curiosidades y enlaces de inter\u00e9s.\",\"inLanguage\":\"ca\",\"potentialAction\":[{\"@type\":\"ReadAction\",\"target\":[\"https:\/\/codewebbarcelona.com\/ca\/blog\/disseny-packaging-sostenible\/\"]}]},{\"@type\":\"ImageObject\",\"inLanguage\":\"ca\",\"@id\":\"https:\/\/codewebbarcelona.com\/ca\/blog\/disseny-packaging-sostenible\/#primaryimage\",\"url\":\"https:\/\/codewebbarcelona.com\/wp-content\/uploads\/2022\/06\/diseno-de-packaging-sostenible-featured.gif\",\"contentUrl\":\"https:\/\/codewebbarcelona.com\/wp-content\/uploads\/2022\/06\/diseno-de-packaging-sostenible-featured.gif\",\"width\":600,\"height\":336},{\"@type\":\"WebSite\",\"@id\":\"https:\/\/codewebbarcelona.com\/ca\/#website\",\"url\":\"https:\/\/codewebbarcelona.com\/ca\/\",\"name\":\"Code Barcelona\",\"description\":\"\",\"potentialAction\":[{\"@type\":\"SearchAction\",\"target\":{\"@type\":\"EntryPoint\",\"urlTemplate\":\"https:\/\/codewebbarcelona.com\/ca\/?s={search_term_string}\"},\"query-input\":{\"@type\":\"PropertyValueSpecification\",\"valueRequired\":true,\"valueName\":\"search_term_string\"}}],\"inLanguage\":\"ca\"},{\"@type\":\"Person\",\"@id\":\"https:\/\/codewebbarcelona.com\/ca\/#\/schema\/person\/3af5f44aaf0de2919e9225aa5ca32567\",\"name\":\"cd26Bc\",\"image\":{\"@type\":\"ImageObject\",\"inLanguage\":\"ca\",\"@id\":\"https:\/\/secure.gravatar.com\/avatar\/b904e836584635855eaa0ee2922bae4fe2aa94ffb558048dcc5dac5f98f0fadc?s=96&d=mm&r=g\",\"url\":\"https:\/\/secure.gravatar.com\/avatar\/b904e836584635855eaa0ee2922bae4fe2aa94ffb558048dcc5dac5f98f0fadc?s=96&d=mm&r=g\",\"contentUrl\":\"https:\/\/secure.gravatar.com\/avatar\/b904e836584635855eaa0ee2922bae4fe2aa94ffb558048dcc5dac5f98f0fadc?s=96&d=mm&r=g\",\"caption\":\"cd26Bc\"},\"sameAs\":[\"https:\/\/codewebbarcelona.com\"]}]}<\/script>\n<!-- \/ Yoast SEO plugin. -->","yoast_head_json":{"title":"Dise\u00f1o de packaging sostenible y respetuoso - Code Barcelona","description":"Esta semana nos ponemos conscientes y sostenibles y vamos a repasar tres proyectos de dise\u00f1o de packaging sostenible. En este art\u00edculo trataremos los proyectos, sus particularidades, algunos tips en el dise\u00f1o de packaging sostenible, fotos, v\u00eddeos, curiosidades y enlaces de inter\u00e9s.","robots":{"index":"index","follow":"follow","max-snippet":"max-snippet:-1","max-image-preview":"max-image-preview:large","max-video-preview":"max-video-preview:-1"},"canonical":"https:\/\/codewebbarcelona.com\/ca\/blog\/disseny-packaging-sostenible\/","og_locale":"ca_ES","og_type":"article","og_title":"Dise\u00f1o de packaging sostenible y respetuoso - Code Barcelona","og_description":"Esta semana nos ponemos conscientes y sostenibles y vamos a repasar tres proyectos de dise\u00f1o de packaging sostenible. En este art\u00edculo trataremos los proyectos, sus particularidades, algunos tips en el dise\u00f1o de packaging sostenible, fotos, v\u00eddeos, curiosidades y enlaces de inter\u00e9s.","og_url":"https:\/\/codewebbarcelona.com\/ca\/blog\/disseny-packaging-sostenible\/","og_site_name":"Code Barcelona","article_published_time":"2022-06-20T09:00:57+00:00","article_modified_time":"2026-04-20T18:55:39+00:00","og_image":[{"url":"https:\/\/codewebbarcelona.com\/wp-content\/uploads\/2022\/06\/diseno-de-packaging-sostenible-featured.gif","width":600,"height":336,"type":"image\/gif"}],"author":"cd26Bc","twitter_card":"summary_large_image","twitter_misc":{"Escrit per":"cd26Bc","Temps estimat de lectura":"6 minuts"},"schema":{"@context":"https:\/\/schema.org","@graph":[{"@type":"Article","@id":"https:\/\/codewebbarcelona.com\/ca\/blog\/disseny-packaging-sostenible\/#article","isPartOf":{"@id":"https:\/\/codewebbarcelona.com\/ca\/blog\/disseny-packaging-sostenible\/"},"author":{"name":"cd26Bc","@id":"https:\/\/codewebbarcelona.com\/ca\/#\/schema\/person\/3af5f44aaf0de2919e9225aa5ca32567"},"headline":"Disseny de packaging sostenible","datePublished":"2022-06-20T09:00:57+00:00","dateModified":"2026-04-20T18:55:39+00:00","mainEntityOfPage":{"@id":"https:\/\/codewebbarcelona.com\/ca\/blog\/disseny-packaging-sostenible\/"},"wordCount":1253,"image":{"@id":"https:\/\/codewebbarcelona.com\/ca\/blog\/disseny-packaging-sostenible\/#primaryimage"},"thumbnailUrl":"https:\/\/codewebbarcelona.com\/wp-content\/uploads\/2022\/06\/diseno-de-packaging-sostenible-featured.gif","articleSection":["Inspiraci\u00f3","Dise\u00f1o gr\u00e1fico"],"inLanguage":"ca"},{"@type":"WebPage","@id":"https:\/\/codewebbarcelona.com\/ca\/blog\/disseny-packaging-sostenible\/","url":"https:\/\/codewebbarcelona.com\/ca\/blog\/disseny-packaging-sostenible\/","name":"Dise\u00f1o de packaging sostenible y respetuoso - Code Barcelona","isPartOf":{"@id":"https:\/\/codewebbarcelona.com\/ca\/#website"},"primaryImageOfPage":{"@id":"https:\/\/codewebbarcelona.com\/ca\/blog\/disseny-packaging-sostenible\/#primaryimage"},"image":{"@id":"https:\/\/codewebbarcelona.com\/ca\/blog\/disseny-packaging-sostenible\/#primaryimage"},"thumbnailUrl":"https:\/\/codewebbarcelona.com\/wp-content\/uploads\/2022\/06\/diseno-de-packaging-sostenible-featured.gif","datePublished":"2022-06-20T09:00:57+00:00","dateModified":"2026-04-20T18:55:39+00:00","author":{"@id":"https:\/\/codewebbarcelona.com\/ca\/#\/schema\/person\/3af5f44aaf0de2919e9225aa5ca32567"},"description":"Esta semana nos ponemos conscientes y sostenibles y vamos a repasar tres proyectos de dise\u00f1o de packaging sostenible. En este art\u00edculo trataremos los proyectos, sus particularidades, algunos tips en el dise\u00f1o de packaging sostenible, fotos, v\u00eddeos, curiosidades y enlaces de inter\u00e9s.","inLanguage":"ca","potentialAction":[{"@type":"ReadAction","target":["https:\/\/codewebbarcelona.com\/ca\/blog\/disseny-packaging-sostenible\/"]}]},{"@type":"ImageObject","inLanguage":"ca","@id":"https:\/\/codewebbarcelona.com\/ca\/blog\/disseny-packaging-sostenible\/#primaryimage","url":"https:\/\/codewebbarcelona.com\/wp-content\/uploads\/2022\/06\/diseno-de-packaging-sostenible-featured.gif","contentUrl":"https:\/\/codewebbarcelona.com\/wp-content\/uploads\/2022\/06\/diseno-de-packaging-sostenible-featured.gif","width":600,"height":336},{"@type":"WebSite","@id":"https:\/\/codewebbarcelona.com\/ca\/#website","url":"https:\/\/codewebbarcelona.com\/ca\/","name":"Code Barcelona","description":"","potentialAction":[{"@type":"SearchAction","target":{"@type":"EntryPoint","urlTemplate":"https:\/\/codewebbarcelona.com\/ca\/?s={search_term_string}"},"query-input":{"@type":"PropertyValueSpecification","valueRequired":true,"valueName":"search_term_string"}}],"inLanguage":"ca"},{"@type":"Person","@id":"https:\/\/codewebbarcelona.com\/ca\/#\/schema\/person\/3af5f44aaf0de2919e9225aa5ca32567","name":"cd26Bc","image":{"@type":"ImageObject","inLanguage":"ca","@id":"https:\/\/secure.gravatar.com\/avatar\/b904e836584635855eaa0ee2922bae4fe2aa94ffb558048dcc5dac5f98f0fadc?s=96&d=mm&r=g","url":"https:\/\/secure.gravatar.com\/avatar\/b904e836584635855eaa0ee2922bae4fe2aa94ffb558048dcc5dac5f98f0fadc?s=96&d=mm&r=g","contentUrl":"https:\/\/secure.gravatar.com\/avatar\/b904e836584635855eaa0ee2922bae4fe2aa94ffb558048dcc5dac5f98f0fadc?s=96&d=mm&r=g","caption":"cd26Bc"},"sameAs":["https:\/\/codewebbarcelona.com"]}]}},"_links":{"self":[{"href":"https:\/\/codewebbarcelona.com\/ca\/wp-json\/wp\/v2\/posts\/17887","targetHints":{"allow":["GET"]}}],"collection":[{"href":"https:\/\/codewebbarcelona.com\/ca\/wp-json\/wp\/v2\/posts"}],"about":[{"href":"https:\/\/codewebbarcelona.com\/ca\/wp-json\/wp\/v2\/types\/post"}],"author":[{"embeddable":true,"href":"https:\/\/codewebbarcelona.com\/ca\/wp-json\/wp\/v2\/users\/1"}],"replies":[{"embeddable":true,"href":"https:\/\/codewebbarcelona.com\/ca\/wp-json\/wp\/v2\/comments?post=17887"}],"version-history":[{"count":2,"href":"https:\/\/codewebbarcelona.com\/ca\/wp-json\/wp\/v2\/posts\/17887\/revisions"}],"predecessor-version":[{"id":17915,"href":"https:\/\/codewebbarcelona.com\/ca\/wp-json\/wp\/v2\/posts\/17887\/revisions\/17915"}],"wp:featuredmedia":[{"embeddable":true,"href":"https:\/\/codewebbarcelona.com\/ca\/wp-json\/wp\/v2\/media\/4771"}],"wp:attachment":[{"href":"https:\/\/codewebbarcelona.com\/ca\/wp-json\/wp\/v2\/media?parent=17887"}],"wp:term":[{"taxonomy":"category","embeddable":true,"href":"https:\/\/codewebbarcelona.com\/ca\/wp-json\/wp\/v2\/categories?post=17887"}],"curies":[{"name":"wp","href":"https:\/\/api.w.org\/{rel}","templated":true}]}}