{"id":17859,"date":"2022-06-08T07:48:54","date_gmt":"2022-06-08T07:48:54","guid":{"rendered":"https:\/\/codewebbarcelona.com\/diseno-de-packaging-para-cosmetica\/"},"modified":"2026-04-20T18:54:37","modified_gmt":"2026-04-20T18:54:37","slug":"disseny-packaging-cosmetica","status":"publish","type":"post","link":"https:\/\/codewebbarcelona.com\/ca\/blog\/disseny-packaging-cosmetica\/","title":{"rendered":"Disseny de packaging per a cosm\u00e8tica"},"content":{"rendered":"<p>Aquesta setmana repassem tres projectes que tenen en com\u00fa ser referents en disseny de packaging per a cosm\u00e8tica i beauty.<\/p>\n<p>Aqu\u00ed a Espanya i arreu del m\u00f3n estem a punt d\u2019entrar a l\u2019estiu, l\u2019\u00e8poca m\u00e9s exigent per a la nostra imatge exterior ;D \u2014 i, com si fos una premonici\u00f3, tamb\u00e9 \u00e9s un moment ideal per parlar de disseny de packaging per a cosm\u00e8tica i beauty, on \u2014 oh sorpresa! \u2014 l\u2019exterior ho \u00e9s tot.<\/p>\n<p>He revisat desenes de projectes on el packaging i la cosm\u00e8tica s\u00f3n protagonistes, i d\u2019aquest rep\u00e0s n\u2019he seleccionat tres exemples que destaquen per la seva creativitat, innovaci\u00f3 i beauty.<\/p>\n<p>Descobrim aquests <b>tres exemples que ens deixaran bocabadats amb el Disseny <strong>de<\/strong> packaging per a cosm\u00e8tica i beauty<\/b><\/p>\n<h6><a href=\"https:\/\/codewebbarcelona.com\/contacta\/\" target=\"_blank\" rel=\"noopener\">T\u2019agradaria que ens encarregu\u00e9ssim d\u2019un projecte similar?<\/a><\/h6>\n<h2>Disseny <strong>de<\/strong> packaging per a cosm\u00e8tica i beauty<\/h2>\n<h3>LUNE AVOCADO<\/h3>\n<p><img decoding=\"async\" class=\"alignnone size-full wp-image-11949\" src=\"https:\/\/codewebbarcelona.com\/wp-content\/uploads\/2022\/06\/diseno-packaging-cosmetica-beauty-lune-avocado-01008.jpg\" alt=\"diseno-packaging-cosmetica-beauty-lune-avocado-01008\" width=\"2302\" height=\"1535\" \/> <img decoding=\"async\" class=\"alignnone size-full wp-image-11950\" src=\"https:\/\/codewebbarcelona.com\/wp-content\/uploads\/2022\/06\/diseno-packaging-cosmetica-beauty-lune-avocado-02009.jpg\" alt=\"diseno-packaging-cosmetica-beauty-lune-avocado-02009\" width=\"1919\" height=\"1536\" \/> <img decoding=\"async\" class=\"alignnone size-full wp-image-11951\" src=\"https:\/\/codewebbarcelona.com\/wp-content\/uploads\/2022\/06\/diseno-packaging-cosmetica-beauty-lune-avocado-03010.jpg\" alt=\"diseno-packaging-cosmetica-beauty-lune-avocado-03010\" width=\"2302\" height=\"1535\" \/> <img decoding=\"async\" class=\"alignnone size-full wp-image-11952\" src=\"https:\/\/codewebbarcelona.com\/wp-content\/uploads\/2022\/06\/diseno-packaging-cosmetica-beauty-lune-avocado-04011.jpg\" alt=\"diseno-packaging-cosmetica-beauty-lune-avocado-04011\" width=\"1919\" height=\"1535\" \/> <img decoding=\"async\" class=\"alignnone size-full wp-image-11953\" src=\"https:\/\/codewebbarcelona.com\/wp-content\/uploads\/2022\/06\/diseno-packaging-cosmetica-beauty-lune-avocado-05012.jpg\" alt=\"diseno-packaging-cosmetica-beauty-lune-avocado-05012\" width=\"1919\" height=\"1536\" \/> <img decoding=\"async\" class=\"alignnone size-full wp-image-11954\" src=\"https:\/\/codewebbarcelona.com\/wp-content\/uploads\/2022\/06\/diseno-packaging-cosmetica-beauty-lune-avocado-06013.jpg\" alt=\"diseno-packaging-cosmetica-beauty-lune-avocado-06013\" width=\"1919\" height=\"1536\" \/> <img decoding=\"async\" class=\"alignnone size-full wp-image-11955\" src=\"https:\/\/codewebbarcelona.com\/wp-content\/uploads\/2022\/06\/diseno-packaging-cosmetica-beauty-lune-avocado-07014.jpg\" alt=\"diseno-packaging-cosmetica-beauty-lune-avocado-07014\" width=\"2302\" height=\"1535\" \/><\/p>\n<p><strong>Disseny de packaging per a cosm\u00e8tica i beauty a c\u00e0rrec de l\u2019estudi de disseny gr\u00e0fic Polyvoly Technology (Wuhan)<\/strong><\/p>\n<p>A m\u00e9s de ser delici\u00f3s i un superaliment que aqu\u00ed es ven a preu d\u2019or, l\u2019alvocat tamb\u00e9 t\u00e9 un gran valor en cosm\u00e8tica. Les seves propietats bioqu\u00edmiques i nutrients el converteixen en una base ideal per crear productes de bellesa per a la pell i el cabell.<\/p>\n<p>I ara que ja tenim el context, anem al gra.<\/p>\n<p>Vull destacar aquest packaging perqu\u00e8 em sembla molt innovador tant en la idea com en l\u2019execuci\u00f3. Ja fa temps que la creativitat xinesa marca tend\u00e8ncia en molts sectors, i el beauty no n\u2019\u00e9s una excepci\u00f3.<\/p>\n<p>Crec que aquest esperit creatiu tan atrevit t\u00e9 molt a veure amb la seva demografia i amb una cultura que aposta per propostes molt m\u00e9s agosarades que les que solem veure a Europa o als pa\u00efsos anglosaxons.<\/p>\n<p>El seu p\u00fablic no \u00e9s el consumidor conservador europeu, sin\u00f3 alg\u00fa que ha crescut amb altres referents i que, per tant, espera trobar propostes diferents quan va a comprar.<\/p>\n<p>Per aix\u00f2, l\u2019estudi ha apostat per un packaging molt original, amb materials seleccionats amb cura i una forma d\u2019alvocat que arrodoneix un projecte excel\u00b7lent.<\/p>\n<p><strong>Consells en el disseny de packaging per a cosm\u00e8tica i beauty<\/strong><\/p>\n<p>El sector cosm\u00e8tic asi\u00e0tic \u00e9s una font inesgotable de creativitat. Setmana rere setmana, els seus projectes apareixen a tots els r\u00e0nquings de disseny gr\u00e0fic, packaging i branding.<\/p>\n<p>En un mercat tan competitiu com el de la bellesa, a \u00c0sia el nivell d\u2019exig\u00e8ncia \u00e9s alt\u00edssim: gaireb\u00e9 el 40% de la poblaci\u00f3 mundial viu all\u00e0, i aix\u00f2 s\u00f3n molts milions de persones cuidant-se la pell!<\/p>\n<p>El primer consell que vull compartir \u00e9s la import\u00e0ncia de crear un producte i un packaging que siguin bells per si mateixos, fins al punt que el consumidor vulgui adquirir-los nom\u00e9s per la seva aparen\u00e7a.<\/p>\n<p>Perqu\u00e8 si hi ha una cosa que defineix el sector beauty \u00e9s que les aparences s\u00f3n fonamentals. El consumidor es deixa seduir per l\u2019exterior, igual que vol projectar una imatge cuidada, i aqu\u00ed es tanca el cercle.<\/p>\n<p>Un bon disseny, atractiu i coherent amb el producte, \u00e9s el primer pas per aconseguir un packaging cosm\u00e8tic guanyador.<\/p>\n<p><strong>Curiositats del projecte de disseny de packaging per a cosm\u00e8tica i beauty<\/strong><\/p>\n<p>El packaging est\u00e0 pensat per associar l\u2019alvocat amb el seu nou rol, utilitzant un gr\u00e0fic simplificat de la fruita.<\/p>\n<p>La forma de l\u2019alvocat es converteix en un element clau de l\u2019env\u00e0s.<\/p>\n<p>El pack de cura capil\u00b7lar inclou una \u201cmascareta il\u00b7luminadora\u201d amb forma de polpa i una \u201cgelatina reformuladora per al cuir cabellut\u201d amb forma de pinyol.<\/p>\n<p>La caixa utilitza plecs per al muntatge, cosa que permet estalviar espai un cop plegada.<\/p>\n<p>El projecte ha estat guardonat amb:<\/p>\n<ul>\n<li><a href=\"https:\/\/ifdesign.com\/en\/winner-ranking\/project\/triptych-of-lune-avocado-hair-care-box\/314127\" target=\"_blank\" rel=\"noopener\">If Design Award en la categoria de Packaging Salut i Bellesa<\/a><\/li>\n<\/ul>\n<p>&nbsp;<\/p>\n<p>La nostra m\u00e9s sincera enhorabona a l\u2019estudi de disseny gr\u00e0fic Polyvoly Technology (Wuhan) per aquest<strong> disseny de packaging per a cosm\u00e8tica i beauty.<\/strong><\/p>\n<p>Ens encantaria poder enlla\u00e7ar amb la web del creador, per\u00f2, com sol passar, les refer\u00e8ncies xineses sovint tenen els enlla\u00e7os bloquejats des d\u2019Occident.<\/p>\n<h6><a href=\"https:\/\/codewebbarcelona.com\/contacta\/\" target=\"_blank\" rel=\"noopener\">T\u2019agradaria que ens encarregu\u00e9ssim d\u2019un projecte similar?<\/a><\/h6>\n<p>[superfeatured]7076[\/superfeatured]<\/p>\n<h3>AGUA DE SALAMANCA<\/h3>\n<p><img decoding=\"async\" class=\"alignnone size-full wp-image-11941\" src=\"https:\/\/codewebbarcelona.com\/wp-content\/uploads\/2022\/06\/diseno-packaging-cosmetica-beauty-agua-salamanca-01000.jpeg\" alt=\"diseno-packaging-cosmetica-beauty-agua-salamanca-01000\" width=\"2500\" height=\"1667\" \/><\/p>\n<p><img decoding=\"async\" class=\"alignnone size-full wp-image-11981\" src=\"https:\/\/codewebbarcelona.com\/wp-content\/uploads\/2022\/06\/agua-de-salamanca_page-0003.jpg\" alt=\"\" width=\"1241\" height=\"1754\" \/><\/p>\n<p><img decoding=\"async\" class=\"alignnone size-full wp-image-11942\" src=\"https:\/\/codewebbarcelona.com\/wp-content\/uploads\/2022\/06\/diseno-packaging-cosmetica-beauty-agua-salamanca-02001.jpg\" alt=\"diseno-packaging-cosmetica-beauty-agua-salamanca-02001\" width=\"1500\" height=\"1000\" \/><\/p>\n<p><img decoding=\"async\" class=\"alignnone size-full wp-image-11982\" src=\"https:\/\/codewebbarcelona.com\/wp-content\/uploads\/2022\/06\/agua-de-salamanca_page-0005.jpg\" alt=\"\" width=\"1241\" height=\"1754\" \/><\/p>\n<p><img decoding=\"async\" class=\"alignnone size-full wp-image-11943\" src=\"https:\/\/codewebbarcelona.com\/wp-content\/uploads\/2022\/06\/diseno-packaging-cosmetica-beauty-agua-salamanca-03002.jpg\" alt=\"diseno-packaging-cosmetica-beauty-agua-salamanca-03002\" width=\"1500\" height=\"1000\" \/><\/p>\n<p>&nbsp;<\/p>\n<p><img decoding=\"async\" class=\"alignnone size-full wp-image-11983\" src=\"https:\/\/codewebbarcelona.com\/wp-content\/uploads\/2022\/06\/agua-de-salamanca_page-0014.jpg\" alt=\"\" width=\"1241\" height=\"1754\" \/> <img decoding=\"async\" class=\"alignnone size-full wp-image-11944\" src=\"https:\/\/codewebbarcelona.com\/wp-content\/uploads\/2022\/06\/diseno-packaging-cosmetica-beauty-agua-salamanca-04003.jpg\" alt=\"diseno-packaging-cosmetica-beauty-agua-salamanca-04003\" width=\"1500\" height=\"1000\" \/><\/p>\n<p><img decoding=\"async\" class=\"alignnone size-full wp-image-11984\" src=\"https:\/\/codewebbarcelona.com\/wp-content\/uploads\/2022\/06\/agua-de-salamanca_page-0006.jpg\" alt=\"\" width=\"1241\" height=\"1754\" \/> <img decoding=\"async\" class=\"alignnone size-full wp-image-11945\" src=\"https:\/\/codewebbarcelona.com\/wp-content\/uploads\/2022\/06\/diseno-packaging-cosmetica-beauty-agua-salamanca-05004.jpg\" alt=\"diseno-packaging-cosmetica-beauty-agua-salamanca-05004\" width=\"1500\" height=\"1067\" \/><\/p>\n<p><img decoding=\"async\" class=\"alignnone size-full wp-image-11985\" src=\"https:\/\/codewebbarcelona.com\/wp-content\/uploads\/2022\/06\/agua-de-salamanca_page-0004.jpg\" alt=\"\" width=\"1241\" height=\"1754\" \/><\/p>\n<p>&nbsp;<\/p>\n<p><img decoding=\"async\" class=\"alignnone size-full wp-image-11946\" src=\"https:\/\/codewebbarcelona.com\/wp-content\/uploads\/2022\/06\/diseno-packaging-cosmetica-beauty-agua-salamanca-06005.jpg\" alt=\"diseno-packaging-cosmetica-beauty-agua-salamanca-06005\" width=\"1500\" height=\"1000\" \/><\/p>\n<p><img decoding=\"async\" class=\"alignnone size-full wp-image-11986\" src=\"https:\/\/codewebbarcelona.com\/wp-content\/uploads\/2022\/06\/agua-de-salamanca_page-0012.jpg\" alt=\"\" width=\"1241\" height=\"1754\" \/> <img decoding=\"async\" class=\"alignnone size-full wp-image-11947\" src=\"https:\/\/codewebbarcelona.com\/wp-content\/uploads\/2022\/06\/diseno-packaging-cosmetica-beauty-agua-salamanca-07006.jpg\" alt=\"diseno-packaging-cosmetica-beauty-agua-salamanca-07006\" width=\"1500\" height=\"1068\" \/><\/p>\n<p><img decoding=\"async\" class=\"alignnone size-full wp-image-11987\" src=\"https:\/\/codewebbarcelona.com\/wp-content\/uploads\/2022\/06\/agua-de-salamanca_page-0015.jpg\" alt=\"\" width=\"1241\" height=\"1754\" \/> <img decoding=\"async\" class=\"alignnone size-full wp-image-11948\" src=\"https:\/\/codewebbarcelona.com\/wp-content\/uploads\/2022\/06\/diseno-packaging-cosmetica-beauty-agua-salamanca-08007.jpg\" alt=\"diseno-packaging-cosmetica-beauty-agua-salamanca-08007\" width=\"1500\" height=\"1000\" \/><\/p>\n<p><img decoding=\"async\" class=\"alignnone size-full wp-image-11988\" src=\"https:\/\/codewebbarcelona.com\/wp-content\/uploads\/2022\/06\/agua-de-salamanca_page-0013.jpg\" alt=\"\" width=\"1241\" height=\"1754\" \/> <img decoding=\"async\" class=\"alignnone size-full wp-image-11989\" src=\"https:\/\/codewebbarcelona.com\/wp-content\/uploads\/2022\/06\/agua-de-salamanca_page-0011.jpg\" alt=\"\" width=\"1241\" height=\"1754\" \/><\/p>\n<p><strong>Disseny de packaging per a cosm\u00e8tica i beauty a c\u00e0rrec de l\u2019estudi de disseny gr\u00e0fic Salvi Design<\/strong><\/p>\n<p>Margara \u00e9s una marca molt vinculada al patrimoni cultural i t\u00e9 com a objectiu desenvolupar l\u00ednies de productes espec\u00edfics per a museus i botigues seleccionades.<\/p>\n<p>En aquest context, Agua de Salamanca ha estat creada per la perfumista Paloma Mart\u00edn Oviedo, que ha confiat en l\u2019estudi Salvi Design per donar forma a un packaging molt especial.<\/p>\n<p>El packaging d\u2019aquesta col\u00f2nia destaca per la seva eleg\u00e0ncia i cl\u00e0ssic refinament, amb detalls que el diferencien clarament d\u2019altres productes del sector.<\/p>\n<p>El disseny s\u2019inspira plenament en la ciutat de Salamanca, amb les seves aromes i ess\u00e8ncies, una acurada selecci\u00f3 de textures i una mirada atenta a la seva hist\u00f2ria i cultura.<\/p>\n<p>Per aconseguir-ho, Salvi Design ha treballat especialment la diferenciaci\u00f3, tant en la gr\u00e0fica i la tipografia com en els acabats de l\u2019estoig, per transmetre una sensaci\u00f3 de producte premium cuidat fins al darrer detall.<\/p>\n<p>Aquest packaging aposta per un to comunicatiu blau intens \u2014 inspirat en el cel de Salamanca i reflectit al Tormes \u2014, contrastat amb estampaci\u00f3 en or que evoca la for\u00e7a i la riquesa patrimonial dels seus capvespres.<\/p>\n<p><strong>Consells en el disseny de packaging per a cosm\u00e8tica i beauty<\/strong><\/p>\n<p>Sigui quin sigui el projecte de packaging que afrontis, recorda que tot el disseny ha de recolzar-se en un bon relat de marca.<\/p>\n<p>Prestar atenci\u00f3 i construir una bona hist\u00f2ria de marca \u00e9s clau per a un branding s\u00f2lid, un packaging memorable, una campanya publicit\u00e0ria efectiva o una web amb personalitat.<\/p>\n<p>En definitiva, el disseny del packaging cosm\u00e8tic ha de respondre a un relat coherent que es reflecteixi en totes les fases del projecte i en cada element que envolta el producte.<\/p>\n<p><strong>Curiositats del projecte de disseny de packaging per a cosm\u00e8tica i beauty<\/strong><\/p>\n<p>El disseny gira entorn del bot\u00f3 charro \u2014 una joia tradicional i popular de la prov\u00edncia de Salamanca.<\/p>\n<p>El bot\u00f3 charro t\u00e9 una bola central que representa Salamanca, envoltada de vuit boles m\u00e9s petites que simbolitzaven, antigament, les comarques que la protegien.<\/p>\n<p>Existeix una variant, l\u2019anell charro, que antigament era l\u2019anell de prometatge i que la futura n\u00favia havia de portar tot el dia fins que li caiguessin totes les boletes.<\/p>\n<p>El projecte ha estat guardonat amb:<\/p>\n<ul>\n<li><a href=\"https:\/\/www.veredictas.com\/es\/premios\/premios-brandor\/ganadores-2023.html\" target=\"_blank\" rel=\"noopener\">Medalla Brandor 2021 al millor disseny de logotip de marca<\/a><\/li>\n<li><a href=\"https:\/\/www.veredictas.com\/es\/premios\/premios-brandor\/ganadores-2023.html\" target=\"_blank\" rel=\"noopener\">Medalla Brandor 2021 al millor disseny de packaging \u00fanic amb valor de marca<\/a><\/li>\n<\/ul>\n<p>&nbsp;<\/p>\n<p>La nostra m\u00e9s sincera enhorabona a l\u2019estudi de disseny gr\u00e0fic Salvi Design per aquest<strong> disseny de packaging per a cosm\u00e8tica i beauty.<\/strong><\/p>\n<p><a href=\"https:\/\/www.salvidesign.com\/agua-de-salamanca\" target=\"_blank\" rel=\"noopener\">Si vols, pots veure el projecte complet fent clic aqu\u00ed<\/a><\/p>\n<h6><a href=\"https:\/\/codewebbarcelona.com\/contacta\/\" target=\"_blank\" rel=\"noopener\">T\u2019agradaria que ens encarregu\u00e9ssim d\u2019un projecte similar?<\/a><\/h6>\n<p>[superfeatured]7076[\/superfeatured]<\/p>\n<h3>UMAI<\/h3>\n<div style=\"padding: 56.25% 0 0 0; position: relative;\"><iframe style=\"position: absolute; top: 0; left: 0; width: 100%; height: 100%;\" src=\"https:\/\/player.vimeo.com\/video\/656574864?h=9a257cf6f8&amp;title=0&amp;byline=0&amp;portrait=0\" frameborder=\"0\" allowfullscreen=\"allowfullscreen\"><\/iframe><\/div>\n<p><img decoding=\"async\" class=\"alignnone size-full wp-image-11990\" src=\"https:\/\/codewebbarcelona.com\/wp-content\/uploads\/2022\/06\/umai-pdf_page-0001.jpg\" alt=\"\" width=\"4125\" height=\"16059\" \/><\/p>\n<p><strong>Disseny de packaging i env\u00e0s per a cosm\u00e8tica i beauty a c\u00e0rrec de l\u2019estudi de disseny gr\u00e0fic Litio Dise\u00f1o de Col\u00f2mbia<\/strong><\/p>\n<p>L\u2019estudi Litio Dise\u00f1o de Col\u00f2mbia, recent guanyador del prestigi\u00f3s premi Latampack d\u2019Or a la millor soluci\u00f3 d\u2019env\u00e0s o packaging per a productes de bellesa i perfumeria, \u00e9s la darrera refer\u00e8ncia d\u2019aquest article.<\/p>\n<p>Ens ha cridat especialment l\u2019atenci\u00f3 el disseny de l\u2019env\u00e0s, capa\u00e7 de transmetre a la perfecci\u00f3 l\u2019ess\u00e8ncia de la l\u00ednia de producte.<\/p>\n<p>Amb un env\u00e0s molt amable i un aspecte org\u00e0n<\/p>\n","protected":false},"excerpt":{"rendered":"<p>Aquesta setmana repassem tres projectes que tenen en com\u00fa ser referents en disseny de packaging per a cosm\u00e8tica i beauty. Aqu\u00ed a Espanya i arreu del m\u00f3n estem a punt d\u2019entrar a l\u2019estiu, l\u2019\u00e8poca m\u00e9s exigent per a la nostra imatge exterior ;D \u2014 i, com si fos una premonici\u00f3, tamb\u00e9 \u00e9s un moment ideal [&hellip;]<\/p>\n","protected":false},"author":1,"featured_media":4794,"comment_status":"closed","ping_status":"closed","sticky":false,"template":"","format":"standard","meta":{"_acf_changed":false,"footnotes":""},"categories":[210,134],"class_list":["post-17859","post","type-post","status-publish","format-standard","has-post-thumbnail","hentry","category-inspiracio","category-disseny-grafic"],"acf":[],"yoast_head":"<!-- This site is optimized with the Yoast SEO plugin v27.2 - https:\/\/yoast.com\/product\/yoast-seo-wordpress\/ -->\n<title>Dise\u00f1o de packaging para cosm\u00e9tica - Code Barcelona<\/title>\n<meta name=\"description\" content=\"Esta semana vamos a repasar tres proyectos que tienen en com\u00fan que son lo mejor en Dise\u00f1o de packaging para cosm\u00e9tica y beauty, aqu\u00ed lo principal es el exterior y las apariencias lo son todo.\" \/>\n<meta name=\"robots\" content=\"index, follow, max-snippet:-1, max-image-preview:large, max-video-preview:-1\" \/>\n<link rel=\"canonical\" href=\"https:\/\/codewebbarcelona.com\/ca\/blog\/disseny-packaging-cosmetica\/\" \/>\n<meta property=\"og:locale\" content=\"ca_ES\" \/>\n<meta property=\"og:type\" content=\"article\" \/>\n<meta property=\"og:title\" content=\"Dise\u00f1o de packaging para cosm\u00e9tica - Code Barcelona\" \/>\n<meta property=\"og:description\" content=\"Esta semana vamos a repasar tres proyectos que tienen en com\u00fan que son lo mejor en Dise\u00f1o de packaging para cosm\u00e9tica y beauty, aqu\u00ed lo principal es el exterior y las apariencias lo son todo.\" \/>\n<meta property=\"og:url\" content=\"https:\/\/codewebbarcelona.com\/ca\/blog\/disseny-packaging-cosmetica\/\" \/>\n<meta property=\"og:site_name\" content=\"Code Barcelona\" \/>\n<meta property=\"article:published_time\" content=\"2022-06-08T07:48:54+00:00\" \/>\n<meta property=\"article:modified_time\" content=\"2026-04-20T18:54:37+00:00\" \/>\n<meta property=\"og:image\" content=\"https:\/\/codewebbarcelona.com\/wp-content\/uploads\/2022\/06\/diseno-packaging-cosmetica-beauty-lune-avocado-07014.jpg\" \/>\n\t<meta property=\"og:image:width\" content=\"2302\" \/>\n\t<meta property=\"og:image:height\" content=\"1535\" \/>\n\t<meta property=\"og:image:type\" content=\"image\/jpeg\" \/>\n<meta name=\"author\" content=\"cd26Bc\" \/>\n<meta name=\"twitter:card\" content=\"summary_large_image\" \/>\n<meta name=\"twitter:label1\" content=\"Escrit per\" \/>\n\t<meta name=\"twitter:data1\" content=\"cd26Bc\" \/>\n\t<meta name=\"twitter:label2\" content=\"Temps estimat de lectura\" \/>\n\t<meta name=\"twitter:data2\" content=\"7 minuts\" \/>\n<script type=\"application\/ld+json\" class=\"yoast-schema-graph\">{\"@context\":\"https:\/\/schema.org\",\"@graph\":[{\"@type\":\"Article\",\"@id\":\"https:\/\/codewebbarcelona.com\/ca\/blog\/disseny-packaging-cosmetica\/#article\",\"isPartOf\":{\"@id\":\"https:\/\/codewebbarcelona.com\/ca\/blog\/disseny-packaging-cosmetica\/\"},\"author\":{\"name\":\"cd26Bc\",\"@id\":\"https:\/\/codewebbarcelona.com\/ca\/#\/schema\/person\/3af5f44aaf0de2919e9225aa5ca32567\"},\"headline\":\"Disseny de packaging per a cosm\u00e8tica\",\"datePublished\":\"2022-06-08T07:48:54+00:00\",\"dateModified\":\"2026-04-20T18:54:37+00:00\",\"mainEntityOfPage\":{\"@id\":\"https:\/\/codewebbarcelona.com\/ca\/blog\/disseny-packaging-cosmetica\/\"},\"wordCount\":1321,\"image\":{\"@id\":\"https:\/\/codewebbarcelona.com\/ca\/blog\/disseny-packaging-cosmetica\/#primaryimage\"},\"thumbnailUrl\":\"https:\/\/codewebbarcelona.com\/wp-content\/uploads\/2022\/06\/diseno-packaging-cosmetica-beauty-lune-avocado-07014.jpg\",\"articleSection\":[\"Inspiraci\u00f3\",\"Dise\u00f1o gr\u00e1fico\"],\"inLanguage\":\"ca\"},{\"@type\":\"WebPage\",\"@id\":\"https:\/\/codewebbarcelona.com\/ca\/blog\/disseny-packaging-cosmetica\/\",\"url\":\"https:\/\/codewebbarcelona.com\/ca\/blog\/disseny-packaging-cosmetica\/\",\"name\":\"Dise\u00f1o de packaging para cosm\u00e9tica - Code Barcelona\",\"isPartOf\":{\"@id\":\"https:\/\/codewebbarcelona.com\/ca\/#website\"},\"primaryImageOfPage\":{\"@id\":\"https:\/\/codewebbarcelona.com\/ca\/blog\/disseny-packaging-cosmetica\/#primaryimage\"},\"image\":{\"@id\":\"https:\/\/codewebbarcelona.com\/ca\/blog\/disseny-packaging-cosmetica\/#primaryimage\"},\"thumbnailUrl\":\"https:\/\/codewebbarcelona.com\/wp-content\/uploads\/2022\/06\/diseno-packaging-cosmetica-beauty-lune-avocado-07014.jpg\",\"datePublished\":\"2022-06-08T07:48:54+00:00\",\"dateModified\":\"2026-04-20T18:54:37+00:00\",\"author\":{\"@id\":\"https:\/\/codewebbarcelona.com\/ca\/#\/schema\/person\/3af5f44aaf0de2919e9225aa5ca32567\"},\"description\":\"Esta semana vamos a repasar tres proyectos que tienen en com\u00fan que son lo mejor en Dise\u00f1o de packaging para cosm\u00e9tica y beauty, aqu\u00ed lo principal es el exterior y las apariencias lo son todo.\",\"inLanguage\":\"ca\",\"potentialAction\":[{\"@type\":\"ReadAction\",\"target\":[\"https:\/\/codewebbarcelona.com\/ca\/blog\/disseny-packaging-cosmetica\/\"]}]},{\"@type\":\"ImageObject\",\"inLanguage\":\"ca\",\"@id\":\"https:\/\/codewebbarcelona.com\/ca\/blog\/disseny-packaging-cosmetica\/#primaryimage\",\"url\":\"https:\/\/codewebbarcelona.com\/wp-content\/uploads\/2022\/06\/diseno-packaging-cosmetica-beauty-lune-avocado-07014.jpg\",\"contentUrl\":\"https:\/\/codewebbarcelona.com\/wp-content\/uploads\/2022\/06\/diseno-packaging-cosmetica-beauty-lune-avocado-07014.jpg\",\"width\":2302,\"height\":1535},{\"@type\":\"WebSite\",\"@id\":\"https:\/\/codewebbarcelona.com\/ca\/#website\",\"url\":\"https:\/\/codewebbarcelona.com\/ca\/\",\"name\":\"Code Barcelona\",\"description\":\"\",\"potentialAction\":[{\"@type\":\"SearchAction\",\"target\":{\"@type\":\"EntryPoint\",\"urlTemplate\":\"https:\/\/codewebbarcelona.com\/ca\/?s={search_term_string}\"},\"query-input\":{\"@type\":\"PropertyValueSpecification\",\"valueRequired\":true,\"valueName\":\"search_term_string\"}}],\"inLanguage\":\"ca\"},{\"@type\":\"Person\",\"@id\":\"https:\/\/codewebbarcelona.com\/ca\/#\/schema\/person\/3af5f44aaf0de2919e9225aa5ca32567\",\"name\":\"cd26Bc\",\"image\":{\"@type\":\"ImageObject\",\"inLanguage\":\"ca\",\"@id\":\"https:\/\/secure.gravatar.com\/avatar\/b904e836584635855eaa0ee2922bae4fe2aa94ffb558048dcc5dac5f98f0fadc?s=96&d=mm&r=g\",\"url\":\"https:\/\/secure.gravatar.com\/avatar\/b904e836584635855eaa0ee2922bae4fe2aa94ffb558048dcc5dac5f98f0fadc?s=96&d=mm&r=g\",\"contentUrl\":\"https:\/\/secure.gravatar.com\/avatar\/b904e836584635855eaa0ee2922bae4fe2aa94ffb558048dcc5dac5f98f0fadc?s=96&d=mm&r=g\",\"caption\":\"cd26Bc\"},\"sameAs\":[\"https:\/\/codewebbarcelona.com\"]}]}<\/script>\n<!-- \/ Yoast SEO plugin. -->","yoast_head_json":{"title":"Dise\u00f1o de packaging para cosm\u00e9tica - Code Barcelona","description":"Esta semana vamos a repasar tres proyectos que tienen en com\u00fan que son lo mejor en Dise\u00f1o de packaging para cosm\u00e9tica y beauty, aqu\u00ed lo principal es el exterior y las apariencias lo son todo.","robots":{"index":"index","follow":"follow","max-snippet":"max-snippet:-1","max-image-preview":"max-image-preview:large","max-video-preview":"max-video-preview:-1"},"canonical":"https:\/\/codewebbarcelona.com\/ca\/blog\/disseny-packaging-cosmetica\/","og_locale":"ca_ES","og_type":"article","og_title":"Dise\u00f1o de packaging para cosm\u00e9tica - Code Barcelona","og_description":"Esta semana vamos a repasar tres proyectos que tienen en com\u00fan que son lo mejor en Dise\u00f1o de packaging para cosm\u00e9tica y beauty, aqu\u00ed lo principal es el exterior y las apariencias lo son todo.","og_url":"https:\/\/codewebbarcelona.com\/ca\/blog\/disseny-packaging-cosmetica\/","og_site_name":"Code Barcelona","article_published_time":"2022-06-08T07:48:54+00:00","article_modified_time":"2026-04-20T18:54:37+00:00","og_image":[{"width":2302,"height":1535,"url":"https:\/\/codewebbarcelona.com\/wp-content\/uploads\/2022\/06\/diseno-packaging-cosmetica-beauty-lune-avocado-07014.jpg","type":"image\/jpeg"}],"author":"cd26Bc","twitter_card":"summary_large_image","twitter_misc":{"Escrit per":"cd26Bc","Temps estimat de lectura":"7 minuts"},"schema":{"@context":"https:\/\/schema.org","@graph":[{"@type":"Article","@id":"https:\/\/codewebbarcelona.com\/ca\/blog\/disseny-packaging-cosmetica\/#article","isPartOf":{"@id":"https:\/\/codewebbarcelona.com\/ca\/blog\/disseny-packaging-cosmetica\/"},"author":{"name":"cd26Bc","@id":"https:\/\/codewebbarcelona.com\/ca\/#\/schema\/person\/3af5f44aaf0de2919e9225aa5ca32567"},"headline":"Disseny de packaging per a cosm\u00e8tica","datePublished":"2022-06-08T07:48:54+00:00","dateModified":"2026-04-20T18:54:37+00:00","mainEntityOfPage":{"@id":"https:\/\/codewebbarcelona.com\/ca\/blog\/disseny-packaging-cosmetica\/"},"wordCount":1321,"image":{"@id":"https:\/\/codewebbarcelona.com\/ca\/blog\/disseny-packaging-cosmetica\/#primaryimage"},"thumbnailUrl":"https:\/\/codewebbarcelona.com\/wp-content\/uploads\/2022\/06\/diseno-packaging-cosmetica-beauty-lune-avocado-07014.jpg","articleSection":["Inspiraci\u00f3","Dise\u00f1o gr\u00e1fico"],"inLanguage":"ca"},{"@type":"WebPage","@id":"https:\/\/codewebbarcelona.com\/ca\/blog\/disseny-packaging-cosmetica\/","url":"https:\/\/codewebbarcelona.com\/ca\/blog\/disseny-packaging-cosmetica\/","name":"Dise\u00f1o de packaging para cosm\u00e9tica - Code Barcelona","isPartOf":{"@id":"https:\/\/codewebbarcelona.com\/ca\/#website"},"primaryImageOfPage":{"@id":"https:\/\/codewebbarcelona.com\/ca\/blog\/disseny-packaging-cosmetica\/#primaryimage"},"image":{"@id":"https:\/\/codewebbarcelona.com\/ca\/blog\/disseny-packaging-cosmetica\/#primaryimage"},"thumbnailUrl":"https:\/\/codewebbarcelona.com\/wp-content\/uploads\/2022\/06\/diseno-packaging-cosmetica-beauty-lune-avocado-07014.jpg","datePublished":"2022-06-08T07:48:54+00:00","dateModified":"2026-04-20T18:54:37+00:00","author":{"@id":"https:\/\/codewebbarcelona.com\/ca\/#\/schema\/person\/3af5f44aaf0de2919e9225aa5ca32567"},"description":"Esta semana vamos a repasar tres proyectos que tienen en com\u00fan que son lo mejor en Dise\u00f1o de packaging para cosm\u00e9tica y beauty, aqu\u00ed lo principal es el exterior y las apariencias lo son todo.","inLanguage":"ca","potentialAction":[{"@type":"ReadAction","target":["https:\/\/codewebbarcelona.com\/ca\/blog\/disseny-packaging-cosmetica\/"]}]},{"@type":"ImageObject","inLanguage":"ca","@id":"https:\/\/codewebbarcelona.com\/ca\/blog\/disseny-packaging-cosmetica\/#primaryimage","url":"https:\/\/codewebbarcelona.com\/wp-content\/uploads\/2022\/06\/diseno-packaging-cosmetica-beauty-lune-avocado-07014.jpg","contentUrl":"https:\/\/codewebbarcelona.com\/wp-content\/uploads\/2022\/06\/diseno-packaging-cosmetica-beauty-lune-avocado-07014.jpg","width":2302,"height":1535},{"@type":"WebSite","@id":"https:\/\/codewebbarcelona.com\/ca\/#website","url":"https:\/\/codewebbarcelona.com\/ca\/","name":"Code Barcelona","description":"","potentialAction":[{"@type":"SearchAction","target":{"@type":"EntryPoint","urlTemplate":"https:\/\/codewebbarcelona.com\/ca\/?s={search_term_string}"},"query-input":{"@type":"PropertyValueSpecification","valueRequired":true,"valueName":"search_term_string"}}],"inLanguage":"ca"},{"@type":"Person","@id":"https:\/\/codewebbarcelona.com\/ca\/#\/schema\/person\/3af5f44aaf0de2919e9225aa5ca32567","name":"cd26Bc","image":{"@type":"ImageObject","inLanguage":"ca","@id":"https:\/\/secure.gravatar.com\/avatar\/b904e836584635855eaa0ee2922bae4fe2aa94ffb558048dcc5dac5f98f0fadc?s=96&d=mm&r=g","url":"https:\/\/secure.gravatar.com\/avatar\/b904e836584635855eaa0ee2922bae4fe2aa94ffb558048dcc5dac5f98f0fadc?s=96&d=mm&r=g","contentUrl":"https:\/\/secure.gravatar.com\/avatar\/b904e836584635855eaa0ee2922bae4fe2aa94ffb558048dcc5dac5f98f0fadc?s=96&d=mm&r=g","caption":"cd26Bc"},"sameAs":["https:\/\/codewebbarcelona.com"]}]}},"_links":{"self":[{"href":"https:\/\/codewebbarcelona.com\/ca\/wp-json\/wp\/v2\/posts\/17859","targetHints":{"allow":["GET"]}}],"collection":[{"href":"https:\/\/codewebbarcelona.com\/ca\/wp-json\/wp\/v2\/posts"}],"about":[{"href":"https:\/\/codewebbarcelona.com\/ca\/wp-json\/wp\/v2\/types\/post"}],"author":[{"embeddable":true,"href":"https:\/\/codewebbarcelona.com\/ca\/wp-json\/wp\/v2\/users\/1"}],"replies":[{"embeddable":true,"href":"https:\/\/codewebbarcelona.com\/ca\/wp-json\/wp\/v2\/comments?post=17859"}],"version-history":[{"count":2,"href":"https:\/\/codewebbarcelona.com\/ca\/wp-json\/wp\/v2\/posts\/17859\/revisions"}],"predecessor-version":[{"id":17886,"href":"https:\/\/codewebbarcelona.com\/ca\/wp-json\/wp\/v2\/posts\/17859\/revisions\/17886"}],"wp:featuredmedia":[{"embeddable":true,"href":"https:\/\/codewebbarcelona.com\/ca\/wp-json\/wp\/v2\/media\/4794"}],"wp:attachment":[{"href":"https:\/\/codewebbarcelona.com\/ca\/wp-json\/wp\/v2\/media?parent=17859"}],"wp:term":[{"taxonomy":"category","embeddable":true,"href":"https:\/\/codewebbarcelona.com\/ca\/wp-json\/wp\/v2\/categories?post=17859"}],"curies":[{"name":"wp","href":"https:\/\/api.w.org\/{rel}","templated":true}]}}