{"id":17581,"date":"2021-08-11T14:35:31","date_gmt":"2021-08-11T14:35:31","guid":{"rendered":"https:\/\/codewebbarcelona.com\/curso-fotografia-estudio-instagram\/"},"modified":"2026-04-20T18:24:49","modified_gmt":"2026-04-20T18:24:49","slug":"curs-fotografia-estudi-instagram","status":"publish","type":"post","link":"https:\/\/codewebbarcelona.com\/ca\/blog\/curs-fotografia-estudi-instagram\/","title":{"rendered":"Curs de fotografia d\u2019estudi per a Instagram"},"content":{"rendered":"<p>Vols perfeccionar la teva t\u00e8cnica fotogr\u00e0fica i donar un salt de qualitat al teu perfil d\u2019Instagram? Aquest curs t\u2019encantar\u00e0.<\/p>\n<p>Aquesta setmana d\u2019agost et recomano el curs de fotografia d\u2019estudi per a Instagram del duet Tropic Photo. Amb aquest curs, les teves fotos faran un gran salt endavant i el teu Instagram destacar\u00e0 amb contingut professional.<\/p>\n<p>Si ja t\u2019has decidit, pots accedir a Domestika i inscriure\u2019t a trav\u00e9s d\u2019aquest enlla\u00e7 amb descompte per als cursos als quals et registris.<\/p>\n<p><img decoding=\"async\" class=\"alignnone wp-image-9702\" src=\"https:\/\/codewebbarcelona.com\/wp-content\/uploads\/2021\/08\/2.gif\" alt=\"\" width=\"125\" height=\"50\" \/><\/p>\n<p><strong><a href=\"https:\/\/www.domestika.org\/es\/courses\/1476-fotografia-de-estudio-a-todo-color-para-instagram?atag=424b94&amp;utm_medium=affiliates&amp;utm_source=codebarcelona_424b94\" target=\"_blank\" rel=\"noopener\">Apunta-t\u2019hi ara!<\/a><\/strong><\/p>\n<h2>Curs de fotografia d\u2019estudi per a Instagram<\/h2>\n<p>&nbsp;<\/p>\n<p>Apr\u00e8n a crear imatges i fotografies impactants i atractives per a les teves xarxes socials. Des de la direcci\u00f3 d\u2019art fins al disseny de sets, passant per la il\u00b7luminaci\u00f3 i el retoc.<\/p>\n<p><img decoding=\"async\" class=\"alignnone wp-image-9700\" src=\"https:\/\/codewebbarcelona.com\/wp-content\/uploads\/2021\/08\/22065-big.gif\" alt=\"\" width=\"1000\" height=\"563\" \/><\/p>\n<h3>Dades t\u00e8cniques del curs de fotografia d\u2019estudi per a Instagram<\/h3>\n<p>Aquest <strong>curs de fotografia<\/strong> \u00e9s una novetat <strong>a Domestika<\/strong> i estar\u00e0 disponible a partir del 18 d\u2019agost de 2021.<\/p>\n<p>Mentrestant, pots consultar el contingut i apuntar-t\u2019hi abans que ning\u00fa.<\/p>\n<p>Aquest <strong>curs de Domestika<\/strong> s\u2019imparteix en <em><strong>angl\u00e8s<\/strong><\/em> i disposa de subt\u00edtols en els principals idiomes europeus.<\/p>\n<p>El nivell del <strong>curs de fotografia professional per a Instagram<\/strong> \u00e9s d\u2019iniciaci\u00f3, aix\u00ed que aprendr\u00e0s molt sense perdre\u2019t res.<\/p>\n<p>L\u2019acc\u00e9s al <strong>curs de fotografia<\/strong> <strong>per a xarxes socials<\/strong> \u00e9s il\u00b7limitat un cop t\u2019hi hagis inscrit i abonat el preu.<\/p>\n<p>El preu del curs \u00e9s de 19,90 euros per temps limitat, despr\u00e9s passa a 39,90 euros.<\/p>\n<p>Els <strong>cursos de Domestika<\/strong> els pots fer al teu ritme, online, des de l\u2019app o l\u2019ordinador, i pots repetir els continguts tantes vegades com vulguis.<\/p>\n<h3>Quins continguts inclou el curs de fotografia d\u2019estudi per a Instagram?<\/h3>\n<p>El <strong>curs de fotografia d\u2019estudi per a Instagram<\/strong> es divideix en 4 unitats formatives m\u00e9s un projecte final. Els continguts detallats que treballar\u00e0s s\u00f3n:<\/p>\n<p>U1: Introducci\u00f3<\/p>\n<ul>\n<li>Qui som<\/li>\n<li>Influ\u00e8ncies<\/li>\n<\/ul>\n<p>&nbsp;<\/p>\n<p>U2: Donar forma a la narrativa<\/p>\n<ul>\n<li>Moodboard i paleta de colors<\/li>\n<li>Esbossar<\/li>\n<li>Materials, equipament i escenografia<\/li>\n<\/ul>\n<p>&nbsp;<\/p>\n<p>U3: Creant la teva realitat<\/p>\n<ul>\n<li>Preparaci\u00f3 de l\u2019espai<\/li>\n<li>Vestidor i talent<\/li>\n<li>Dia de rodatge<\/li>\n<\/ul>\n<p>&nbsp;<\/p>\n<p>U4: Polint el resultat<\/p>\n<ul>\n<li>Importaci\u00f3<\/li>\n<li>Proc\u00e9s<\/li>\n<li>Retoc<\/li>\n<\/ul>\n<p>Projecte final<\/p>\n<ul>\n<li>Fotografia d\u2019estudi acolorida per a Instagram<\/li>\n<\/ul>\n<p>&nbsp;<\/p>\n<h3><a href=\"https:\/\/www.domestika.org\/es\/courses\/1476-fotografia-de-estudio-a-todo-color-para-instagram?atag=424b94&amp;utm_medium=affiliates&amp;utm_source=codebarcelona_424b94\" target=\"_blank\" rel=\"noopener\"><img decoding=\"async\" class=\"alignnone wp-image-9697\" src=\"https:\/\/codewebbarcelona.com\/wp-content\/uploads\/2021\/09\/rafsdesign-rafs.gif\" alt=\"\" width=\"50\" height=\"41\" \/><\/a><a href=\"https:\/\/www.domestika.org\/es\/courses\/1476-fotografia-de-estudio-a-todo-color-para-instagram?atag=424b94&amp;utm_medium=affiliates&amp;utm_source=codebarcelona_424b94\" target=\"_blank\" rel=\"noopener\">Apunta-t\u2019hi ara!<\/a><a href=\"https:\/\/www.domestika.org\/es\/courses\/1476-fotografia-de-estudio-a-todo-color-para-instagram?atag=424b94&amp;utm_medium=affiliates&amp;utm_source=codebarcelona_424b94\" target=\"_blank\" rel=\"noopener\"><img decoding=\"async\" class=\"alignnone wp-image-9697\" src=\"https:\/\/codewebbarcelona.com\/wp-content\/uploads\/2021\/09\/rafsdesign-rafs.gif\" alt=\"\" width=\"50\" height=\"41\" \/><\/a><\/h3>\n<p><img decoding=\"async\" class=\"alignnone wp-image-9701\" src=\"https:\/\/codewebbarcelona.com\/wp-content\/uploads\/2021\/08\/1212.gif\" alt=\"\" width=\"1000\" height=\"285\" \/><\/p>\n<h3>Qui s\u00f3n els teus professors del curs de fotografia d\u2019estudi per a Instagram?<\/h3>\n<p>Aquest curs l\u2019imparteixen dos professionals: la Michelle i en Forrest, un equip especialitzat en <strong>fotografia creativa publicit\u00e0ria<\/strong> amb seu a Atlanta.<\/p>\n<p>Tots dos formen part de l\u2019<strong>estudi fotogr\u00e0fic i creatiu<\/strong> Tropico Photo, especialitzat en <strong>fotografia creativa<\/strong> i amb una \u00e0mplia traject\u00f2ria treballant per a grans marques com Target, Mailchimp, PopSockets, Atlanta Magazine, Atelier Cologne, Spanx, Google for Startups, Red Bull i Samsung.<\/p>\n<h3><a href=\"https:\/\/www.domestika.org\/es\/courses\/1476-fotografia-de-estudio-a-todo-color-para-instagram?atag=424b94&amp;utm_medium=affiliates&amp;utm_source=codebarcelona_424b94\" target=\"_blank\" rel=\"noopener\"><img decoding=\"async\" class=\"alignnone wp-image-9697\" src=\"https:\/\/codewebbarcelona.com\/wp-content\/uploads\/2021\/09\/rafsdesign-rafs.gif\" alt=\"\" width=\"50\" height=\"41\" \/><\/a><a href=\"https:\/\/www.domestika.org\/es\/courses\/1476-fotografia-de-estudio-a-todo-color-para-instagram?atag=424b94&amp;utm_medium=affiliates&amp;utm_source=codebarcelona_424b94\" target=\"_blank\" rel=\"noopener\">Apunta-t\u2019hi ara!<\/a><a href=\"https:\/\/www.domestika.org\/es\/courses\/1476-fotografia-de-estudio-a-todo-color-para-instagram?atag=424b94&amp;utm_medium=affiliates&amp;utm_source=codebarcelona_424b94\" target=\"_blank\" rel=\"noopener\"><img decoding=\"async\" class=\"alignnone wp-image-9697\" src=\"https:\/\/codewebbarcelona.com\/wp-content\/uploads\/2021\/09\/rafsdesign-rafs.gif\" alt=\"\" width=\"50\" height=\"41\" \/><\/a><\/h3>\n<h3>Per qu\u00e8 fer el curs de fotografia d\u2019estudi per a Instagram?<\/h3>\n<p>El <strong>curs de fotografia d\u2019estudi per a Instagram<\/strong> \u00e9s ideal si et sents identificat amb algun d\u2019aquests perfils:<\/p>\n<ul>\n<li>S\u00f3c fot\u00f2graf professional<\/li>\n<li>S\u00f3c fot\u00f2graf amateur<\/li>\n<li>M\u2019apassiona la fotografia<\/li>\n<li>Vull aprendre t\u00e8cniques de fotografia d\u2019estudi<\/li>\n<li>Vull perfeccionar la meva t\u00e8cnica fotogr\u00e0fica<\/li>\n<li>Vull combinar la fotografia amb la meva feina de social media manager o content creator<\/li>\n<li>Treballo a xarxes socials per\u00f2 no tinc coneixements de fotografia<\/li>\n<\/ul>\n<p>&nbsp;<\/p>\n<p>El curs est\u00e0 en promoci\u00f3 per temps limitat i, per aquest preu, val molt la pena provar-lo.<\/p>\n<h3><a href=\"https:\/\/www.domestika.org\/es\/courses\/1476-fotografia-de-estudio-a-todo-color-para-instagram?atag=424b94&amp;utm_medium=affiliates&amp;utm_source=codebarcelona_424b94\" target=\"_blank\" rel=\"noopener\"><img decoding=\"async\" class=\"alignnone wp-image-9697\" src=\"https:\/\/codewebbarcelona.com\/wp-content\/uploads\/2021\/09\/rafsdesign-rafs.gif\" alt=\"\" width=\"50\" height=\"41\" \/><\/a><a href=\"https:\/\/www.domestika.org\/es\/courses\/1476-fotografia-de-estudio-a-todo-color-para-instagram?atag=424b94&amp;utm_medium=affiliates&amp;utm_source=codebarcelona_424b94\" target=\"_blank\" rel=\"noopener\">Apunta-t\u2019hi ara!<\/a><a href=\"https:\/\/www.domestika.org\/es\/courses\/1476-fotografia-de-estudio-a-todo-color-para-instagram?atag=424b94&amp;utm_medium=affiliates&amp;utm_source=codebarcelona_424b94\" target=\"_blank\" rel=\"noopener\"><img decoding=\"async\" class=\"alignnone wp-image-9697\" src=\"https:\/\/codewebbarcelona.com\/wp-content\/uploads\/2021\/09\/rafsdesign-rafs.gif\" alt=\"\" width=\"50\" height=\"41\" \/><\/a><\/h3>\n<p>[superfeatured]7337[\/superfeatured]<\/p>\n","protected":false},"excerpt":{"rendered":"<p>Vols perfeccionar la teva t\u00e8cnica fotogr\u00e0fica i donar un salt de qualitat al teu perfil d\u2019Instagram? Aquest curs t\u2019encantar\u00e0. Aquesta setmana d\u2019agost et recomano el curs de fotografia d\u2019estudi per a Instagram del duet Tropic Photo. Amb aquest curs, les teves fotos faran un gran salt endavant i el teu Instagram destacar\u00e0 amb contingut professional. [&hellip;]<\/p>\n","protected":false},"author":1,"featured_media":13461,"comment_status":"closed","ping_status":"closed","sticky":false,"template":"","format":"standard","meta":{"_acf_changed":false,"footnotes":""},"categories":[209],"class_list":["post-17581","post","type-post","status-publish","format-standard","has-post-thumbnail","hentry","category-formacio"],"acf":[],"yoast_head":"<!-- This site is optimized with the Yoast SEO plugin v27.2 - https:\/\/yoast.com\/product\/yoast-seo-wordpress\/ -->\n<title>Curs de fotografia d\u2019estudi per a Instagram - Code Barcelona<\/title>\n<meta name=\"robots\" content=\"index, follow, max-snippet:-1, max-image-preview:large, max-video-preview:-1\" \/>\n<link rel=\"canonical\" href=\"https:\/\/codewebbarcelona.com\/ca\/blog\/curs-fotografia-estudi-instagram\/\" \/>\n<meta property=\"og:locale\" content=\"ca_ES\" \/>\n<meta property=\"og:type\" content=\"article\" \/>\n<meta property=\"og:title\" content=\"Curs de fotografia d\u2019estudi per a Instagram - Code Barcelona\" \/>\n<meta property=\"og:description\" content=\"Vols perfeccionar la teva t\u00e8cnica fotogr\u00e0fica i donar un salt de qualitat al teu perfil d\u2019Instagram? Aquest curs t\u2019encantar\u00e0. Aquesta setmana d\u2019agost et recomano el curs de fotografia d\u2019estudi per a Instagram del duet Tropic Photo. Amb aquest curs, les teves fotos faran un gran salt endavant i el teu Instagram destacar\u00e0 amb contingut professional. [&hellip;]\" \/>\n<meta property=\"og:url\" content=\"https:\/\/codewebbarcelona.com\/ca\/blog\/curs-fotografia-estudi-instagram\/\" \/>\n<meta property=\"og:site_name\" content=\"Code Barcelona\" \/>\n<meta property=\"article:published_time\" content=\"2021-08-11T14:35:31+00:00\" \/>\n<meta property=\"article:modified_time\" content=\"2026-04-20T18:24:49+00:00\" \/>\n<meta property=\"og:image\" content=\"https:\/\/codewebbarcelona.com\/wp-content\/uploads\/2021\/08\/curso-de-fotografia-de-estudio-para-instagram-featured.jpg\" \/>\n\t<meta property=\"og:image:width\" content=\"2560\" \/>\n\t<meta property=\"og:image:height\" content=\"896\" \/>\n\t<meta property=\"og:image:type\" content=\"image\/jpeg\" \/>\n<meta name=\"author\" content=\"cd26Bc\" \/>\n<meta name=\"twitter:card\" content=\"summary_large_image\" \/>\n<meta name=\"twitter:label1\" content=\"Escrit per\" \/>\n\t<meta name=\"twitter:data1\" content=\"cd26Bc\" \/>\n\t<meta name=\"twitter:label2\" content=\"Temps estimat de lectura\" \/>\n\t<meta name=\"twitter:data2\" content=\"3 minuts\" \/>\n<script type=\"application\/ld+json\" class=\"yoast-schema-graph\">{\"@context\":\"https:\/\/schema.org\",\"@graph\":[{\"@type\":\"Article\",\"@id\":\"https:\/\/codewebbarcelona.com\/ca\/blog\/curs-fotografia-estudi-instagram\/#article\",\"isPartOf\":{\"@id\":\"https:\/\/codewebbarcelona.com\/ca\/blog\/curs-fotografia-estudi-instagram\/\"},\"author\":{\"name\":\"cd26Bc\",\"@id\":\"https:\/\/codewebbarcelona.com\/ca\/#\/schema\/person\/3af5f44aaf0de2919e9225aa5ca32567\"},\"headline\":\"Curs de fotografia d\u2019estudi per a Instagram\",\"datePublished\":\"2021-08-11T14:35:31+00:00\",\"dateModified\":\"2026-04-20T18:24:49+00:00\",\"mainEntityOfPage\":{\"@id\":\"https:\/\/codewebbarcelona.com\/ca\/blog\/curs-fotografia-estudi-instagram\/\"},\"wordCount\":586,\"image\":{\"@id\":\"https:\/\/codewebbarcelona.com\/ca\/blog\/curs-fotografia-estudi-instagram\/#primaryimage\"},\"thumbnailUrl\":\"https:\/\/codewebbarcelona.com\/wp-content\/uploads\/2021\/08\/curso-de-fotografia-de-estudio-para-instagram-featured.jpg\",\"articleSection\":[\"Formaci\u00f3\"],\"inLanguage\":\"ca\"},{\"@type\":\"WebPage\",\"@id\":\"https:\/\/codewebbarcelona.com\/ca\/blog\/curs-fotografia-estudi-instagram\/\",\"url\":\"https:\/\/codewebbarcelona.com\/ca\/blog\/curs-fotografia-estudi-instagram\/\",\"name\":\"Curs de fotografia d\u2019estudi per a Instagram - Code Barcelona\",\"isPartOf\":{\"@id\":\"https:\/\/codewebbarcelona.com\/ca\/#website\"},\"primaryImageOfPage\":{\"@id\":\"https:\/\/codewebbarcelona.com\/ca\/blog\/curs-fotografia-estudi-instagram\/#primaryimage\"},\"image\":{\"@id\":\"https:\/\/codewebbarcelona.com\/ca\/blog\/curs-fotografia-estudi-instagram\/#primaryimage\"},\"thumbnailUrl\":\"https:\/\/codewebbarcelona.com\/wp-content\/uploads\/2021\/08\/curso-de-fotografia-de-estudio-para-instagram-featured.jpg\",\"datePublished\":\"2021-08-11T14:35:31+00:00\",\"dateModified\":\"2026-04-20T18:24:49+00:00\",\"author\":{\"@id\":\"https:\/\/codewebbarcelona.com\/ca\/#\/schema\/person\/3af5f44aaf0de2919e9225aa5ca32567\"},\"inLanguage\":\"ca\",\"potentialAction\":[{\"@type\":\"ReadAction\",\"target\":[\"https:\/\/codewebbarcelona.com\/ca\/blog\/curs-fotografia-estudi-instagram\/\"]}]},{\"@type\":\"ImageObject\",\"inLanguage\":\"ca\",\"@id\":\"https:\/\/codewebbarcelona.com\/ca\/blog\/curs-fotografia-estudi-instagram\/#primaryimage\",\"url\":\"https:\/\/codewebbarcelona.com\/wp-content\/uploads\/2021\/08\/curso-de-fotografia-de-estudio-para-instagram-featured.jpg\",\"contentUrl\":\"https:\/\/codewebbarcelona.com\/wp-content\/uploads\/2021\/08\/curso-de-fotografia-de-estudio-para-instagram-featured.jpg\",\"width\":2560,\"height\":896},{\"@type\":\"WebSite\",\"@id\":\"https:\/\/codewebbarcelona.com\/ca\/#website\",\"url\":\"https:\/\/codewebbarcelona.com\/ca\/\",\"name\":\"Code Barcelona\",\"description\":\"\",\"potentialAction\":[{\"@type\":\"SearchAction\",\"target\":{\"@type\":\"EntryPoint\",\"urlTemplate\":\"https:\/\/codewebbarcelona.com\/ca\/?s={search_term_string}\"},\"query-input\":{\"@type\":\"PropertyValueSpecification\",\"valueRequired\":true,\"valueName\":\"search_term_string\"}}],\"inLanguage\":\"ca\"},{\"@type\":\"Person\",\"@id\":\"https:\/\/codewebbarcelona.com\/ca\/#\/schema\/person\/3af5f44aaf0de2919e9225aa5ca32567\",\"name\":\"cd26Bc\",\"image\":{\"@type\":\"ImageObject\",\"inLanguage\":\"ca\",\"@id\":\"https:\/\/secure.gravatar.com\/avatar\/b904e836584635855eaa0ee2922bae4fe2aa94ffb558048dcc5dac5f98f0fadc?s=96&d=mm&r=g\",\"url\":\"https:\/\/secure.gravatar.com\/avatar\/b904e836584635855eaa0ee2922bae4fe2aa94ffb558048dcc5dac5f98f0fadc?s=96&d=mm&r=g\",\"contentUrl\":\"https:\/\/secure.gravatar.com\/avatar\/b904e836584635855eaa0ee2922bae4fe2aa94ffb558048dcc5dac5f98f0fadc?s=96&d=mm&r=g\",\"caption\":\"cd26Bc\"},\"sameAs\":[\"https:\/\/codewebbarcelona.com\"]}]}<\/script>\n<!-- \/ Yoast SEO plugin. -->","yoast_head_json":{"title":"Curs de fotografia d\u2019estudi per a Instagram - Code Barcelona","robots":{"index":"index","follow":"follow","max-snippet":"max-snippet:-1","max-image-preview":"max-image-preview:large","max-video-preview":"max-video-preview:-1"},"canonical":"https:\/\/codewebbarcelona.com\/ca\/blog\/curs-fotografia-estudi-instagram\/","og_locale":"ca_ES","og_type":"article","og_title":"Curs de fotografia d\u2019estudi per a Instagram - Code Barcelona","og_description":"Vols perfeccionar la teva t\u00e8cnica fotogr\u00e0fica i donar un salt de qualitat al teu perfil d\u2019Instagram? Aquest curs t\u2019encantar\u00e0. Aquesta setmana d\u2019agost et recomano el curs de fotografia d\u2019estudi per a Instagram del duet Tropic Photo. Amb aquest curs, les teves fotos faran un gran salt endavant i el teu Instagram destacar\u00e0 amb contingut professional. [&hellip;]","og_url":"https:\/\/codewebbarcelona.com\/ca\/blog\/curs-fotografia-estudi-instagram\/","og_site_name":"Code Barcelona","article_published_time":"2021-08-11T14:35:31+00:00","article_modified_time":"2026-04-20T18:24:49+00:00","og_image":[{"width":2560,"height":896,"url":"https:\/\/codewebbarcelona.com\/wp-content\/uploads\/2021\/08\/curso-de-fotografia-de-estudio-para-instagram-featured.jpg","type":"image\/jpeg"}],"author":"cd26Bc","twitter_card":"summary_large_image","twitter_misc":{"Escrit per":"cd26Bc","Temps estimat de lectura":"3 minuts"},"schema":{"@context":"https:\/\/schema.org","@graph":[{"@type":"Article","@id":"https:\/\/codewebbarcelona.com\/ca\/blog\/curs-fotografia-estudi-instagram\/#article","isPartOf":{"@id":"https:\/\/codewebbarcelona.com\/ca\/blog\/curs-fotografia-estudi-instagram\/"},"author":{"name":"cd26Bc","@id":"https:\/\/codewebbarcelona.com\/ca\/#\/schema\/person\/3af5f44aaf0de2919e9225aa5ca32567"},"headline":"Curs de fotografia d\u2019estudi per a Instagram","datePublished":"2021-08-11T14:35:31+00:00","dateModified":"2026-04-20T18:24:49+00:00","mainEntityOfPage":{"@id":"https:\/\/codewebbarcelona.com\/ca\/blog\/curs-fotografia-estudi-instagram\/"},"wordCount":586,"image":{"@id":"https:\/\/codewebbarcelona.com\/ca\/blog\/curs-fotografia-estudi-instagram\/#primaryimage"},"thumbnailUrl":"https:\/\/codewebbarcelona.com\/wp-content\/uploads\/2021\/08\/curso-de-fotografia-de-estudio-para-instagram-featured.jpg","articleSection":["Formaci\u00f3"],"inLanguage":"ca"},{"@type":"WebPage","@id":"https:\/\/codewebbarcelona.com\/ca\/blog\/curs-fotografia-estudi-instagram\/","url":"https:\/\/codewebbarcelona.com\/ca\/blog\/curs-fotografia-estudi-instagram\/","name":"Curs de fotografia d\u2019estudi per a Instagram - Code Barcelona","isPartOf":{"@id":"https:\/\/codewebbarcelona.com\/ca\/#website"},"primaryImageOfPage":{"@id":"https:\/\/codewebbarcelona.com\/ca\/blog\/curs-fotografia-estudi-instagram\/#primaryimage"},"image":{"@id":"https:\/\/codewebbarcelona.com\/ca\/blog\/curs-fotografia-estudi-instagram\/#primaryimage"},"thumbnailUrl":"https:\/\/codewebbarcelona.com\/wp-content\/uploads\/2021\/08\/curso-de-fotografia-de-estudio-para-instagram-featured.jpg","datePublished":"2021-08-11T14:35:31+00:00","dateModified":"2026-04-20T18:24:49+00:00","author":{"@id":"https:\/\/codewebbarcelona.com\/ca\/#\/schema\/person\/3af5f44aaf0de2919e9225aa5ca32567"},"inLanguage":"ca","potentialAction":[{"@type":"ReadAction","target":["https:\/\/codewebbarcelona.com\/ca\/blog\/curs-fotografia-estudi-instagram\/"]}]},{"@type":"ImageObject","inLanguage":"ca","@id":"https:\/\/codewebbarcelona.com\/ca\/blog\/curs-fotografia-estudi-instagram\/#primaryimage","url":"https:\/\/codewebbarcelona.com\/wp-content\/uploads\/2021\/08\/curso-de-fotografia-de-estudio-para-instagram-featured.jpg","contentUrl":"https:\/\/codewebbarcelona.com\/wp-content\/uploads\/2021\/08\/curso-de-fotografia-de-estudio-para-instagram-featured.jpg","width":2560,"height":896},{"@type":"WebSite","@id":"https:\/\/codewebbarcelona.com\/ca\/#website","url":"https:\/\/codewebbarcelona.com\/ca\/","name":"Code Barcelona","description":"","potentialAction":[{"@type":"SearchAction","target":{"@type":"EntryPoint","urlTemplate":"https:\/\/codewebbarcelona.com\/ca\/?s={search_term_string}"},"query-input":{"@type":"PropertyValueSpecification","valueRequired":true,"valueName":"search_term_string"}}],"inLanguage":"ca"},{"@type":"Person","@id":"https:\/\/codewebbarcelona.com\/ca\/#\/schema\/person\/3af5f44aaf0de2919e9225aa5ca32567","name":"cd26Bc","image":{"@type":"ImageObject","inLanguage":"ca","@id":"https:\/\/secure.gravatar.com\/avatar\/b904e836584635855eaa0ee2922bae4fe2aa94ffb558048dcc5dac5f98f0fadc?s=96&d=mm&r=g","url":"https:\/\/secure.gravatar.com\/avatar\/b904e836584635855eaa0ee2922bae4fe2aa94ffb558048dcc5dac5f98f0fadc?s=96&d=mm&r=g","contentUrl":"https:\/\/secure.gravatar.com\/avatar\/b904e836584635855eaa0ee2922bae4fe2aa94ffb558048dcc5dac5f98f0fadc?s=96&d=mm&r=g","caption":"cd26Bc"},"sameAs":["https:\/\/codewebbarcelona.com"]}]}},"_links":{"self":[{"href":"https:\/\/codewebbarcelona.com\/ca\/wp-json\/wp\/v2\/posts\/17581","targetHints":{"allow":["GET"]}}],"collection":[{"href":"https:\/\/codewebbarcelona.com\/ca\/wp-json\/wp\/v2\/posts"}],"about":[{"href":"https:\/\/codewebbarcelona.com\/ca\/wp-json\/wp\/v2\/types\/post"}],"author":[{"embeddable":true,"href":"https:\/\/codewebbarcelona.com\/ca\/wp-json\/wp\/v2\/users\/1"}],"replies":[{"embeddable":true,"href":"https:\/\/codewebbarcelona.com\/ca\/wp-json\/wp\/v2\/comments?post=17581"}],"version-history":[{"count":2,"href":"https:\/\/codewebbarcelona.com\/ca\/wp-json\/wp\/v2\/posts\/17581\/revisions"}],"predecessor-version":[{"id":17587,"href":"https:\/\/codewebbarcelona.com\/ca\/wp-json\/wp\/v2\/posts\/17581\/revisions\/17587"}],"wp:featuredmedia":[{"embeddable":true,"href":"https:\/\/codewebbarcelona.com\/ca\/wp-json\/wp\/v2\/media\/13461"}],"wp:attachment":[{"href":"https:\/\/codewebbarcelona.com\/ca\/wp-json\/wp\/v2\/media?parent=17581"}],"wp:term":[{"taxonomy":"category","embeddable":true,"href":"https:\/\/codewebbarcelona.com\/ca\/wp-json\/wp\/v2\/categories?post=17581"}],"curies":[{"name":"wp","href":"https:\/\/api.w.org\/{rel}","templated":true}]}}