{"id":17550,"date":"2022-01-02T10:28:17","date_gmt":"2022-01-02T10:28:17","guid":{"rendered":"https:\/\/codewebbarcelona.com\/curso-de-diseno-de-portadas-de-libros-del-concepto-a-la-creacion\/"},"modified":"2026-04-20T18:20:57","modified_gmt":"2026-04-20T18:20:57","slug":"curs-disseny-portades-llibres","status":"publish","type":"post","link":"https:\/\/codewebbarcelona.com\/ca\/blog\/curs-disseny-portades-llibres\/","title":{"rendered":"Curs de disseny de portades de llibres: del concepte a la creaci\u00f3"},"content":{"rendered":"<p>Vols descobrir els secrets del <strong>disseny de cobertes de llibres<\/strong>? Aquest curs t&#8217;interessa: dona un cop d\u2019ull a la nostra recomanaci\u00f3 setmanal i deixa volar la teva creativitat.<\/p>\n<p>El <strong>disseny de cobertes de llibres<\/strong> \u00e9s el primer pont de comunicaci\u00f3 entre l\u2019autor i el lector. Per aix\u00f2 \u00e9s tan important saber crear una <strong>coberta atractiva<\/strong> per a un llibre.<\/p>\n<p>Milers de llibres competeixen a les prestatgeries de llibreries i botigues digitals per ser escollits i tenir l\u2019oportunitat de comen\u00e7ar una nova vida a casa d\u2019alg\u00fa que els valori pel que s\u00f3n: una font d\u2019inspiraci\u00f3 i coneixement.<\/p>\n<p>Un dels \u00e0mbits on un <strong>dissenyador gr\u00e0fic<\/strong> pot destacar i mostrar tot el seu potencial creatiu \u00e9s precisament el disseny de cobertes de llibres. Aqu\u00ed es fusionen creativitat i tipografia, aconseguint, en els millors casos, una harmonia que converteix la coberta en una pe\u00e7a \u00fanica, capa\u00e7 de sortir de la prestatgeria i trobar el seu lloc a la tauleta de nit d\u2019una llar.<\/p>\n<p>En aquest curs de Domestika, l\u2019editora i dissenyadora editorial Faride Mereb et revelar\u00e0 tots els seus trucs per dominar la t\u00e8cnica del disseny de cobertes de llibres.<\/p>\n<p><a href=\"https:\/\/www.domestika.org\/es\/courses\/2500-diseno-de-portadas-de-libros-del-concepto-a-la-creacion?atag=424b94&amp;utm_medium=affiliates&amp;utm_source=codebarcelona_424b94\" target=\"_blank\" rel=\"noopener\"><img decoding=\"async\" class=\"alignnone wp-image-10850 size-full\" src=\"https:\/\/codewebbarcelona.com\/wp-content\/uploads\/2023\/03\/apC3BAntate-ahora-2-1.gif\" alt=\"\" width=\"1000\" height=\"250\" \/><\/a><\/p>\n<h2>Curs de disseny de cobertes de llibres: del concepte a la creaci\u00f3<\/h2>\n<p>&nbsp;<\/p>\n<p>En aquest curs de Domestika aprendr\u00e0s tot el proc\u00e9s per dissenyar la teva pr\u00f2pia coberta, des de la idea inicial fins al resultat final.<\/p>\n<p><img decoding=\"async\" class=\"alignnone wp-image-10841\" src=\"https:\/\/codewebbarcelona.com\/wp-content\/uploads\/2022\/01\/30272-big.gif\" alt=\"\" width=\"1290\" height=\"727\" \/><\/p>\n<h3>Quin \u00e9s el projecte del curs?<\/h3>\n<p>El projecte principal del curs consisteix a crear la coberta d\u2019un llibre utilitzant eines digitals i anal\u00f2giques.<\/p>\n<p><img decoding=\"async\" class=\"alignnone wp-image-10843\" src=\"https:\/\/codewebbarcelona.com\/wp-content\/uploads\/2022\/01\/30273-big.jpg\" alt=\"\" width=\"1290\" height=\"368\" \/><\/p>\n<h3><a href=\"https:\/\/www.domestika.org\/es\/courses\/2500-diseno-de-portadas-de-libros-del-concepto-a-la-creacion?atag=424b94&amp;utm_medium=affiliates&amp;utm_source=codebarcelona_424b94\" target=\"_blank\" rel=\"noopener\"><img decoding=\"async\" class=\"alignnone wp-image-10850 size-full\" src=\"https:\/\/codewebbarcelona.com\/wp-content\/uploads\/2023\/03\/apC3BAntate-ahora-2-1.gif\" alt=\"\" width=\"1000\" height=\"250\" \/><\/a><\/h3>\n<h3>Quins continguts inclou el curs de disseny de cobertes de llibres: del concepte a la creaci\u00f3?<\/h3>\n<p>El curs de <strong>Disseny de cobertes de llibres<\/strong> est\u00e0 perfectament estructurat i pensat per aprendre combinant teoria i pr\u00e0ctica. L\u2019estructura del curs \u00e9s:<\/p>\n<p>U1 Introducci\u00f3<\/p>\n<ul>\n<li>Sobre mi<\/li>\n<li>Influ\u00e8ncies<\/li>\n<\/ul>\n<p>U2 La coberta del llibre per dins<\/p>\n<ul>\n<li>Contingut i formes de representar-lo visualment: el meu resum<\/li>\n<li>Formats, mides i tipus de paper<\/li>\n<li>Tipografies, tipografies i m\u00e9s tipografies!<\/li>\n<li>Lletres a les cobertes de llibres<\/li>\n<\/ul>\n<p>U3 Treballant en la teva coberta<\/p>\n<ul>\n<li>Mood board i miniatures<\/li>\n<li>Esbossos digitals<\/li>\n<li>Digitalitzaci\u00f3 del tra\u00e7<\/li>\n<li>Creaci\u00f3 de l\u2019arxiu final de la coberta<\/li>\n<\/ul>\n<p>U4 Els \u00faltims detalls<\/p>\n<ul>\n<li>Creaci\u00f3 de maquetes 1<\/li>\n<li>Creaci\u00f3 de maquetes 2<\/li>\n<li>Revisi\u00f3 pr\u00e8via<\/li>\n<li>Xarxes socials, promoci\u00f3 i prevenda<\/li>\n<\/ul>\n<p>PF Projecte final<\/p>\n<ul>\n<li>Disseny de la coberta i enquadernaci\u00f3 del llibre<\/li>\n<\/ul>\n<p>&nbsp;<\/p>\n<p>Treballar\u00e0s el lettering, la tipografia i les met\u00e0fores visuals, incorporant diferents t\u00e8cniques a la composici\u00f3 de la teva pe\u00e7a creativa. Reunir\u00e0s totes les teves idees en format digital per aconseguir una coberta \u00fanica per al teu <strong>disseny de cobertes de llibres<\/strong>.<\/p>\n<p>[superfeatured]7337[\/superfeatured]<\/p>\n<p><img decoding=\"async\" class=\"alignnone wp-image-10847\" src=\"https:\/\/codewebbarcelona.com\/wp-content\/uploads\/2022\/01\/FJFOhIAXwA004_Y.jpg\" alt=\"\" width=\"1290\" height=\"860\" \/><\/p>\n<p><img decoding=\"async\" class=\"alignnone wp-image-10842\" src=\"https:\/\/codewebbarcelona.com\/wp-content\/uploads\/2022\/01\/30271-big.jpg\" alt=\"\" width=\"1290\" height=\"516\" \/><\/p>\n<h3>Qui \u00e9s la teva professora del curs de disseny de cobertes de llibres: del concepte a la creaci\u00f3?<\/h3>\n<p>Faride Mereb \u00e9s <strong>dissenyadora gr\u00e0fica<\/strong> i <strong>editora<\/strong>, nascuda a Vene\u00e7uela i resident actualment a Nova York.<\/p>\n<p>La seva passi\u00f3 pels llibres i el m\u00f3n impr\u00e8s ve de la seva experi\u00e8ncia en un diari, com a assistent en una biblioteca i del primer llibre que va tenir als dotze anys: Doce cuentos peregrinos de Gabriel Garc\u00eda M\u00e1rquez, una lectura que et recomanem.<\/p>\n<p><strong>Va estudiar disseny gr\u00e0fic<\/strong> i actualment \u00e9s professora a la Universitat de Columbia.<\/p>\n<p>El 2014 va fundar el segell editorial &#8220;Letra Muerta&#8221;, amb el qual ha publicat vuit t\u00edtols i ha rebut diversos <strong>premis de disseny gr\u00e0fic<\/strong> a Llatinoam\u00e8rica, Europa i Estats Units, com ara:<\/p>\n<ul>\n<li>Ambdues categories dels premis AIGO 50 Books i 50 Covers<\/li>\n<li>Or en la categoria editorial als Latin American Design Awards<\/li>\n<\/ul>\n<p>&nbsp;<\/p>\n<p><a href=\"https:\/\/www.domestika.org\/es\/courses\/2500-diseno-de-portadas-de-libros-del-concepto-a-la-creacion?atag=424b94&amp;utm_medium=affiliates&amp;utm_source=codebarcelona_424b94\" target=\"_blank\" rel=\"noopener\"><img decoding=\"async\" class=\"alignnone wp-image-10850 size-full\" src=\"https:\/\/codewebbarcelona.com\/wp-content\/uploads\/2023\/03\/apC3BAntate-ahora-2-1.gif\" alt=\"\" width=\"1000\" height=\"250\" \/><\/a><\/p>\n<p>Faride Mereb \u00e9s membre de l\u2019American Printing History Association, The Bibliographical Society of America i el Center for Book Arts.<\/p>\n<p>Entre els seus clients destaquen:<\/p>\n<ul>\n<li>Penguin Random<\/li>\n<li>Ugly Duckling Presse<\/li>\n<li>A m\u00e9s de treballar per al seu propi segell, imparteix classes al Center for Book Arts<\/li>\n<\/ul>\n<p>&nbsp;<\/p>\n<p>Sens dubte, una professora de primer nivell amb qui aprendr\u00e0s tot el que cal saber sobre el <strong>disseny de cobertes de llibres<\/strong>.<\/p>\n<p><img decoding=\"async\" class=\"alignnone wp-image-10844\" src=\"https:\/\/codewebbarcelona.com\/wp-content\/uploads\/2022\/01\/2500-original-1.jpg\" alt=\"\" width=\"1290\" height=\"726\" \/><\/p>\n<p><img decoding=\"async\" class=\"alignnone wp-image-10845\" src=\"https:\/\/codewebbarcelona.com\/wp-content\/uploads\/2022\/01\/1200px-FarideM.jpg\" alt=\"\" width=\"1290\" height=\"838\" \/><\/p>\n<h3>Per qu\u00e8 fer el curs de disseny de cobertes de llibres: del concepte a la creaci\u00f3?<\/h3>\n<p>Aquest curs est\u00e0 especialment pensat per a:<\/p>\n<ul>\n<li>Dissenyadors<\/li>\n<li>Artistes<\/li>\n<li>Escriptors<\/li>\n<li>Apasionats pel disseny original de cobertes de llibres<\/li>\n<\/ul>\n<p>&nbsp;<\/p>\n<p>Apr\u00e8n a expressar la teva creativitat a trav\u00e9s del disseny de cobertes de llibres!<\/p>\n<p><a href=\"https:\/\/www.domestika.org\/es\/courses\/2500-diseno-de-portadas-de-libros-del-concepto-a-la-creacion?atag=424b94&amp;utm_medium=affiliates&amp;utm_source=codebarcelona_424b94\" target=\"_blank\" rel=\"noopener\"><img decoding=\"async\" class=\"alignnone wp-image-10850 size-full\" src=\"https:\/\/codewebbarcelona.com\/wp-content\/uploads\/2023\/03\/apC3BAntate-ahora-2-1.gif\" alt=\"\" width=\"1000\" height=\"250\" \/><\/a><\/p>\n<p>[superfeatured]7337[\/superfeatured]<\/p>\n<h3>Dades d\u2019inter\u00e8s del curs de disseny de cobertes de llibres: del concepte a la creaci\u00f3<\/h3>\n<p>El curs de <strong>disseny de cobertes de llibres<\/strong> t\u00e9 una durada total de 2 hores i 11 minuts, que podr\u00e0s fer tantes vegades com vulguis, des de casa o des d\u2019on et sigui m\u00e9s c\u00f2mode.<\/p>\n<p>Est\u00e0 dividit en 15 lli\u00e7ons, amb 24 recursos i 3 arxius descarregables.<\/p>\n<p>El curs s\u2019imparteix en angl\u00e8s i disposa de subt\u00edtols en els principals idiomes europeus, aix\u00ed que no tindr\u00e0s cap problema per seguir-lo encara que no dominis l\u2019idioma.<\/p>\n<p>El nivell del curs <strong>disseny de cobertes de llibres<\/strong> \u00e9s inicial i, en finalitzar-lo, Domestika t\u2019entregar\u00e0 un certificat d\u2019aprofitament.<\/p>\n<p><a href=\"https:\/\/www.domestika.org\/es\/courses\/2500-diseno-de-portadas-de-libros-del-concepto-a-la-creacion?atag=424b94&amp;utm_medium=affiliates&amp;utm_source=codebarcelona_424b94\" target=\"_blank\" rel=\"noopener\"><img decoding=\"async\" class=\"alignnone wp-image-10839\" src=\"https:\/\/codewebbarcelona.com\/wp-content\/uploads\/2022\/01\/2022-01-26-09_51_35-WMPTransition.jpg\" alt=\"\" width=\"1290\" height=\"664\" \/><\/a><\/p>\n<h3><a href=\"https:\/\/www.domestika.org\/es\/courses\/2500-diseno-de-portadas-de-libros-del-concepto-a-la-creacion?atag=424b94&amp;utm_medium=affiliates&amp;utm_source=codebarcelona_424b94\" target=\"_blank\" rel=\"noopener\"><img decoding=\"async\" class=\"alignnone wp-image-10850 size-full\" src=\"https:\/\/codewebbarcelona.com\/wp-content\/uploads\/2023\/03\/apC3BAntate-ahora-2-1.gif\" alt=\"\" width=\"1000\" height=\"250\" \/><\/a><\/h3>\n<p>[superfeatured]7337[\/superfeatured]<\/p>\n","protected":false},"excerpt":{"rendered":"<p>Vols descobrir els secrets del disseny de cobertes de llibres? Aquest curs t&#8217;interessa: dona un cop d\u2019ull a la nostra recomanaci\u00f3 setmanal i deixa volar la teva creativitat. El disseny de cobertes de llibres \u00e9s el primer pont de comunicaci\u00f3 entre l\u2019autor i el lector. Per aix\u00f2 \u00e9s tan important saber crear una coberta atractiva [&hellip;]<\/p>\n","protected":false},"author":1,"featured_media":6649,"comment_status":"closed","ping_status":"closed","sticky":false,"template":"","format":"standard","meta":{"_acf_changed":false,"footnotes":""},"categories":[209,210,134],"class_list":["post-17550","post","type-post","status-publish","format-standard","has-post-thumbnail","hentry","category-formacio","category-inspiracio","category-disseny-grafic"],"acf":[],"yoast_head":"<!-- This site is optimized with the Yoast SEO plugin v27.2 - https:\/\/yoast.com\/product\/yoast-seo-wordpress\/ -->\n<title>Curso dise\u00f1o de portadas de libros: concepto a creaci\u00f3n - Code Barcelona<\/title>\n<meta name=\"description\" content=\"\u00bfQuieres aprender los misterios del dise\u00f1o de portadas de libros ? Pues este curso te interesa, dale un vistazo a nuestra recomendaci\u00f3n semanal y explora tus talentos creativos. El dise\u00f1o de portadas de un libros es el primer canal comunicativo que se abre entre el autor y el lector.\" \/>\n<meta name=\"robots\" content=\"index, follow, max-snippet:-1, max-image-preview:large, max-video-preview:-1\" \/>\n<link rel=\"canonical\" href=\"https:\/\/codewebbarcelona.com\/ca\/blog\/curs-disseny-portades-llibres\/\" \/>\n<meta property=\"og:locale\" content=\"ca_ES\" \/>\n<meta property=\"og:type\" content=\"article\" \/>\n<meta property=\"og:title\" content=\"Curso dise\u00f1o de portadas de libros: concepto a creaci\u00f3n - Code Barcelona\" \/>\n<meta property=\"og:description\" content=\"\u00bfQuieres aprender los misterios del dise\u00f1o de portadas de libros ? Pues este curso te interesa, dale un vistazo a nuestra recomendaci\u00f3n semanal y explora tus talentos creativos. El dise\u00f1o de portadas de un libros es el primer canal comunicativo que se abre entre el autor y el lector.\" \/>\n<meta property=\"og:url\" content=\"https:\/\/codewebbarcelona.com\/ca\/blog\/curs-disseny-portades-llibres\/\" \/>\n<meta property=\"og:site_name\" content=\"Code Barcelona\" \/>\n<meta property=\"article:published_time\" content=\"2022-01-02T10:28:17+00:00\" \/>\n<meta property=\"article:modified_time\" content=\"2026-04-20T18:20:57+00:00\" \/>\n<meta property=\"og:image\" content=\"https:\/\/codewebbarcelona.com\/wp-content\/uploads\/2022\/01\/curso-de-diseno-de-portadas-de-libros-del-concepto-a-la-creacion-featured.jpg\" \/>\n\t<meta property=\"og:image:width\" content=\"2560\" \/>\n\t<meta property=\"og:image:height\" content=\"896\" \/>\n\t<meta property=\"og:image:type\" content=\"image\/jpeg\" \/>\n<meta name=\"author\" content=\"cd26Bc\" \/>\n<meta name=\"twitter:card\" content=\"summary_large_image\" \/>\n<meta name=\"twitter:label1\" content=\"Escrit per\" \/>\n\t<meta name=\"twitter:data1\" content=\"cd26Bc\" \/>\n\t<meta name=\"twitter:label2\" content=\"Temps estimat de lectura\" \/>\n\t<meta name=\"twitter:data2\" content=\"4 minuts\" \/>\n<script type=\"application\/ld+json\" class=\"yoast-schema-graph\">{\"@context\":\"https:\/\/schema.org\",\"@graph\":[{\"@type\":\"Article\",\"@id\":\"https:\/\/codewebbarcelona.com\/ca\/blog\/curs-disseny-portades-llibres\/#article\",\"isPartOf\":{\"@id\":\"https:\/\/codewebbarcelona.com\/ca\/blog\/curs-disseny-portades-llibres\/\"},\"author\":{\"name\":\"cd26Bc\",\"@id\":\"https:\/\/codewebbarcelona.com\/ca\/#\/schema\/person\/3af5f44aaf0de2919e9225aa5ca32567\"},\"headline\":\"Curs de disseny de portades de llibres: del concepte a la creaci\u00f3\",\"datePublished\":\"2022-01-02T10:28:17+00:00\",\"dateModified\":\"2026-04-20T18:20:57+00:00\",\"mainEntityOfPage\":{\"@id\":\"https:\/\/codewebbarcelona.com\/ca\/blog\/curs-disseny-portades-llibres\/\"},\"wordCount\":855,\"image\":{\"@id\":\"https:\/\/codewebbarcelona.com\/ca\/blog\/curs-disseny-portades-llibres\/#primaryimage\"},\"thumbnailUrl\":\"https:\/\/codewebbarcelona.com\/wp-content\/uploads\/2022\/01\/curso-de-diseno-de-portadas-de-libros-del-concepto-a-la-creacion-featured.jpg\",\"articleSection\":[\"Formaci\u00f3\",\"Inspiraci\u00f3\",\"Dise\u00f1o gr\u00e1fico\"],\"inLanguage\":\"ca\"},{\"@type\":\"WebPage\",\"@id\":\"https:\/\/codewebbarcelona.com\/ca\/blog\/curs-disseny-portades-llibres\/\",\"url\":\"https:\/\/codewebbarcelona.com\/ca\/blog\/curs-disseny-portades-llibres\/\",\"name\":\"Curso dise\u00f1o de portadas de libros: concepto a creaci\u00f3n - Code Barcelona\",\"isPartOf\":{\"@id\":\"https:\/\/codewebbarcelona.com\/ca\/#website\"},\"primaryImageOfPage\":{\"@id\":\"https:\/\/codewebbarcelona.com\/ca\/blog\/curs-disseny-portades-llibres\/#primaryimage\"},\"image\":{\"@id\":\"https:\/\/codewebbarcelona.com\/ca\/blog\/curs-disseny-portades-llibres\/#primaryimage\"},\"thumbnailUrl\":\"https:\/\/codewebbarcelona.com\/wp-content\/uploads\/2022\/01\/curso-de-diseno-de-portadas-de-libros-del-concepto-a-la-creacion-featured.jpg\",\"datePublished\":\"2022-01-02T10:28:17+00:00\",\"dateModified\":\"2026-04-20T18:20:57+00:00\",\"author\":{\"@id\":\"https:\/\/codewebbarcelona.com\/ca\/#\/schema\/person\/3af5f44aaf0de2919e9225aa5ca32567\"},\"description\":\"\u00bfQuieres aprender los misterios del dise\u00f1o de portadas de libros ? Pues este curso te interesa, dale un vistazo a nuestra recomendaci\u00f3n semanal y explora tus talentos creativos. El dise\u00f1o de portadas de un libros es el primer canal comunicativo que se abre entre el autor y el lector.\",\"inLanguage\":\"ca\",\"potentialAction\":[{\"@type\":\"ReadAction\",\"target\":[\"https:\/\/codewebbarcelona.com\/ca\/blog\/curs-disseny-portades-llibres\/\"]}]},{\"@type\":\"ImageObject\",\"inLanguage\":\"ca\",\"@id\":\"https:\/\/codewebbarcelona.com\/ca\/blog\/curs-disseny-portades-llibres\/#primaryimage\",\"url\":\"https:\/\/codewebbarcelona.com\/wp-content\/uploads\/2022\/01\/curso-de-diseno-de-portadas-de-libros-del-concepto-a-la-creacion-featured.jpg\",\"contentUrl\":\"https:\/\/codewebbarcelona.com\/wp-content\/uploads\/2022\/01\/curso-de-diseno-de-portadas-de-libros-del-concepto-a-la-creacion-featured.jpg\",\"width\":2560,\"height\":896},{\"@type\":\"WebSite\",\"@id\":\"https:\/\/codewebbarcelona.com\/ca\/#website\",\"url\":\"https:\/\/codewebbarcelona.com\/ca\/\",\"name\":\"Code Barcelona\",\"description\":\"\",\"potentialAction\":[{\"@type\":\"SearchAction\",\"target\":{\"@type\":\"EntryPoint\",\"urlTemplate\":\"https:\/\/codewebbarcelona.com\/ca\/?s={search_term_string}\"},\"query-input\":{\"@type\":\"PropertyValueSpecification\",\"valueRequired\":true,\"valueName\":\"search_term_string\"}}],\"inLanguage\":\"ca\"},{\"@type\":\"Person\",\"@id\":\"https:\/\/codewebbarcelona.com\/ca\/#\/schema\/person\/3af5f44aaf0de2919e9225aa5ca32567\",\"name\":\"cd26Bc\",\"image\":{\"@type\":\"ImageObject\",\"inLanguage\":\"ca\",\"@id\":\"https:\/\/secure.gravatar.com\/avatar\/b904e836584635855eaa0ee2922bae4fe2aa94ffb558048dcc5dac5f98f0fadc?s=96&d=mm&r=g\",\"url\":\"https:\/\/secure.gravatar.com\/avatar\/b904e836584635855eaa0ee2922bae4fe2aa94ffb558048dcc5dac5f98f0fadc?s=96&d=mm&r=g\",\"contentUrl\":\"https:\/\/secure.gravatar.com\/avatar\/b904e836584635855eaa0ee2922bae4fe2aa94ffb558048dcc5dac5f98f0fadc?s=96&d=mm&r=g\",\"caption\":\"cd26Bc\"},\"sameAs\":[\"https:\/\/codewebbarcelona.com\"]}]}<\/script>\n<!-- \/ Yoast SEO plugin. -->","yoast_head_json":{"title":"Curso dise\u00f1o de portadas de libros: concepto a creaci\u00f3n - Code Barcelona","description":"\u00bfQuieres aprender los misterios del dise\u00f1o de portadas de libros ? Pues este curso te interesa, dale un vistazo a nuestra recomendaci\u00f3n semanal y explora tus talentos creativos. El dise\u00f1o de portadas de un libros es el primer canal comunicativo que se abre entre el autor y el lector.","robots":{"index":"index","follow":"follow","max-snippet":"max-snippet:-1","max-image-preview":"max-image-preview:large","max-video-preview":"max-video-preview:-1"},"canonical":"https:\/\/codewebbarcelona.com\/ca\/blog\/curs-disseny-portades-llibres\/","og_locale":"ca_ES","og_type":"article","og_title":"Curso dise\u00f1o de portadas de libros: concepto a creaci\u00f3n - Code Barcelona","og_description":"\u00bfQuieres aprender los misterios del dise\u00f1o de portadas de libros ? Pues este curso te interesa, dale un vistazo a nuestra recomendaci\u00f3n semanal y explora tus talentos creativos. El dise\u00f1o de portadas de un libros es el primer canal comunicativo que se abre entre el autor y el lector.","og_url":"https:\/\/codewebbarcelona.com\/ca\/blog\/curs-disseny-portades-llibres\/","og_site_name":"Code Barcelona","article_published_time":"2022-01-02T10:28:17+00:00","article_modified_time":"2026-04-20T18:20:57+00:00","og_image":[{"width":2560,"height":896,"url":"https:\/\/codewebbarcelona.com\/wp-content\/uploads\/2022\/01\/curso-de-diseno-de-portadas-de-libros-del-concepto-a-la-creacion-featured.jpg","type":"image\/jpeg"}],"author":"cd26Bc","twitter_card":"summary_large_image","twitter_misc":{"Escrit per":"cd26Bc","Temps estimat de lectura":"4 minuts"},"schema":{"@context":"https:\/\/schema.org","@graph":[{"@type":"Article","@id":"https:\/\/codewebbarcelona.com\/ca\/blog\/curs-disseny-portades-llibres\/#article","isPartOf":{"@id":"https:\/\/codewebbarcelona.com\/ca\/blog\/curs-disseny-portades-llibres\/"},"author":{"name":"cd26Bc","@id":"https:\/\/codewebbarcelona.com\/ca\/#\/schema\/person\/3af5f44aaf0de2919e9225aa5ca32567"},"headline":"Curs de disseny de portades de llibres: del concepte a la creaci\u00f3","datePublished":"2022-01-02T10:28:17+00:00","dateModified":"2026-04-20T18:20:57+00:00","mainEntityOfPage":{"@id":"https:\/\/codewebbarcelona.com\/ca\/blog\/curs-disseny-portades-llibres\/"},"wordCount":855,"image":{"@id":"https:\/\/codewebbarcelona.com\/ca\/blog\/curs-disseny-portades-llibres\/#primaryimage"},"thumbnailUrl":"https:\/\/codewebbarcelona.com\/wp-content\/uploads\/2022\/01\/curso-de-diseno-de-portadas-de-libros-del-concepto-a-la-creacion-featured.jpg","articleSection":["Formaci\u00f3","Inspiraci\u00f3","Dise\u00f1o gr\u00e1fico"],"inLanguage":"ca"},{"@type":"WebPage","@id":"https:\/\/codewebbarcelona.com\/ca\/blog\/curs-disseny-portades-llibres\/","url":"https:\/\/codewebbarcelona.com\/ca\/blog\/curs-disseny-portades-llibres\/","name":"Curso dise\u00f1o de portadas de libros: concepto a creaci\u00f3n - Code Barcelona","isPartOf":{"@id":"https:\/\/codewebbarcelona.com\/ca\/#website"},"primaryImageOfPage":{"@id":"https:\/\/codewebbarcelona.com\/ca\/blog\/curs-disseny-portades-llibres\/#primaryimage"},"image":{"@id":"https:\/\/codewebbarcelona.com\/ca\/blog\/curs-disseny-portades-llibres\/#primaryimage"},"thumbnailUrl":"https:\/\/codewebbarcelona.com\/wp-content\/uploads\/2022\/01\/curso-de-diseno-de-portadas-de-libros-del-concepto-a-la-creacion-featured.jpg","datePublished":"2022-01-02T10:28:17+00:00","dateModified":"2026-04-20T18:20:57+00:00","author":{"@id":"https:\/\/codewebbarcelona.com\/ca\/#\/schema\/person\/3af5f44aaf0de2919e9225aa5ca32567"},"description":"\u00bfQuieres aprender los misterios del dise\u00f1o de portadas de libros ? Pues este curso te interesa, dale un vistazo a nuestra recomendaci\u00f3n semanal y explora tus talentos creativos. El dise\u00f1o de portadas de un libros es el primer canal comunicativo que se abre entre el autor y el lector.","inLanguage":"ca","potentialAction":[{"@type":"ReadAction","target":["https:\/\/codewebbarcelona.com\/ca\/blog\/curs-disseny-portades-llibres\/"]}]},{"@type":"ImageObject","inLanguage":"ca","@id":"https:\/\/codewebbarcelona.com\/ca\/blog\/curs-disseny-portades-llibres\/#primaryimage","url":"https:\/\/codewebbarcelona.com\/wp-content\/uploads\/2022\/01\/curso-de-diseno-de-portadas-de-libros-del-concepto-a-la-creacion-featured.jpg","contentUrl":"https:\/\/codewebbarcelona.com\/wp-content\/uploads\/2022\/01\/curso-de-diseno-de-portadas-de-libros-del-concepto-a-la-creacion-featured.jpg","width":2560,"height":896},{"@type":"WebSite","@id":"https:\/\/codewebbarcelona.com\/ca\/#website","url":"https:\/\/codewebbarcelona.com\/ca\/","name":"Code Barcelona","description":"","potentialAction":[{"@type":"SearchAction","target":{"@type":"EntryPoint","urlTemplate":"https:\/\/codewebbarcelona.com\/ca\/?s={search_term_string}"},"query-input":{"@type":"PropertyValueSpecification","valueRequired":true,"valueName":"search_term_string"}}],"inLanguage":"ca"},{"@type":"Person","@id":"https:\/\/codewebbarcelona.com\/ca\/#\/schema\/person\/3af5f44aaf0de2919e9225aa5ca32567","name":"cd26Bc","image":{"@type":"ImageObject","inLanguage":"ca","@id":"https:\/\/secure.gravatar.com\/avatar\/b904e836584635855eaa0ee2922bae4fe2aa94ffb558048dcc5dac5f98f0fadc?s=96&d=mm&r=g","url":"https:\/\/secure.gravatar.com\/avatar\/b904e836584635855eaa0ee2922bae4fe2aa94ffb558048dcc5dac5f98f0fadc?s=96&d=mm&r=g","contentUrl":"https:\/\/secure.gravatar.com\/avatar\/b904e836584635855eaa0ee2922bae4fe2aa94ffb558048dcc5dac5f98f0fadc?s=96&d=mm&r=g","caption":"cd26Bc"},"sameAs":["https:\/\/codewebbarcelona.com"]}]}},"_links":{"self":[{"href":"https:\/\/codewebbarcelona.com\/ca\/wp-json\/wp\/v2\/posts\/17550","targetHints":{"allow":["GET"]}}],"collection":[{"href":"https:\/\/codewebbarcelona.com\/ca\/wp-json\/wp\/v2\/posts"}],"about":[{"href":"https:\/\/codewebbarcelona.com\/ca\/wp-json\/wp\/v2\/types\/post"}],"author":[{"embeddable":true,"href":"https:\/\/codewebbarcelona.com\/ca\/wp-json\/wp\/v2\/users\/1"}],"replies":[{"embeddable":true,"href":"https:\/\/codewebbarcelona.com\/ca\/wp-json\/wp\/v2\/comments?post=17550"}],"version-history":[{"count":2,"href":"https:\/\/codewebbarcelona.com\/ca\/wp-json\/wp\/v2\/posts\/17550\/revisions"}],"predecessor-version":[{"id":17560,"href":"https:\/\/codewebbarcelona.com\/ca\/wp-json\/wp\/v2\/posts\/17550\/revisions\/17560"}],"wp:featuredmedia":[{"embeddable":true,"href":"https:\/\/codewebbarcelona.com\/ca\/wp-json\/wp\/v2\/media\/6649"}],"wp:attachment":[{"href":"https:\/\/codewebbarcelona.com\/ca\/wp-json\/wp\/v2\/media?parent=17550"}],"wp:term":[{"taxonomy":"category","embeddable":true,"href":"https:\/\/codewebbarcelona.com\/ca\/wp-json\/wp\/v2\/categories?post=17550"}],"curies":[{"name":"wp","href":"https:\/\/api.w.org\/{rel}","templated":true}]}}