{"id":17452,"date":"2020-05-08T10:43:47","date_gmt":"2020-05-08T10:43:47","guid":{"rendered":"https:\/\/codewebbarcelona.com\/cultura-para-disenadores-y-creativos-2\/"},"modified":"2026-04-20T18:11:56","modified_gmt":"2026-04-20T18:11:56","slug":"cultura-per-a-dissenyadors-i-creatius-2","status":"publish","type":"post","link":"https:\/\/codewebbarcelona.com\/ca\/cultura-per-a-dissenyadors-i-creatius-2\/","title":{"rendered":"Cultura per a dissenyadors i creatius #2"},"content":{"rendered":"<p>Una mica de <strong>cultura per a dissenyadors i creatius<\/strong>: us presentem la segona edici\u00f3 de la Marat\u00f3 by Blanc!<\/p>\n<p>Un cop m\u00e9s, a les portes del cap de setmana, us portem una proposta cultural especialment pensada per a tots els <strong>creatius<\/strong> que ens seguiu.<\/p>\n<h2>Cultura per a dissenyadors i creatius #2<\/h2>\n<h3>Qu\u00e8 \u00e9s el Blanc Festival?<\/h3>\n<p>Per si encara no el coneixeu o sou nous per aqu\u00ed, i tamb\u00e9 per aquells que, per algun motiu, us vau perdre l\u2019anterior article sobre el tema: Blanc Festival \u00e9s la cita imprescindible per a tots els amants del <strong>disseny gr\u00e0fic<\/strong>, la <strong>creativitat<\/strong>, la <strong>publicitat<\/strong> i la <strong>innovaci\u00f3 creativa<\/strong> a la ciutat de <strong>Barcelona<\/strong>.<\/p>\n<p>Des de fa uns anys, cada octubre, <strong>Barcelona<\/strong> es converteix en punt de trobada de creatius d\u2019arreu del m\u00f3n, que venen a compartir la seva feina, experi\u00e8ncies i traject\u00f2ria professional.<\/p>\n<ul>\n<li>Confer\u00e8ncies<\/li>\n<li>Exposicions<\/li>\n<li>Mostres<\/li>\n<li>Workshops<\/li>\n<li>Masterclasses<\/li>\n<li>Refer\u00e8ncies<\/li>\n<\/ul>\n<p>&nbsp;<\/p>\n<p><iframe src=\"https:\/\/www.youtube.com\/embed\/PI2RV_fSMlU\" width=\"995\" height=\"556\" frameborder=\"0\" allowfullscreen=\"allowfullscreen\"><span data-mce-type=\"bookmark\" style=\"display: inline-block; width: 0px; overflow: hidden; line-height: 0;\" class=\"mce_SELRES_start\">\ufeff<\/span><\/iframe><\/p>\n<p>Tot aix\u00f2 i molt m\u00e9s t\u2019espera al Blanc Festival.<\/p>\n<p>Per\u00f2, \u00e9s clar, ni som a l\u2019octubre ni estem al Blanc Festival. Llavors, qu\u00e8 passa?<\/p>\n<h3>Qu\u00e8 \u00e9s la Marat\u00f3 by Blanc!?<\/h3>\n<p>Davant el context actual i amb la voluntat d\u2019aportar valor a la societat en moments complicats, l\u2019organitzaci\u00f3 ha decidit obrir al p\u00fablic les gravacions de les xerrades d\u2019edicions anteriors.<\/p>\n<p>Amb aquesta s\u00e8rie de v\u00eddeos i contingut exclusiu podr\u00e0s reviure edicions passades i descobrir com es viu aquest <strong>festival creatiu.<\/strong><\/p>\n<p>En aquests v\u00eddeos podr\u00e0s veure com treballen creatius i dissenyadors de perfils i proced\u00e8ncies molt diverses, i con\u00e8ixer de prop el seu enfocament i proc\u00e9s per a cada projecte.<\/p>\n<p>Nom\u00e9s cal que entris al seu web i t\u2019hi registris: \u00e9s gratu\u00eft i no et portar\u00e0 m\u00e9s d\u2019un minut.<\/p>\n<p>A canvi, podr\u00e0s accedir a tot el contingut que Blanc Festival ha deixat obert per a tu.<\/p>\n<p>Siguis:<\/p>\n<ul>\n<li><strong>Dissenyador gr\u00e0fic<\/strong><\/li>\n<li><strong>Creatiu<\/strong><\/li>\n<li><strong>Director d\u2019art<\/strong><\/li>\n<li><strong>Il\u00b7lustrador<\/strong><\/li>\n<li><strong>Copywriter<\/strong><\/li>\n<li><strong>Disseny editorial<\/strong><\/li>\n<li>&#8230; o el que sigui, aix\u00f2 t\u2019interessar\u00e0<\/li>\n<\/ul>\n<p>&nbsp;<\/p>\n<p><a href=\"https:\/\/blancfestival.com\/videos_talks\/maraton2\/\" target=\"_blank\" rel=\"noopener\">Segueix<\/a><a href=\"https:\/\/blancfestival.com\/videos_talks\/maraton2\/\" target=\"_blank\" rel=\"noopener\"> l\u2019enlla\u00e7 i fes-ho oficial!<\/a><\/p>\n<h2>Qu\u00e8 trobar\u00e9 a la Marat\u00f3 by Blanc!?<\/h2>\n<p>A la segona edici\u00f3 de la Marat\u00f3 by Blanc! hi podr\u00e0s veure:<\/p>\n<p><strong>Snask \u2013 Ag\u00e8ncia creativa sueca especialitzada en disseny d\u2019identitat, film i direcci\u00f3 d\u2019art i creativa.<\/strong><\/p>\n<p><strong>Javier Royo \u2013 Director creatiu de Chispum Studio, estudi de disseny gr\u00e0fic de Barcelona, il\u00b7lustrador, creatiu.<\/strong><\/p>\n<p><strong>Josep Maria Mir i Aim\u00e9 \u2013 Fundador de SUMMA, creatiu i dissenyador, vicepresident d\u2019ADG-FAD, director dels Premis Laus, director de la fundaci\u00f3 BCD i director del departament de disseny gr\u00e0fic d\u2019EINA.<\/strong><\/p>\n<p><strong>JJ Bertran \u2013 Especialista en disseny gr\u00e0fic i identitat de producte, creador de marques, productes i packaging.<\/strong><\/p>\n<p><strong>Josep Pla-Narbona \u2013 Dissenyador gr\u00e0fic, dibuixant, gravador, escultor i pintor.<\/strong><\/p>\n<p><strong>Kokoro &amp; Moi \u2013 Ag\u00e8ncia creativa finlandesa especialitzada en serveis integrals de creativitat i disseny gr\u00e0fic.<\/strong><\/p>\n<p><strong>Pr\u00e0ctica \u2013 Estudi de disseny i direcci\u00f3 d\u2019art de Barcelona.<\/strong><\/p>\n<p><strong>Neville Brody \u2013 Reconegut dissenyador especialitzat en disseny digital, tipografia i identitat.<\/strong><\/p>\n<p><strong>Atlas \u2013 Consultoria de disseny amb 40 anys d\u2019experi\u00e8ncia.<\/strong><\/p>\n<p><strong>Mario Eskenazi \u2013 Dissenyador gr\u00e0fic amb una traject\u00f2ria destacada a Espanya: disseny de sistemes d\u2019identitat, marca, exposicions, editorial, il\u00b7lustraci\u00f3, senyalitzaci\u00f3 i orientaci\u00f3, packaging, naming, tipografia, disseny web i digital.<\/strong><\/p>\n<p><strong>Ena Cardenal \u2013 Dissenyadora gr\u00e0fica especialitzada en disseny editorial, identitat corporativa, gr\u00e0fica per a exposicions, publicacions i cat\u00e0legs.<\/strong><\/p>\n<p><strong>Tsto \u2013 Ag\u00e8ncia de disseny gr\u00e0fic de H\u00e8lsinki i Nova York especialitzada en direcci\u00f3 d\u2019art i conceptualitzaci\u00f3 visual, direcci\u00f3 d\u2019art, disseny gr\u00e0fic, desenvolupament de conceptes, il\u00b7lustraci\u00f3, tipografia, identitat digital i disseny web, llibres i publicacions.<\/strong><\/p>\n<p><strong>Ian Anderson \u2013 Ag\u00e8ncia creativa del Regne Unit.<\/strong><\/p>\n<p>Ja pots reservar-te una estona per donar un cop d\u2019ull a la Marat\u00f3 by Blanc! dins de <strong>Cultura per a dissenyadors i creatius.<\/strong><\/p>\n","protected":false},"excerpt":{"rendered":"<p>Una mica de cultura per a dissenyadors i creatius: us presentem la segona edici\u00f3 de la Marat\u00f3 by Blanc! Un cop m\u00e9s, a les portes del cap de setmana, us portem una proposta cultural especialment pensada per a tots els creatius que ens seguiu. Cultura per a dissenyadors i creatius #2 Qu\u00e8 \u00e9s el Blanc [&hellip;]<\/p>\n","protected":false},"author":1,"featured_media":10097,"comment_status":"closed","ping_status":"closed","sticky":false,"template":"","format":"standard","meta":{"_acf_changed":false,"footnotes":""},"categories":[],"class_list":["post-17452","post","type-post","status-publish","format-standard","has-post-thumbnail","hentry"],"acf":[],"yoast_head":"<!-- This site is optimized with the Yoast SEO plugin v27.2 - https:\/\/yoast.com\/product\/yoast-seo-wordpress\/ -->\n<title>Cultura per a dissenyadors i creatius #2 - Code Barcelona<\/title>\n<meta name=\"robots\" content=\"index, follow, max-snippet:-1, max-image-preview:large, max-video-preview:-1\" \/>\n<link rel=\"canonical\" href=\"https:\/\/codewebbarcelona.com\/ca\/cultura-per-a-dissenyadors-i-creatius-2\/\" \/>\n<meta property=\"og:locale\" content=\"ca_ES\" \/>\n<meta property=\"og:type\" content=\"article\" \/>\n<meta property=\"og:title\" content=\"Cultura per a dissenyadors i creatius #2 - Code Barcelona\" \/>\n<meta property=\"og:description\" content=\"Una mica de cultura per a dissenyadors i creatius: us presentem la segona edici\u00f3 de la Marat\u00f3 by Blanc! Un cop m\u00e9s, a les portes del cap de setmana, us portem una proposta cultural especialment pensada per a tots els creatius que ens seguiu. Cultura per a dissenyadors i creatius #2 Qu\u00e8 \u00e9s el Blanc [&hellip;]\" \/>\n<meta property=\"og:url\" content=\"https:\/\/codewebbarcelona.com\/ca\/cultura-per-a-dissenyadors-i-creatius-2\/\" \/>\n<meta property=\"og:site_name\" content=\"Code Barcelona\" \/>\n<meta property=\"article:published_time\" content=\"2020-05-08T10:43:47+00:00\" \/>\n<meta property=\"article:modified_time\" content=\"2026-04-20T18:11:56+00:00\" \/>\n<meta property=\"og:image\" content=\"https:\/\/codewebbarcelona.com\/wp-content\/uploads\/2020\/05\/cultura-para-disenadores-y-creativos-2-featured.jpg\" \/>\n\t<meta property=\"og:image:width\" content=\"2560\" \/>\n\t<meta property=\"og:image:height\" content=\"896\" \/>\n\t<meta property=\"og:image:type\" content=\"image\/jpeg\" \/>\n<meta name=\"author\" content=\"cd26Bc\" \/>\n<meta name=\"twitter:card\" content=\"summary_large_image\" \/>\n<meta name=\"twitter:label1\" content=\"Escrit per\" \/>\n\t<meta name=\"twitter:data1\" content=\"cd26Bc\" \/>\n\t<meta name=\"twitter:label2\" content=\"Temps estimat de lectura\" \/>\n\t<meta name=\"twitter:data2\" content=\"3 minuts\" \/>\n<script type=\"application\/ld+json\" class=\"yoast-schema-graph\">{\"@context\":\"https:\/\/schema.org\",\"@graph\":[{\"@type\":\"Article\",\"@id\":\"https:\/\/codewebbarcelona.com\/ca\/cultura-per-a-dissenyadors-i-creatius-2\/#article\",\"isPartOf\":{\"@id\":\"https:\/\/codewebbarcelona.com\/ca\/cultura-per-a-dissenyadors-i-creatius-2\/\"},\"author\":{\"name\":\"cd26Bc\",\"@id\":\"https:\/\/codewebbarcelona.com\/ca\/#\/schema\/person\/3af5f44aaf0de2919e9225aa5ca32567\"},\"headline\":\"Cultura per a dissenyadors i creatius #2\",\"datePublished\":\"2020-05-08T10:43:47+00:00\",\"dateModified\":\"2026-04-20T18:11:56+00:00\",\"mainEntityOfPage\":{\"@id\":\"https:\/\/codewebbarcelona.com\/ca\/cultura-per-a-dissenyadors-i-creatius-2\/\"},\"wordCount\":640,\"image\":{\"@id\":\"https:\/\/codewebbarcelona.com\/ca\/cultura-per-a-dissenyadors-i-creatius-2\/#primaryimage\"},\"thumbnailUrl\":\"https:\/\/codewebbarcelona.com\/wp-content\/uploads\/2020\/05\/cultura-para-disenadores-y-creativos-2-featured.jpg\",\"inLanguage\":\"ca\"},{\"@type\":\"WebPage\",\"@id\":\"https:\/\/codewebbarcelona.com\/ca\/cultura-per-a-dissenyadors-i-creatius-2\/\",\"url\":\"https:\/\/codewebbarcelona.com\/ca\/cultura-per-a-dissenyadors-i-creatius-2\/\",\"name\":\"Cultura per a dissenyadors i creatius #2 - Code Barcelona\",\"isPartOf\":{\"@id\":\"https:\/\/codewebbarcelona.com\/ca\/#website\"},\"primaryImageOfPage\":{\"@id\":\"https:\/\/codewebbarcelona.com\/ca\/cultura-per-a-dissenyadors-i-creatius-2\/#primaryimage\"},\"image\":{\"@id\":\"https:\/\/codewebbarcelona.com\/ca\/cultura-per-a-dissenyadors-i-creatius-2\/#primaryimage\"},\"thumbnailUrl\":\"https:\/\/codewebbarcelona.com\/wp-content\/uploads\/2020\/05\/cultura-para-disenadores-y-creativos-2-featured.jpg\",\"datePublished\":\"2020-05-08T10:43:47+00:00\",\"dateModified\":\"2026-04-20T18:11:56+00:00\",\"author\":{\"@id\":\"https:\/\/codewebbarcelona.com\/ca\/#\/schema\/person\/3af5f44aaf0de2919e9225aa5ca32567\"},\"inLanguage\":\"ca\",\"potentialAction\":[{\"@type\":\"ReadAction\",\"target\":[\"https:\/\/codewebbarcelona.com\/ca\/cultura-per-a-dissenyadors-i-creatius-2\/\"]}]},{\"@type\":\"ImageObject\",\"inLanguage\":\"ca\",\"@id\":\"https:\/\/codewebbarcelona.com\/ca\/cultura-per-a-dissenyadors-i-creatius-2\/#primaryimage\",\"url\":\"https:\/\/codewebbarcelona.com\/wp-content\/uploads\/2020\/05\/cultura-para-disenadores-y-creativos-2-featured.jpg\",\"contentUrl\":\"https:\/\/codewebbarcelona.com\/wp-content\/uploads\/2020\/05\/cultura-para-disenadores-y-creativos-2-featured.jpg\",\"width\":2560,\"height\":896},{\"@type\":\"WebSite\",\"@id\":\"https:\/\/codewebbarcelona.com\/ca\/#website\",\"url\":\"https:\/\/codewebbarcelona.com\/ca\/\",\"name\":\"Code Barcelona\",\"description\":\"\",\"potentialAction\":[{\"@type\":\"SearchAction\",\"target\":{\"@type\":\"EntryPoint\",\"urlTemplate\":\"https:\/\/codewebbarcelona.com\/ca\/?s={search_term_string}\"},\"query-input\":{\"@type\":\"PropertyValueSpecification\",\"valueRequired\":true,\"valueName\":\"search_term_string\"}}],\"inLanguage\":\"ca\"},{\"@type\":\"Person\",\"@id\":\"https:\/\/codewebbarcelona.com\/ca\/#\/schema\/person\/3af5f44aaf0de2919e9225aa5ca32567\",\"name\":\"cd26Bc\",\"image\":{\"@type\":\"ImageObject\",\"inLanguage\":\"ca\",\"@id\":\"https:\/\/secure.gravatar.com\/avatar\/b904e836584635855eaa0ee2922bae4fe2aa94ffb558048dcc5dac5f98f0fadc?s=96&d=mm&r=g\",\"url\":\"https:\/\/secure.gravatar.com\/avatar\/b904e836584635855eaa0ee2922bae4fe2aa94ffb558048dcc5dac5f98f0fadc?s=96&d=mm&r=g\",\"contentUrl\":\"https:\/\/secure.gravatar.com\/avatar\/b904e836584635855eaa0ee2922bae4fe2aa94ffb558048dcc5dac5f98f0fadc?s=96&d=mm&r=g\",\"caption\":\"cd26Bc\"},\"sameAs\":[\"https:\/\/codewebbarcelona.com\"]}]}<\/script>\n<!-- \/ Yoast SEO plugin. -->","yoast_head_json":{"title":"Cultura per a dissenyadors i creatius #2 - Code Barcelona","robots":{"index":"index","follow":"follow","max-snippet":"max-snippet:-1","max-image-preview":"max-image-preview:large","max-video-preview":"max-video-preview:-1"},"canonical":"https:\/\/codewebbarcelona.com\/ca\/cultura-per-a-dissenyadors-i-creatius-2\/","og_locale":"ca_ES","og_type":"article","og_title":"Cultura per a dissenyadors i creatius #2 - Code Barcelona","og_description":"Una mica de cultura per a dissenyadors i creatius: us presentem la segona edici\u00f3 de la Marat\u00f3 by Blanc! Un cop m\u00e9s, a les portes del cap de setmana, us portem una proposta cultural especialment pensada per a tots els creatius que ens seguiu. Cultura per a dissenyadors i creatius #2 Qu\u00e8 \u00e9s el Blanc [&hellip;]","og_url":"https:\/\/codewebbarcelona.com\/ca\/cultura-per-a-dissenyadors-i-creatius-2\/","og_site_name":"Code Barcelona","article_published_time":"2020-05-08T10:43:47+00:00","article_modified_time":"2026-04-20T18:11:56+00:00","og_image":[{"width":2560,"height":896,"url":"https:\/\/codewebbarcelona.com\/wp-content\/uploads\/2020\/05\/cultura-para-disenadores-y-creativos-2-featured.jpg","type":"image\/jpeg"}],"author":"cd26Bc","twitter_card":"summary_large_image","twitter_misc":{"Escrit per":"cd26Bc","Temps estimat de lectura":"3 minuts"},"schema":{"@context":"https:\/\/schema.org","@graph":[{"@type":"Article","@id":"https:\/\/codewebbarcelona.com\/ca\/cultura-per-a-dissenyadors-i-creatius-2\/#article","isPartOf":{"@id":"https:\/\/codewebbarcelona.com\/ca\/cultura-per-a-dissenyadors-i-creatius-2\/"},"author":{"name":"cd26Bc","@id":"https:\/\/codewebbarcelona.com\/ca\/#\/schema\/person\/3af5f44aaf0de2919e9225aa5ca32567"},"headline":"Cultura per a dissenyadors i creatius #2","datePublished":"2020-05-08T10:43:47+00:00","dateModified":"2026-04-20T18:11:56+00:00","mainEntityOfPage":{"@id":"https:\/\/codewebbarcelona.com\/ca\/cultura-per-a-dissenyadors-i-creatius-2\/"},"wordCount":640,"image":{"@id":"https:\/\/codewebbarcelona.com\/ca\/cultura-per-a-dissenyadors-i-creatius-2\/#primaryimage"},"thumbnailUrl":"https:\/\/codewebbarcelona.com\/wp-content\/uploads\/2020\/05\/cultura-para-disenadores-y-creativos-2-featured.jpg","inLanguage":"ca"},{"@type":"WebPage","@id":"https:\/\/codewebbarcelona.com\/ca\/cultura-per-a-dissenyadors-i-creatius-2\/","url":"https:\/\/codewebbarcelona.com\/ca\/cultura-per-a-dissenyadors-i-creatius-2\/","name":"Cultura per a dissenyadors i creatius #2 - Code Barcelona","isPartOf":{"@id":"https:\/\/codewebbarcelona.com\/ca\/#website"},"primaryImageOfPage":{"@id":"https:\/\/codewebbarcelona.com\/ca\/cultura-per-a-dissenyadors-i-creatius-2\/#primaryimage"},"image":{"@id":"https:\/\/codewebbarcelona.com\/ca\/cultura-per-a-dissenyadors-i-creatius-2\/#primaryimage"},"thumbnailUrl":"https:\/\/codewebbarcelona.com\/wp-content\/uploads\/2020\/05\/cultura-para-disenadores-y-creativos-2-featured.jpg","datePublished":"2020-05-08T10:43:47+00:00","dateModified":"2026-04-20T18:11:56+00:00","author":{"@id":"https:\/\/codewebbarcelona.com\/ca\/#\/schema\/person\/3af5f44aaf0de2919e9225aa5ca32567"},"inLanguage":"ca","potentialAction":[{"@type":"ReadAction","target":["https:\/\/codewebbarcelona.com\/ca\/cultura-per-a-dissenyadors-i-creatius-2\/"]}]},{"@type":"ImageObject","inLanguage":"ca","@id":"https:\/\/codewebbarcelona.com\/ca\/cultura-per-a-dissenyadors-i-creatius-2\/#primaryimage","url":"https:\/\/codewebbarcelona.com\/wp-content\/uploads\/2020\/05\/cultura-para-disenadores-y-creativos-2-featured.jpg","contentUrl":"https:\/\/codewebbarcelona.com\/wp-content\/uploads\/2020\/05\/cultura-para-disenadores-y-creativos-2-featured.jpg","width":2560,"height":896},{"@type":"WebSite","@id":"https:\/\/codewebbarcelona.com\/ca\/#website","url":"https:\/\/codewebbarcelona.com\/ca\/","name":"Code Barcelona","description":"","potentialAction":[{"@type":"SearchAction","target":{"@type":"EntryPoint","urlTemplate":"https:\/\/codewebbarcelona.com\/ca\/?s={search_term_string}"},"query-input":{"@type":"PropertyValueSpecification","valueRequired":true,"valueName":"search_term_string"}}],"inLanguage":"ca"},{"@type":"Person","@id":"https:\/\/codewebbarcelona.com\/ca\/#\/schema\/person\/3af5f44aaf0de2919e9225aa5ca32567","name":"cd26Bc","image":{"@type":"ImageObject","inLanguage":"ca","@id":"https:\/\/secure.gravatar.com\/avatar\/b904e836584635855eaa0ee2922bae4fe2aa94ffb558048dcc5dac5f98f0fadc?s=96&d=mm&r=g","url":"https:\/\/secure.gravatar.com\/avatar\/b904e836584635855eaa0ee2922bae4fe2aa94ffb558048dcc5dac5f98f0fadc?s=96&d=mm&r=g","contentUrl":"https:\/\/secure.gravatar.com\/avatar\/b904e836584635855eaa0ee2922bae4fe2aa94ffb558048dcc5dac5f98f0fadc?s=96&d=mm&r=g","caption":"cd26Bc"},"sameAs":["https:\/\/codewebbarcelona.com"]}]}},"_links":{"self":[{"href":"https:\/\/codewebbarcelona.com\/ca\/wp-json\/wp\/v2\/posts\/17452","targetHints":{"allow":["GET"]}}],"collection":[{"href":"https:\/\/codewebbarcelona.com\/ca\/wp-json\/wp\/v2\/posts"}],"about":[{"href":"https:\/\/codewebbarcelona.com\/ca\/wp-json\/wp\/v2\/types\/post"}],"author":[{"embeddable":true,"href":"https:\/\/codewebbarcelona.com\/ca\/wp-json\/wp\/v2\/users\/1"}],"replies":[{"embeddable":true,"href":"https:\/\/codewebbarcelona.com\/ca\/wp-json\/wp\/v2\/comments?post=17452"}],"version-history":[{"count":2,"href":"https:\/\/codewebbarcelona.com\/ca\/wp-json\/wp\/v2\/posts\/17452\/revisions"}],"predecessor-version":[{"id":17455,"href":"https:\/\/codewebbarcelona.com\/ca\/wp-json\/wp\/v2\/posts\/17452\/revisions\/17455"}],"wp:featuredmedia":[{"embeddable":true,"href":"https:\/\/codewebbarcelona.com\/ca\/wp-json\/wp\/v2\/media\/10097"}],"wp:attachment":[{"href":"https:\/\/codewebbarcelona.com\/ca\/wp-json\/wp\/v2\/media?parent=17452"}],"wp:term":[{"taxonomy":"category","embeddable":true,"href":"https:\/\/codewebbarcelona.com\/ca\/wp-json\/wp\/v2\/categories?post=17452"}],"curies":[{"name":"wp","href":"https:\/\/api.w.org\/{rel}","templated":true}]}}