{"id":17034,"date":"2025-11-11T06:38:10","date_gmt":"2025-11-11T06:38:10","guid":{"rendered":"https:\/\/codewebbarcelona.com\/campana-comunicacion-destacada-la-semana-together-for-te-tiriti\/"},"modified":"2026-04-20T17:51:33","modified_gmt":"2026-04-20T17:51:33","slug":"campanya-comunicacio-setmana-together-for-te-tiriti","status":"publish","type":"post","link":"https:\/\/codewebbarcelona.com\/ca\/blog\/campanya-comunicacio-setmana-together-for-te-tiriti\/","title":{"rendered":"Campanya de comunicaci\u00f3 de la setmana: Together for Te Tiriti"},"content":{"rendered":"<h2>Un s\u00edmbol sorgit del disseny que va unir tot un pa\u00eds: la campanya digital \u201cTogether for Te Tiriti\u201d converteix la identitat visual en un acte de resist\u00e8ncia, uni\u00f3 i esperan\u00e7a.<\/h2>\n<p>Hi ha dissenys que van m\u00e9s enll\u00e0 de l\u2019est\u00e8tica. Traspassant la forma, esdevenen una veu col\u00b7lectiva. <em data-start=\"451\" data-end=\"475\">Together for Te Tiriti<\/em>, la campanya creada per <strong data-start=\"499\" data-end=\"518\">Extended Wh\u0101nau<\/strong> per a <strong data-start=\"524\" data-end=\"550\">ActionStation Aotearoa<\/strong>, n\u2019\u00e9s un exemple potent: el disseny com a gest pol\u00edtic, cultural i emocional. Guardonat amb el <strong data-start=\"670\" data-end=\"696\">Social Good Award 2025<\/strong> als <em data-start=\"704\" data-end=\"724\">Best Design Awards<\/em> de Nova Zelanda, aquest projecte demostra que un s\u00edmbol pot aglutinar un pa\u00eds sencer entorn d\u2019una idea compartida: la defensa del tractat fundacional d\u2019Aotearoa, <em data-start=\"890\" data-end=\"912\">Te Tiriti o Waitangi<\/em>.<\/p>\n<p><img decoding=\"async\" class=\"alignnone size-full wp-image-13714\" src=\"https:\/\/codewebbarcelona.com\/wp-content\/uploads\/2025\/11\/diseno-grafico-social-semana-together-for-te-tiriti-0-5.jpg\" alt=\"\" width=\"2336\" height=\"1652\" \/><\/p>\n<p><img decoding=\"async\" class=\"alignnone size-full wp-image-13722\" src=\"https:\/\/codewebbarcelona.com\/wp-content\/uploads\/2025\/11\/SaveClip.App_470674272_1789784365104831_6629731922216162271_n.jpg\" alt=\"\" width=\"1080\" height=\"761\" \/><\/p>\n<h3>Context: disseny amb prop\u00f2sit social<\/h3>\n<p data-start=\"966\" data-end=\"1425\">El projecte va n\u00e9ixer en un moment de tensi\u00f3 pol\u00edtica. La proposta del <em data-start=\"1036\" data-end=\"1060\">Treaty Principles Bill<\/em> va reobrir ferides antigues i va posar en risc l\u2019equilibri entre el poble M\u0101ori i l\u2019Estat. Davant d\u2019aquest escenari, <strong data-start=\"1173\" data-end=\"1199\">ActionStation Aotearoa<\/strong> cercava una manera visual de defensar l\u2019esperit de <em data-start=\"1252\" data-end=\"1263\">Te Tiriti<\/em>, una imatge que parl\u00e9s d\u2019unitat i respecte mutu.<br data-start=\"1306\" data-end=\"1309\" \/>La pregunta era clara: com transformar una causa hist\u00f2rica en un llenguatge emocional que connecti amb tothom?<\/p>\n<p><img decoding=\"async\" class=\"alignnone size-full wp-image-13715\" src=\"https:\/\/codewebbarcelona.com\/wp-content\/uploads\/2025\/11\/diseno-grafico-social-semana-together-for-te-tiriti-0-4.jpg\" alt=\"\" width=\"2336\" height=\"1652\" \/><\/p>\n<p data-start=\"1427\" data-end=\"1719\">L\u2019equip d\u2019Extended Wh\u0101nau ho va tenir clar des del principi: no es tractava de crear un logotip m\u00e9s, sin\u00f3 de construir un llenguatge visual que transmet\u00e9s pertinen\u00e7a, hist\u00f2ria i resist\u00e8ncia. La clau era traduir valors ancestrals en formes senzilles, per\u00f2 plenes de significat.<\/p>\n<h3>La inspiraci\u00f3: la for\u00e7a del hongi<\/h3>\n<p data-start=\"1775\" data-end=\"2104\">El punt de partida va ser el <em data-start=\"1802\" data-end=\"1809\">hongi<\/em>, un gest fonamental de la cultura M\u0101ori. M\u00e9s que una salutaci\u00f3, \u00e9s un encontre on dues persones comparteixen l\u2019al\u00e8, reconeixent-se m\u00fatuament. Segons la tradici\u00f3, el primer <em data-start=\"1986\" data-end=\"1993\">hongi<\/em> es va produir quan T\u0101ne va insuflar vida a Hineahuone. Des d\u2019aleshores, simbolitza uni\u00f3, equilibri i vida compartida.<\/p>\n<p><img decoding=\"async\" class=\"alignnone size-full wp-image-13716\" src=\"https:\/\/codewebbarcelona.com\/wp-content\/uploads\/2025\/11\/diseno-grafico-social-semana-together-for-te-tiriti-0-6.jpg\" alt=\"\" width=\"2336\" height=\"1652\" \/><\/p>\n<p data-start=\"2554\" data-end=\"2851\">Traslladar aquesta idea a una imatge va ser el gran repte. Els dissenyadors <strong data-start=\"2624\" data-end=\"2639\">Tyrone Ohia<\/strong> i <strong data-start=\"2642\" data-end=\"2662\">Max Quinn-Tapara<\/strong> van buscar una forma simple, reconeixible i oberta emocionalment. Aix\u00ed va n\u00e9ixer l\u2019emblema de <em data-start=\"2752\" data-end=\"2776\">Together for Te Tiriti<\/em>: dues siluetes que s\u2019apropen fins a trobar-se en un punt d\u2019uni\u00f3, un <em data-start=\"2834\" data-end=\"2841\">hongi<\/em> etern.<\/p>\n<h3>El disseny: una forma que respira<\/h3>\n<p data-start=\"2853\" data-end=\"3129\">El resultat \u00e9s una imatge neta i serena. Sense ornaments ni dramatismes. L\u00ednies suaus que respiren trobada i equilibri. Els colors \u2014terra, pell, llum i ombra\u2014 reforcen la sensaci\u00f3 d\u2019humanitat i proximitat. Tot el disseny transmet inclusi\u00f3, respecte i pertinen\u00e7a.<\/p>\n<p><img decoding=\"async\" class=\"alignnone size-full wp-image-13717\" src=\"https:\/\/codewebbarcelona.com\/wp-content\/uploads\/2025\/11\/diseno-grafico-social-semana-together-for-te-tiriti-0-2.jpg\" alt=\"\" width=\"2336\" height=\"1652\" \/><\/p>\n<p>El disseny destaca per la seva <strong>simplicitat visual i for\u00e7a conceptual<\/strong>. No hi ha artificis ni excessos: nom\u00e9s l\u00ednies suaus que suggereixen trobada, comuni\u00f3 i al\u00e8 compartit. L\u2019elecci\u00f3 crom\u00e0tica refor\u00e7a el missatge: tons c\u00e0lids que evoquen terra, pell i vida, acompanyats de negres i blancs que equilibren la composici\u00f3. Cada element comunica inclusi\u00f3, respecte i pertinen\u00e7a.<\/p>\n<h3>Identitat oberta i col\u00b7lectiva<\/h3>\n<p>Un dels grans \u00e8xits d\u2019aquest projecte \u00e9s el seu car\u00e0cter <strong>democratitzat<\/strong>. Des del primer dia, el s\u00edmbol no es va concebre com a propietat d\u2019una instituci\u00f3 o ag\u00e8ncia, sin\u00f3 com un element que qualsevol podia fer servir, reinterpretar i adaptar al seu context. Aquesta obertura va convertir el disseny en un <strong>moviment nacional<\/strong>.<\/p>\n<p><img decoding=\"async\" class=\"alignnone size-full wp-image-13718\" src=\"https:\/\/codewebbarcelona.com\/wp-content\/uploads\/2025\/11\/diseno-grafico-social-semana-together-for-te-tiriti-0-7.jpg\" alt=\"\" width=\"2336\" height=\"1652\" \/><\/p>\n<p>Arreu del pa\u00eds van comen\u00e7ar a apar\u00e8ixer versions personalitzades del logotip: murals, brodats, pancartes, publicacions digitals. Cada adaptaci\u00f3 era diferent, per\u00f2 totes compartien la mateixa ess\u00e8ncia. Tal com va destacar el jurat dels Best Design Awards, la campanya es va convertir en \u201cmolt m\u00e9s que un disseny: es va transformar en una comunitat de significat compartit\u201d.<\/p>\n<p>Aquest enfocament participatiu no nom\u00e9s va amplificar-ne l\u2019abast, sin\u00f3 que va refor\u00e7ar-ne la legitimitat cultural. En comptes d\u2019imposar una est\u00e8tica, el projecte va permetre que la societat la fes seva, demostrant com el disseny pot ser una eina d\u2019<strong>apoderament social<\/strong>.<\/p>\n<h3>Disseny digital i estrat\u00e8gia de comunicaci\u00f3<\/h3>\n<p>La dimensi\u00f3 digital de <strong>Together for Te Tiriti<\/strong> va ser clau per a l\u2019\u00e8xit. Mitjan\u00e7ant una campanya a xarxes, un web accessible i materials descarregables, el projecte convidava la ciutadania a sumar-s\u2019hi activament. La interf\u00edcie, deliberadament minimalista, servia de plataforma per a l\u2019acci\u00f3: compartir, personalitzar, participar.<\/p>\n<p><img decoding=\"async\" class=\"alignnone size-full wp-image-13719\" src=\"https:\/\/codewebbarcelona.com\/wp-content\/uploads\/2025\/11\/diseno-grafico-social-semana-together-for-te-tiriti-0-3.jpg\" alt=\"\" width=\"2336\" height=\"1652\" \/><\/p>\n<p>El to comunicatiu es va mantenir coherent a tots els canals: respectu\u00f3s, esperan\u00e7ador i profundament hum\u00e0. Les imatges del hongi es combinaven amb missatges breus i contundents que apel\u00b7laven a l\u2019orgull cultural i al comprom\u00eds col\u00b7lectiu. Aquest equilibri entre emoci\u00f3 i claredat \u00e9s una de les marques d\u2019identitat del treball d\u2019Extended Wh\u0101nau, i un dels motius pels quals la campanya va connectar amb p\u00fablics diversos.<\/p>\n<h3>Una lli\u00e7\u00f3 de disseny amb \u00e0nima<\/h3>\n<p>En una \u00e8poca on moltes campanyes socials es perden en la saturaci\u00f3 informativa, <strong>Together for Te Tiriti<\/strong> destaca per la seva autenticitat. No recorre al dramatisme ni a la sobreproducci\u00f3, sin\u00f3 a la <strong>honestedat visual<\/strong>. La for\u00e7a del gest, la puresa de les formes i la coher\u00e8ncia cultural s\u00f3n suficients per generar una resposta emocional genu\u00efna.<\/p>\n<p><img decoding=\"async\" class=\"alignnone size-full wp-image-13721\" src=\"https:\/\/codewebbarcelona.com\/wp-content\/uploads\/2025\/11\/SaveClip.App_470876804_1251295242799169_1280696732679456835_n.jpg\" alt=\"\" width=\"1080\" height=\"1350\" \/><\/p>\n<p>El projecte demostra que el disseny gr\u00e0fic, quan es combina amb sensibilitat cultural i prop\u00f2sit, pot esdevenir una eina de transformaci\u00f3 real. En paraules dels creadors, la seva intenci\u00f3 no era simplement \u201cfer bonic\u201d, sin\u00f3 <strong>donar forma visible a la uni\u00f3<\/strong>. I aix\u00f2, en un context pol\u00edtic i social tan carregat de significat, \u00e9s un acte de valentia creativa.<\/p>\n<h3 data-start=\"4988\" data-end=\"5010\">Llegat i impacte<\/h3>\n<p data-start=\"5011\" data-end=\"5319\">El s\u00edmbol es va estendre per tot el pa\u00eds. Milers de persones el van compartir a les xarxes, i moltes comunitats van organitzar trobades per reflexionar sobre el significat de <em data-start=\"5181\" data-end=\"5192\">Te Tiriti<\/em>. M\u00e9s enll\u00e0 de la viralitat, el seu impacte \u00e9s emocional: el <em data-start=\"5248\" data-end=\"5255\">hongi<\/em> s\u2019ha convertit en un recordatori viu d\u2019esperan\u00e7a i respecte.<\/p>\n<div style=\"width: 358px;\" class=\"wp-video\"><video class=\"wp-video-shortcode\" id=\"video-17034-1\" width=\"358\" height=\"640\" preload=\"metadata\" controls=\"controls\"><source type=\"video\/mp4\" src=\"https:\/\/codewebbarcelona.com\/wp-content\/uploads\/2025\/11\/SaveClip.App_AQO6N5klBmFEzcnFImsX0pk6QybQwpVgl9gY799QdKeAH52HW_8AHeFSVGSwROS1mWLR4SmtYbDHJhGvPuVQonoIARQGyUWD6JLwl_k.mp4?_=1\" \/><\/video><\/div>\n<p data-start=\"5321\" data-end=\"5452\">En escoles, centres culturals i espais p\u00fablics, la imatge continua present. \u00c9s, en certa manera, una respiraci\u00f3 compartida.<\/p>\n<h3>Conclusi\u00f3: el disseny com a respiraci\u00f3 col\u00b7lectiva<\/h3>\n<p data-start=\"5476\" data-end=\"5756\"><em data-start=\"5476\" data-end=\"5500\">Together for Te Tiriti<\/em> no \u00e9s nom\u00e9s un projecte de disseny: \u00e9s una lli\u00e7\u00f3 de coher\u00e8ncia entre forma i prop\u00f2sit. Extended Wh\u0101nau ha sabut destil\u00b7lar l\u2019ess\u00e8ncia de l\u2019esperit M\u0101ori \u2014la reciprocitat, la vida compartida, la pau despr\u00e9s del conflicte\u2014 en un s\u00edmbol capa\u00e7 de parlar a tothom.<\/p>\n<p data-start=\"5758\" data-end=\"5968\">El seu valor no rau nom\u00e9s en els premis, sin\u00f3 en la capacitat de connectar una naci\u00f3 amb el seu propi al\u00e8. En aquest gest silenci\u00f3s entre dos rostres que es troben, el disseny es torna, de nou, profundament hum\u00e0.<\/p>\n<h3>Cr\u00e8dits<\/h3>\n<p><strong>Projecte:<\/strong> Together for Te Tiriti<br \/>\n<strong>Estudi:<\/strong> Extended Wh\u0101nau<br \/>\n<strong>Client:<\/strong> ActionStation Aotearoa<br \/>\n<strong>Premi:<\/strong> Social Good Award 2025 \u2013 Designers Institute of New Zealand<br \/>\n<strong>Equip creatiu:<\/strong> Tyrone Ohia, Max Quinn-Tapara<br \/>\n<strong>Col\u00b7laboradors:<\/strong> Kassie Hartendorp, Rangimarie Sophie Jolley, Grace Newton, Joseph Salmon<\/p>\n<p>&nbsp;<\/p>\n","protected":false},"excerpt":{"rendered":"<p>Un s\u00edmbol sorgit del disseny que va unir tot un pa\u00eds: la campanya digital \u201cTogether for Te Tiriti\u201d converteix la identitat visual en un acte de resist\u00e8ncia, uni\u00f3 i esperan\u00e7a. Hi ha dissenys que van m\u00e9s enll\u00e0 de l\u2019est\u00e8tica. Traspassant la forma, esdevenen una veu col\u00b7lectiva. Together for Te Tiriti, la campanya creada per Extended [&hellip;]<\/p>\n","protected":false},"author":1,"featured_media":1927,"comment_status":"closed","ping_status":"closed","sticky":false,"template":"","format":"standard","meta":{"_acf_changed":false,"footnotes":""},"categories":[210,134],"class_list":["post-17034","post","type-post","status-publish","format-standard","has-post-thumbnail","hentry","category-inspiracio","category-disseny-grafic"],"acf":[],"yoast_head":"<!-- This site is optimized with the Yoast SEO plugin v27.2 - https:\/\/yoast.com\/product\/yoast-seo-wordpress\/ -->\n<title>Campanya de comunicaci\u00f3 de la setmana: Together for Te Tiriti - Code Barcelona<\/title>\n<meta name=\"robots\" content=\"index, follow, max-snippet:-1, max-image-preview:large, max-video-preview:-1\" \/>\n<link rel=\"canonical\" href=\"https:\/\/codewebbarcelona.com\/ca\/blog\/campanya-comunicacio-setmana-together-for-te-tiriti\/\" \/>\n<meta property=\"og:locale\" content=\"ca_ES\" \/>\n<meta property=\"og:type\" content=\"article\" \/>\n<meta property=\"og:title\" content=\"Campanya de comunicaci\u00f3 de la setmana: Together for Te Tiriti - Code Barcelona\" \/>\n<meta property=\"og:description\" content=\"Un s\u00edmbol sorgit del disseny que va unir tot un pa\u00eds: la campanya digital \u201cTogether for Te Tiriti\u201d converteix la identitat visual en un acte de resist\u00e8ncia, uni\u00f3 i esperan\u00e7a. Hi ha dissenys que van m\u00e9s enll\u00e0 de l\u2019est\u00e8tica. Traspassant la forma, esdevenen una veu col\u00b7lectiva. Together for Te Tiriti, la campanya creada per Extended [&hellip;]\" \/>\n<meta property=\"og:url\" content=\"https:\/\/codewebbarcelona.com\/ca\/blog\/campanya-comunicacio-setmana-together-for-te-tiriti\/\" \/>\n<meta property=\"og:site_name\" content=\"Code Barcelona\" \/>\n<meta property=\"article:published_time\" content=\"2025-11-11T06:38:10+00:00\" \/>\n<meta property=\"article:modified_time\" content=\"2026-04-20T17:51:33+00:00\" \/>\n<meta property=\"og:image\" content=\"https:\/\/codewebbarcelona.com\/wp-content\/uploads\/2025\/11\/campana-de-comunicacion-de-la-semana-together-for-te-tiriti-featured.png\" \/>\n\t<meta property=\"og:image:width\" content=\"458\" \/>\n\t<meta property=\"og:image:height\" content=\"255\" \/>\n\t<meta property=\"og:image:type\" content=\"image\/png\" \/>\n<meta name=\"author\" content=\"cd26Bc\" \/>\n<meta name=\"twitter:card\" content=\"summary_large_image\" \/>\n<meta name=\"twitter:label1\" content=\"Escrit per\" \/>\n\t<meta name=\"twitter:data1\" content=\"cd26Bc\" \/>\n\t<meta name=\"twitter:label2\" content=\"Temps estimat de lectura\" \/>\n\t<meta name=\"twitter:data2\" content=\"6 minuts\" \/>\n<script type=\"application\/ld+json\" class=\"yoast-schema-graph\">{\"@context\":\"https:\/\/schema.org\",\"@graph\":[{\"@type\":\"Article\",\"@id\":\"https:\/\/codewebbarcelona.com\/ca\/blog\/campanya-comunicacio-setmana-together-for-te-tiriti\/#article\",\"isPartOf\":{\"@id\":\"https:\/\/codewebbarcelona.com\/ca\/blog\/campanya-comunicacio-setmana-together-for-te-tiriti\/\"},\"author\":{\"name\":\"cd26Bc\",\"@id\":\"https:\/\/codewebbarcelona.com\/ca\/#\/schema\/person\/3af5f44aaf0de2919e9225aa5ca32567\"},\"headline\":\"Campanya de comunicaci\u00f3 de la setmana: Together for Te Tiriti\",\"datePublished\":\"2025-11-11T06:38:10+00:00\",\"dateModified\":\"2026-04-20T17:51:33+00:00\",\"mainEntityOfPage\":{\"@id\":\"https:\/\/codewebbarcelona.com\/ca\/blog\/campanya-comunicacio-setmana-together-for-te-tiriti\/\"},\"wordCount\":1195,\"image\":{\"@id\":\"https:\/\/codewebbarcelona.com\/ca\/blog\/campanya-comunicacio-setmana-together-for-te-tiriti\/#primaryimage\"},\"thumbnailUrl\":\"https:\/\/codewebbarcelona.com\/wp-content\/uploads\/2025\/11\/campana-de-comunicacion-de-la-semana-together-for-te-tiriti-featured.png\",\"articleSection\":[\"Inspiraci\u00f3\",\"Dise\u00f1o gr\u00e1fico\"],\"inLanguage\":\"ca\"},{\"@type\":\"WebPage\",\"@id\":\"https:\/\/codewebbarcelona.com\/ca\/blog\/campanya-comunicacio-setmana-together-for-te-tiriti\/\",\"url\":\"https:\/\/codewebbarcelona.com\/ca\/blog\/campanya-comunicacio-setmana-together-for-te-tiriti\/\",\"name\":\"Campanya de comunicaci\u00f3 de la setmana: Together for Te Tiriti - Code Barcelona\",\"isPartOf\":{\"@id\":\"https:\/\/codewebbarcelona.com\/ca\/#website\"},\"primaryImageOfPage\":{\"@id\":\"https:\/\/codewebbarcelona.com\/ca\/blog\/campanya-comunicacio-setmana-together-for-te-tiriti\/#primaryimage\"},\"image\":{\"@id\":\"https:\/\/codewebbarcelona.com\/ca\/blog\/campanya-comunicacio-setmana-together-for-te-tiriti\/#primaryimage\"},\"thumbnailUrl\":\"https:\/\/codewebbarcelona.com\/wp-content\/uploads\/2025\/11\/campana-de-comunicacion-de-la-semana-together-for-te-tiriti-featured.png\",\"datePublished\":\"2025-11-11T06:38:10+00:00\",\"dateModified\":\"2026-04-20T17:51:33+00:00\",\"author\":{\"@id\":\"https:\/\/codewebbarcelona.com\/ca\/#\/schema\/person\/3af5f44aaf0de2919e9225aa5ca32567\"},\"inLanguage\":\"ca\",\"potentialAction\":[{\"@type\":\"ReadAction\",\"target\":[\"https:\/\/codewebbarcelona.com\/ca\/blog\/campanya-comunicacio-setmana-together-for-te-tiriti\/\"]}]},{\"@type\":\"ImageObject\",\"inLanguage\":\"ca\",\"@id\":\"https:\/\/codewebbarcelona.com\/ca\/blog\/campanya-comunicacio-setmana-together-for-te-tiriti\/#primaryimage\",\"url\":\"https:\/\/codewebbarcelona.com\/wp-content\/uploads\/2025\/11\/campana-de-comunicacion-de-la-semana-together-for-te-tiriti-featured.png\",\"contentUrl\":\"https:\/\/codewebbarcelona.com\/wp-content\/uploads\/2025\/11\/campana-de-comunicacion-de-la-semana-together-for-te-tiriti-featured.png\",\"width\":458,\"height\":255},{\"@type\":\"WebSite\",\"@id\":\"https:\/\/codewebbarcelona.com\/ca\/#website\",\"url\":\"https:\/\/codewebbarcelona.com\/ca\/\",\"name\":\"Code Barcelona\",\"description\":\"\",\"potentialAction\":[{\"@type\":\"SearchAction\",\"target\":{\"@type\":\"EntryPoint\",\"urlTemplate\":\"https:\/\/codewebbarcelona.com\/ca\/?s={search_term_string}\"},\"query-input\":{\"@type\":\"PropertyValueSpecification\",\"valueRequired\":true,\"valueName\":\"search_term_string\"}}],\"inLanguage\":\"ca\"},{\"@type\":\"Person\",\"@id\":\"https:\/\/codewebbarcelona.com\/ca\/#\/schema\/person\/3af5f44aaf0de2919e9225aa5ca32567\",\"name\":\"cd26Bc\",\"image\":{\"@type\":\"ImageObject\",\"inLanguage\":\"ca\",\"@id\":\"https:\/\/secure.gravatar.com\/avatar\/b904e836584635855eaa0ee2922bae4fe2aa94ffb558048dcc5dac5f98f0fadc?s=96&d=mm&r=g\",\"url\":\"https:\/\/secure.gravatar.com\/avatar\/b904e836584635855eaa0ee2922bae4fe2aa94ffb558048dcc5dac5f98f0fadc?s=96&d=mm&r=g\",\"contentUrl\":\"https:\/\/secure.gravatar.com\/avatar\/b904e836584635855eaa0ee2922bae4fe2aa94ffb558048dcc5dac5f98f0fadc?s=96&d=mm&r=g\",\"caption\":\"cd26Bc\"},\"sameAs\":[\"https:\/\/codewebbarcelona.com\"]}]}<\/script>\n<!-- \/ Yoast SEO plugin. -->","yoast_head_json":{"title":"Campanya de comunicaci\u00f3 de la setmana: Together for Te Tiriti - Code Barcelona","robots":{"index":"index","follow":"follow","max-snippet":"max-snippet:-1","max-image-preview":"max-image-preview:large","max-video-preview":"max-video-preview:-1"},"canonical":"https:\/\/codewebbarcelona.com\/ca\/blog\/campanya-comunicacio-setmana-together-for-te-tiriti\/","og_locale":"ca_ES","og_type":"article","og_title":"Campanya de comunicaci\u00f3 de la setmana: Together for Te Tiriti - Code Barcelona","og_description":"Un s\u00edmbol sorgit del disseny que va unir tot un pa\u00eds: la campanya digital \u201cTogether for Te Tiriti\u201d converteix la identitat visual en un acte de resist\u00e8ncia, uni\u00f3 i esperan\u00e7a. Hi ha dissenys que van m\u00e9s enll\u00e0 de l\u2019est\u00e8tica. Traspassant la forma, esdevenen una veu col\u00b7lectiva. Together for Te Tiriti, la campanya creada per Extended [&hellip;]","og_url":"https:\/\/codewebbarcelona.com\/ca\/blog\/campanya-comunicacio-setmana-together-for-te-tiriti\/","og_site_name":"Code Barcelona","article_published_time":"2025-11-11T06:38:10+00:00","article_modified_time":"2026-04-20T17:51:33+00:00","og_image":[{"width":458,"height":255,"url":"https:\/\/codewebbarcelona.com\/wp-content\/uploads\/2025\/11\/campana-de-comunicacion-de-la-semana-together-for-te-tiriti-featured.png","type":"image\/png"}],"author":"cd26Bc","twitter_card":"summary_large_image","twitter_misc":{"Escrit per":"cd26Bc","Temps estimat de lectura":"6 minuts"},"schema":{"@context":"https:\/\/schema.org","@graph":[{"@type":"Article","@id":"https:\/\/codewebbarcelona.com\/ca\/blog\/campanya-comunicacio-setmana-together-for-te-tiriti\/#article","isPartOf":{"@id":"https:\/\/codewebbarcelona.com\/ca\/blog\/campanya-comunicacio-setmana-together-for-te-tiriti\/"},"author":{"name":"cd26Bc","@id":"https:\/\/codewebbarcelona.com\/ca\/#\/schema\/person\/3af5f44aaf0de2919e9225aa5ca32567"},"headline":"Campanya de comunicaci\u00f3 de la setmana: Together for Te Tiriti","datePublished":"2025-11-11T06:38:10+00:00","dateModified":"2026-04-20T17:51:33+00:00","mainEntityOfPage":{"@id":"https:\/\/codewebbarcelona.com\/ca\/blog\/campanya-comunicacio-setmana-together-for-te-tiriti\/"},"wordCount":1195,"image":{"@id":"https:\/\/codewebbarcelona.com\/ca\/blog\/campanya-comunicacio-setmana-together-for-te-tiriti\/#primaryimage"},"thumbnailUrl":"https:\/\/codewebbarcelona.com\/wp-content\/uploads\/2025\/11\/campana-de-comunicacion-de-la-semana-together-for-te-tiriti-featured.png","articleSection":["Inspiraci\u00f3","Dise\u00f1o gr\u00e1fico"],"inLanguage":"ca"},{"@type":"WebPage","@id":"https:\/\/codewebbarcelona.com\/ca\/blog\/campanya-comunicacio-setmana-together-for-te-tiriti\/","url":"https:\/\/codewebbarcelona.com\/ca\/blog\/campanya-comunicacio-setmana-together-for-te-tiriti\/","name":"Campanya de comunicaci\u00f3 de la setmana: Together for Te Tiriti - Code Barcelona","isPartOf":{"@id":"https:\/\/codewebbarcelona.com\/ca\/#website"},"primaryImageOfPage":{"@id":"https:\/\/codewebbarcelona.com\/ca\/blog\/campanya-comunicacio-setmana-together-for-te-tiriti\/#primaryimage"},"image":{"@id":"https:\/\/codewebbarcelona.com\/ca\/blog\/campanya-comunicacio-setmana-together-for-te-tiriti\/#primaryimage"},"thumbnailUrl":"https:\/\/codewebbarcelona.com\/wp-content\/uploads\/2025\/11\/campana-de-comunicacion-de-la-semana-together-for-te-tiriti-featured.png","datePublished":"2025-11-11T06:38:10+00:00","dateModified":"2026-04-20T17:51:33+00:00","author":{"@id":"https:\/\/codewebbarcelona.com\/ca\/#\/schema\/person\/3af5f44aaf0de2919e9225aa5ca32567"},"inLanguage":"ca","potentialAction":[{"@type":"ReadAction","target":["https:\/\/codewebbarcelona.com\/ca\/blog\/campanya-comunicacio-setmana-together-for-te-tiriti\/"]}]},{"@type":"ImageObject","inLanguage":"ca","@id":"https:\/\/codewebbarcelona.com\/ca\/blog\/campanya-comunicacio-setmana-together-for-te-tiriti\/#primaryimage","url":"https:\/\/codewebbarcelona.com\/wp-content\/uploads\/2025\/11\/campana-de-comunicacion-de-la-semana-together-for-te-tiriti-featured.png","contentUrl":"https:\/\/codewebbarcelona.com\/wp-content\/uploads\/2025\/11\/campana-de-comunicacion-de-la-semana-together-for-te-tiriti-featured.png","width":458,"height":255},{"@type":"WebSite","@id":"https:\/\/codewebbarcelona.com\/ca\/#website","url":"https:\/\/codewebbarcelona.com\/ca\/","name":"Code Barcelona","description":"","potentialAction":[{"@type":"SearchAction","target":{"@type":"EntryPoint","urlTemplate":"https:\/\/codewebbarcelona.com\/ca\/?s={search_term_string}"},"query-input":{"@type":"PropertyValueSpecification","valueRequired":true,"valueName":"search_term_string"}}],"inLanguage":"ca"},{"@type":"Person","@id":"https:\/\/codewebbarcelona.com\/ca\/#\/schema\/person\/3af5f44aaf0de2919e9225aa5ca32567","name":"cd26Bc","image":{"@type":"ImageObject","inLanguage":"ca","@id":"https:\/\/secure.gravatar.com\/avatar\/b904e836584635855eaa0ee2922bae4fe2aa94ffb558048dcc5dac5f98f0fadc?s=96&d=mm&r=g","url":"https:\/\/secure.gravatar.com\/avatar\/b904e836584635855eaa0ee2922bae4fe2aa94ffb558048dcc5dac5f98f0fadc?s=96&d=mm&r=g","contentUrl":"https:\/\/secure.gravatar.com\/avatar\/b904e836584635855eaa0ee2922bae4fe2aa94ffb558048dcc5dac5f98f0fadc?s=96&d=mm&r=g","caption":"cd26Bc"},"sameAs":["https:\/\/codewebbarcelona.com"]}]}},"_links":{"self":[{"href":"https:\/\/codewebbarcelona.com\/ca\/wp-json\/wp\/v2\/posts\/17034","targetHints":{"allow":["GET"]}}],"collection":[{"href":"https:\/\/codewebbarcelona.com\/ca\/wp-json\/wp\/v2\/posts"}],"about":[{"href":"https:\/\/codewebbarcelona.com\/ca\/wp-json\/wp\/v2\/types\/post"}],"author":[{"embeddable":true,"href":"https:\/\/codewebbarcelona.com\/ca\/wp-json\/wp\/v2\/users\/1"}],"replies":[{"embeddable":true,"href":"https:\/\/codewebbarcelona.com\/ca\/wp-json\/wp\/v2\/comments?post=17034"}],"version-history":[{"count":2,"href":"https:\/\/codewebbarcelona.com\/ca\/wp-json\/wp\/v2\/posts\/17034\/revisions"}],"predecessor-version":[{"id":17046,"href":"https:\/\/codewebbarcelona.com\/ca\/wp-json\/wp\/v2\/posts\/17034\/revisions\/17046"}],"wp:featuredmedia":[{"embeddable":true,"href":"https:\/\/codewebbarcelona.com\/ca\/wp-json\/wp\/v2\/media\/1927"}],"wp:attachment":[{"href":"https:\/\/codewebbarcelona.com\/ca\/wp-json\/wp\/v2\/media?parent=17034"}],"wp:term":[{"taxonomy":"category","embeddable":true,"href":"https:\/\/codewebbarcelona.com\/ca\/wp-json\/wp\/v2\/categories?post=17034"}],"curies":[{"name":"wp","href":"https:\/\/api.w.org\/{rel}","templated":true}]}}