{"id":16838,"date":"2025-11-27T06:57:08","date_gmt":"2025-11-27T06:57:08","guid":{"rendered":"https:\/\/codewebbarcelona.com\/branding-destacado-la-semana-minimalismo-fuego-tradicion-una-identidad-renueva-la-cultura-cretense\/"},"modified":"2026-04-20T17:42:19","modified_gmt":"2026-04-20T17:42:19","slug":"branding-setmana-minimalisme-foc-tradicio-identitat-cultura-cretense","status":"publish","type":"post","link":"https:\/\/codewebbarcelona.com\/ca\/blog\/branding-setmana-minimalisme-foc-tradicio-identitat-cultura-cretense\/","title":{"rendered":"Branding destacat de la setmana: Minimalisme, foc i tradici\u00f3 en una identitat que renova la cultura cretenca"},"content":{"rendered":"<h3>Branding destacat de la setmana: \u03a0yr\u00e1 \u2014 Minimalisme, foc i tradici\u00f3 en una identitat que renova la cultura cretenca<\/h3>\n<p>Cada setmana descobrim un projecte que desafia els l\u00edmits del branding contemporani. Aquesta vegada, ens endinsem en l\u2019ess\u00e8ncia del Mediterrani i en la for\u00e7a ancestral del foc per analitzar una de les propostes m\u00e9s inspiradores de l\u2019any: la identitat visual de <strong>\u03a0yr\u00e1<\/strong>, una cadena de pastisseries i fleques especialitzada en la <strong>tarta i l\u2019empanada cretenca<\/strong>, creada per l\u2019estudi <strong>A.S. Strategy Branding &amp; Communication<\/strong> sota la direcci\u00f3 creativa d\u2019<strong>Antonia Skaraki<\/strong>.<\/p>\n<p>Guardonat amb reconeixements internacionals com els <strong>Packaging Awards 2025<\/strong> (Bronze) i amb una pres\u00e8ncia destacada als <strong>DNA Paris Design Awards<\/strong>, \u03a0yr\u00e1 \u00e9s un exemple magistral de com un branding minimalista i profundament estrat\u00e8gic pot transformar una tradici\u00f3 culin\u00e0ria en una experi\u00e8ncia visual contempor\u00e0nia. Per a estudis com el nostre, especialitzats en <strong>branding, identitat visual, disseny gr\u00e0fic i estrat\u00e8gia de marca<\/strong> a Barcelona, aquest projecte \u00e9s una refer\u00e8ncia clau de com unir tradici\u00f3, territori i disseny en un sistema coherent i memorable.<\/p>\n<h3>Un nom que enc\u00e9n significat: disseny nascut del foc<\/h3>\n<p>El projecte parteix d\u2019una idea essencial: <strong>el foc com a origen del sabor, la tradici\u00f3 i la mem\u00f2ria col\u00b7lectiva cretenca<\/strong>. El mot \u201c\u03a0yr\u00e1\u201d (\u03a0\u03c5\u03c1\u03ac en grec) significa literalment \u201cfoc\u201d, un nom que no nom\u00e9s fa refer\u00e8ncia al forn de llenya on es preparen les tartes tradicionals, sin\u00f3 tamb\u00e9 a la calidesa emocional de la cuina mediterr\u00e0nia, al ritual de compartir i als sabors que passen de generaci\u00f3 en generaci\u00f3.<\/p>\n<p><img decoding=\"async\" class=\"alignnone size-full wp-image-13890\" src=\"https:\/\/codewebbarcelona.com\/wp-content\/uploads\/2025\/11\/branding-mejor-codebarcelona-myra-2.jpg\" alt=\"\" width=\"1757\" height=\"988\" \/><\/p>\n<p>Amb aquesta premissa, A.S. Strategy va decidir crear un branding que fug\u00eds dels t\u00f2pics folkl\u00f2rics i dels estereotips visuals associats a Gr\u00e8cia. En comptes de rec\u00f3rrer a iconografia tur\u00edstica o motius decoratius, l\u2019estudi aposta per un enfocament minimalista, gaireb\u00e9 asc\u00e8tic, que dona tot el protagonisme a la <strong>mat\u00e8ria primera, la textura i l\u2019artesania<\/strong>. El foc inspira tant la narrativa com l\u2019estructura visual: calidesa, terra, energia continguda i honestedat.<\/p>\n<p>Aquesta decisi\u00f3 conceptual diferencia profundament \u03a0yr\u00e1 d\u2019altres marques gastron\u00f2miques. No pret\u00e9n semblar tradicional; <strong>\u00c9S<\/strong> tradicional, per\u00f2 des d\u2019una mirada contempor\u00e0nia, refinada i estrat\u00e8gica.<\/p>\n<h3>Terracota com a identitat: color, textura i veritat material<\/h3>\n<p>Un dels trets m\u00e9s distintius del projecte \u00e9s l\u2019elecci\u00f3 del color principal: <strong>terracota<\/strong>. Aquest to c\u00e0lid i mineral s\u2019inspira directament en el ma\u00f3 refractari dels forns cretencs, en la terra rogenca pr\u00f2pia del paisatge mediterrani i en la petjada visual del foc sobre l\u2019argila.<\/p>\n<p>El terracota es converteix en el cor de la identitat perqu\u00e8:<\/p>\n<ul>\n<li>representa autenticitat i arrelament;<\/li>\n<li>evoca la tradici\u00f3 artesanal grega sense rec\u00f3rrer a s\u00edmbols literals;<\/li>\n<li>aporta una pres\u00e8ncia c\u00e0lida i t\u00e0ctil en packaging i retail;<\/li>\n<li>dialoga perfectament amb textures naturals com el kraft, el paper sense tractar o el lli;<\/li>\n<li>crea un entorn sensorial on el producte es percep honest i fet a m\u00e0.<\/li>\n<\/ul>\n<p>&nbsp;<\/p>\n<p>Combinat amb negres profunds i blancs trencats, el sistema crom\u00e0tic aconsegueix un equilibri entre rusticitat i modernitat, clau per posicionar la marca en el segment premium del <strong>retail gastron\u00f2mic<\/strong>.<\/p>\n<p>Aquesta aposta pel color connecta directament amb les tend\u00e8ncies actuals de branding gourmet, on les paletes redu\u00efdes i d\u2019inspiraci\u00f3 org\u00e0nica comuniquen sostenibilitat, artesania i qualitat.<\/p>\n<p><img decoding=\"async\" class=\"alignnone size-full wp-image-13891\" src=\"https:\/\/codewebbarcelona.com\/wp-content\/uploads\/2025\/11\/branding-mejor-codebarcelona-myra-5.jpg\" alt=\"\" width=\"1757\" height=\"988\" \/><\/p>\n<h3>Un logotip que sembla marcat pel foc: tipografia com a gest primitiu<\/h3>\n<p>El logotip de \u03a0yr\u00e1 \u00e9s un <strong>wordmark fet a mida<\/strong> que combina corbes suaus \u2014que evoquen la rodonesa de les tartes cretences\u2014 amb talls afilats que recorden les marques fetes amb eines calentes, talles en fusta o ferros al roig viu.<\/p>\n<p>A.S. Strategy va dissenyar un logotip que:<\/p>\n<ul>\n<li>transmet atemporalitat sense caure en refer\u00e8ncies folkl\u00f2riques;<\/li>\n<li>expressa artesania sense resultar r\u00fastic;<\/li>\n<li>funciona com a segell, marca de foc o signatura ancestral;<\/li>\n<li>s\u2019adapta perfectament a embossing, hot-stamping i gravats;<\/li>\n<li>s\u2019integra en packaging, senyal\u00e8tica i comunicaci\u00f3 amb una discreci\u00f3 buscada.<\/li>\n<\/ul>\n<p>&nbsp;<\/p>\n<p>Aquest enfocament evita que el logotip domini la marca. No busca omplir espai; busca deixar empremta.<br \/>\nCom el foc.<\/p>\n<p><img decoding=\"async\" class=\"alignnone size-full wp-image-13892\" src=\"https:\/\/codewebbarcelona.com\/wp-content\/uploads\/2025\/11\/branding-mejor-codebarcelona-myra-1.jpg\" alt=\"\" width=\"1757\" height=\"988\" \/><\/p>\n<h3>Packaging: terra, foc i funcionalitat al servei del producte<\/h3>\n<p>En l\u2019univers de \u03a0yr\u00e1, el packaging es converteix en un pont entre la tradici\u00f3 i la seva reinterpretaci\u00f3 contempor\u00e0nia. Aqu\u00ed no hi ha lluentors, laminats ni ostentaci\u00f3. En el seu lloc, l\u2019estudi utilitza:<\/p>\n<ul>\n<li>papers sense recobriment,<\/li>\n<li>kraft natural,<\/li>\n<li>textures crues,<\/li>\n<li>bosses i embolcalls funcionals,<\/li>\n<li>embossing t\u00e8rmic,<\/li>\n<li>tintes minimalistes,<\/li>\n<li>marcatges subtils que recorden el toc del forn.<\/li>\n<\/ul>\n<p>&nbsp;<\/p>\n<p>El resultat s\u00f3n peces que no nom\u00e9s emboliquen el producte, sin\u00f3 que ajuden a explicar la import\u00e0ncia de la mat\u00e8ria primera, del proc\u00e9s artesanal i del respecte per la tradici\u00f3 cretenca.<\/p>\n<p>Aquest packaging ha estat reconegut internacionalment, obtenint un <strong>Bronze Award<\/strong> als <strong>Packaging Awards 2025<\/strong>, gr\u00e0cies a la seva honestedat material i coher\u00e8ncia amb el concepte global de marca.<\/p>\n<p><img decoding=\"async\" class=\"alignnone size-full wp-image-13893\" src=\"https:\/\/codewebbarcelona.com\/wp-content\/uploads\/2025\/11\/branding-mejor-codebarcelona-myra-6.jpg\" alt=\"\" width=\"1757\" height=\"988\" \/><\/p>\n<h3>Retail i experi\u00e8ncia f\u00edsica: un espai concebut com un forn contemporani<\/h3>\n<p>L\u2019espai f\u00edsic de \u03a0yr\u00e1 actua com una extensi\u00f3 del branding. L\u2019est\u00e8tica del local combina elements tradicionals del m\u00f3n cretenc \u2014terra, argila, ferro, fusta envellida\u2014 amb una execuci\u00f3 minimalista de l\u00ednies netes, superf\u00edcies neutres i geometries contingudes.<\/p>\n<p>A l\u2019interior del retail trobem:<\/p>\n<ul>\n<li>paleta dominada per terracota i tons terra,<\/li>\n<li>estructures netes que recorden l\u2019interior d\u2019un forn,<\/li>\n<li>una atmosfera de calidesa controlada,<\/li>\n<li>senyal\u00e8tica s\u00f2bria i funcional,<\/li>\n<li>tipografia contempor\u00e0nia per\u00f2 accessible.<\/li>\n<\/ul>\n<p>&nbsp;<\/p>\n<p>L\u2019objectiu no \u00e9s recrear una taverna grega ni un espai r\u00fastic.<br \/>\nL\u2019objectiu \u00e9s transmetre <strong>honestedat, origen i serenitat<\/strong>.<br \/>\nUn espai on el protagonista segueix sent la m\u00e0 que amassa, l\u2019argila que cont\u00e9 el foc i la tradici\u00f3 que es mant\u00e9 viva a cada recepta.<\/p>\n<h3>Branding estrat\u00e8gic: una marca constru\u00efda des del significat i no des de la decoraci\u00f3<\/h3>\n<p>\u03a0yr\u00e1 \u00e9s un cas excel\u00b7lent de <strong>disseny estrat\u00e8gic aplicat al retail gastron\u00f2mic<\/strong>.<br \/>\nLa seva for\u00e7a rau en tres decisions fonamentals:<\/p>\n<ul>\n<li><strong>Evitar el folklore i el clix\u00e9<\/strong>.<br \/>\nNo hi ha patrons grecs, columnes, cer\u00e0miques blaves ni tipografia \u201cmediterr\u00e0nia\u201d.<\/li>\n<li><strong>Construir una identitat des dels elements essencials<\/strong>.<br \/>\nFoc, terra, argila, textura, calor, origen.<\/li>\n<li><strong>Crear un sistema minimalista amb un simbolisme profund<\/strong>.<br \/>\nEl disseny no \u00e9s decoratiu: \u00e9s conceptual, t\u00e0ctil i emocional.<\/li>\n<\/ul>\n<p>&nbsp;<\/p>\n<p>Aquest enfocament permet que la marca sigui atemporal, esquivi modes i pugui cr\u00e9ixer org\u00e0nicament en m\u00faltiples formats, des del packaging fins a l\u2019interiorisme o el contingut digital.<\/p>\n<p>En definitiva, \u00e9s l\u2019exemple perfecte de com ha de treballar una <strong>ag\u00e8ncia de branding contempor\u00e0nia<\/strong> quan vol construir marques s\u00f2lides basades en un significat real.<\/p>\n<p><img decoding=\"async\" class=\"alignnone size-full wp-image-13894\" src=\"https:\/\/codewebbarcelona.com\/wp-content\/uploads\/2025\/11\/branding-mejor-codebarcelona-myra-4.jpg\" alt=\"\" width=\"1757\" height=\"988\" \/><\/p>\n<h3>Naming, narrativa i arquitectura de marca<\/h3>\n<p>El projecte desenvolupat per A.S. Strategy va molt m\u00e9s enll\u00e0 del disseny gr\u00e0fic. Inclou decisions profundes de:<\/p>\n<ul>\n<li><strong>brand strategy<\/strong>,<\/li>\n<li><strong>brand definition<\/strong>,<\/li>\n<li><strong>brand story<\/strong>,<\/li>\n<li><strong>brand development<\/strong>,<\/li>\n<li><strong>brand architecture<\/strong>,<\/li>\n<li><strong>design strategy<\/strong>.<\/li>\n<\/ul>\n<p>&nbsp;<\/p>\n<p>La marca no neix d\u2019un logotip ni d\u2019un color, sin\u00f3 d\u2019una identitat constru\u00efda des del prop\u00f2sit:<br \/>\n<strong>celebrar la tarta cretenca a trav\u00e9s de l\u2019ess\u00e8ncia del foc.<\/strong><\/p>\n<p>El naming \u00e9s directe, simb\u00f2lic i universal.<br \/>\nLa narrativa \u00e9s m\u00ednima per\u00f2 potent.<br \/>\nL\u2019arquitectura \u00e9s clara: producte \u2192 origen \u2192 ritual \u2192 pres\u00e8ncia f\u00edsica.<\/p>\n<p>Aquest enfocament multidisciplinari \u00e9s el que diferencia les marques que perduren.<\/p>\n<p><img decoding=\"async\" class=\"alignnone size-full wp-image-13895\" src=\"https:\/\/codewebbarcelona.com\/wp-content\/uploads\/2025\/11\/branding-mejor-codebarcelona-myra-3.jpg\" alt=\"\" width=\"3840\" height=\"2160\" \/><\/p>\n<h3>Premis i reconeixements internacionals<\/h3>\n<p>El projecte \u03a0yr\u00e1 ha estat reconegut en diversos cert\u00e0mens:<\/p>\n<ul>\n<li><strong>Packaging Awards 2025 \u2014 Bronze Award<\/strong><\/li>\n<li><strong>Marketing in the Greek Market<\/strong><\/li>\n<li><strong>DNA Paris Design Awards \u2014 Branding &amp; Packaging<\/strong><\/li>\n<\/ul>\n<p>&nbsp;<\/p>\n<p>Aquests premis subratllen la solidesa estrat\u00e8gica i est\u00e8tica del projecte, refor\u00e7ant el seu posicionament com una de les identitats gastron\u00f2miques m\u00e9s interessants d\u2019Europa el 2025.<\/p>\n<h3>Cr\u00e8dits del projecte<\/h3>\n<ul>\n<li><strong>Ag\u00e8ncia creativa:<\/strong> A.S. Strategy Branding &amp; Communication<\/li>\n<li><strong>Direcci\u00f3 creativa:<\/strong> Antonia Skaraki<\/li>\n<li><strong>Ind\u00fastria:<\/strong> Bakery &amp; Pastry Chain Stores<\/li>\n<li><strong>Deliverables:<\/strong> Brand Identity, Branding, Identity System, Logo Design, Packaging Design<\/li>\n<li><strong>Mercat objectiu:<\/strong> Retail gastron\u00f2mic, consumidors europeus<\/li>\n<li><strong>Localitzaci\u00f3:<\/strong> Atenes, Gr\u00e8cia<\/li>\n<\/ul>\n<p>&nbsp;<\/p>\n<h3>Conclusi\u00f3: un branding que honra la tradici\u00f3 sense imitar-la<\/h3>\n<p>\u03a0yr\u00e1 \u00e9s un d\u2019aquells projectes que demostren que el bon branding no necessita ornaments, clix\u00e9s ni artificis.<br \/>\nLa seva for\u00e7a rau en la claredat.<br \/>\nEn la sensibilitat amb qu\u00e8 A.S. Strategy interpreta el foc, la terra i la tradici\u00f3 cretenca.<br \/>\nEn la capacitat de transformar una recepta ancestral en un sistema visual contemporani, c\u00e0lid i profundament t\u00e0ctil.<\/p>\n<p>Per a qui treballem en <strong>branding, disseny gr\u00e0fic i estrat\u00e8gia visual<\/strong>, \u03a0yr\u00e1 \u00e9s un recordatori que les marques m\u00e9s potents no es construeixen des de la decoraci\u00f3, sin\u00f3 des del significat.<\/p>\n<p>Minimalista per\u00f2 emocional.<br \/>\nContinguda per\u00f2 intensa.<br \/>\nCulta per\u00f2 propera.<\/p>\n<p>Una identitat que, com el foc que inspira el seu nom, deixa una empremta que perdura.<\/p>\n","protected":false},"excerpt":{"rendered":"<p>Branding destacat de la setmana: \u03a0yr\u00e1 \u2014 Minimalisme, foc i tradici\u00f3 en una identitat que renova la cultura cretenca Cada setmana descobrim un projecte que desafia els l\u00edmits del branding contemporani. Aquesta vegada, ens endinsem en l\u2019ess\u00e8ncia del Mediterrani i en la for\u00e7a ancestral del foc per analitzar una de les propostes m\u00e9s inspiradores de [&hellip;]<\/p>\n","protected":false},"author":1,"featured_media":7476,"comment_status":"closed","ping_status":"closed","sticky":false,"template":"","format":"standard","meta":{"_acf_changed":false,"footnotes":""},"categories":[210,134],"class_list":["post-16838","post","type-post","status-publish","format-standard","has-post-thumbnail","hentry","category-inspiracio","category-disseny-grafic"],"acf":[],"yoast_head":"<!-- This site is optimized with the Yoast SEO plugin v27.2 - https:\/\/yoast.com\/product\/yoast-seo-wordpress\/ -->\n<title>Branding destacat de la setmana: Minimalisme, foc i tradici\u00f3 en una identitat que renova la cultura cretenca - Code Barcelona<\/title>\n<meta name=\"robots\" content=\"index, follow, max-snippet:-1, max-image-preview:large, max-video-preview:-1\" \/>\n<link rel=\"canonical\" href=\"https:\/\/codewebbarcelona.com\/ca\/blog\/branding-setmana-minimalisme-foc-tradicio-identitat-cultura-cretense\/\" \/>\n<meta property=\"og:locale\" content=\"ca_ES\" \/>\n<meta property=\"og:type\" content=\"article\" \/>\n<meta property=\"og:title\" content=\"Branding destacat de la setmana: Minimalisme, foc i tradici\u00f3 en una identitat que renova la cultura cretenca - Code Barcelona\" \/>\n<meta property=\"og:description\" content=\"Branding destacat de la setmana: \u03a0yr\u00e1 \u2014 Minimalisme, foc i tradici\u00f3 en una identitat que renova la cultura cretenca Cada setmana descobrim un projecte que desafia els l\u00edmits del branding contemporani. Aquesta vegada, ens endinsem en l\u2019ess\u00e8ncia del Mediterrani i en la for\u00e7a ancestral del foc per analitzar una de les propostes m\u00e9s inspiradores de [&hellip;]\" \/>\n<meta property=\"og:url\" content=\"https:\/\/codewebbarcelona.com\/ca\/blog\/branding-setmana-minimalisme-foc-tradicio-identitat-cultura-cretense\/\" \/>\n<meta property=\"og:site_name\" content=\"Code Barcelona\" \/>\n<meta property=\"article:published_time\" content=\"2025-11-27T06:57:08+00:00\" \/>\n<meta property=\"article:modified_time\" content=\"2026-04-20T17:42:19+00:00\" \/>\n<meta property=\"og:image\" content=\"https:\/\/codewebbarcelona.com\/wp-content\/uploads\/2025\/11\/branding-destacado-de-la-semana-minimalismo-fuego-y-tradicion-en-una-identidad-que-renueva-la-cultura-cretense-featured.jpg\" \/>\n\t<meta property=\"og:image:width\" content=\"458\" \/>\n\t<meta property=\"og:image:height\" content=\"255\" \/>\n\t<meta property=\"og:image:type\" content=\"image\/jpeg\" \/>\n<meta name=\"author\" content=\"cd26Bc\" \/>\n<meta name=\"twitter:card\" content=\"summary_large_image\" \/>\n<meta name=\"twitter:label1\" content=\"Escrit per\" \/>\n\t<meta name=\"twitter:data1\" content=\"cd26Bc\" \/>\n\t<meta name=\"twitter:label2\" content=\"Temps estimat de lectura\" \/>\n\t<meta name=\"twitter:data2\" content=\"7 minuts\" \/>\n<script type=\"application\/ld+json\" class=\"yoast-schema-graph\">{\"@context\":\"https:\/\/schema.org\",\"@graph\":[{\"@type\":\"Article\",\"@id\":\"https:\/\/codewebbarcelona.com\/ca\/blog\/branding-setmana-minimalisme-foc-tradicio-identitat-cultura-cretense\/#article\",\"isPartOf\":{\"@id\":\"https:\/\/codewebbarcelona.com\/ca\/blog\/branding-setmana-minimalisme-foc-tradicio-identitat-cultura-cretense\/\"},\"author\":{\"name\":\"cd26Bc\",\"@id\":\"https:\/\/codewebbarcelona.com\/ca\/#\/schema\/person\/3af5f44aaf0de2919e9225aa5ca32567\"},\"headline\":\"Branding destacat de la setmana: Minimalisme, foc i tradici\u00f3 en una identitat que renova la cultura cretenca\",\"datePublished\":\"2025-11-27T06:57:08+00:00\",\"dateModified\":\"2026-04-20T17:42:19+00:00\",\"mainEntityOfPage\":{\"@id\":\"https:\/\/codewebbarcelona.com\/ca\/blog\/branding-setmana-minimalisme-foc-tradicio-identitat-cultura-cretense\/\"},\"wordCount\":1488,\"image\":{\"@id\":\"https:\/\/codewebbarcelona.com\/ca\/blog\/branding-setmana-minimalisme-foc-tradicio-identitat-cultura-cretense\/#primaryimage\"},\"thumbnailUrl\":\"https:\/\/codewebbarcelona.com\/wp-content\/uploads\/2025\/11\/branding-destacado-de-la-semana-minimalismo-fuego-y-tradicion-en-una-identidad-que-renueva-la-cultura-cretense-featured.jpg\",\"articleSection\":[\"Inspiraci\u00f3\",\"Dise\u00f1o gr\u00e1fico\"],\"inLanguage\":\"ca\"},{\"@type\":\"WebPage\",\"@id\":\"https:\/\/codewebbarcelona.com\/ca\/blog\/branding-setmana-minimalisme-foc-tradicio-identitat-cultura-cretense\/\",\"url\":\"https:\/\/codewebbarcelona.com\/ca\/blog\/branding-setmana-minimalisme-foc-tradicio-identitat-cultura-cretense\/\",\"name\":\"Branding destacat de la setmana: Minimalisme, foc i tradici\u00f3 en una identitat que renova la cultura cretenca - Code Barcelona\",\"isPartOf\":{\"@id\":\"https:\/\/codewebbarcelona.com\/ca\/#website\"},\"primaryImageOfPage\":{\"@id\":\"https:\/\/codewebbarcelona.com\/ca\/blog\/branding-setmana-minimalisme-foc-tradicio-identitat-cultura-cretense\/#primaryimage\"},\"image\":{\"@id\":\"https:\/\/codewebbarcelona.com\/ca\/blog\/branding-setmana-minimalisme-foc-tradicio-identitat-cultura-cretense\/#primaryimage\"},\"thumbnailUrl\":\"https:\/\/codewebbarcelona.com\/wp-content\/uploads\/2025\/11\/branding-destacado-de-la-semana-minimalismo-fuego-y-tradicion-en-una-identidad-que-renueva-la-cultura-cretense-featured.jpg\",\"datePublished\":\"2025-11-27T06:57:08+00:00\",\"dateModified\":\"2026-04-20T17:42:19+00:00\",\"author\":{\"@id\":\"https:\/\/codewebbarcelona.com\/ca\/#\/schema\/person\/3af5f44aaf0de2919e9225aa5ca32567\"},\"inLanguage\":\"ca\",\"potentialAction\":[{\"@type\":\"ReadAction\",\"target\":[\"https:\/\/codewebbarcelona.com\/ca\/blog\/branding-setmana-minimalisme-foc-tradicio-identitat-cultura-cretense\/\"]}]},{\"@type\":\"ImageObject\",\"inLanguage\":\"ca\",\"@id\":\"https:\/\/codewebbarcelona.com\/ca\/blog\/branding-setmana-minimalisme-foc-tradicio-identitat-cultura-cretense\/#primaryimage\",\"url\":\"https:\/\/codewebbarcelona.com\/wp-content\/uploads\/2025\/11\/branding-destacado-de-la-semana-minimalismo-fuego-y-tradicion-en-una-identidad-que-renueva-la-cultura-cretense-featured.jpg\",\"contentUrl\":\"https:\/\/codewebbarcelona.com\/wp-content\/uploads\/2025\/11\/branding-destacado-de-la-semana-minimalismo-fuego-y-tradicion-en-una-identidad-que-renueva-la-cultura-cretense-featured.jpg\",\"width\":458,\"height\":255},{\"@type\":\"WebSite\",\"@id\":\"https:\/\/codewebbarcelona.com\/ca\/#website\",\"url\":\"https:\/\/codewebbarcelona.com\/ca\/\",\"name\":\"Code Barcelona\",\"description\":\"\",\"potentialAction\":[{\"@type\":\"SearchAction\",\"target\":{\"@type\":\"EntryPoint\",\"urlTemplate\":\"https:\/\/codewebbarcelona.com\/ca\/?s={search_term_string}\"},\"query-input\":{\"@type\":\"PropertyValueSpecification\",\"valueRequired\":true,\"valueName\":\"search_term_string\"}}],\"inLanguage\":\"ca\"},{\"@type\":\"Person\",\"@id\":\"https:\/\/codewebbarcelona.com\/ca\/#\/schema\/person\/3af5f44aaf0de2919e9225aa5ca32567\",\"name\":\"cd26Bc\",\"image\":{\"@type\":\"ImageObject\",\"inLanguage\":\"ca\",\"@id\":\"https:\/\/secure.gravatar.com\/avatar\/b904e836584635855eaa0ee2922bae4fe2aa94ffb558048dcc5dac5f98f0fadc?s=96&d=mm&r=g\",\"url\":\"https:\/\/secure.gravatar.com\/avatar\/b904e836584635855eaa0ee2922bae4fe2aa94ffb558048dcc5dac5f98f0fadc?s=96&d=mm&r=g\",\"contentUrl\":\"https:\/\/secure.gravatar.com\/avatar\/b904e836584635855eaa0ee2922bae4fe2aa94ffb558048dcc5dac5f98f0fadc?s=96&d=mm&r=g\",\"caption\":\"cd26Bc\"},\"sameAs\":[\"https:\/\/codewebbarcelona.com\"]}]}<\/script>\n<!-- \/ Yoast SEO plugin. -->","yoast_head_json":{"title":"Branding destacat de la setmana: Minimalisme, foc i tradici\u00f3 en una identitat que renova la cultura cretenca - Code Barcelona","robots":{"index":"index","follow":"follow","max-snippet":"max-snippet:-1","max-image-preview":"max-image-preview:large","max-video-preview":"max-video-preview:-1"},"canonical":"https:\/\/codewebbarcelona.com\/ca\/blog\/branding-setmana-minimalisme-foc-tradicio-identitat-cultura-cretense\/","og_locale":"ca_ES","og_type":"article","og_title":"Branding destacat de la setmana: Minimalisme, foc i tradici\u00f3 en una identitat que renova la cultura cretenca - Code Barcelona","og_description":"Branding destacat de la setmana: \u03a0yr\u00e1 \u2014 Minimalisme, foc i tradici\u00f3 en una identitat que renova la cultura cretenca Cada setmana descobrim un projecte que desafia els l\u00edmits del branding contemporani. Aquesta vegada, ens endinsem en l\u2019ess\u00e8ncia del Mediterrani i en la for\u00e7a ancestral del foc per analitzar una de les propostes m\u00e9s inspiradores de [&hellip;]","og_url":"https:\/\/codewebbarcelona.com\/ca\/blog\/branding-setmana-minimalisme-foc-tradicio-identitat-cultura-cretense\/","og_site_name":"Code Barcelona","article_published_time":"2025-11-27T06:57:08+00:00","article_modified_time":"2026-04-20T17:42:19+00:00","og_image":[{"width":458,"height":255,"url":"https:\/\/codewebbarcelona.com\/wp-content\/uploads\/2025\/11\/branding-destacado-de-la-semana-minimalismo-fuego-y-tradicion-en-una-identidad-que-renueva-la-cultura-cretense-featured.jpg","type":"image\/jpeg"}],"author":"cd26Bc","twitter_card":"summary_large_image","twitter_misc":{"Escrit per":"cd26Bc","Temps estimat de lectura":"7 minuts"},"schema":{"@context":"https:\/\/schema.org","@graph":[{"@type":"Article","@id":"https:\/\/codewebbarcelona.com\/ca\/blog\/branding-setmana-minimalisme-foc-tradicio-identitat-cultura-cretense\/#article","isPartOf":{"@id":"https:\/\/codewebbarcelona.com\/ca\/blog\/branding-setmana-minimalisme-foc-tradicio-identitat-cultura-cretense\/"},"author":{"name":"cd26Bc","@id":"https:\/\/codewebbarcelona.com\/ca\/#\/schema\/person\/3af5f44aaf0de2919e9225aa5ca32567"},"headline":"Branding destacat de la setmana: Minimalisme, foc i tradici\u00f3 en una identitat que renova la cultura cretenca","datePublished":"2025-11-27T06:57:08+00:00","dateModified":"2026-04-20T17:42:19+00:00","mainEntityOfPage":{"@id":"https:\/\/codewebbarcelona.com\/ca\/blog\/branding-setmana-minimalisme-foc-tradicio-identitat-cultura-cretense\/"},"wordCount":1488,"image":{"@id":"https:\/\/codewebbarcelona.com\/ca\/blog\/branding-setmana-minimalisme-foc-tradicio-identitat-cultura-cretense\/#primaryimage"},"thumbnailUrl":"https:\/\/codewebbarcelona.com\/wp-content\/uploads\/2025\/11\/branding-destacado-de-la-semana-minimalismo-fuego-y-tradicion-en-una-identidad-que-renueva-la-cultura-cretense-featured.jpg","articleSection":["Inspiraci\u00f3","Dise\u00f1o gr\u00e1fico"],"inLanguage":"ca"},{"@type":"WebPage","@id":"https:\/\/codewebbarcelona.com\/ca\/blog\/branding-setmana-minimalisme-foc-tradicio-identitat-cultura-cretense\/","url":"https:\/\/codewebbarcelona.com\/ca\/blog\/branding-setmana-minimalisme-foc-tradicio-identitat-cultura-cretense\/","name":"Branding destacat de la setmana: Minimalisme, foc i tradici\u00f3 en una identitat que renova la cultura cretenca - Code Barcelona","isPartOf":{"@id":"https:\/\/codewebbarcelona.com\/ca\/#website"},"primaryImageOfPage":{"@id":"https:\/\/codewebbarcelona.com\/ca\/blog\/branding-setmana-minimalisme-foc-tradicio-identitat-cultura-cretense\/#primaryimage"},"image":{"@id":"https:\/\/codewebbarcelona.com\/ca\/blog\/branding-setmana-minimalisme-foc-tradicio-identitat-cultura-cretense\/#primaryimage"},"thumbnailUrl":"https:\/\/codewebbarcelona.com\/wp-content\/uploads\/2025\/11\/branding-destacado-de-la-semana-minimalismo-fuego-y-tradicion-en-una-identidad-que-renueva-la-cultura-cretense-featured.jpg","datePublished":"2025-11-27T06:57:08+00:00","dateModified":"2026-04-20T17:42:19+00:00","author":{"@id":"https:\/\/codewebbarcelona.com\/ca\/#\/schema\/person\/3af5f44aaf0de2919e9225aa5ca32567"},"inLanguage":"ca","potentialAction":[{"@type":"ReadAction","target":["https:\/\/codewebbarcelona.com\/ca\/blog\/branding-setmana-minimalisme-foc-tradicio-identitat-cultura-cretense\/"]}]},{"@type":"ImageObject","inLanguage":"ca","@id":"https:\/\/codewebbarcelona.com\/ca\/blog\/branding-setmana-minimalisme-foc-tradicio-identitat-cultura-cretense\/#primaryimage","url":"https:\/\/codewebbarcelona.com\/wp-content\/uploads\/2025\/11\/branding-destacado-de-la-semana-minimalismo-fuego-y-tradicion-en-una-identidad-que-renueva-la-cultura-cretense-featured.jpg","contentUrl":"https:\/\/codewebbarcelona.com\/wp-content\/uploads\/2025\/11\/branding-destacado-de-la-semana-minimalismo-fuego-y-tradicion-en-una-identidad-que-renueva-la-cultura-cretense-featured.jpg","width":458,"height":255},{"@type":"WebSite","@id":"https:\/\/codewebbarcelona.com\/ca\/#website","url":"https:\/\/codewebbarcelona.com\/ca\/","name":"Code Barcelona","description":"","potentialAction":[{"@type":"SearchAction","target":{"@type":"EntryPoint","urlTemplate":"https:\/\/codewebbarcelona.com\/ca\/?s={search_term_string}"},"query-input":{"@type":"PropertyValueSpecification","valueRequired":true,"valueName":"search_term_string"}}],"inLanguage":"ca"},{"@type":"Person","@id":"https:\/\/codewebbarcelona.com\/ca\/#\/schema\/person\/3af5f44aaf0de2919e9225aa5ca32567","name":"cd26Bc","image":{"@type":"ImageObject","inLanguage":"ca","@id":"https:\/\/secure.gravatar.com\/avatar\/b904e836584635855eaa0ee2922bae4fe2aa94ffb558048dcc5dac5f98f0fadc?s=96&d=mm&r=g","url":"https:\/\/secure.gravatar.com\/avatar\/b904e836584635855eaa0ee2922bae4fe2aa94ffb558048dcc5dac5f98f0fadc?s=96&d=mm&r=g","contentUrl":"https:\/\/secure.gravatar.com\/avatar\/b904e836584635855eaa0ee2922bae4fe2aa94ffb558048dcc5dac5f98f0fadc?s=96&d=mm&r=g","caption":"cd26Bc"},"sameAs":["https:\/\/codewebbarcelona.com"]}]}},"_links":{"self":[{"href":"https:\/\/codewebbarcelona.com\/ca\/wp-json\/wp\/v2\/posts\/16838","targetHints":{"allow":["GET"]}}],"collection":[{"href":"https:\/\/codewebbarcelona.com\/ca\/wp-json\/wp\/v2\/posts"}],"about":[{"href":"https:\/\/codewebbarcelona.com\/ca\/wp-json\/wp\/v2\/types\/post"}],"author":[{"embeddable":true,"href":"https:\/\/codewebbarcelona.com\/ca\/wp-json\/wp\/v2\/users\/1"}],"replies":[{"embeddable":true,"href":"https:\/\/codewebbarcelona.com\/ca\/wp-json\/wp\/v2\/comments?post=16838"}],"version-history":[{"count":2,"href":"https:\/\/codewebbarcelona.com\/ca\/wp-json\/wp\/v2\/posts\/16838\/revisions"}],"predecessor-version":[{"id":16847,"href":"https:\/\/codewebbarcelona.com\/ca\/wp-json\/wp\/v2\/posts\/16838\/revisions\/16847"}],"wp:featuredmedia":[{"embeddable":true,"href":"https:\/\/codewebbarcelona.com\/ca\/wp-json\/wp\/v2\/media\/7476"}],"wp:attachment":[{"href":"https:\/\/codewebbarcelona.com\/ca\/wp-json\/wp\/v2\/media?parent=16838"}],"wp:term":[{"taxonomy":"category","embeddable":true,"href":"https:\/\/codewebbarcelona.com\/ca\/wp-json\/wp\/v2\/categories?post=16838"}],"curies":[{"name":"wp","href":"https:\/\/api.w.org\/{rel}","templated":true}]}}