{"id":14254,"date":"2023-04-05T08:28:34","date_gmt":"2023-04-05T08:28:34","guid":{"rendered":"https:\/\/codewebbarcelona.com\/tendencias-en-diseno-grafico-de-2023\/"},"modified":"2026-03-20T22:30:10","modified_gmt":"2026-03-20T22:30:10","slug":"tendencies-en-disseny-grafic-de-2023","status":"publish","type":"post","link":"https:\/\/codewebbarcelona.com\/ca\/blog\/tendencies-en-disseny-grafic-de-2023\/","title":{"rendered":"Tend\u00e8ncies en disseny gr\u00e0fic del 2023"},"content":{"rendered":"<p>Les tend\u00e8ncies en disseny gr\u00e0fic de 2023 s\u00f3n un altre cap\u00edtol apassionant en l\u2019evoluci\u00f3 de l\u2019art; any rere any evolucionen i canvien segons el signe dels temps i les possibilitats dels mitjans contemporanis.<\/p>\n<p>El misticisme, els degradats abstractes i els patrons bot\u00e0nics ofereixen serenor a trav\u00e9s d\u2019imatges inspiradores. La risografia, la psicod\u00e8lia espacial i les composicions complexes ofereixen escapades a mons enlluernadors i emocionants. Els dibuixos animats retro calmen els espectadors amb la nost\u00e0lgia del passat, mentre que l\u2019escapisme experimental mira cap al futur amb una estranya atractivitat. I, enmig de tot aix\u00f2, el punk torna per rebel\u00b7lar-se contra l\u2019estat general del m\u00f3n. Fins i tot mentre l\u2019austeritat econ\u00f2mica amena\u00e7a d\u2019imposar l\u00edmits a la vida quotidiana, el disseny gr\u00e0fic de 2023 continua sent una aut\u00e8ntica for\u00e7a d\u2019enginy i innovaci\u00f3.<\/p>\n<h6>Actualitzaci\u00f3 2026 \u2192 Descobreix les <a href=\"https:\/\/codewebbarcelona.com\/blog\/tendencias-en-diseno-grafico-para-2026\/\">tend\u00e8ncies m\u00e9s recents en disseny gr\u00e0fic<\/a> que marcaran el rumb creatiu aquest any.<\/h6>\n<p>Igual que en les edicions anteriors, el format de l\u2019article ser\u00e0 el seg\u00fcent:<\/p>\n<ul>\n<li><strong>Tend\u00e8ncia en disseny gr\u00e0fic<\/strong><\/li>\n<li>Explicaci\u00f3<\/li>\n<li>3 exemples de l\u2019\u00fas d\u2019aquesta <strong>tend\u00e8ncia<\/strong> + enlla\u00e7 al projecte<\/li>\n<li>Usos d\u2019aquesta <strong>tend\u00e8ncia en disseny gr\u00e0fic<\/strong><\/li>\n<li>Consells per aplicar-la<\/li>\n<\/ul>\n<p>Vols saber quines seran les<strong> tend\u00e8ncies en disseny gr\u00e0fic el 2023<\/strong>?<\/p>\n<p>Endavant!!!<\/p>\n<p>[nlform]<\/p>\n<h2>Les tend\u00e8ncies en disseny gr\u00e0fic 2023<\/h2>\n<h3>1. Misticisme<\/h3>\n<p>Una de les tend\u00e8ncies en disseny gr\u00e0fic de 2023 que apareix aquest any i que \u00e9s hereva de l\u2019\u00e8poca hippy nord-americana i de la tradici\u00f3 europea de principis del segle XX \u00e9s el misticisme.<\/p>\n<p>En un context de disseny, el misticisme implica una iconografia relacionada amb l\u2019astrologia i l\u2019endevinaci\u00f3. La tend\u00e8ncia es basa fortament en el simbolisme popular, incloent-hi signes del zod\u00edac, ulls que ho veuen tot, flors de lotus i geometria sagrada. Igual que en \u00e8poques passades, aquests s\u00edmbols actuen com a talismans, infonent al m\u00f3n natural i celestial un significat ocult i m\u00e9s profund.<\/p>\n<p>Els dissenys d\u2019etiquetes d\u2019envasos de te amb il\u00b7lustracions de signes del zod\u00edac, logotips amb s\u00edmbols m\u00edstics combinats amb figures meditatives i dissenys de logotip m\u00edstics per a marques de cura de la pell bot\u00e0nica s\u00f3n alguns exemples de com s\u2019utilitza aquesta tend\u00e8ncia en el disseny gr\u00e0fic. Des d\u2019un punt de vista purament visual, hi ha una suavitat inherent en aquests dissenys.<\/p>\n<p>Estan constru\u00efts amb l\u00ednies fines i corbes org\u00e0niques que transmeten lleugeresa i delicadesa. Els colors es tornen reconfortants quan s\u2019atenuen amb tons apagats. I la imatgeria de llunes, estrelles i rostres meditatius evoca una pau inspiradora, una escapada de les preocupacions terrenals que ofereix esperan\u00e7a i consol. Tot aix\u00f2 \u00e9s el que dona a la tend\u00e8ncia el seu gran atractiu: no cal creure en les cartes del tarot per experimentar la serenor dels dissenys m\u00edstics.<\/p>\n<h4>Projectes que incorporen la tend\u00e8ncia en disseny gr\u00e0fic de 2023 Misticisme<\/h4>\n<p><strong>Junior Vicentini<\/strong><\/p>\n<p><img decoding=\"async\" class=\"alignnone size-full wp-image-12235\" src=\"https:\/\/codewebbarcelona.com\/wp-content\/uploads\/2023\/04\/las-tendencias-en-diseno-grafico-2023_003.jpg\" alt=\"las-tendencias-en-diseno-grafico-2023_006\" width=\"1160\" height=\"870\" \/><\/p>\n<p>Aqu\u00ed veiem un disseny gr\u00e0fic amb molta simbologia m\u00edstica. Formes geom\u00e8triques i colors pastel que reforcen el disseny final.<\/p>\n<p><a href=\"https:\/\/dribbble.com\/jvicentini13\" target=\"_blank\" rel=\"noopener\">Veure\u2019n m\u00e9s<\/a><\/p>\n<p><strong>Marta Golyak<\/strong><\/p>\n<p><img decoding=\"async\" class=\"alignnone size-full wp-image-12236\" src=\"https:\/\/codewebbarcelona.com\/wp-content\/uploads\/2023\/04\/las-tendencias-en-diseno-grafico-2023_001.jpg\" alt=\"las-tendencias-en-diseno-grafico-2023_006\" width=\"1160\" height=\"622\" \/><\/p>\n<p>Un disseny gr\u00e0fic monocrom en qu\u00e8, clarament, els s\u00edmbols utilitzats tenen un aire m\u00edstic que es refor\u00e7a amb els tons de color emprats.<\/p>\n<p><a href=\"https:\/\/www.behance.net\/martagolyak\" target=\"_blank\" rel=\"noopener\">Veure\u2019n m\u00e9s<\/a><\/p>\n<p><strong>Daphne Sebbane<\/strong><\/p>\n<p><img decoding=\"async\" class=\"alignnone size-full wp-image-12237\" src=\"https:\/\/codewebbarcelona.com\/wp-content\/uploads\/2023\/04\/las-tendencias-en-diseno-grafico-2023_002.png\" alt=\"las-tendencias-en-diseno-grafico-2023_006\" width=\"1160\" height=\"870\" \/><\/p>\n<p>Un altre disseny en qu\u00e8 la tend\u00e8ncia en disseny gr\u00e0fic de 2023 del misticisme s\u2019aplica a tota aquesta pe\u00e7a.<\/p>\n<p><a href=\"https:\/\/dribbble.com\/DaphnaSebbane\" target=\"_blank\" rel=\"noopener\">Veure\u2019n m\u00e9s<\/a><\/p>\n<h4>On ho trobarem<\/h4>\n<p><strong>La tend\u00e8ncia en disseny gr\u00e0fic 2023 del Misticisme\u00a0<\/strong>\u00e9s una t\u00e8cnica creativa que admet diversos suports creatius, usos i aplicacions.<\/p>\n<p>Ser\u00e0 f\u00e0cil trobar-la a:<\/p>\n<ul>\n<li><strong>Disseny publicitari<\/strong><\/li>\n<li><strong>Cartells<\/strong><\/li>\n<li><strong>Disseny web<\/strong><\/li>\n<li><strong>Packaging<\/strong><\/li>\n<li><b>Disseny de producte<\/b><\/li>\n<li><strong>Material impr\u00e8s<\/strong><\/li>\n<li><strong>Disseny editorial<\/strong><\/li>\n<\/ul>\n<h4>Com aplicar aquesta tend\u00e8ncia<\/h4>\n<ul>\n<li>Per aplicar aquesta tend\u00e8ncia \u00e9s important tenir clars els elements simb\u00f2lics de la cultura a la qual es far\u00e0 refer\u00e8ncia.<\/li>\n<li>Tenir un coneixement ampli de la semiologia.<\/li>\n<\/ul>\n<h3>2. Torna el Punk<\/h3>\n<p><strong>La tend\u00e8ncia en disseny gr\u00e0fic 2023, el punk<\/strong>\u00a0\u00e9s una subcultura rebel amb arrels que es remunten al moviment Dad\u00e0 dels anys 20. Des d\u2019aleshores, en realitat mai no ha desaparegut, ja que va n\u00e9ixer als marges de la societat i \u00e9s all\u00e0 on persisteix. Per\u00f2 el 2023 s\u2019est\u00e0 produint un ressorgiment del seu atractiu massiu, ja que la gent corrent troba motius suficients per rebel\u00b7lar-se contra els sistemes fallits. No nom\u00e9s s\u2019ha fet m\u00e9s evident la bretxa exponencial de riquesa amb l\u2019inici d\u2019una recessi\u00f3, sin\u00f3 que la mort de la monarca del Regne Unit el 2022 tamb\u00e9 ha enc\u00e8s una oposici\u00f3 renovada a la monarquia i al seu llegat colonial.<\/p>\n<p>Est\u00e8ticament, el punk sol caracteritzar-se per t\u00e8cniques de fes-ho tu mateix, com ara lletres gargotejades, retalls, tipografies desiguals i collages ca\u00f2tics. El disseny punk \u00e9s un rebuig general a l\u2019opul\u00e8ncia i al dec\u00f2rum. No t\u00e9 por de ser desordenat perqu\u00e8 la vida \u00e9s desordenada, i el p\u00fablic troba consol en aquesta honestedat. A m\u00e9s, aquestes disposicions ca\u00f2tiques s\u00f3n visualment en\u00e8rgiques; gaireb\u00e9 es pot sentir el crit de frustraci\u00f3 als contorns irregulars i a les esquitxades de grafiti.<\/p>\n<h4>Projectes que incorporen la tend\u00e8ncia en disseny gr\u00e0fic de 2023 del retorn del Punk<\/h4>\n<p><strong>Evandro Vicente<\/strong><\/p>\n<p><img decoding=\"async\" class=\"alignnone size-full wp-image-12240\" src=\"https:\/\/codewebbarcelona.com\/wp-content\/uploads\/2023\/04\/las-tendencias-en-diseno-grafico-2023_008.jpg\" alt=\"las-tendencias-en-diseno-grafico-2023_009\" width=\"930\" height=\"930\" \/><\/p>\n<p>Veiem una feina molt punk, amb colors molt cridaners i un gran contrast d\u2019imatge que combina fotografia amb elements gr\u00e0fics.<\/p>\n<p><a href=\"https:\/\/99designs.es\/profiles\/evandrovicente\" target=\"_blank\" rel=\"noopener\">Veure\u2019n m\u00e9s<\/a><\/p>\n<p><strong>Umbertino<\/strong><\/p>\n<p><img decoding=\"async\" class=\"alignnone size-full wp-image-12239\" src=\"https:\/\/codewebbarcelona.com\/wp-content\/uploads\/2023\/04\/las-tendencias-en-diseno-grafico-2023_009-1.jpg\" alt=\"las-tendencias-en-diseno-grafico-2023_009\" width=\"930\" height=\"930\" \/><\/p>\n<p>Un altre dels grans camps en qu\u00e8 el retorn del punk ser\u00e0 evident \u00e9s en la creaci\u00f3 de peces amb aspecte de collage.<\/p>\n<p><a href=\"https:\/\/99designs.es\/profiles\/774966\" target=\"_blank\" rel=\"noopener\">Veure\u2019n m\u00e9s<\/a><\/p>\n<p><strong>Lee Chatte<\/strong><\/p>\n<p><img decoding=\"async\" class=\"alignnone wp-image-12241 size-full\" src=\"https:\/\/codewebbarcelona.com\/wp-content\/uploads\/2023\/04\/las-tendencias-en-diseno-grafico-2023_007.jpg\" alt=\"las-tendencias-en-diseno-grafico-2023_009\" width=\"930\" height=\"460\" \/><\/p>\n<p>En aquests collages es far\u00e0 refer\u00e8ncia, com \u00e9s habitual en l\u2019era postmoderna, a diferents corrents i tipus d\u2019imatge amb qu\u00e8 es far\u00e0 una clara al\u00b7lusi\u00f3 a diferents \u00e8poques, corrents i artistes.<\/p>\n<p><a href=\"https:\/\/99designs.es\/profiles\/leechatte\" target=\"_blank\" rel=\"noopener\">Veure\u2019n m\u00e9s<\/a><\/p>\n<h4>On ho trobarem<\/h4>\n<p><strong>La tend\u00e8ncia en disseny gr\u00e0fic 2023 del retorn del Punk\u00a0<\/strong>\u00e9s una t\u00e8cnica creativa que admet diversos suports creatius, usos i aplicacions.<\/p>\n<p>Ser\u00e0 f\u00e0cil trobar-la a:<\/p>\n<ul>\n<li><strong>Disseny publicitari<\/strong><\/li>\n<li><strong>Cartells<\/strong><\/li>\n<li><strong>Disseny de cartells<\/strong><\/li>\n<li><strong>Publicitat<\/strong><\/li>\n<li><strong>Disseny web<\/strong><\/li>\n<li><strong>Packaging<\/strong><\/li>\n<li><b>Disseny de producte<\/b><\/li>\n<li><strong>Disseny de packaging<\/strong><\/li>\n<li><strong>Material impr\u00e8s<\/strong><\/li>\n<li><strong>Disseny editorial<\/strong><\/li>\n<\/ul>\n<h4>Com aplicar aquesta tend\u00e8ncia<\/h4>\n<ul>\n<li>Els dissenys amb est\u00e8tica punk s\u00f3n molt ben rebuts per marques que tinguin un p\u00fablic objectiu jove<\/li>\n<li>Cal tenir una \u00e0mplia base de dades mental de refer\u00e8ncies i t\u00e8cniques mixtes creatives<\/li>\n<\/ul>\n<h3>3.Folk bot\u00e0nic<\/h3>\n<p>Una altra de les tend\u00e8ncies en disseny gr\u00e0fic de 2023 que ho petar\u00e0 s\u00f3n els patrons. Un element b\u00e0sic en el disseny gr\u00e0fic, \u00fatil per proporcionar fons o emmarcar el contingut. I la natura \u00e9s un tema com\u00fa per als patrons, ja que les combinacions de fulles, fruites i enfiladisses creen composicions tan animades com un bosc. Per\u00f2 el 2023, els patrons de la natura estan sent una mica menys refinats a trav\u00e9s de gargots tremolosos, textures aspres i colors incongruents.<\/p>\n<p>Aquesta tend\u00e8ncia reinterpreta els temes de la natura familiars en dibuixos inesperats i capritxosos. Tamb\u00e9 rebutja la precisi\u00f3 geom\u00e8trica sovint imposada per les eines d\u2019art vectorial. Per\u00f2 la vitalitat d\u2019aquests patrons no nom\u00e9s prov\u00e9 de les plantes, sin\u00f3 tamb\u00e9 de les imperfeccions tremoloses de la m\u00e0 humana. L\u2019efecte \u00e9s fer que les obres d\u2019art digitals se sentin org\u00e0niques de m\u00e9s d\u2019una manera.<\/p>\n<h4>Projectes que incorporen la tend\u00e8ncia en disseny gr\u00e0fic de 2023 Folk bot\u00e0nic<\/h4>\n<p><strong>Kamilla Oblakova<\/strong><\/p>\n<p><img decoding=\"async\" class=\"alignnone size-full wp-image-12253\" src=\"https:\/\/codewebbarcelona.com\/wp-content\/uploads\/2023\/04\/las-tendencias-en-diseno-grafico-2023_022.jpg\" alt=\"las-tendencias-en-diseno-grafico-2023_022\" width=\"930\" height=\"579\" \/><\/p>\n<p>Amb un toc revival dels anys 60 i 70, el folk bot\u00e0nic aprofita la nova manera de dissenyar actual per crear peces que abans feien il\u00b7lustradors manuals.<\/p>\n<p><a href=\"https:\/\/99designs.es\/profiles\/3775510\" target=\"_blank\" rel=\"noopener\">Veure m\u00e9s<\/a><\/p>\n<p><strong>Pepper Pack Design<\/strong><\/p>\n<p><img decoding=\"async\" class=\"alignnone size-full wp-image-12254\" src=\"https:\/\/codewebbarcelona.com\/wp-content\/uploads\/2023\/04\/las-tendencias-en-diseno-grafico-2023_023.jpg\" alt=\"las-tendencias-en-diseno-grafico-2023_022\" width=\"930\" height=\"579\" \/><\/p>\n<p>El disseny amb toc Folk bot\u00e0nic tindr\u00e0 una \u00e0mplia acceptaci\u00f3 en disseny de packaging i de producte.<\/p>\n<p><a href=\"https:\/\/99designs.es\/profiles\/pepperpackdesign\" target=\"_blank\" rel=\"noopener\">Veure m\u00e9s<\/a><\/p>\n<p><strong>Kirsen<\/strong><\/p>\n<p><img decoding=\"async\" class=\"alignnone size-full wp-image-12255\" src=\"https:\/\/codewebbarcelona.com\/wp-content\/uploads\/2023\/04\/las-tendencias-en-diseno-grafico-2023_021.jpg\" alt=\"las-tendencias-en-diseno-grafico-2023_022\" width=\"930\" height=\"930\" \/><\/p>\n<p>A m\u00e9s, aquest tipus d\u2019estil creatiu tamb\u00e9 encaixa molt b\u00e9 amb la cartelleria i el disseny editorial<\/p>\n<p><a href=\"https:\/\/99designs.es\/profiles\/2127754\" target=\"_blank\" rel=\"noopener\">Veure m\u00e9s<\/a><\/p>\n<h4>On el trobarem<\/h4>\n<p><strong>La tend\u00e8ncia en disseny gr\u00e0fic 2023 de Folk bot\u00e0nic<\/strong>\u00a0\u00e9s una t\u00e8cnica creativa que admet diversos suports creatius, usos i aplicacions.<\/p>\n<p>Ser\u00e0 f\u00e0cil trobar-lo a:<\/p>\n<ul>\n<li><strong>Disseny publicitari<\/strong><\/li>\n<li><strong>Imatge corporativa<\/strong><\/li>\n<li><strong>Cartells<\/strong><\/li>\n<li><strong>Creaci\u00f3 de branding<\/strong><\/li>\n<li><strong>Identitat corporativa<\/strong><\/li>\n<li><strong>Disseny de cartells<\/strong><\/li>\n<li><strong>Publicitat<\/strong><\/li>\n<li><strong>Disseny web<\/strong><\/li>\n<li><strong>Packaging<\/strong><\/li>\n<li><b>Disseny de producte<\/b><\/li>\n<li><strong>Publicitat<\/strong><\/li>\n<li><strong>Disseny de packaging<\/strong><\/li>\n<li><strong>Material impr\u00e8s<\/strong><\/li>\n<li><strong>Disseny editorial<\/strong><\/li>\n<\/ul>\n<h4>Com aplicar aquesta tend\u00e8ncia<\/h4>\n<ul>\n<li>\u00a0Utilitza tots els avantatges que la tecnologia actual et posa a l\u2019abast per fer creacions naturalistes, carregades de formes corbes i colors pastel<\/li>\n<li>Pots fer servir fotografies reals i vectoritzar-les per tenir la pe\u00e7a que busques<\/li>\n<\/ul>\n<h3>4.Dimensi\u00f3 mixta<\/h3>\n<p>A mesura que passem m\u00e9s temps en espais en l\u00ednia en lloc d\u2019espais f\u00edsics, les fronteres entre tots dos poden semblar menys clares. I el 2023, els dissenyadors gr\u00e0fics estan trencant completament aquesta barrera en integrar il\u00b7lustracions digitals en la fotografia real.<\/p>\n<p>Tot i que la fusi\u00f3 de l\u2019artificial i el real pot sonar dist\u00f2pica, aquesta tend\u00e8ncia se centra molt m\u00e9s en l\u2019alegria i la fantasia. Les vibrants esquitxades de color i els dibuixos animats somrients emfatitzen el contrast entre els elements dispars.<\/p>\n<p>Tamb\u00e9 mostra el m\u00f3n tal com ens agradaria que fos, un lloc de descobriment i meravella. Quan la vida de vegades se sent trista, \u00e9s el poder imaginatiu de l\u2019art el que ofereix evasi\u00f3 i ens recorda que som capa\u00e7os de crear m\u00e0gia, si nom\u00e9s ens hi posem.<\/p>\n<h4>Projectes que incorporen la tend\u00e8ncia en disseny gr\u00e0fic de 2023 de Dimensi\u00f3 mixta<\/h4>\n<p><strong>Ana Strumpf<\/strong><\/p>\n<p><img decoding=\"async\" class=\"alignnone size-full wp-image-12256\" src=\"https:\/\/codewebbarcelona.com\/wp-content\/uploads\/2023\/04\/las-tendencias-en-diseno-grafico-2023_024.jpg\" alt=\"las-tendencias-en-diseno-grafico-2023_024\" width=\"660\" height=\"852\" \/><\/p>\n<p>Veiem una pe\u00e7a en qu\u00e8 veiem com la dimensi\u00f3 mixta s\u2019expressa a trav\u00e9s d\u2019un disseny que incorpora diferents estils i maneres de treballar.<\/p>\n<p><a href=\"https:\/\/www.anastrumpf.com\/?_ga=2.236455297.1264094604.1676967916-628999670.1676967916\" target=\"_blank\" rel=\"noopener\">Veure m\u00e9s<\/a><\/p>\n<p><strong>Hattie Stewart<\/strong><\/p>\n<p><img decoding=\"async\" class=\"alignnone size-full wp-image-12257\" src=\"https:\/\/codewebbarcelona.com\/wp-content\/uploads\/2023\/04\/las-tendencias-en-diseno-grafico-2023_026.jpg\" alt=\"las-tendencias-en-diseno-grafico-2023_026\" width=\"750\" height=\"968\" \/><\/p>\n<p>Il\u00b7lustraci\u00f3 i fotografia es combinen per crear una pe\u00e7a \u00fanica i nova.<\/p>\n<p><a href=\"https:\/\/dribbble.com\/jvicentini13\" target=\"_blank\" rel=\"noopener\">Veure m\u00e9s<\/a><\/p>\n<p><strong>Ms. vass<\/strong><\/p>\n<p><img decoding=\"async\" class=\"alignnone size-full wp-image-12258\" src=\"https:\/\/codewebbarcelona.com\/wp-content\/uploads\/2023\/04\/las-tendencias-en-diseno-grafico-2023_025.jpg\" alt=\"las-tendencias-en-diseno-grafico-2023_026\" width=\"930\" height=\"664\" \/><\/p>\n<p>Amb un resultat proper i atractiu.<\/p>\n<p><a href=\"https:\/\/99designs.es\/profiles\/1158351\" target=\"_blank\" rel=\"noopener\">Veure m\u00e9s<\/a><\/p>\n<h4>On el trobarem<\/h4>\n<p><strong>La tend\u00e8ncia en disseny gr\u00e0fic 2023 de la dimensi\u00f3 mixta\u00a0<\/strong>\u00e9s una t\u00e8cnica creativa que admet diversos suports creatius, usos i aplicacions.<\/p>\n<p>Ser\u00e0 f\u00e0cil trobar-lo a:<\/p>\n<ul>\n<li><strong>Disseny publicitari<\/strong><\/li>\n<li><strong>Cartells<\/strong><\/li>\n<li><strong>Publicitat<\/strong><\/li>\n<li><strong>Disseny web<\/strong><\/li>\n<li><strong>Packaging<\/strong><\/li>\n<li><strong>Material impr\u00e8s<\/strong><\/li>\n<li><strong>Disseny editorial<\/strong><\/li>\n<\/ul>\n<h4>Com aplicar aquesta tend\u00e8ncia<\/h4>\n<ul>\n<li>Aquest tipus de peces les pots carregar de molt significat, aix\u00ed que pensa b\u00e9 en all\u00f2 que vols comunicar<\/li>\n<li>L\u2019elecci\u00f3 de les t\u00e8cniques que far\u00e0s servir tamb\u00e9 forma part del missatge.<\/li>\n<\/ul>\n<h3>5.Gr\u00e0fics Acid<\/h3>\n<p>Els gr\u00e0fics \u00e0cids, de vegades coneguts com a Y2K grunge, s\u00f3n la seg\u00fcent etapa del renaixement Y2K que va comen\u00e7ar l\u2019any passat. Aquesta tend\u00e8ncia presenta textures brutes, met\u00e0l\u00b7lics cromats, quadr\u00edcules trencades i formes amorfes. \u00c9s una nost\u00e0lgia estranya que afavoreix la foscor en lloc de records agradables, at\u00e8s que va n\u00e9ixer a finals dels 90 de la subcultura g\u00f2tica.<\/p>\n<p>La tend\u00e8ncia dels gr\u00e0fics \u00e0cids encaixa amb estils adjacents com el brutalisme i l\u2019antidisseny, ja que \u00e9s igual de malenconiosa i sovint utilitza errors inform\u00e0tics, text atape\u00eft i capes desordenades. Igual que en aquests moviments, els gr\u00e0fics \u00e0cids presenten un costat m\u00e9s fosc d\u2019internet, i troben la seva millor expressi\u00f3 en llocs web, portades d\u2019\u00e0lbums i publicacions a les xarxes socials. \u00c9s un estil que es planteja si el futur de l\u2019art digital estar\u00e0 m\u00e9s enfocat en els ordinadors que en els ulls humans.<\/p>\n<h4>Projectes que incorporen la tend\u00e8ncia en disseny gr\u00e0fic de 2023 dels Gr\u00e0fics Acid<\/h4>\n<p><strong>Thao Thai<\/strong><\/p>\n<p><img decoding=\"async\" class=\"alignnone size-full wp-image-12247\" src=\"https:\/\/codewebbarcelona.com\/wp-content\/uploads\/2023\/04\/las-tendencias-en-diseno-grafico-2023_017.jpg\" alt=\"las-tendencias-en-diseno-grafico-2023_017\" width=\"1160\" height=\"1244\" \/><\/p>\n<p>Un disseny molt modern, amb formes digitals l\u00edquides impossibles de dissenyar fa uns anys.<\/p>\n<p><a href=\"https:\/\/www.behance.net\/theodric\" target=\"_blank\" rel=\"noopener\">Veure&#8217;n m\u00e9s<\/a><\/p>\n<p><strong>Progon D<\/strong><\/p>\n<p><img decoding=\"async\" class=\"alignnone size-full wp-image-12248\" src=\"https:\/\/codewebbarcelona.com\/wp-content\/uploads\/2023\/04\/las-tendencias-en-diseno-grafico-2023_015.jpg\" alt=\"las-tendencias-en-diseno-grafico-2023_017\" width=\"1160\" height=\"1111\" \/><\/p>\n<p>Un altre disseny m\u00e9s agressiu que combina textures i colors perfectament.<\/p>\n<p><a href=\"https:\/\/www.behance.net\/progon314\" target=\"_blank\" rel=\"noopener\">Veure&#8217;n m\u00e9s<\/a><\/p>\n<p><strong>Alex Valentina<\/strong><\/p>\n<p><img decoding=\"async\" class=\"alignnone size-full wp-image-12249\" src=\"https:\/\/codewebbarcelona.com\/wp-content\/uploads\/2023\/04\/las-tendencias-en-diseno-grafico-2023_016.jpg\" alt=\"las-tendencias-en-diseno-grafico-2023_017\" width=\"1160\" height=\"1236\" \/><\/p>\n<p>Una pe\u00e7a excel\u00b7lent en qu\u00e8 la tipografia l\u00edquida es recolza en la papallona.<\/p>\n<p><a href=\"https:\/\/www.behance.net\/alexvxvxvxvx\" target=\"_blank\" rel=\"noopener\">Veure&#8217;n m\u00e9s<\/a><\/p>\n<h4>On ho trobarem<\/h4>\n<p><strong>La tend\u00e8ncia en disseny gr\u00e0fic 2023 de gr\u00e0fics acid\u00a0<\/strong>\u00e9s una t\u00e8cnica creativa que admet diversos suports creatius, usos i aplicacions.<\/p>\n<p>Ser\u00e0 f\u00e0cil trobar-la a:<\/p>\n<ul>\n<li><strong>Disseny publicitari<\/strong><\/li>\n<li><strong>Cartells<\/strong><\/li>\n<li><strong>Disseny de cartells<\/strong><\/li>\n<li><strong>Publicitat<\/strong><\/li>\n<li><strong>Disseny web<\/strong><\/li>\n<li><strong>Packaging<\/strong><\/li>\n<li><b>Disseny de producte<\/b><\/li>\n<li><strong>Material impr\u00e8s<\/strong><\/li>\n<li><strong>Disseny editorial<\/strong><\/li>\n<\/ul>\n<h4>Com aplicar aquesta tend\u00e8ncia<\/h4>\n<ul>\n<li>Aquesta t\u00e8cnica requereix un coneixement t\u00e8cnic molt ampli, nom\u00e9s accessible per a aquells que han acumulat moltes hores d&#8217;experi\u00e8ncia dissenyant digitalment.<\/li>\n<li>Els colors i la tipografia tenen un paper predominant en aquestes peces.<\/li>\n<\/ul>\n<h3>6.Retro line art<\/h3>\n<p>Una altra de les tend\u00e8ncies en disseny gr\u00e0fic de 2023 ser\u00e0 el retro line art. Molts dissenyadors recorren a l&#8217;art lineal minimalista per crear il\u00b7lustracions divertides i amenes. \u00c9s un estil retro que recrea el record nost\u00e0lgic de dibuixar amb retoladors de punta de feltre.<\/p>\n<p>La simplicitat de l&#8217;art lineal s&#8217;adapta b\u00e9 a un estil de dibuixos animats (com ara contorns gruixuts i extremitats de goma), de manera que la tend\u00e8ncia encaixa de manera natural en projectes m\u00e9s lleugers. I com que aquests dibuixos s\u00f3n tan m\u00ednims, poden suportar colors ultrabrillants sense aclaparar l&#8217;espectador. Per potenciar l&#8217;efecte retro, molts dissenyadors combinen aquestes il\u00b7lustracions amb tipografies de bombolla retro i caracter\u00edstiques de disseny que recorden els anuncis de revistes vintage, com ara vores ovalades i adhesius d&#8217;estrella.&#8221;<\/p>\n<h4>Projectes que incorporen la tend\u00e8ncia en disseny gr\u00e0fic de 2023 del retro line art.<\/h4>\n<p><strong>Francisco Quinche<\/strong><\/p>\n<p><img decoding=\"async\" class=\"alignnone size-full wp-image-12250\" src=\"https:\/\/codewebbarcelona.com\/wp-content\/uploads\/2023\/04\/a638b5107048425.5f9dfe0aefb7b-e1667298154649.jpg\" alt=\"las-tendencias-en-diseno-grafico-2023_014\" width=\"930\" height=\"930\" \/><\/p>\n<p>Veiem un disseny monocolor amb un aspecte dels anys 40 o 50, que desperta emocions en el target.<\/p>\n<p><a href=\"https:\/\/www.behance.net\/franciscoquinchec?_ga=2.163032636.1264094604.1676967916-628999670.1676967916\" target=\"_blank\" rel=\"noopener\">Veure&#8217;n m\u00e9s<\/a><\/p>\n<p><strong>al54<\/strong><\/p>\n<p><img decoding=\"async\" class=\"alignnone size-full wp-image-12251\" src=\"https:\/\/codewebbarcelona.com\/wp-content\/uploads\/2023\/04\/attachment_137494596.jpg\" alt=\"las-tendencias-en-diseno-grafico-2023_014\" width=\"930\" height=\"930\" \/><\/p>\n<p>L&#8217;\u00fas de paletes de colors petites ens transporta a l&#8217;\u00e8poca en qu\u00e8 la impressi\u00f3 es feia per blocs.<\/p>\n<p><a href=\"https:\/\/99designs.es\/profiles\/al54\" target=\"_blank\" rel=\"noopener\">Veure&#8217;n m\u00e9s<\/a><\/p>\n<p><strong>RLX_Creations<\/strong><\/p>\n<p><img decoding=\"async\" class=\"alignnone size-full wp-image-12252\" src=\"https:\/\/codewebbarcelona.com\/wp-content\/uploads\/2023\/04\/attachment_136921726-e1667297409855.jpg\" alt=\"las-tendencias-en-diseno-grafico-2023_014\" width=\"930\" height=\"930\" \/><\/p>\n<p>Ho veurem en molts articles relacionats amb el menjar i la bellesa<\/p>\n<p><a href=\"https:\/\/99designs.es\/profiles\/rlisboadesigns\" target=\"_blank\" rel=\"noopener\">Veure&#8217;n m\u00e9s<\/a><\/p>\n<h4>On ho trobarem<\/h4>\n<p><strong>La tend\u00e8ncia en disseny gr\u00e0fic 2023 de retro line art\u00a0<\/strong>\u00e9s una t\u00e8cnica creativa que admet diversos suports creatius, usos i aplicacions.<\/p>\n<p>Ser\u00e0 f\u00e0cil trobar-la a:<\/p>\n<ul>\n<li><strong>Disseny publicitari<\/strong><\/li>\n<li><strong>Cartells<\/strong><\/li>\n<li><strong>Creaci\u00f3 de branding<\/strong><\/li>\n<li><strong>Identitat corporativa<\/strong><\/li>\n<li><strong>Disseny web<\/strong><\/li>\n<li><strong>Packaging<\/strong><\/li>\n<li><b>Disseny de producte<\/b><\/li>\n<li><strong>Publicitat<\/strong><\/li>\n<li><strong>Material impr\u00e8s<\/strong><\/li>\n<li><strong>Disseny editorial<\/strong><\/li>\n<\/ul>\n<h4>Com aplicar aquesta tend\u00e8ncia<\/h4>\n<ul>\n<li>Un cop m\u00e9s, tenir un ampli coneixement sobre refer\u00e8ncies i estils de la primera meitat del segle XX \u00e9s essencial<\/li>\n<li>Pots aprofitar per aplicar aquesta tend\u00e8ncia en disseny gr\u00e0fic en productes d&#8217;alimentaci\u00f3, restaurants i productes de bellesa sense por d&#8217;equivocar-te<\/li>\n<\/ul>\n<h3>7.Surrealisme d&#8217;aer\u00f2graf<\/h3>\n<p>El surrealisme \u00e9s un enfocament de disseny molt popular per la seva originalitat i estranya creativitat. Tanmateix, el 2023 s&#8217;est\u00e0 combinant amb t\u00e8cniques d&#8217;aer\u00f2graf dels anys 80, cosa que dona com a resultat una barreja d&#8217;imatges estranyes amb un toc retro suau.<\/p>\n<p>Aix\u00f2 produeix un efecte velat que suavitza la desorientaci\u00f3 habitual que invoca el surrealisme, cobrint el gr\u00e0fic amb una boirina uniforme. \u00c9s com si estigu\u00e9ssim recordant la imatge d&#8217;un somni mig oblidat. En alguns casos, el difuminat del color crea una llum suau, fent que la imatge resulti acollidora i transcendent. En general, el surrealisme amb aer\u00f2graf fomenta l&#8217;accessibilitat, com si sugger\u00eds que all\u00f2 estrany s&#8217;ha tornat ordinari.<\/p>\n<h4>Projectes que incorporen la tend\u00e8ncia en disseny gr\u00e0fic de 2023 Surrealisme d&#8217;aer\u00f2graf.<\/h4>\n<p><strong>Sandro Rybak<\/strong><\/p>\n<p><img decoding=\"async\" class=\"alignnone size-full wp-image-12242\" src=\"https:\/\/codewebbarcelona.com\/wp-content\/uploads\/2023\/04\/las-tendencias-en-diseno-grafico-2023_010.jpg\" alt=\"las-tendencias-en-diseno-grafico-2023_010\" width=\"1160\" height=\"1125\" \/><\/p>\n<p>Una pe\u00e7a molt abstracta que defineix perfectament la tend\u00e8ncia en disseny gr\u00e0fic del surrealisme d&#8217;aer\u00f2graf.<\/p>\n<p><a href=\"https:\/\/www.behance.net\/SandroRybak\" target=\"_blank\" rel=\"noopener\">Veure&#8217;n m\u00e9s<\/a><\/p>\n<p><strong>Mattias Lindstr\u00f6m<\/strong><\/p>\n<p><img decoding=\"async\" class=\"alignnone size-full wp-image-12244\" src=\"https:\/\/codewebbarcelona.com\/wp-content\/uploads\/2023\/04\/las-tendencias-en-diseno-grafico-2023_012.jpg\" alt=\"las-tendencias-en-diseno-grafico-2023_010\" width=\"1160\" height=\"1444\" \/><\/p>\n<p>Una pe\u00e7a molt surrealista que utilitza la suposada t\u00e8cnica de l&#8217;aer\u00f2graf, digital, per marcar l&#8217;estil de l&#8217;obra.<\/p>\n<p><a href=\"https:\/\/dribbble.com\/jvicentini13\" target=\"_blank\" rel=\"noopener\">Veure&#8217;n m\u00e9s<\/a><\/p>\n<p><strong>DSORDER .<\/strong><\/p>\n<p><img decoding=\"async\" class=\"alignnone size-full wp-image-12243\" src=\"https:\/\/codewebbarcelona.com\/wp-content\/uploads\/2023\/04\/las-tendencias-en-diseno-grafico-2023_011.jpg\" alt=\"las-tendencias-en-diseno-grafico-2023_010\" width=\"1160\" height=\"1141\" \/><\/p>\n<p>Veiem com en aquesta obra tamb\u00e9 es juga amb el color i amb les formes.<\/p>\n<p><a href=\"https:\/\/dribbble.com\/jvicentini13\" target=\"_blank\" rel=\"noopener\">Veure&#8217;n m\u00e9s<\/a><\/p>\n<h4>On ho trobarem<\/h4>\n<p><strong>La tend\u00e8ncia en disseny gr\u00e0fic 2023 de surrealisme d&#8217;aer\u00f2graf\u00a0<\/strong>\u00e9s una t\u00e8cnica creativa que admet diversos suports creatius, usos i aplicacions.<\/p>\n<p>Ser\u00e0 f\u00e0cil trobar-la a:<\/p>\n<ul>\n<li><strong>Disseny publicitari<\/strong><\/li>\n<li><strong>Cartells<\/strong><\/li>\n<li><strong>Disseny web<\/strong><\/li>\n<li><strong>Packaging<\/strong><\/li>\n<li><b>Disseny de producte<\/b><\/li>\n<li><strong>Publicitat<\/strong><\/li>\n<li><strong>Material impr\u00e8s<\/strong><\/li>\n<li><strong>Disseny editorial<\/strong><\/li>\n<\/ul>\n<h4>Com aplicar aquesta tend\u00e8ncia<\/h4>\n<ul>\n<li>Per aplicar aquesta tend\u00e8ncia cal tenir una molt bona t\u00e8cnica d&#8217;aer\u00f2graf digital<\/li>\n<li>A m\u00e9s, \u00e9s important carregar l&#8217;obra o la pe\u00e7a d&#8217;una simbologia molt potent.<\/li>\n<\/ul>\n<h3>8.Escapisme experimental<\/h3>\n<p>L&#8217;any passat, la psicod\u00e8lia dels 60 va tornar al disseny gr\u00e0fic a trav\u00e9s de l&#8217;escapisme, atraient els espectadors a mons densos i acolorits. El 2023, la tend\u00e8ncia continua cap a l&#8217;infinit i m\u00e9s enll\u00e0, per\u00f2 aquesta vegada a trav\u00e9s de la psicod\u00e8lia espacial dels 90.<\/p>\n<p>Tot i que la psicod\u00e8lia sovint s&#8217;inspira en la natura (pensa en els n\u00favols multicolors i els bolets fosos de moltes composicions), la psicod\u00e8lia espacial consisteix a unir el futur i el passat. Es caracteritza per t\u00e8cniques retro dels 90 com els patrons de disseny Memphis, els estils de dibuixos animats dels dissabtes al mat\u00ed i colors que recorden el material escolar de Lisa Frank. I es barreja amb temes futuristes, com ara androides i naus espacials, paisatges vaporwave, entorns simulats i ne\u00f3 cyberpunk. Amb aquestes il\u00b7lustracions brillants i imaginatives, els dissenyadors del 2023 miren cap al futur tecnol\u00f2gic amb optimisme.<\/p>\n<h4>Projectes que incorporen la tend\u00e8ncia en disseny gr\u00e0fic de 2023 de l&#8217;escapisme experimental<\/h4>\n<p><strong>BINATANG<\/strong><\/p>\n<p><img decoding=\"async\" class=\"alignnone size-full wp-image-12259\" src=\"https:\/\/codewebbarcelona.com\/wp-content\/uploads\/2023\/04\/las-tendencias-en-diseno-grafico-2023_028.jpg\" alt=\"las-tendencias-en-diseno-grafico-2023_028\" width=\"930\" height=\"523\" \/><\/p>\n<p>Hi veiem una pe\u00e7a amb molt de significat, en qu\u00e8 s&#8217;entrellacen diferents capes de significat.<\/p>\n<p><a href=\"https:\/\/99designs.es\/profiles\/651347\" target=\"_blank\" rel=\"noopener\">Veure&#8217;n m\u00e9s<\/a><\/p>\n<p><strong>-Z-<\/strong><\/p>\n<p><img decoding=\"async\" class=\"alignnone size-full wp-image-12260\" src=\"https:\/\/codewebbarcelona.com\/wp-content\/uploads\/2023\/04\/las-tendencias-en-diseno-grafico-2023_027.jpg\" alt=\"las-tendencias-en-diseno-grafico-2023_028\" width=\"930\" height=\"746\" \/><\/p>\n<p>Aplicada al producte, aquesta t\u00e8cnica dona uns resultats molt atractius i innovadors.<\/p>\n<p><a href=\"https:\/\/99designs.es\/profiles\/pikimoko\" target=\"_blank\" rel=\"noopener\">Veure&#8217;n m\u00e9s<\/a><\/p>\n<p><strong>kuziola<\/strong><\/p>\n<p><img decoding=\"async\" class=\"alignnone size-full wp-image-12261\" src=\"https:\/\/codewebbarcelona.com\/wp-content\/uploads\/2023\/04\/las-tendencias-en-diseno-grafico-2023_029.jpg\" alt=\"las-tendencias-en-diseno-grafico-2023_028\" width=\"930\" height=\"523\" \/><\/p>\n<p>Un cop m\u00e9s tenim refer\u00e8ncies d&#8217;art antic.<\/p>\n<p><a href=\"https:\/\/99designs.es\/profiles\/kuziola\" target=\"_blank\" rel=\"noopener\">Veure&#8217;n m\u00e9s<\/a><\/p>\n<h4>On ho trobarem<\/h4>\n<p><strong>La tend\u00e8ncia en disseny gr\u00e0fic 2023 d&#8217;escapisme experimental,\u00a0<\/strong>\u00e9s una t\u00e8cnica creativa que admet diversos suports creatius, usos i aplicacions.<\/p>\n<p>Ser\u00e0 f\u00e0cil trobar-la a:<\/p>\n<ul>\n<li><strong>Disseny publicitari<\/strong><\/li>\n<li><strong>Cartells<\/strong><\/li>\n<li><strong>Disseny de cartells<\/strong><\/li>\n<li><strong>Disseny web<\/strong><\/li>\n<li><strong>Packaging<\/strong><\/li>\n<li><b>Disseny de producte<\/b><\/li>\n<li><strong>Material impr\u00e8s<\/strong><\/li>\n<li><strong>Disseny editorial<\/strong><\/li>\n<\/ul>\n<h4>Com aplicar aquesta tend\u00e8ncia<\/h4>\n<ul>\n<li>Per aplicar b\u00e9 aquesta tend\u00e8ncia web cal tenir un bon coneixement de la hist\u00f2ria del disseny per aprofitar-ne les refer\u00e8ncies.<\/li>\n<li>Saber jugar amb les emocions i plasmar-les en una pe\u00e7a \u00e9s complicat, aix\u00ed que pren-te el teu temps en la conceptualitzaci\u00f3 de l&#8217;obra.<\/li>\n<\/ul>\n<h3>9.Composicions complexes<\/h3>\n<p>La narraci\u00f3 \u00e9s al cor del disseny gr\u00e0fic, fins i tot quan es tracta de transmetre trets abstractes, utilitza imatges coherents per encaixar aquests trets en una narrativa sobre una marca. El 2023, la narraci\u00f3 visual s&#8217;est\u00e0 tornant alhora m\u00e9s literal i m\u00e9s abstracta a trav\u00e9s de composicions complexes. S\u00f3n il\u00b7lustracions que contenen diverses &#8220;escenes&#8221; en una de sola. Un personatge podria estar fent una foto, un altre podria estar remant en una barca i un altre podria estar coronant una muntanya, tot dins de la mateixa composici\u00f3.<\/p>\n<p>Tot i que aquests dissenys s\u00f3n densos, sovint s\u00f3n estil\u00edsticament minimalistes, cosa que afavoreix la inclusi\u00f3 de diversos elements sense esgotar l&#8217;espectador. Com que aquestes escenes tendeixen a afavorir les orientacions apa\u00efsades, s&#8217;estan convertint en una de les preferides a les cap\u00e7aleres dels llocs web o com a imatges destacades per a articles de not\u00edcies i blogs. Aquesta tend\u00e8ncia no nom\u00e9s mant\u00e9 la mirada de l&#8217;espectador movent-se per una visual atractiva, sin\u00f3 que tamb\u00e9 refor\u00e7a la idea que vivim en un espectre, en un m\u00f3n de m\u00faltiples hist\u00f2ries que succeeixen al mateix temps.<\/p>\n<h4>Projectes que incorporen la tend\u00e8ncia en disseny gr\u00e0fic de 2023 de composicions complexes.<\/h4>\n<p><strong>Paperpiece<\/strong><\/p>\n<p><img decoding=\"async\" class=\"alignnone size-full wp-image-12262\" src=\"https:\/\/codewebbarcelona.com\/wp-content\/uploads\/2023\/04\/las-tendencias-en-diseno-grafico-2023_030.jpg\" alt=\"las-tendencias-en-diseno-grafico-2023_030\" width=\"930\" height=\"465\" \/><\/p>\n<p>Les composicions complexes ens allunyen del minimalisme tradicional que hem viscut en els darrers anys.<\/p>\n<p><a href=\"https:\/\/99designs.es\/profiles\/Paperpiceproject\" target=\"_blank\" rel=\"noopener\">Veure&#8217;n m\u00e9s<\/a><\/p>\n<p><strong>EDSTER<\/strong><\/p>\n<p><img decoding=\"async\" class=\"alignnone size-full wp-image-12264\" src=\"https:\/\/codewebbarcelona.com\/wp-content\/uploads\/2023\/04\/las-tendencias-en-diseno-grafico-2023_031.jpg\" alt=\"las-tendencias-en-diseno-grafico-2023_030\" width=\"930\" height=\"593\" \/><\/p>\n<p>Les composicions complexes estan carregades d&#8217;elements i refer\u00e8ncies.<\/p>\n<p><a href=\"https:\/\/99designs.es\/profiles\/2592482\" target=\"_blank\" rel=\"noopener\">Veure&#8217;n m\u00e9s<\/a><\/p>\n<p><strong>Fe Melo<\/strong><\/p>\n<p><img decoding=\"async\" class=\"alignnone size-full wp-image-12263\" src=\"https:\/\/codewebbarcelona.com\/wp-content\/uploads\/2023\/04\/las-tendencias-en-diseno-grafico-2023_032.jpg\" alt=\"las-tendencias-en-diseno-grafico-2023_030\" width=\"930\" height=\"779\" \/><\/p>\n<p>En aquestes composicions el color hi juga un paper essencial en el resultat de l&#8217;obra.<\/p>\n<p><a href=\"https:\/\/99designs.es\/profiles\/femelo\" target=\"_blank\" rel=\"noopener\">Veure&#8217;n m\u00e9s<\/a><\/p>\n<h4>On ho trobarem<\/h4>\n<p><strong>La tend\u00e8ncia en disseny gr\u00e0fic 2023 de composicions complexes,\u00a0<\/strong>\u00e9s una t\u00e8cnica creativa que admet diversos suports creatius, usos i aplicacions.<\/p>\n<p>Ser\u00e0 f\u00e0cil trobar-la a:<\/p>\n<ul>\n<li><strong>Disseny publicitari<\/strong><\/li>\n<li><strong>Cartells<\/strong><\/li>\n<li><strong>Disseny web<\/strong><\/li>\n<li><strong>Disseny de packaging<\/strong><\/li>\n<li><strong>Material impr\u00e8s<\/strong><\/li>\n<li><strong>Disseny editorial<\/strong><\/li>\n<\/ul>\n<h4>Com aplicar aquesta tend\u00e8ncia<\/h4>\n<ul>\n<li>Cal tenir un bon control de la composici\u00f3 per no crear un embolic creatiu.<\/li>\n<li>Tots els elements de la composici\u00f3 s&#8217;entrellacen entre si i formen un tot en l&#8217;obra.<\/li>\n<\/ul>\n<h3>10.Psicod\u00e8lia espacial dels anys 90<\/h3>\n<p>L&#8217;any passat, l&#8217;escapisme es va convertir en un tema dominant en el disseny gr\u00e0fic, ja que els creatius buscaven atraure els espectadors a mons fascinants i imaginatius. La tend\u00e8ncia continua sent forta el 2023, per\u00f2 ara l&#8217;escapisme s&#8217;est\u00e0 tornant experimental.<\/p>\n<p>Gran part d&#8217;aquesta experimentaci\u00f3 s&#8217;inspira en els aven\u00e7os recents en tecnologia, ja que el 2022 es va observar l&#8217;aparici\u00f3 viral de l&#8217;art generat per IA, el Metaverse i les imatges interestel\u00b7lars possibles gr\u00e0cies al Telescopi Espacial James Webb. Tot aix\u00f2 ha deixat la seva empremta en la ind\u00fastria creativa. Els dissenyadors s&#8217;inspiren en totes aquestes experimentacions tecnol\u00f2giques i les fusionen amb la seva pr\u00f2pia experi\u00e8ncia creativa.<\/p>\n<p>El resultat s\u00f3n composicions explorat\u00f2ries que se senten com finestres a la psique digital. Aquest tipus d&#8217;escapisme t\u00e9 una foscor i una malenconia, cont\u00e9 paisatges impossibles que s\u00f3n artificials per\u00f2 encara conceptualment aventurers. Aquest any, els dissenyadors ens estan portant m\u00e9s profundament cap al desconegut art\u00edstic que mai abans.<\/p>\n<h4>Projectes que incorporen la tend\u00e8ncia en disseny gr\u00e0fic de 2023 de la psicod\u00e8lia<\/h4>\n<p><strong>Pablo Espinosa<\/strong><\/p>\n<p><img decoding=\"async\" class=\"alignnone size-full wp-image-12246\" src=\"https:\/\/codewebbarcelona.com\/wp-content\/uploads\/2023\/04\/las-tendencias-en-diseno-grafico-2023_014.jpg\" alt=\"\" width=\"1160\" height=\"816\" \/><\/p>\n<p>Als anys 90 el disseny era una altra cosa; trenta anys m\u00e9s tard ja podem utilitzar aquells referents per a noves creacions.<\/p>\n<p><a href=\"https:\/\/www.behance.net\/sugacyan\" target=\"_blank\" rel=\"noopener\">Veure&#8217;n m\u00e9s<\/a><\/p>\n<p><strong>Philipp Beck<\/strong><\/p>\n<p><img decoding=\"async\" class=\"alignnone size-full wp-image-12245\" src=\"https:\/\/codewebbarcelona.com\/wp-content\/uploads\/2023\/04\/las-tendencias-en-diseno-grafico-2023_013.jpg\" alt=\"\" width=\"1160\" height=\"1127\" \/><\/p>\n<p>L&#8217;on\u00edric s&#8217;incorpora als dissenys per apel\u00b7lar als nostres sentits.<\/p>\n<p><a href=\"https:\/\/www.behance.net\/philippbeck\" target=\"_blank\" rel=\"noopener\">Veure&#8217;n m\u00e9s<\/a><\/p>\n<p><strong>El Dorado<\/strong><\/p>\n<p><img decoding=\"async\" class=\"alignnone size-full wp-image-12234\" src=\"https:\/\/codewebbarcelona.com\/wp-content\/uploads\/2023\/04\/las-tendencias-en-diseno-grafico-2023_005.gif\" alt=\"\" width=\"1000\" height=\"334\" \/><\/p>\n<p>El color \u00e9s un bon element gr\u00e0fic que es pot aplicar a aquests dissenys.<\/p>\n<p><a href=\"https:\/\/www.behance.net\/gallery\/125005563\/Mundo-de-los-Ojos\" target=\"_blank\" rel=\"noopener\">Veure&#8217;n m\u00e9s<\/a><\/p>\n<h4>On ho trobarem<\/h4>\n<p><strong>La tend\u00e8ncia en disseny gr\u00e0fic 2023 de psicod\u00e8lia dels anys 90,\u00a0<\/strong>\u00e9s una t\u00e8cnica creativa que admet diversos suports creatius, usos i aplicacions.<\/p>\n<p>Ser\u00e0 f\u00e0cil trobar-la a:<\/p>\n<ul>\n<li><strong>Disseny publicitari<\/strong><\/li>\n<li><strong>Cartells<\/strong><\/li>\n<li><strong>Publicitat<\/strong><\/li>\n<li><strong>Disseny web<\/strong><\/li>\n<li><strong>Packaging<\/strong><\/li>\n<li><b>Creaci\u00f3 de producte<\/b><\/li>\n<li><strong>Material impr\u00e8s<\/strong><\/li>\n<li><strong>Disseny editorial<\/strong><\/li>\n<\/ul>\n<h4>Com aplicar aquesta tend\u00e8ncia<\/h4>\n<ul>\n<li>Fes una ullada als arxius de disseny dels anys 90 per veure com es dissenyava en aquella \u00e8poca.<\/li>\n<li>Veiem conceptes molt agosarats i missatges profunds que no tots els espectadors poden entendre, per\u00f2 el missatge ha de ser atractiu encara que no s&#8217;entenguin totes les refer\u00e8ncies.<\/li>\n<\/ul>\n<h3>Conclusions i resum per a ganduls<\/h3>\n<p>1.Misticisme<br \/>\n2.Torna el Punk<br \/>\n3.Folk bot\u00e0nic<br \/>\n4.Dimensi\u00f3 mixta<br \/>\n5.Gr\u00e0fics Acid<br \/>\n6.Retro line art<br \/>\n7.Surrealisme d&#8217;aer\u00f2graf<br \/>\n8.Escapisme experimental<br \/>\n9.Composicions complexes<br \/>\n10.Psicod\u00e8lia de l&#8217;espai dels anys 90<\/p>\n<h3>Sobre el post<\/h3>\n<p>Aquest article \u00e9s fruit de moltes hores de prospecci\u00f3 de projectes i de la lectura i conversa als f\u00f2rums de disseny gr\u00e0fic m\u00e9s importants; a m\u00e9s, tots els projectes estan realitzats per creatius aliens a nosaltres, aix\u00ed que, \u00f2bviament, ells s\u00f3n els creadors i propietaris del material.<\/p>\n<p>Totes les refer\u00e8ncies estan degudament acreditades als seus creadors i, per descomptat, els felicitem per la seva feina creativa.<\/p>\n<p>Les refer\u00e8ncies que hem triat s\u00f3n nom\u00e9s l&#8217;exemple que hem considerat m\u00e9s interessant per il\u00b7lustrar aquestes tend\u00e8ncies; segur que n&#8217;hi haur\u00e0 d&#8217;altres, per\u00f2 nosaltres hem escollit aquestes amb molta estima. De la mateixa manera, les tend\u00e8ncies en si s\u00f3n la nostra aportaci\u00f3 personal, un intent d&#8217;indagar en el que ve. Segurament no ho encertarem tot, ho sabem, aix\u00ed que vinga, no siguis cafre i gaudeix del post.<\/p>\n","protected":false},"excerpt":{"rendered":"<p>Les tend\u00e8ncies en disseny gr\u00e0fic de 2023 s\u00f3n un altre cap\u00edtol apassionant en l\u2019evoluci\u00f3 de l\u2019art; any rere any evolucionen i canvien segons el signe dels temps i les possibilitats dels mitjans contemporanis. El misticisme, els degradats abstractes i els patrons bot\u00e0nics ofereixen serenor a trav\u00e9s d\u2019imatges inspiradores. La risografia, la psicod\u00e8lia espacial i les [&hellip;]<\/p>\n","protected":false},"author":1,"featured_media":935,"comment_status":"closed","ping_status":"closed","sticky":false,"template":"","format":"standard","meta":{"_acf_changed":false,"footnotes":""},"categories":[207,210,134],"class_list":["post-14254","post","type-post","status-publish","format-standard","has-post-thumbnail","hentry","category-destacat","category-inspiracio","category-disseny-grafic"],"acf":[],"yoast_head":"<!-- This site is optimized with the Yoast SEO plugin v27.2 - https:\/\/yoast.com\/product\/yoast-seo-wordpress\/ -->\n<title>Tendencias en dise\u00f1o gr\u00e1fico de 2023 - Code Barcelona<\/title>\n<meta name=\"description\" content=\"Vista previa de la meta description:Las tendencias en dise\u00f1o gr\u00e1fico de 2023 son otro emocionante cap\u00edtulo en la evoluci\u00f3n del arte, a\u00f1o tras a\u00f1o van evolucionando y cambiando seg\u00fan el signo de los tiempos y las posibilidades de los medios contempor\u00e1neos.\" \/>\n<meta name=\"robots\" content=\"index, follow, max-snippet:-1, max-image-preview:large, max-video-preview:-1\" \/>\n<link rel=\"canonical\" href=\"https:\/\/codewebbarcelona.com\/ca\/blog\/tendencies-en-disseny-grafic-de-2023\/\" \/>\n<meta property=\"og:locale\" content=\"ca_ES\" \/>\n<meta property=\"og:type\" content=\"article\" \/>\n<meta property=\"og:title\" content=\"Tendencias en dise\u00f1o gr\u00e1fico de 2023 - Code Barcelona\" \/>\n<meta property=\"og:description\" content=\"Vista previa de la meta description:Las tendencias en dise\u00f1o gr\u00e1fico de 2023 son otro emocionante cap\u00edtulo en la evoluci\u00f3n del arte, a\u00f1o tras a\u00f1o van evolucionando y cambiando seg\u00fan el signo de los tiempos y las posibilidades de los medios contempor\u00e1neos.\" \/>\n<meta property=\"og:url\" content=\"https:\/\/codewebbarcelona.com\/ca\/blog\/tendencies-en-disseny-grafic-de-2023\/\" \/>\n<meta property=\"og:site_name\" content=\"Code Barcelona\" \/>\n<meta property=\"article:published_time\" content=\"2023-04-05T08:28:34+00:00\" \/>\n<meta property=\"article:modified_time\" content=\"2026-03-20T22:30:10+00:00\" \/>\n<meta property=\"og:image\" content=\"https:\/\/codewebbarcelona.com\/wp-content\/uploads\/2023\/04\/las-tendencias-en-diseno-grafico-2023_029.jpg\" \/>\n\t<meta property=\"og:image:width\" content=\"930\" \/>\n\t<meta property=\"og:image:height\" content=\"523\" \/>\n\t<meta property=\"og:image:type\" content=\"image\/jpeg\" \/>\n<meta name=\"author\" content=\"cd26Bc\" \/>\n<meta name=\"twitter:card\" content=\"summary_large_image\" \/>\n<meta name=\"twitter:label1\" content=\"Escrit per\" \/>\n\t<meta name=\"twitter:data1\" content=\"cd26Bc\" \/>\n\t<meta name=\"twitter:label2\" content=\"Temps estimat de lectura\" \/>\n\t<meta name=\"twitter:data2\" content=\"19 minuts\" \/>\n<script type=\"application\/ld+json\" class=\"yoast-schema-graph\">{\"@context\":\"https:\/\/schema.org\",\"@graph\":[{\"@type\":\"Article\",\"@id\":\"https:\/\/codewebbarcelona.com\/ca\/blog\/tendencies-en-disseny-grafic-de-2023\/#article\",\"isPartOf\":{\"@id\":\"https:\/\/codewebbarcelona.com\/ca\/blog\/tendencies-en-disseny-grafic-de-2023\/\"},\"author\":{\"name\":\"cd26Bc\",\"@id\":\"https:\/\/codewebbarcelona.com\/ca\/#\/schema\/person\/3af5f44aaf0de2919e9225aa5ca32567\"},\"headline\":\"Tend\u00e8ncies en disseny gr\u00e0fic del 2023\",\"datePublished\":\"2023-04-05T08:28:34+00:00\",\"dateModified\":\"2026-03-20T22:30:10+00:00\",\"mainEntityOfPage\":{\"@id\":\"https:\/\/codewebbarcelona.com\/ca\/blog\/tendencies-en-disseny-grafic-de-2023\/\"},\"wordCount\":3974,\"image\":{\"@id\":\"https:\/\/codewebbarcelona.com\/ca\/blog\/tendencies-en-disseny-grafic-de-2023\/#primaryimage\"},\"thumbnailUrl\":\"https:\/\/codewebbarcelona.com\/wp-content\/uploads\/2023\/04\/las-tendencias-en-diseno-grafico-2023_029.jpg\",\"articleSection\":[\"Destacat\",\"Inspiraci\u00f3\",\"Dise\u00f1o gr\u00e1fico\"],\"inLanguage\":\"ca\"},{\"@type\":\"WebPage\",\"@id\":\"https:\/\/codewebbarcelona.com\/ca\/blog\/tendencies-en-disseny-grafic-de-2023\/\",\"url\":\"https:\/\/codewebbarcelona.com\/ca\/blog\/tendencies-en-disseny-grafic-de-2023\/\",\"name\":\"Tendencias en dise\u00f1o gr\u00e1fico de 2023 - Code Barcelona\",\"isPartOf\":{\"@id\":\"https:\/\/codewebbarcelona.com\/ca\/#website\"},\"primaryImageOfPage\":{\"@id\":\"https:\/\/codewebbarcelona.com\/ca\/blog\/tendencies-en-disseny-grafic-de-2023\/#primaryimage\"},\"image\":{\"@id\":\"https:\/\/codewebbarcelona.com\/ca\/blog\/tendencies-en-disseny-grafic-de-2023\/#primaryimage\"},\"thumbnailUrl\":\"https:\/\/codewebbarcelona.com\/wp-content\/uploads\/2023\/04\/las-tendencias-en-diseno-grafico-2023_029.jpg\",\"datePublished\":\"2023-04-05T08:28:34+00:00\",\"dateModified\":\"2026-03-20T22:30:10+00:00\",\"author\":{\"@id\":\"https:\/\/codewebbarcelona.com\/ca\/#\/schema\/person\/3af5f44aaf0de2919e9225aa5ca32567\"},\"description\":\"Vista previa de la meta description:Las tendencias en dise\u00f1o gr\u00e1fico de 2023 son otro emocionante cap\u00edtulo en la evoluci\u00f3n del arte, a\u00f1o tras a\u00f1o van evolucionando y cambiando seg\u00fan el signo de los tiempos y las posibilidades de los medios contempor\u00e1neos.\",\"inLanguage\":\"ca\",\"potentialAction\":[{\"@type\":\"ReadAction\",\"target\":[\"https:\/\/codewebbarcelona.com\/ca\/blog\/tendencies-en-disseny-grafic-de-2023\/\"]}]},{\"@type\":\"ImageObject\",\"inLanguage\":\"ca\",\"@id\":\"https:\/\/codewebbarcelona.com\/ca\/blog\/tendencies-en-disseny-grafic-de-2023\/#primaryimage\",\"url\":\"https:\/\/codewebbarcelona.com\/wp-content\/uploads\/2023\/04\/las-tendencias-en-diseno-grafico-2023_029.jpg\",\"contentUrl\":\"https:\/\/codewebbarcelona.com\/wp-content\/uploads\/2023\/04\/las-tendencias-en-diseno-grafico-2023_029.jpg\",\"width\":930,\"height\":523},{\"@type\":\"WebSite\",\"@id\":\"https:\/\/codewebbarcelona.com\/ca\/#website\",\"url\":\"https:\/\/codewebbarcelona.com\/ca\/\",\"name\":\"Code Barcelona\",\"description\":\"\",\"potentialAction\":[{\"@type\":\"SearchAction\",\"target\":{\"@type\":\"EntryPoint\",\"urlTemplate\":\"https:\/\/codewebbarcelona.com\/ca\/?s={search_term_string}\"},\"query-input\":{\"@type\":\"PropertyValueSpecification\",\"valueRequired\":true,\"valueName\":\"search_term_string\"}}],\"inLanguage\":\"ca\"},{\"@type\":\"Person\",\"@id\":\"https:\/\/codewebbarcelona.com\/ca\/#\/schema\/person\/3af5f44aaf0de2919e9225aa5ca32567\",\"name\":\"cd26Bc\",\"image\":{\"@type\":\"ImageObject\",\"inLanguage\":\"ca\",\"@id\":\"https:\/\/secure.gravatar.com\/avatar\/b904e836584635855eaa0ee2922bae4fe2aa94ffb558048dcc5dac5f98f0fadc?s=96&d=mm&r=g\",\"url\":\"https:\/\/secure.gravatar.com\/avatar\/b904e836584635855eaa0ee2922bae4fe2aa94ffb558048dcc5dac5f98f0fadc?s=96&d=mm&r=g\",\"contentUrl\":\"https:\/\/secure.gravatar.com\/avatar\/b904e836584635855eaa0ee2922bae4fe2aa94ffb558048dcc5dac5f98f0fadc?s=96&d=mm&r=g\",\"caption\":\"cd26Bc\"},\"sameAs\":[\"https:\/\/codewebbarcelona.com\"]}]}<\/script>\n<!-- \/ Yoast SEO plugin. -->","yoast_head_json":{"title":"Tendencias en dise\u00f1o gr\u00e1fico de 2023 - Code Barcelona","description":"Vista previa de la meta description:Las tendencias en dise\u00f1o gr\u00e1fico de 2023 son otro emocionante cap\u00edtulo en la evoluci\u00f3n del arte, a\u00f1o tras a\u00f1o van evolucionando y cambiando seg\u00fan el signo de los tiempos y las posibilidades de los medios contempor\u00e1neos.","robots":{"index":"index","follow":"follow","max-snippet":"max-snippet:-1","max-image-preview":"max-image-preview:large","max-video-preview":"max-video-preview:-1"},"canonical":"https:\/\/codewebbarcelona.com\/ca\/blog\/tendencies-en-disseny-grafic-de-2023\/","og_locale":"ca_ES","og_type":"article","og_title":"Tendencias en dise\u00f1o gr\u00e1fico de 2023 - Code Barcelona","og_description":"Vista previa de la meta description:Las tendencias en dise\u00f1o gr\u00e1fico de 2023 son otro emocionante cap\u00edtulo en la evoluci\u00f3n del arte, a\u00f1o tras a\u00f1o van evolucionando y cambiando seg\u00fan el signo de los tiempos y las posibilidades de los medios contempor\u00e1neos.","og_url":"https:\/\/codewebbarcelona.com\/ca\/blog\/tendencies-en-disseny-grafic-de-2023\/","og_site_name":"Code Barcelona","article_published_time":"2023-04-05T08:28:34+00:00","article_modified_time":"2026-03-20T22:30:10+00:00","og_image":[{"width":930,"height":523,"url":"https:\/\/codewebbarcelona.com\/wp-content\/uploads\/2023\/04\/las-tendencias-en-diseno-grafico-2023_029.jpg","type":"image\/jpeg"}],"author":"cd26Bc","twitter_card":"summary_large_image","twitter_misc":{"Escrit per":"cd26Bc","Temps estimat de lectura":"19 minuts"},"schema":{"@context":"https:\/\/schema.org","@graph":[{"@type":"Article","@id":"https:\/\/codewebbarcelona.com\/ca\/blog\/tendencies-en-disseny-grafic-de-2023\/#article","isPartOf":{"@id":"https:\/\/codewebbarcelona.com\/ca\/blog\/tendencies-en-disseny-grafic-de-2023\/"},"author":{"name":"cd26Bc","@id":"https:\/\/codewebbarcelona.com\/ca\/#\/schema\/person\/3af5f44aaf0de2919e9225aa5ca32567"},"headline":"Tend\u00e8ncies en disseny gr\u00e0fic del 2023","datePublished":"2023-04-05T08:28:34+00:00","dateModified":"2026-03-20T22:30:10+00:00","mainEntityOfPage":{"@id":"https:\/\/codewebbarcelona.com\/ca\/blog\/tendencies-en-disseny-grafic-de-2023\/"},"wordCount":3974,"image":{"@id":"https:\/\/codewebbarcelona.com\/ca\/blog\/tendencies-en-disseny-grafic-de-2023\/#primaryimage"},"thumbnailUrl":"https:\/\/codewebbarcelona.com\/wp-content\/uploads\/2023\/04\/las-tendencias-en-diseno-grafico-2023_029.jpg","articleSection":["Destacat","Inspiraci\u00f3","Dise\u00f1o gr\u00e1fico"],"inLanguage":"ca"},{"@type":"WebPage","@id":"https:\/\/codewebbarcelona.com\/ca\/blog\/tendencies-en-disseny-grafic-de-2023\/","url":"https:\/\/codewebbarcelona.com\/ca\/blog\/tendencies-en-disseny-grafic-de-2023\/","name":"Tendencias en dise\u00f1o gr\u00e1fico de 2023 - Code Barcelona","isPartOf":{"@id":"https:\/\/codewebbarcelona.com\/ca\/#website"},"primaryImageOfPage":{"@id":"https:\/\/codewebbarcelona.com\/ca\/blog\/tendencies-en-disseny-grafic-de-2023\/#primaryimage"},"image":{"@id":"https:\/\/codewebbarcelona.com\/ca\/blog\/tendencies-en-disseny-grafic-de-2023\/#primaryimage"},"thumbnailUrl":"https:\/\/codewebbarcelona.com\/wp-content\/uploads\/2023\/04\/las-tendencias-en-diseno-grafico-2023_029.jpg","datePublished":"2023-04-05T08:28:34+00:00","dateModified":"2026-03-20T22:30:10+00:00","author":{"@id":"https:\/\/codewebbarcelona.com\/ca\/#\/schema\/person\/3af5f44aaf0de2919e9225aa5ca32567"},"description":"Vista previa de la meta description:Las tendencias en dise\u00f1o gr\u00e1fico de 2023 son otro emocionante cap\u00edtulo en la evoluci\u00f3n del arte, a\u00f1o tras a\u00f1o van evolucionando y cambiando seg\u00fan el signo de los tiempos y las posibilidades de los medios contempor\u00e1neos.","inLanguage":"ca","potentialAction":[{"@type":"ReadAction","target":["https:\/\/codewebbarcelona.com\/ca\/blog\/tendencies-en-disseny-grafic-de-2023\/"]}]},{"@type":"ImageObject","inLanguage":"ca","@id":"https:\/\/codewebbarcelona.com\/ca\/blog\/tendencies-en-disseny-grafic-de-2023\/#primaryimage","url":"https:\/\/codewebbarcelona.com\/wp-content\/uploads\/2023\/04\/las-tendencias-en-diseno-grafico-2023_029.jpg","contentUrl":"https:\/\/codewebbarcelona.com\/wp-content\/uploads\/2023\/04\/las-tendencias-en-diseno-grafico-2023_029.jpg","width":930,"height":523},{"@type":"WebSite","@id":"https:\/\/codewebbarcelona.com\/ca\/#website","url":"https:\/\/codewebbarcelona.com\/ca\/","name":"Code Barcelona","description":"","potentialAction":[{"@type":"SearchAction","target":{"@type":"EntryPoint","urlTemplate":"https:\/\/codewebbarcelona.com\/ca\/?s={search_term_string}"},"query-input":{"@type":"PropertyValueSpecification","valueRequired":true,"valueName":"search_term_string"}}],"inLanguage":"ca"},{"@type":"Person","@id":"https:\/\/codewebbarcelona.com\/ca\/#\/schema\/person\/3af5f44aaf0de2919e9225aa5ca32567","name":"cd26Bc","image":{"@type":"ImageObject","inLanguage":"ca","@id":"https:\/\/secure.gravatar.com\/avatar\/b904e836584635855eaa0ee2922bae4fe2aa94ffb558048dcc5dac5f98f0fadc?s=96&d=mm&r=g","url":"https:\/\/secure.gravatar.com\/avatar\/b904e836584635855eaa0ee2922bae4fe2aa94ffb558048dcc5dac5f98f0fadc?s=96&d=mm&r=g","contentUrl":"https:\/\/secure.gravatar.com\/avatar\/b904e836584635855eaa0ee2922bae4fe2aa94ffb558048dcc5dac5f98f0fadc?s=96&d=mm&r=g","caption":"cd26Bc"},"sameAs":["https:\/\/codewebbarcelona.com"]}]}},"_links":{"self":[{"href":"https:\/\/codewebbarcelona.com\/ca\/wp-json\/wp\/v2\/posts\/14254","targetHints":{"allow":["GET"]}}],"collection":[{"href":"https:\/\/codewebbarcelona.com\/ca\/wp-json\/wp\/v2\/posts"}],"about":[{"href":"https:\/\/codewebbarcelona.com\/ca\/wp-json\/wp\/v2\/types\/post"}],"author":[{"embeddable":true,"href":"https:\/\/codewebbarcelona.com\/ca\/wp-json\/wp\/v2\/users\/1"}],"replies":[{"embeddable":true,"href":"https:\/\/codewebbarcelona.com\/ca\/wp-json\/wp\/v2\/comments?post=14254"}],"version-history":[{"count":2,"href":"https:\/\/codewebbarcelona.com\/ca\/wp-json\/wp\/v2\/posts\/14254\/revisions"}],"predecessor-version":[{"id":14286,"href":"https:\/\/codewebbarcelona.com\/ca\/wp-json\/wp\/v2\/posts\/14254\/revisions\/14286"}],"wp:featuredmedia":[{"embeddable":true,"href":"https:\/\/codewebbarcelona.com\/ca\/wp-json\/wp\/v2\/media\/935"}],"wp:attachment":[{"href":"https:\/\/codewebbarcelona.com\/ca\/wp-json\/wp\/v2\/media?parent=14254"}],"wp:term":[{"taxonomy":"category","embeddable":true,"href":"https:\/\/codewebbarcelona.com\/ca\/wp-json\/wp\/v2\/categories?post=14254"}],"curies":[{"name":"wp","href":"https:\/\/api.w.org\/{rel}","templated":true}]}}