{"id":14087,"date":"2021-11-02T19:26:56","date_gmt":"2021-11-02T19:26:56","guid":{"rendered":"https:\/\/codewebbarcelona.com\/tendencias-diseno-grafico-2022\/"},"modified":"2026-03-20T22:28:09","modified_gmt":"2026-03-20T22:28:09","slug":"tendencies-disseny-grafic-2022","status":"publish","type":"post","link":"https:\/\/codewebbarcelona.com\/ca\/blog\/tendencies-disseny-grafic-2022\/","title":{"rendered":"Tend\u00e8ncies en disseny gr\u00e0fic 2022"},"content":{"rendered":"<p>Un any m\u00e9s ens aturarem a revelar quines seran les <strong>tend\u00e8ncies en disseny gr\u00e0fic 2022<\/strong>.<\/p>\n<p>Si vols estar al dia i vols que els teus projectes estiguin realitzats de la millor manera possible, no et pots perdre aquest article en qu\u00e8 us avan\u00e7arem quines s\u00f3n les t\u00e8cniques creatives que durant l\u2019any 2022 formaran part dels <strong>millors dissenys gr\u00e0fics de l\u2019any 2022<\/strong>.<\/p>\n<h6>Revisi\u00f3 completa: a les <a href=\"https:\/\/codewebbarcelona.com\/blog\/tendencias-en-diseno-grafico-para-2026\/\">tend\u00e8ncies de disseny gr\u00e0fic 2026<\/a> explorem com evoluciona l\u2019est\u00e8tica i el branding digital.<\/h6>\n<p>Durant aquest article veurem quines seran les <strong>t\u00e8cniques de disseny gr\u00e0fic i creativitat<\/strong> que estaran presents a la majoria dels Awards del planeta.<\/p>\n<p>Cada tend\u00e8ncia estar\u00e0 degudament descrita, oferirem alguns exemples que ja s\u00f3n innovadors i avantguardistes avui dia, ja que s\u2019avancen a l\u2019inici de l\u2019any i ja incorporen la t\u00e8cnica creativa que marcar\u00e0 tend\u00e8ncia.<\/p>\n<p>[superfeatured]10346[\/superfeatured]<\/p>\n<p>Igual que en les edicions passades, el format de l\u2019article ser\u00e0 el seg\u00fcent:<\/p>\n<ul>\n<li><strong>Tend\u00e8ncia en disseny gr\u00e0fic<\/strong><\/li>\n<li>Explicaci\u00f3<\/li>\n<li>3 exemples de l\u2019\u00fas d\u2019aquesta <strong>tend\u00e8ncia<\/strong> + enlla\u00e7 al projecte<\/li>\n<li>Usos d\u2019aquesta <strong>tend\u00e8ncia en disseny gr\u00e0fic<\/strong><\/li>\n<li>Consells per al seu \u00fas<\/li>\n<\/ul>\n<p>Vols saber quines seran les<strong> tend\u00e8ncies en disseny gr\u00e0fic el 2022<\/strong>?<\/p>\n<p>Endavant!!!<\/p>\n<p>[nlform]<\/p>\n<h2>Les tend\u00e8ncies en disseny gr\u00e0fic 2022<\/h2>\n<h3>1. Letter cutting<\/h3>\n<p><img decoding=\"async\" class=\"alignnone size-full wp-image-10366\" src=\"https:\/\/codewebbarcelona.com\/wp-content\/uploads\/2021\/11\/tendencias-diseno-grafico-2022-letter-cutting-fragmented-gardens-01.jpg\" alt=\"tendencias-diseno-grafico-2022-letter-cutting-fragmented-gardens-01\" width=\"1695\" height=\"2400\" \/><\/p>\n<p>La primera <strong>tend\u00e8ncia en disseny gr\u00e0fic de 2022<\/strong> de qu\u00e8 parlarem \u00e9s el letter cutting o la t\u00e8cnica d\u2019emprar tipografies i paraules tallades, ja sigui amb espais en blanc o amb elements del mateix disseny com ara imatges, il\u00b7lustracions, altres paraules, espais en blanc, objectes 3D o qualsevol altra cosa que se t\u2019acudeixi.<\/p>\n<p>L\u2019objectiu aqu\u00ed \u00e9s mostrar un disseny molt m\u00e9s ric i din\u00e0mic, en qu\u00e8 tots els elements es comporten com un tot i s\u2019entrellacen de manera atractiva.<\/p>\n<p>D\u2019aquesta manera, durant l\u2019any 2022 veurem que els estudis de disseny gr\u00e0fic ens presentaran molts dissenys gr\u00e0fics que incorporen aquesta tend\u00e8ncia, que formar\u00e0 part dels<strong> millors dissenys gr\u00e0fics<\/strong> de l\u2019any seg\u00fcent.<\/p>\n<p>Fes una ullada als tres exemples d\u2019aquesta<strong> tend\u00e8ncia en disseny gr\u00e0fic<\/strong> i utilitza la informaci\u00f3 com a font d\u2019inspiraci\u00f3 per millorar la feina de l\u2019<strong>estudi de disseny gr\u00e0fic<\/strong>.<\/p>\n<h4>Projectes de disseny gr\u00e0fic que incorporen aquesta tend\u00e8ncia<\/h4>\n<p><strong><span class=\"Project-title-18X\">Artificio by Draav<\/span><\/strong><\/p>\n<p><img decoding=\"async\" class=\"alignnone size-full wp-image-10354\" src=\"https:\/\/codewebbarcelona.com\/wp-content\/uploads\/2021\/11\/tendencias-diseno-grafico-2022-letter-cutting-artificio-01.gif\" alt=\"tendencias-diseno-grafico-2022-letter-cutting-artificio-01\" width=\"1920\" height=\"1080\" \/> <img decoding=\"async\" class=\"alignnone size-full wp-image-10348\" src=\"https:\/\/codewebbarcelona.com\/wp-content\/uploads\/2021\/11\/tendencias-diseno-grafico-2022-letter-cutting-artificio-04.jpg\" alt=\"tendencias-diseno-grafico-2022-letter-cutting-artificio-04\" width=\"2080\" height=\"1170\" \/> <img decoding=\"async\" class=\"alignnone size-full wp-image-10352\" src=\"https:\/\/codewebbarcelona.com\/wp-content\/uploads\/2021\/11\/tendencias-diseno-grafico-2022-letter-cutting-artificio-08.jpg\" alt=\"tendencias-diseno-grafico-2022-letter-cutting-artificio-08\" width=\"2080\" height=\"1170\" \/> <img decoding=\"async\" class=\"alignnone size-full wp-image-10353\" src=\"https:\/\/codewebbarcelona.com\/wp-content\/uploads\/2021\/11\/tendencias-diseno-grafico-2022-letter-cutting-artificio-09.jpg\" alt=\"tendencias-diseno-grafico-2022-letter-cutting-artificio-09\" width=\"2369\" height=\"1333\" \/> <img decoding=\"async\" class=\"alignnone size-full wp-image-10349\" src=\"https:\/\/codewebbarcelona.com\/wp-content\/uploads\/2021\/11\/tendencias-diseno-grafico-2022-letter-cutting-artificio-05.jpg\" alt=\"tendencias-diseno-grafico-2022-letter-cutting-artificio-05\" width=\"2080\" height=\"1170\" \/> <img decoding=\"async\" class=\"alignnone size-full wp-image-10356\" src=\"https:\/\/codewebbarcelona.com\/wp-content\/uploads\/2021\/11\/tendencias-diseno-grafico-2022-letter-cutting-artificio-03.jpg\" alt=\"tendencias-diseno-grafico-2022-letter-cutting-artificio-03\" width=\"1920\" height=\"1080\" \/> <img decoding=\"async\" class=\"alignnone size-full wp-image-10355\" src=\"https:\/\/codewebbarcelona.com\/wp-content\/uploads\/2021\/11\/tendencias-diseno-grafico-2022-letter-cutting-artificio-02.jpg\" alt=\"tendencias-diseno-grafico-2022-letter-cutting-artificio-02\" width=\"2080\" height=\"1170\" \/> <img decoding=\"async\" class=\"alignnone size-full wp-image-10350\" src=\"https:\/\/codewebbarcelona.com\/wp-content\/uploads\/2021\/11\/tendencias-diseno-grafico-2022-letter-cutting-artificio-06.jpg\" alt=\"tendencias-diseno-grafico-2022-letter-cutting-artificio-06\" width=\"2080\" height=\"1170\" \/> <img decoding=\"async\" class=\"alignnone size-full wp-image-10351\" src=\"https:\/\/codewebbarcelona.com\/wp-content\/uploads\/2021\/11\/tendencias-diseno-grafico-2022-letter-cutting-artificio-07.jpg\" alt=\"tendencias-diseno-grafico-2022-letter-cutting-artificio-07\" width=\"1920\" height=\"1080\" \/><\/p>\n<p>En aquesta refer\u00e8ncia, el logotip presenta un letter cutting realitzat amb les mateixes lletres per\u00f2 amb una distorsi\u00f3 l\u00edquida; recordeu aquest concepte per a m\u00e9s endavant, i aconsegueix un disseny amb molt de dinamisme.<\/p>\n<p>A m\u00e9s, com a dada anecd\u00f2tica, aquest treball ha estat premiat amb el LAD de Plata 2021 en la categoria de Branding\/New Basic Identity.<\/p>\n<p><a href=\"https:\/\/www.behance.net\/gallery\/6747553\/Port-Typeface\" target=\"_blank\" rel=\"noopener\">Veure m\u00e9s<\/a><\/p>\n<p><strong><span class=\"Project-title-18X\">Orto by Gl\u00e1uber Sampaio<\/span><\/strong><\/p>\n<p><img decoding=\"async\" class=\"alignnone size-full wp-image-10357\" src=\"https:\/\/codewebbarcelona.com\/wp-content\/uploads\/2021\/11\/tendencias-diseno-grafico-2022-letter-cutting-orto-02.jpg\" alt=\"tendencias-diseno-grafico-2022-letter-cutting-orto-02\" width=\"1920\" height=\"1340\" \/> <img decoding=\"async\" class=\"alignnone size-full wp-image-10358\" src=\"https:\/\/codewebbarcelona.com\/wp-content\/uploads\/2021\/11\/tendencias-diseno-grafico-2022-letter-cutting-orto-03.jpg\" alt=\"tendencias-diseno-grafico-2022-letter-cutting-orto-03\" width=\"1920\" height=\"1340\" \/> <img decoding=\"async\" class=\"alignnone size-full wp-image-10359\" src=\"https:\/\/codewebbarcelona.com\/wp-content\/uploads\/2021\/11\/tendencias-diseno-grafico-2022-letter-cutting-orto-04.jpg\" alt=\"tendencias-diseno-grafico-2022-letter-cutting-orto-04\" width=\"1920\" height=\"1340\" \/> <img decoding=\"async\" class=\"alignnone size-full wp-image-10360\" src=\"https:\/\/codewebbarcelona.com\/wp-content\/uploads\/2021\/11\/tendencias-diseno-grafico-2022-letter-cutting-orto-05.jpg\" alt=\"tendencias-diseno-grafico-2022-letter-cutting-orto-05\" width=\"1920\" height=\"1340\" \/> <img decoding=\"async\" class=\"alignnone size-full wp-image-10361\" src=\"https:\/\/codewebbarcelona.com\/wp-content\/uploads\/2021\/11\/tendencias-diseno-grafico-2022-letter-cutting-orto-06.jpg\" alt=\"tendencias-diseno-grafico-2022-letter-cutting-orto-06\" width=\"1920\" height=\"1340\" \/> <img decoding=\"async\" class=\"alignnone size-full wp-image-10362\" src=\"https:\/\/codewebbarcelona.com\/wp-content\/uploads\/2021\/11\/tendencias-diseno-grafico-2022-letter-cutting-orto-01.jpg\" alt=\"tendencias-diseno-grafico-2022-letter-cutting-orto-01\" width=\"1920\" height=\"1340\" \/><\/p>\n<p>En aquest disseny veiem un altre exemple de letter cutting en el nom de la marca; sobre la tipografia s\u2019hi han superposat, a manera de talls, unes formes d\u2019aspecte topogr\u00e0fic i altres formes que aporten riquesa al disseny i ens parlen de l\u2019interior.<\/p>\n<p>Aquest <strong>disseny gr\u00e0fic \u00e9s guanyador del premi<\/strong> LAD Or 2021 en la categoria de <strong>disseny de branding<\/strong> i Branding Expression en Digital.<\/p>\n<p><a href=\"https:\/\/glaubersampaio.com\/\" target=\"_blank\" rel=\"noopener\">Veure m\u00e9s<\/a><\/p>\n<p><strong><span class=\"Project-title-18X\">Fragmented gardens by S&amp;Co.<\/span><\/strong><\/p>\n<p><img decoding=\"async\" class=\"alignnone size-full wp-image-10363\" src=\"https:\/\/codewebbarcelona.com\/wp-content\/uploads\/2021\/11\/tendencias-diseno-grafico-2022-letter-cutting-fragmented-gardens-02.jpg\" alt=\"tendencias-diseno-grafico-2022-letter-cutting-fragmented-gardens-02\" width=\"800\" height=\"1422\" \/> <img decoding=\"async\" class=\"alignnone size-full wp-image-10364\" src=\"https:\/\/codewebbarcelona.com\/wp-content\/uploads\/2021\/11\/tendencias-diseno-grafico-2022-letter-cutting-fragmented-gardens-03.jpg\" alt=\"tendencias-diseno-grafico-2022-letter-cutting-fragmented-gardens-03\" width=\"800\" height=\"1422\" \/> <img decoding=\"async\" class=\"alignnone size-full wp-image-10365\" src=\"https:\/\/codewebbarcelona.com\/wp-content\/uploads\/2021\/11\/tendencias-diseno-grafico-2022-letter-cutting-fragmented-gardens-04.jpg\" alt=\"tendencias-diseno-grafico-2022-letter-cutting-fragmented-gardens-04\" width=\"800\" height=\"1422\" \/> <img decoding=\"async\" class=\"alignnone size-full wp-image-10366\" src=\"https:\/\/codewebbarcelona.com\/wp-content\/uploads\/2021\/11\/tendencias-diseno-grafico-2022-letter-cutting-fragmented-gardens-01.jpg\" alt=\"tendencias-diseno-grafico-2022-letter-cutting-fragmented-gardens-01\" width=\"1695\" height=\"2400\" \/><\/p>\n<p>&nbsp;<\/p>\n<p>&nbsp;<\/p>\n<p>L\u2019\u00faltim exemple de letter cutting que empra aquesta<strong> tend\u00e8ncia en disseny gr\u00e0fic 2022<\/strong> est\u00e0 dedicat al p\u00f2ster que l\u2019<strong>estudi de disseny gr\u00e0fic<\/strong> S&amp;Co. ha realitzat.<\/p>\n<p>Aqu\u00ed veiem el letter cutting en la seva m\u00e0xima expressi\u00f3. El disseny presenta una tipografia tallada barrejada amb elements de fons del <strong>disseny gr\u00e0fic<\/strong> complet.<\/p>\n<p>Un dels millors dissenys gr\u00e0fics del moment, que ha estat premiat amb el LAD Bronze 2021 en la categoria de Graphic Design \/ Poster.<\/p>\n<p><a href=\"https:\/\/www.behance.net\/gallery\/6747553\/Port-Typeface\" target=\"_blank\" rel=\"noopener\">Veure m\u00e9s<\/a><\/p>\n<h4>On ho trobarem<\/h4>\n<p>Aquest \u00fas de la tipografia el trobarem en diferents tipus de projectes de disseny gr\u00e0fic; el veurem f\u00e0cilment en projectes en qu\u00e8 la tipografia tingui una gran import\u00e0ncia, cosa que el fa imprescindible pr\u00e0cticament en qualsevol treball.<\/p>\n<p>Aplicarem aquesta tend\u00e8ncia en:<\/p>\n<ul>\n<li><strong>Disseny web<\/strong><\/li>\n<li><strong>Disseny de cartells<\/strong><\/li>\n<li><strong>Creaci\u00f3 de branding<\/strong><\/li>\n<\/ul>\n<p>&nbsp;<\/p>\n<h4>Com aplicar aquesta tend\u00e8ncia<\/h4>\n<ul>\n<li>No dubtis a utilitzar-la com a part del teu treball<\/li>\n<li>El seu \u00fas ha de respondre a un plantejament previ<\/li>\n<\/ul>\n<p>&nbsp;<\/p>\n<h3>2. Minimalisme i materials texturitzats<\/h3>\n<p><img decoding=\"async\" class=\"alignnone size-full wp-image-10381\" src=\"https:\/\/codewebbarcelona.com\/wp-content\/uploads\/2021\/11\/texturizados-saatchi-11.jpg\" alt=\"texturizados-saatchi-11\" width=\"1200\" height=\"800\" \/><\/p>\n<p>Una altra de les <strong>tend\u00e8ncies en disseny gr\u00e0fic de 2022<\/strong> \u00e9s la combinaci\u00f3 del minimalisme i els materials amb textura.<\/p>\n<p>Amb l\u2019objectiu de generar un contrast molt alt i oferir a l\u2019observador un punch creatiu d\u2019alt nivell. Alguns <strong>dissenys gr\u00e0fics<\/strong> apostaran per combinar aquestes dues t\u00e8cniques tan atractives.<\/p>\n<p>D\u2019aquesta manera, el resultat \u00e9s un disseny fort, contundent, que aprofita el mitj\u00e0 creatiu per aportar el valor afegit que qualsevol marca vol per a si mateixa.<\/p>\n<h4>Projectes de disseny gr\u00e0fic que incorporen aquesta tend\u00e8ncia<\/h4>\n<p><strong><span class=\"Project-title-18X\">Zairus by heavy.mx<\/span><\/strong><\/p>\n<p><img decoding=\"async\" class=\"alignnone size-full wp-image-10367\" src=\"https:\/\/codewebbarcelona.com\/wp-content\/uploads\/2021\/11\/tendencias-diseno-grafico-2022-texturizados-zairus10.jpg\" alt=\"tendencias-diseno-grafico-2022-texturizados-zairus10\" width=\"1000\" height=\"666\" \/> <img decoding=\"async\" class=\"alignnone size-full wp-image-10368\" src=\"https:\/\/codewebbarcelona.com\/wp-content\/uploads\/2021\/11\/tendencias-diseno-grafico-2022-texturizados-zairus00.jpg\" alt=\"tendencias-diseno-grafico-2022-texturizados-zairus00\" width=\"1000\" height=\"492\" \/> <img decoding=\"async\" class=\"alignnone size-full wp-image-10369\" src=\"https:\/\/codewebbarcelona.com\/wp-content\/uploads\/2021\/11\/tendencias-diseno-grafico-2022-texturizados-zairus01.jpg\" alt=\"tendencias-diseno-grafico-2022-texturizados-zairus01\" width=\"1000\" height=\"550\" \/> <img decoding=\"async\" class=\"alignnone size-full wp-image-10370\" src=\"https:\/\/codewebbarcelona.com\/wp-content\/uploads\/2021\/11\/tendencias-diseno-grafico-2022-texturizados-zairus02.jpg\" alt=\"tendencias-diseno-grafico-2022-texturizados-zairus02\" width=\"1000\" height=\"669\" \/> <img decoding=\"async\" class=\"alignnone size-full wp-image-10371\" src=\"https:\/\/codewebbarcelona.com\/wp-content\/uploads\/2021\/11\/tendencias-diseno-grafico-2022-texturizados-zairus03.jpg\" alt=\"tendencias-diseno-grafico-2022-texturizados-zairus03\" width=\"1000\" height=\"751\" \/> <img decoding=\"async\" class=\"alignnone size-full wp-image-10372\" src=\"https:\/\/codewebbarcelona.com\/wp-content\/uploads\/2021\/11\/tendencias-diseno-grafico-2022-texturizados-zairus04.jpg\" alt=\"tendencias-diseno-grafico-2022-texturizados-zairus04\" width=\"1000\" height=\"1847\" \/> <img decoding=\"async\" class=\"alignnone size-full wp-image-10373\" src=\"https:\/\/codewebbarcelona.com\/wp-content\/uploads\/2021\/11\/tendencias-diseno-grafico-2022-texturizados-zairus05.jpg\" alt=\"tendencias-diseno-grafico-2022-texturizados-zairus05\" width=\"1000\" height=\"383\" \/> <img decoding=\"async\" class=\"alignnone size-full wp-image-10374\" src=\"https:\/\/codewebbarcelona.com\/wp-content\/uploads\/2021\/11\/tendencias-diseno-grafico-2022-texturizados-zairus06.jpg\" alt=\"tendencias-diseno-grafico-2022-texturizados-zairus06\" width=\"1000\" height=\"671\" \/> <img decoding=\"async\" class=\"alignnone size-full wp-image-10375\" src=\"https:\/\/codewebbarcelona.com\/wp-content\/uploads\/2021\/11\/tendencias-diseno-grafico-2022-texturizados-zairus07.jpg\" alt=\"tendencias-diseno-grafico-2022-texturizados-zairus07\" width=\"1000\" height=\"669\" \/> <img decoding=\"async\" class=\"alignnone size-full wp-image-10376\" src=\"https:\/\/codewebbarcelona.com\/wp-content\/uploads\/2021\/11\/tendencias-diseno-grafico-2022-texturizados-zairus08.jpg\" alt=\"tendencias-diseno-grafico-2022-texturizados-zairus08\" width=\"1000\" height=\"383\" \/> <img decoding=\"async\" class=\"alignnone size-full wp-image-10377\" src=\"https:\/\/codewebbarcelona.com\/wp-content\/uploads\/2021\/11\/tendencias-diseno-grafico-2022-texturizados-zairus09.jpg\" alt=\"tendencias-diseno-grafico-2022-texturizados-zairus09\" width=\"1000\" height=\"667\" \/><\/p>\n<p>En aquest exemple podem observar com una part del branding aplica de manera excel\u00b7lent aquesta <strong>tend\u00e8ncia en disseny gr\u00e0fic de 2022<\/strong>.<\/p>\n<p>El minimalisme de la targeta de visita es combina amb el material utilitzat per als elements del branding; en especial, en veiem l\u2019aplicaci\u00f3 directa a la targeta de visita.<\/p>\n<p><a href=\"http:\/\/heavy.mx\/\" target=\"_blank\" rel=\"noopener\">Veure m\u00e9s<\/a><\/p>\n<p><strong><span class=\"Project-title-18X\">21 Years of M&amp;C Saatchi<\/span><\/strong><\/p>\n<p><img decoding=\"async\" class=\"alignnone size-full wp-image-10380\" src=\"https:\/\/codewebbarcelona.com\/wp-content\/uploads\/2021\/11\/texturizados-saatchi-14.jpg\" alt=\"texturizados-saatchi-14\" width=\"1200\" height=\"800\" \/> <img decoding=\"async\" class=\"alignnone size-full wp-image-10382\" src=\"https:\/\/codewebbarcelona.com\/wp-content\/uploads\/2021\/11\/tendencias-diseno-grafico-2022-texturizados-saatchi-15.jpg\" alt=\"tendencias-diseno-grafico-2022-texturizados-saatchi-15\" width=\"1200\" height=\"800\" \/> <img decoding=\"async\" class=\"alignnone size-full wp-image-10379\" src=\"https:\/\/codewebbarcelona.com\/wp-content\/uploads\/2021\/11\/texturizados-saatchi-13.jpg\" alt=\"texturizados-saatchi-13\" width=\"1200\" height=\"800\" \/> <img decoding=\"async\" class=\"alignnone size-full wp-image-10383\" src=\"https:\/\/codewebbarcelona.com\/wp-content\/uploads\/2021\/11\/tendencias-diseno-grafico-2022-texturizados-saatchi-16.jpg\" alt=\"tendencias-diseno-grafico-2022-texturizados-saatchi-16\" width=\"1200\" height=\"800\" \/> <img decoding=\"async\" class=\"alignnone size-full wp-image-10378\" src=\"https:\/\/codewebbarcelona.com\/wp-content\/uploads\/2021\/11\/texturizados-saatchi-12.jpg\" alt=\"texturizados-saatchi-12\" width=\"1200\" height=\"800\" \/> <img decoding=\"async\" class=\"alignnone size-full wp-image-10381\" src=\"https:\/\/codewebbarcelona.com\/wp-content\/uploads\/2021\/11\/texturizados-saatchi-11.jpg\" alt=\"texturizados-saatchi-11\" width=\"1200\" height=\"800\" \/><\/p>\n<p>Un altre dels millors exemples que hem trobat \u00e9s el branding creat per als 21 anys de la companyia M&amp;C Saatchi.<\/p>\n<p>En aquest disseny hi veiem una aplicaci\u00f3 fant\u00e0stica del minimalisme i del material texturitzat.<\/p>\n<p>El resultat \u00e9s un disseny d\u2019elements de branding amb molt contrast creatiu que dona lloc a un disseny meravell\u00f3s i excel\u00b7lent que no deixa indiferent.<\/p>\n<p><a href=\"https:\/\/www.behance.net\/gallery\/35722685\/21-Years-of-M-C-Saatchi?tracking_source=project_owner_other_projects\" target=\"_blank\" rel=\"noopener\">Veure m\u00e9s<\/a><\/p>\n<p><strong><span class=\"Project-title-18X\">Tequila Soledad by Hi! Estudio<\/span><\/strong><\/p>\n<p><strong><span class=\"Project-title-18X\"><img decoding=\"async\" class=\"alignnone size-full wp-image-10384\" src=\"https:\/\/codewebbarcelona.com\/wp-content\/uploads\/2021\/11\/tendencias-diseno-grafico-2022-mat-texturizados-02.jpg\" alt=\"tendencias-diseno-grafico-2022-mat-texturizados-02\" width=\"2560\" height=\"1707\" \/> <img decoding=\"async\" class=\"alignnone size-full wp-image-10385\" src=\"https:\/\/codewebbarcelona.com\/wp-content\/uploads\/2021\/11\/tendencias-diseno-grafico-2022-mat-texturizados-03.jpg\" alt=\"tendencias-diseno-grafico-2022-mat-texturizados-03\" width=\"2560\" height=\"1440\" \/> <img decoding=\"async\" class=\"alignnone size-full wp-image-10386\" src=\"https:\/\/codewebbarcelona.com\/wp-content\/uploads\/2021\/11\/tendencias-diseno-grafico-2022-mat-texturizados-05.jpg\" alt=\"tendencias-diseno-grafico-2022-mat-texturizados-05\" width=\"2560\" height=\"1601\" \/> <img decoding=\"async\" class=\"alignnone size-full wp-image-10387\" src=\"https:\/\/codewebbarcelona.com\/wp-content\/uploads\/2021\/11\/tendencias-diseno-grafico-2022-mat-texturizados-06.jpg\" alt=\"tendencias-diseno-grafico-2022-mat-texturizados-06\" width=\"2560\" height=\"1600\" \/> <img decoding=\"async\" class=\"alignnone size-full wp-image-10388\" src=\"https:\/\/codewebbarcelona.com\/wp-content\/uploads\/2021\/11\/tendencias-diseno-grafico-2022-mat-texturizados-07.jpg\" alt=\"tendencias-diseno-grafico-2022-mat-texturizados-07\" width=\"2560\" height=\"1600\" \/> <img decoding=\"async\" class=\"alignnone size-full wp-image-10389\" src=\"https:\/\/codewebbarcelona.com\/wp-content\/uploads\/2021\/11\/tendencias-diseno-grafico-2022-mat-texturizados-08.jpg\" alt=\"tendencias-diseno-grafico-2022-mat-texturizados-08\" width=\"2560\" height=\"1707\" \/> <img decoding=\"async\" class=\"alignnone size-full wp-image-10390\" src=\"https:\/\/codewebbarcelona.com\/wp-content\/uploads\/2021\/11\/tendencias-diseno-grafico-2022-mat-texturizados-09.jpg\" alt=\"tendencias-diseno-grafico-2022-mat-texturizados-09\" width=\"2560\" height=\"1600\" \/> <img decoding=\"async\" class=\"alignnone size-full wp-image-10391\" src=\"https:\/\/codewebbarcelona.com\/wp-content\/uploads\/2021\/11\/tendencias-diseno-grafico-2022-mat-texturizados-10.jpg\" alt=\"tendencias-diseno-grafico-2022-mat-texturizados-10\" width=\"1707\" height=\"2560\" \/> <img decoding=\"async\" class=\"alignnone size-full wp-image-10392\" src=\"https:\/\/codewebbarcelona.com\/wp-content\/uploads\/2021\/11\/tendencias-diseno-grafico-2022-mat-texturizados-11.jpg\" alt=\"tendencias-diseno-grafico-2022-mat-texturizados-11\" width=\"2560\" height=\"1601\" \/> <img decoding=\"async\" class=\"alignnone size-full wp-image-10393\" src=\"https:\/\/codewebbarcelona.com\/wp-content\/uploads\/2021\/11\/tendencias-diseno-grafico-2022-mat-texturizados-01.jpg\" alt=\"tendencias-diseno-grafico-2022-mat-texturizados-01\" width=\"2560\" height=\"1707\" \/><\/span><\/strong><\/p>\n<p>Per acabar, acabem de veure un altre disseny, en aquest cas de <strong>branding i packaging<\/strong>, en qu\u00e8 aquesta <strong>tend\u00e8ncia en disseny gr\u00e0fic 2022<\/strong> es fa present en diversos elements del disseny.<\/p>\n<p>Un disseny fort i contundent, que utilitza el minimalisme en la forma i el color, i la textura en els materials utilitzats.<\/p>\n<p>El resultat \u00e9s un disseny molt contundent que deixa l\u2019espectador sense al\u00e8.<\/p>\n<p>Aquest disseny ha estat premiat amb el LAD Or 2021 en la categoria de Packaging.<\/p>\n<p><a href=\"https:\/\/www.hiestudio.com\/\" target=\"_blank\" rel=\"noopener\">Veure m\u00e9s<\/a><\/p>\n<h4>On ho trobarem<\/h4>\n<p>Aquesta <strong>tend\u00e8ncia en disseny gr\u00e0fic 2022<\/strong> la trobarem f\u00e0cilment en projectes de branding i packaging, per\u00f2 \u00e9s aplicable al disseny web i a qualsevol disseny gr\u00e0fic amb suport f\u00edsic.<\/p>\n<p>De tota manera, podem aplicar aquesta tend\u00e8ncia en:<\/p>\n<ul>\n<li><strong>Disseny editorial<\/strong><\/li>\n<li><strong>Disseny de branding<\/strong><\/li>\n<li><strong>Disseny de packaging<\/strong><\/li>\n<li><strong>Disseny de cartells<\/strong><\/li>\n<li><strong>Disseny web<\/strong><\/li>\n<li><strong>Imatge corporativa<\/strong><\/li>\n<\/ul>\n<h4>Com aplicar aquesta tend\u00e8ncia<\/h4>\n<ul>\n<li>El minimalisme i la textura donaran un plus creatiu als teus treballs<\/li>\n<li>Utilitza aquesta tend\u00e8ncia en disseny gr\u00e0fic de manera assenyada<\/li>\n<\/ul>\n<p>[superfeatured]10346[\/superfeatured]<\/p>\n<h3>3. Il\u00b7lustraci\u00f3 semirealista<\/h3>\n<p><img decoding=\"async\" class=\"alignnone size-full wp-image-10399\" src=\"https:\/\/codewebbarcelona.com\/wp-content\/uploads\/2021\/11\/tendencias-diseno-grafico-2022-ilustracion-semirrealista-kyesone-02.jpg\" alt=\"tendencias-diseno-grafico-2022-ilustracion-semirrealista-kyesone-02\" width=\"720\" height=\"899\" \/><\/p>\n<p>La il\u00b7lustraci\u00f3 semirealista \u00e9s una altra de les <strong>tend\u00e8ncies en disseny gr\u00e0fic<\/strong> que m\u00e9s s\u2019utilitzaran l\u2019any 2022.<\/p>\n<p>Aquesta t\u00e8cnica consisteix, com es pot endevinar pel seu mateix t\u00edtol, en l\u2019\u00fas i la combinaci\u00f3 d\u2019il\u00b7lustracions que siguin molt realistes.<\/p>\n<p>L\u2019objectiu \u00e9s aconseguir la riquesa de tots dos camps, la fotografia i la il\u00b7lustraci\u00f3.<\/p>\n<p>El resultat \u00e9s un disseny amb molta proximitat i creativitat, amb el qual podrem millorar una fotografia i la vida real, i portar-la a un pla m\u00e9s imaginatiu.<\/p>\n<h4>Projectes de disseny gr\u00e0fic que incorporen aquesta tend\u00e8ncia<\/h4>\n<p><strong><span class=\"Project-title-18X\">Kyesone<\/span><\/strong><\/p>\n<p><img decoding=\"async\" class=\"alignnone size-full wp-image-10507\" src=\"https:\/\/codewebbarcelona.com\/wp-content\/uploads\/2021\/11\/ilustracion-semirrealista-kyesone-001.jpeg\" alt=\"\" width=\"768\" height=\"960\" \/> <img decoding=\"async\" class=\"alignnone size-full wp-image-10508\" src=\"https:\/\/codewebbarcelona.com\/wp-content\/uploads\/2021\/11\/ilustracion-semirrealista-kyesone-002.jpg\" alt=\"\" width=\"720\" height=\"899\" \/> <img decoding=\"async\" class=\"alignnone size-full wp-image-10509\" src=\"https:\/\/codewebbarcelona.com\/wp-content\/uploads\/2021\/11\/ilustracion-semirrealista-kyesone-003.jpeg\" alt=\"\" width=\"768\" height=\"960\" \/> <img decoding=\"async\" class=\"alignnone size-full wp-image-10510\" src=\"https:\/\/codewebbarcelona.com\/wp-content\/uploads\/2021\/11\/ilustracion-semirrealista-kyesone-004.jpg\" alt=\"\" width=\"768\" height=\"960\" \/> <img decoding=\"async\" class=\"alignnone size-full wp-image-10511\" src=\"https:\/\/codewebbarcelona.com\/wp-content\/uploads\/2021\/11\/ilustracion-semirrealista-kyesone-005.jpg\" alt=\"\" width=\"819\" height=\"1024\" \/> <img decoding=\"async\" class=\"alignnone size-full wp-image-10512\" src=\"https:\/\/codewebbarcelona.com\/wp-content\/uploads\/2021\/11\/ilustracion-semirrealista-kyesone-006.jpg\" alt=\"\" width=\"836\" height=\"1024\" \/> <img decoding=\"async\" class=\"alignnone size-full wp-image-10513\" src=\"https:\/\/codewebbarcelona.com\/wp-content\/uploads\/2021\/11\/ilustracion-semirrealista-kyesone-007.jpg\" alt=\"\" width=\"819\" height=\"1024\" \/> <img decoding=\"async\" class=\"alignnone size-full wp-image-10514\" src=\"https:\/\/codewebbarcelona.com\/wp-content\/uploads\/2021\/11\/ilustracion-semirrealista-kyesone-008.jpg\" alt=\"\" width=\"819\" height=\"1024\" \/> <img decoding=\"async\" class=\"alignnone size-full wp-image-10515\" src=\"https:\/\/codewebbarcelona.com\/wp-content\/uploads\/2021\/11\/ilustracion-semirrealista-kyesone-009.jpg\" alt=\"\" width=\"819\" height=\"1024\" \/> <img decoding=\"async\" class=\"alignnone size-full wp-image-10516\" src=\"https:\/\/codewebbarcelona.com\/wp-content\/uploads\/2021\/11\/ilustracion-semirrealista-kyesone-010.jpg\" alt=\"\" width=\"819\" height=\"1024\" \/> <img decoding=\"async\" class=\"alignnone size-full wp-image-10517\" src=\"https:\/\/codewebbarcelona.com\/wp-content\/uploads\/2021\/11\/ilustracion-semirrealista-kyesone-011.jpg\" alt=\"\" width=\"842\" height=\"1024\" \/> <img decoding=\"async\" class=\"alignnone size-full wp-image-10518\" src=\"https:\/\/codewebbarcelona.com\/wp-content\/uploads\/2021\/11\/ilustracion-semirrealista-kyesone-012.jpg\" alt=\"\" width=\"819\" height=\"1024\" \/> <img decoding=\"async\" class=\"alignnone size-full wp-image-10519\" src=\"https:\/\/codewebbarcelona.com\/wp-content\/uploads\/2021\/11\/ilustracion-semirrealista-kyesone-013.jpg\" alt=\"\" width=\"819\" height=\"1024\" \/> <img decoding=\"async\" class=\"alignnone size-full wp-image-10520\" src=\"https:\/\/codewebbarcelona.com\/wp-content\/uploads\/2021\/11\/ilustracion-semirrealista-kyesone-014.jpg\" alt=\"\" width=\"819\" height=\"1024\" \/> <img decoding=\"async\" class=\"alignnone size-full wp-image-10521\" src=\"https:\/\/codewebbarcelona.com\/wp-content\/uploads\/2021\/11\/ilustracion-semirrealista-kyesone-015.jpg\" alt=\"\" width=\"819\" height=\"1024\" \/> <img decoding=\"async\" class=\"alignnone size-full wp-image-10522\" src=\"https:\/\/codewebbarcelona.com\/wp-content\/uploads\/2021\/11\/ilustracion-semirrealista-kyesone-016.jpg\" alt=\"\" width=\"793\" height=\"991\" \/> <img decoding=\"async\" class=\"alignnone size-full wp-image-10523\" src=\"https:\/\/codewebbarcelona.com\/wp-content\/uploads\/2021\/11\/ilustracion-semirrealista-kyesone-017.jpg\" alt=\"\" width=\"793\" height=\"991\" \/> <img decoding=\"async\" class=\"alignnone size-full wp-image-10524\" src=\"https:\/\/codewebbarcelona.com\/wp-content\/uploads\/2021\/11\/ilustracion-semirrealista-kyesone-018.jpg\" alt=\"\" width=\"793\" height=\"851\" \/> <img decoding=\"async\" class=\"alignnone size-full wp-image-10525\" src=\"https:\/\/codewebbarcelona.com\/wp-content\/uploads\/2021\/11\/ilustracion-semirrealista-kyesone-019.jpg\" alt=\"\" width=\"793\" height=\"991\" \/><\/p>\n<p>Per a aquest exemple sobren les paraules. L&#8217;artista franc\u00e8s Ky\u00e8s ha realitzat una s\u00e8rie d&#8217;il\u00b7lustracions semirealistes en qu\u00e8 ha convertit icones pop en pintures cl\u00e0ssiques renaixentistes.<\/p>\n<p>D&#8217;aquesta manera ha aconseguit aportar un valor afegit a la imatge potent de personatges de la cultura pop.<\/p>\n<p><a href=\"https:\/\/www.instagram.com\/kyesone\/?hl=es\" target=\"_blank\" rel=\"noopener\">Veure&#8217;n m\u00e9s<\/a><\/p>\n<p><strong><span class=\"Project-title-18X\">Treasure our Wh\u0101nau by RUN<\/span><\/strong><\/p>\n<p><iframe src=\"https:\/\/player.vimeo.com\/video\/571919726?h=33e1671249&amp;title=0&amp;byline=0&amp;portrait=0\" width=\"1000\" height=\"563\" frameborder=\"0\" allowfullscreen=\"allowfullscreen\"><\/iframe><br \/>\n<img decoding=\"async\" class=\"alignnone size-full wp-image-10400\" src=\"https:\/\/codewebbarcelona.com\/wp-content\/uploads\/2021\/11\/tendencias-diseno-grafico-2022-ilustracion-semirrealista-treasure-03.jpg\" alt=\"tendencias-diseno-grafico-2022-ilustracion-semirrealista-treasure-03\" width=\"2335\" height=\"1652\" \/> <img decoding=\"async\" class=\"alignnone size-full wp-image-10401\" src=\"https:\/\/codewebbarcelona.com\/wp-content\/uploads\/2021\/11\/tendencias-diseno-grafico-2022-ilustracion-semirrealista-treasure-04.jpg\" alt=\"tendencias-diseno-grafico-2022-ilustracion-semirrealista-treasure-04\" width=\"2335\" height=\"1652\" \/> <img decoding=\"async\" class=\"alignnone size-full wp-image-10402\" src=\"https:\/\/codewebbarcelona.com\/wp-content\/uploads\/2021\/11\/tendencias-diseno-grafico-2022-ilustracion-semirrealista-treasure-05.jpg\" alt=\"tendencias-diseno-grafico-2022-ilustracion-semirrealista-treasure-05\" width=\"2335\" height=\"1652\" \/> <img decoding=\"async\" class=\"alignnone size-full wp-image-10403\" src=\"https:\/\/codewebbarcelona.com\/wp-content\/uploads\/2021\/11\/tendencias-diseno-grafico-2022-ilustracion-semirrealista-treasure-06.jpg\" alt=\"tendencias-diseno-grafico-2022-ilustracion-semirrealista-treasure-06\" width=\"2335\" height=\"1652\" \/> <img decoding=\"async\" class=\"alignnone size-full wp-image-10404\" src=\"https:\/\/codewebbarcelona.com\/wp-content\/uploads\/2021\/11\/tendencias-diseno-grafico-2022-ilustracion-semirrealista-treasure-07.jpg\" alt=\"tendencias-diseno-grafico-2022-ilustracion-semirrealista-treasure-07\" width=\"2335\" height=\"1652\" \/> <img decoding=\"async\" class=\"alignnone size-full wp-image-10405\" src=\"https:\/\/codewebbarcelona.com\/wp-content\/uploads\/2021\/11\/tendencias-diseno-grafico-2022-ilustracion-semirrealista-treasure-08.jpg\" alt=\"tendencias-diseno-grafico-2022-ilustracion-semirrealista-treasure-08\" width=\"2335\" height=\"1652\" \/> <img decoding=\"async\" class=\"alignnone size-full wp-image-10406\" src=\"https:\/\/codewebbarcelona.com\/wp-content\/uploads\/2021\/11\/tendencias-diseno-grafico-2022-ilustracion-semirrealista-treasure-01.jpg\" alt=\"tendencias-diseno-grafico-2022-ilustracion-semirrealista-treasure-01\" width=\"2335\" height=\"1652\" \/> <img decoding=\"async\" class=\"alignnone size-full wp-image-10407\" src=\"https:\/\/codewebbarcelona.com\/wp-content\/uploads\/2021\/11\/tendencias-diseno-grafico-2022-ilustracion-semirrealista-treasure-02.jpg\" alt=\"tendencias-diseno-grafico-2022-ilustracion-semirrealista-treasure-02\" width=\"2335\" height=\"1652\" \/><\/p>\n<p>Aquest projecte forma part de la campanya d&#8217;IMAC juntament amb el Ministeri de Salut perqu\u00e8 la poblaci\u00f3 sigui conscient de la import\u00e0ncia de la vacunaci\u00f3 contra la grip, enfocada a la poblaci\u00f3 maori i asi\u00e0tica de m\u00e9s de 65 anys.<\/p>\n<p>Veiem com aquesta<strong> tend\u00e8ncia en disseny gr\u00e0fic 2022<\/strong> li va com l&#8217;anell al dit, ja que amb ella s&#8217;aconsegueix transmetre la proximitat de la gent real alhora que s&#8217;evita la cruesa de les imatges reals que ens allunyen un pas del projecte.<\/p>\n<p>Aquest projecte ha estat finalista als premis Best Awards de Nova Zelanda.<\/p>\n<p><a href=\"https:\/\/www.behance.net\/gallery\/6747553\/Port-Typeface\" target=\"_blank\" rel=\"noopener\">Veure&#8217;n m\u00e9s<\/a><\/p>\n<p><strong><span class=\"Project-title-18X\">Nappy by Emma Marriott<\/span><\/strong><\/p>\n<p><img decoding=\"async\" class=\"alignnone size-full wp-image-10408\" src=\"https:\/\/codewebbarcelona.com\/wp-content\/uploads\/2021\/11\/tendencias-diseno-grafico-2022-ilustracion-semirrealista-nappy-03.jpg\" alt=\"tendencias-diseno-grafico-2022-ilustracion-semirrealista-nappy-03\" width=\"2330\" height=\"1652\" \/> <img decoding=\"async\" class=\"alignnone size-full wp-image-10409\" src=\"https:\/\/codewebbarcelona.com\/wp-content\/uploads\/2021\/11\/tendencias-diseno-grafico-2022-ilustracion-semirrealista-nappy-04.jpg\" alt=\"tendencias-diseno-grafico-2022-ilustracion-semirrealista-nappy-04\" width=\"2330\" height=\"1652\" \/> <img decoding=\"async\" class=\"alignnone size-full wp-image-10410\" src=\"https:\/\/codewebbarcelona.com\/wp-content\/uploads\/2021\/11\/tendencias-diseno-grafico-2022-ilustracion-semirrealista-nappy-05.jpg\" alt=\"tendencias-diseno-grafico-2022-ilustracion-semirrealista-nappy-05\" width=\"2330\" height=\"1652\" \/> <img decoding=\"async\" class=\"alignnone size-full wp-image-10411\" src=\"https:\/\/codewebbarcelona.com\/wp-content\/uploads\/2021\/11\/tendencias-diseno-grafico-2022-ilustracion-semirrealista-nappy-06.jpg\" alt=\"tendencias-diseno-grafico-2022-ilustracion-semirrealista-nappy-06\" width=\"2330\" height=\"1652\" \/> <img decoding=\"async\" class=\"alignnone size-full wp-image-10412\" src=\"https:\/\/codewebbarcelona.com\/wp-content\/uploads\/2021\/11\/tendencias-diseno-grafico-2022-ilustracion-semirrealista-nappy-07.jpg\" alt=\"tendencias-diseno-grafico-2022-ilustracion-semirrealista-nappy-07\" width=\"2330\" height=\"1652\" \/> <img decoding=\"async\" class=\"alignnone size-full wp-image-10413\" src=\"https:\/\/codewebbarcelona.com\/wp-content\/uploads\/2021\/11\/tendencias-diseno-grafico-2022-ilustracion-semirrealista-nappy-08.jpg\" alt=\"tendencias-diseno-grafico-2022-ilustracion-semirrealista-nappy-08\" width=\"2330\" height=\"1652\" \/> <img decoding=\"async\" class=\"alignnone size-full wp-image-10414\" src=\"https:\/\/codewebbarcelona.com\/wp-content\/uploads\/2021\/11\/tendencias-diseno-grafico-2022-ilustracion-semirrealista-nappy-09.jpg\" alt=\"tendencias-diseno-grafico-2022-ilustracion-semirrealista-nappy-09\" width=\"2330\" height=\"1652\" \/> <img decoding=\"async\" class=\"alignnone size-full wp-image-10415\" src=\"https:\/\/codewebbarcelona.com\/wp-content\/uploads\/2021\/11\/tendencias-diseno-grafico-2022-ilustracion-semirrealista-nappy-010.jpg\" alt=\"tendencias-diseno-grafico-2022-ilustracion-semirrealista-nappy-010\" width=\"2330\" height=\"1652\" \/> <img decoding=\"async\" class=\"alignnone size-full wp-image-10416\" src=\"https:\/\/codewebbarcelona.com\/wp-content\/uploads\/2021\/11\/tendencias-diseno-grafico-2022-ilustracion-semirrealista-nappy-01.jpg\" alt=\"tendencias-diseno-grafico-2022-ilustracion-semirrealista-nappy-01\" width=\"2330\" height=\"1652\" \/> <img decoding=\"async\" class=\"alignnone size-full wp-image-10417\" src=\"https:\/\/codewebbarcelona.com\/wp-content\/uploads\/2021\/11\/tendencias-diseno-grafico-2022-ilustracion-semirrealista-nappy-02.jpg\" alt=\"tendencias-diseno-grafico-2022-ilustracion-semirrealista-nappy-02\" width=\"2330\" height=\"1652\" \/><\/p>\n<p>En aquest projecte veiem l&#8217;aplicaci\u00f3 de les il\u00b7lustracions semirealistes amb la mateixa finalitat que en les dues refer\u00e8ncies anteriors.<\/p>\n<p>El resultat \u00e9s un producte amb molta personalitat, que utilitza elements i figures de la natura, i que evita la cruesa de la imatge directa sobre un producte.<\/p>\n<p><a href=\"https:\/\/bestawards.co.nz\/graphic\/design-craft\/emma-marriott-1\/little-lamb-nappy-prints\/\" target=\"_blank\" rel=\"noopener\">Veure&#8217;n m\u00e9s<\/a><\/p>\n<h4>On ho trobarem<\/h4>\n<p>Aquesta <strong>tend\u00e8ncia en disseny gr\u00e0fic 2022<\/strong> la trobarem en diversos formats de disseny gr\u00e0fic, per\u00f2 creiem que especialment en publicitat i material impr\u00e8s.<\/p>\n<p>De tota manera, podem aplicar aquesta tend\u00e8ncia en:<\/p>\n<ul>\n<li><b>Disseny de producte<\/b><\/li>\n<li><strong>Publicitat<\/strong><\/li>\n<li><strong>Material impr\u00e8s<\/strong><\/li>\n<li><strong>Disseny de cartells<\/strong><\/li>\n<li><strong>Disseny d&#8217;imatge corporativa<\/strong><\/li>\n<li><strong>Creaci\u00f3 de branding<\/strong><\/li>\n<\/ul>\n<h4>Com aplicar aquesta tend\u00e8ncia<\/h4>\n<ul>\n<li>La il\u00b7lustraci\u00f3 semirealista \u00e9s una t\u00e8cnica que cal dominar<\/li>\n<li>Respon a una necessitat real del projecte<\/li>\n<\/ul>\n<p>&nbsp;<\/p>\n<h3>4. Formes vectorials<\/h3>\n<p><img decoding=\"async\" class=\"alignnone size-full wp-image-10431\" src=\"https:\/\/codewebbarcelona.com\/wp-content\/uploads\/2021\/11\/tendencias-diseno-grafico-2022-formas-vectoriales-volke-08.jpg\" alt=\"tendencias-diseno-grafico-2022-formas-vectoriales-volke-05\" width=\"1559\" height=\"1008\" \/><\/p>\n<p>Durant l&#8217;any 2022, una altra de les <strong>tend\u00e8ncies en disseny gr\u00e0fic<\/strong> que predominar\u00e0 en molts dels dissenys gr\u00e0fics guanyadors ser\u00e0 l&#8217;\u00fas de formes vectorials estridents.<\/p>\n<p>Amb aix\u00f2 parlem de formes i moviments d&#8217;elements que s&#8217;han creat expressament de manera vectorial i que es podran utilitzar de manera est\u00e0tica o, molt m\u00e9s atrevit, en moviment.<\/p>\n<p>El resultat d&#8217;aquesta t\u00e8cnica creativa \u00e9s aconseguir captar l&#8217;atenci\u00f3 dels espectadors, millorar qualsevol disseny i potenciar la creativitat i la imatge corporativa de qualsevol empresa.<\/p>\n<h4>Projectes de disseny gr\u00e0fic que incorporen aquesta tend\u00e8ncia<\/h4>\n<p><strong><span class=\"Project-title-18X\">Sesc 24 de Tereza Bettinardi<\/span><\/strong><\/p>\n<p><img decoding=\"async\" class=\"alignnone size-full wp-image-10418\" src=\"https:\/\/codewebbarcelona.com\/wp-content\/uploads\/2021\/11\/tendencias-diseno-grafico-2022-formas-vectoriales-sesc24-02.jpg\" alt=\"tendencias-diseno-grafico-2022-formas-vectoriales-sesc24-02\" width=\"1920\" height=\"1080\" \/> <img decoding=\"async\" class=\"alignnone size-full wp-image-10419\" src=\"https:\/\/codewebbarcelona.com\/wp-content\/uploads\/2021\/11\/tendencias-diseno-grafico-2022-formas-vectoriales-sesc24-03.jpg\" alt=\"tendencias-diseno-grafico-2022-formas-vectoriales-sesc24-03\" width=\"1920\" height=\"1080\" \/> <img decoding=\"async\" class=\"alignnone size-full wp-image-10420\" src=\"https:\/\/codewebbarcelona.com\/wp-content\/uploads\/2021\/11\/tendencias-diseno-grafico-2022-formas-vectoriales-sesc24-04.jpg\" alt=\"tendencias-diseno-grafico-2022-formas-vectoriales-sesc24-04\" width=\"2133\" height=\"1440\" \/> <img decoding=\"async\" class=\"alignnone size-full wp-image-10421\" src=\"https:\/\/codewebbarcelona.com\/wp-content\/uploads\/2021\/11\/tendencias-diseno-grafico-2022-formas-vectoriales-sesc24-05.jpg\" alt=\"tendencias-diseno-grafico-2022-formas-vectoriales-sesc24-05\" width=\"1920\" height=\"1080\" \/> <img decoding=\"async\" class=\"alignnone size-full wp-image-10422\" src=\"https:\/\/codewebbarcelona.com\/wp-content\/uploads\/2021\/11\/tendencias-diseno-grafico-2022-formas-vectoriales-sesc24-06.jpg\" alt=\"tendencias-diseno-grafico-2022-formas-vectoriales-sesc24-06\" width=\"2133\" height=\"1440\" \/> <img decoding=\"async\" class=\"alignnone size-full wp-image-10423\" src=\"https:\/\/codewebbarcelona.com\/wp-content\/uploads\/2021\/11\/tendencias-diseno-grafico-2022-formas-vectoriales-sesc24-08.jpg\" alt=\"tendencias-diseno-grafico-2022-formas-vectoriales-sesc24-08\" width=\"2133\" height=\"1440\" \/> <img decoding=\"async\" class=\"alignnone size-full wp-image-10424\" src=\"https:\/\/codewebbarcelona.com\/wp-content\/uploads\/2021\/11\/tendencias-diseno-grafico-2022-formas-vectoriales-sesc24-09.jpg\" alt=\"tendencias-diseno-grafico-2022-formas-vectoriales-sesc24-09\" width=\"1920\" height=\"1080\" \/> <img decoding=\"async\" class=\"alignnone size-full wp-image-10425\" src=\"https:\/\/codewebbarcelona.com\/wp-content\/uploads\/2021\/11\/tendencias-diseno-grafico-2022-formas-vectoriales-sesc24-01.jpg\" alt=\"tendencias-diseno-grafico-2022-formas-vectoriales-sesc24-01\" width=\"2133\" height=\"1440\" \/><\/p>\n<p>En el disseny dels fullets bimestrals que serveixen per presentar els cursos de Sesc 24 del mes de maig, la creativa Teresa Bettinardi ha dut a terme un projecte en qu\u00e8 veiem l\u2019aplicaci\u00f3 de formes vectorials i l\u2019\u00fas del color d\u2019una manera molt estrident.<\/p>\n<p>Cal destacar que les formes vectorials no nom\u00e9s s\u00f3n presents a la part positiva del projecte, sin\u00f3 que tamb\u00e9 es fan visibles a la part negativa i a l\u2019ombra dels elements.<\/p>\n<p>Aquest disseny gr\u00e0fic ha estat guanyador del premi LAD Or en la categoria de disseny de cat\u00e0leg i brochure 2021.<\/p>\n<p><a href=\"https:\/\/terezabettinardi.com\/\" target=\"_blank\" rel=\"noopener\">Veure m\u00e9s<\/a><\/p>\n<p><strong><span class=\"Project-title-18X\">Holke 79 de Panico<\/span><\/strong><\/p>\n<p><img decoding=\"async\" class=\"alignnone size-full wp-image-9604\" src=\"https:\/\/codewebbarcelona.com\/wp-content\/uploads\/2021\/11\/mejores-tarjetas-visita-2022-holke79-00.gif\" alt=\"mejores-tarjetas-visita-2022-holke79-00\" width=\"1800\" height=\"1165\" \/> <img decoding=\"async\" class=\"alignnone size-full wp-image-9605\" src=\"https:\/\/codewebbarcelona.com\/wp-content\/uploads\/2021\/11\/mejores-tarjetas-visita-2022-holke79-00.jpg\" alt=\"mejores-tarjetas-visita-2022-holke79-00\" width=\"1670\" height=\"1081\" \/> <img decoding=\"async\" class=\"alignnone size-full wp-image-9606\" src=\"https:\/\/codewebbarcelona.com\/wp-content\/uploads\/2021\/11\/mejores-tarjetas-visita-2022-holke79-01.gif\" alt=\"mejores-tarjetas-visita-2022-holke79-01\" width=\"1800\" height=\"1165\" \/> <img decoding=\"async\" class=\"alignnone size-full wp-image-9607\" src=\"https:\/\/codewebbarcelona.com\/wp-content\/uploads\/2021\/11\/mejores-tarjetas-visita-2022-holke79-02.gif\" alt=\"mejores-tarjetas-visita-2022-holke79-02\" width=\"1800\" height=\"1165\" \/> <img decoding=\"async\" class=\"alignnone size-full wp-image-9608\" src=\"https:\/\/codewebbarcelona.com\/wp-content\/uploads\/2021\/11\/mejores-tarjetas-visita-2022-holke79-02.jpg\" alt=\"mejores-tarjetas-visita-2022-holke79-02\" width=\"1671\" height=\"1236\" \/> <img decoding=\"async\" class=\"alignnone size-full wp-image-9609\" src=\"https:\/\/codewebbarcelona.com\/wp-content\/uploads\/2021\/11\/mejores-tarjetas-visita-2022-holke79-03.gif\" alt=\"mejores-tarjetas-visita-2022-holke79-03\" width=\"1800\" height=\"1165\" \/> <img decoding=\"async\" class=\"alignnone size-full wp-image-9610\" src=\"https:\/\/codewebbarcelona.com\/wp-content\/uploads\/2021\/11\/mejores-tarjetas-visita-2022-holke79-03.jpg\" alt=\"mejores-tarjetas-visita-2022-holke79-03\" width=\"2088\" height=\"1351\" \/> <img decoding=\"async\" class=\"alignnone size-full wp-image-9611\" src=\"https:\/\/codewebbarcelona.com\/wp-content\/uploads\/2021\/11\/mejores-tarjetas-visita-2022-holke79-04.jpg\" alt=\"mejores-tarjetas-visita-2022-holke79-03\" width=\"2000\" height=\"1289\" \/> <img decoding=\"async\" class=\"alignnone size-full wp-image-9612\" src=\"https:\/\/codewebbarcelona.com\/wp-content\/uploads\/2021\/11\/mejores-tarjetas-visita-2022-holke79-05.jpg\" alt=\"mejores-tarjetas-visita-2022-holke79-03\" width=\"2000\" height=\"1293\" \/> <img decoding=\"async\" class=\"alignnone size-full wp-image-9613\" src=\"https:\/\/codewebbarcelona.com\/wp-content\/uploads\/2021\/11\/mejores-tarjetas-visita-2022-holke79-06.jpg\" alt=\"mejores-tarjetas-visita-2022-holke79-03\" width=\"2000\" height=\"1294\" \/> <img decoding=\"async\" class=\"alignnone size-full wp-image-9614\" src=\"https:\/\/codewebbarcelona.com\/wp-content\/uploads\/2021\/11\/mejores-tarjetas-visita-2022-holke79-07.jpg\" alt=\"mejores-tarjetas-visita-2022-holke79-03\" width=\"1876\" height=\"1576\" \/> <img decoding=\"async\" class=\"alignnone size-full wp-image-9615\" src=\"https:\/\/codewebbarcelona.com\/wp-content\/uploads\/2021\/11\/mejores-tarjetas-visita-2022-holke79-08.jpg\" alt=\"mejores-tarjetas-visita-2022-holke79-08\" width=\"2088\" height=\"1871\" \/> <img decoding=\"async\" class=\"alignnone size-full wp-image-9616\" src=\"https:\/\/codewebbarcelona.com\/wp-content\/uploads\/2021\/11\/mejores-tarjetas-visita-2022-holke79-09.jpg\" alt=\"mejores-tarjetas-visita-2022-holke79-08\" width=\"1559\" height=\"1008\" \/> <img decoding=\"async\" class=\"alignnone size-full wp-image-9617\" src=\"https:\/\/codewebbarcelona.com\/wp-content\/uploads\/2021\/11\/mejores-tarjetas-visita-2022-holke79-10.jpg\" alt=\"mejores-tarjetas-visita-2022-holke79-10\" width=\"1750\" height=\"1132\" \/> <img decoding=\"async\" class=\"alignnone size-full wp-image-9618\" src=\"https:\/\/codewebbarcelona.com\/wp-content\/uploads\/2021\/11\/mejores-tarjetas-visita-2022-holke79-11.jpg\" alt=\"mejores-tarjetas-visita-2022-holke79-11\" width=\"1750\" height=\"1132\" \/><\/p>\n<p><img decoding=\"async\" class=\"alignnone size-full wp-image-9592\" src=\"https:\/\/codewebbarcelona.com\/wp-content\/uploads\/2021\/11\/mejores-tarjetas-visita-2022-holke79-14.jpg\" alt=\"mejores-tarjetas-visita-2022-holke79-14\" width=\"1750\" height=\"1132\" \/><\/p>\n<p><img decoding=\"async\" class=\"alignnone size-full wp-image-9593\" src=\"https:\/\/codewebbarcelona.com\/wp-content\/uploads\/2021\/11\/mejores-tarjetas-visita-2022-holke79-12.jpg\" alt=\"mejores-tarjetas-visita-2022-holke79-12\" width=\"1750\" height=\"1132\" \/> <img decoding=\"async\" class=\"alignnone size-full wp-image-9594\" src=\"https:\/\/codewebbarcelona.com\/wp-content\/uploads\/2021\/11\/mejores-tarjetas-visita-2022-holke79-13.jpg\" alt=\"mejores-tarjetas-visita-2022-holke79-13\" width=\"1750\" height=\"1132\" \/> <img decoding=\"async\" class=\"alignnone size-full wp-image-9595\" src=\"https:\/\/codewebbarcelona.com\/wp-content\/uploads\/2021\/11\/mejores-tarjetas-visita-2022-holke79-15.jpg\" alt=\"mejores-tarjetas-visita-2022-holke79-15\" width=\"1750\" height=\"1132\" \/> <img decoding=\"async\" class=\"alignnone size-full wp-image-9596\" src=\"https:\/\/codewebbarcelona.com\/wp-content\/uploads\/2021\/11\/mejores-tarjetas-visita-2022-holke79-16.jpg\" alt=\"mejores-tarjetas-visita-2022-holke79-16\" width=\"1750\" height=\"1216\" \/> <img decoding=\"async\" class=\"alignnone size-full wp-image-9597\" src=\"https:\/\/codewebbarcelona.com\/wp-content\/uploads\/2021\/11\/mejores-tarjetas-visita-2022-holke79-17.jpg\" alt=\"mejores-tarjetas-visita-2022-holke79-17\" width=\"1750\" height=\"1132\" \/> <img decoding=\"async\" class=\"alignnone size-full wp-image-9598\" src=\"https:\/\/codewebbarcelona.com\/wp-content\/uploads\/2021\/11\/mejores-tarjetas-visita-2022-holke79-18.jpg\" alt=\"mejores-tarjetas-visita-2022-holke79-18\" width=\"1750\" height=\"1372\" \/> <img decoding=\"async\" class=\"alignnone size-full wp-image-9599\" src=\"https:\/\/codewebbarcelona.com\/wp-content\/uploads\/2021\/11\/mejores-tarjetas-visita-2022-holke79-19.jpg\" alt=\"mejores-tarjetas-visita-2022-holke79-19\" width=\"1750\" height=\"1132\" \/> <img decoding=\"async\" class=\"alignnone size-full wp-image-9600\" src=\"https:\/\/codewebbarcelona.com\/wp-content\/uploads\/2021\/11\/mejores-tarjetas-visita-2022-holke79-20.jpg\" alt=\"mejores-tarjetas-visita-2022-holke79-20\" width=\"1750\" height=\"1132\" \/> <img decoding=\"async\" class=\"alignnone size-full wp-image-9601\" src=\"https:\/\/codewebbarcelona.com\/wp-content\/uploads\/2021\/11\/mejores-tarjetas-visita-2022-holke79-21.jpg\" alt=\"mejores-tarjetas-visita-2022-holke79-21\" width=\"1750\" height=\"1625\" \/> <img decoding=\"async\" class=\"alignnone size-full wp-image-9602\" src=\"https:\/\/codewebbarcelona.com\/wp-content\/uploads\/2021\/11\/mejores-tarjetas-visita-2022-holke79-22.jpg\" alt=\"mejores-tarjetas-visita-2022-holke79-22\" width=\"1750\" height=\"1327\" \/><\/p>\n<p>L\u2019estudi d\u2019animaci\u00f3 Holke 79, situat a Madrid, ens presenta la seva nova identitat corporativa, que neix de la necessitat de mostrar una imatge corporativa actual i alineada amb la seva situaci\u00f3 actual.<\/p>\n<p>Aquest disseny presenta formes vectorials que, en la seva versi\u00f3 en moviment, ens transmeten una imatge irreverent i crua.<\/p>\n<p>Disseny premiat amb el LAD Or 2021 en la categoria d\u2019Integrated Graphics.<\/p>\n<p><a href=\"https:\/\/wearepanico.com\/\" target=\"_blank\" rel=\"noopener\">Veure m\u00e9s<\/a><\/p>\n<p>[superfeatured]10346[\/superfeatured]<\/p>\n<p><strong><span class=\"Project-title-18X\">The bottle de Seachange<\/span><\/strong><\/p>\n<p><img decoding=\"async\" class=\"alignnone size-full wp-image-10436\" src=\"https:\/\/codewebbarcelona.com\/wp-content\/uploads\/2021\/11\/tendencias-diseno-grafico-2022-formas-vectoriales-thebottle-02.jpg\" alt=\"tendencias-diseno-grafico-2022-formas-vectoriales-thebottle-02\" width=\"2336\" height=\"1652\" \/> <img decoding=\"async\" class=\"alignnone size-full wp-image-10437\" src=\"https:\/\/codewebbarcelona.com\/wp-content\/uploads\/2021\/11\/tendencias-diseno-grafico-2022-formas-vectoriales-thebottle-03.jpg\" alt=\"tendencias-diseno-grafico-2022-formas-vectoriales-thebottle-03\" width=\"2336\" height=\"1652\" \/> <img decoding=\"async\" class=\"alignnone size-full wp-image-10438\" src=\"https:\/\/codewebbarcelona.com\/wp-content\/uploads\/2021\/11\/tendencias-diseno-grafico-2022-formas-vectoriales-thebottle-04.jpg\" alt=\"tendencias-diseno-grafico-2022-formas-vectoriales-thebottle-04\" width=\"2336\" height=\"1652\" \/> <img decoding=\"async\" class=\"alignnone size-full wp-image-10439\" src=\"https:\/\/codewebbarcelona.com\/wp-content\/uploads\/2021\/11\/tendencias-diseno-grafico-2022-formas-vectoriales-thebottle-05.jpg\" alt=\"tendencias-diseno-grafico-2022-formas-vectoriales-thebottle-05\" width=\"2336\" height=\"1652\" \/> <img decoding=\"async\" class=\"alignnone size-full wp-image-10440\" src=\"https:\/\/codewebbarcelona.com\/wp-content\/uploads\/2021\/11\/tendencias-diseno-grafico-2022-formas-vectoriales-thebottle-06.jpg\" alt=\"tendencias-diseno-grafico-2022-formas-vectoriales-thebottle-06\" width=\"2336\" height=\"1652\" \/> <img decoding=\"async\" class=\"alignnone size-full wp-image-10441\" src=\"https:\/\/codewebbarcelona.com\/wp-content\/uploads\/2021\/11\/tendencias-diseno-grafico-2022-formas-vectoriales-thebottle-07.jpg\" alt=\"tendencias-diseno-grafico-2022-formas-vectoriales-thebottle-07\" width=\"2336\" height=\"1652\" \/> <img decoding=\"async\" class=\"alignnone size-full wp-image-10442\" src=\"https:\/\/codewebbarcelona.com\/wp-content\/uploads\/2021\/11\/tendencias-diseno-grafico-2022-formas-vectoriales-thebottle-08.jpg\" alt=\"tendencias-diseno-grafico-2022-formas-vectoriales-thebottle-08\" width=\"2336\" height=\"1652\" \/> <img decoding=\"async\" class=\"alignnone size-full wp-image-10443\" src=\"https:\/\/codewebbarcelona.com\/wp-content\/uploads\/2021\/11\/tendencias-diseno-grafico-2022-formas-vectoriales-thebottle-09.jpg\" alt=\"tendencias-diseno-grafico-2022-formas-vectoriales-thebottle-09\" width=\"2336\" height=\"1652\" \/> <img decoding=\"async\" class=\"alignnone size-full wp-image-10444\" src=\"https:\/\/codewebbarcelona.com\/wp-content\/uploads\/2021\/11\/tendencias-diseno-grafico-2022-formas-vectoriales-thebottle-01.jpg\" alt=\"tendencias-diseno-grafico-2022-formas-vectoriales-thebottle-01\" width=\"2336\" height=\"1652\" \/><\/p>\n<p>Aquest projecte ens presenta l\u2019\u00fas d\u2019elements vectorials amb formes molt l\u00edquides, amb les quals s\u2019aconsegueix l\u2019estrid\u00e8ncia del disseny final.<\/p>\n<p>Aquest projecte ha estat finalista en disseny d\u2019elements als Best Awards de Nova Zelanda.<\/p>\n<p><a href=\"https:\/\/seachange.studio\/\" target=\"_blank\" rel=\"noopener\">Veure m\u00e9s<\/a><\/p>\n<h4>On ho trobarem<\/h4>\n<p>Aquest tipus de<strong> tend\u00e8ncia en disseny gr\u00e0fic 2022<\/strong> \u00e9s ideal per a empreses, productes i serveis molt din\u00e0mics, actuals, frescos i sense complexos.<\/p>\n<p>De tota manera, podem aplicar aquesta tend\u00e8ncia en:<\/p>\n<ul>\n<li><strong>Disseny web<\/strong><\/li>\n<li><strong>Disseny de cartells<\/strong><\/li>\n<li><strong>Creaci\u00f3 de branding<\/strong><\/li>\n<li><strong>Imatge corporativa<\/strong><\/li>\n<li><strong>Packaging<\/strong><\/li>\n<\/ul>\n<p>&nbsp;<\/p>\n<h4>Com aplicar aquesta tend\u00e8ncia<\/h4>\n<ul>\n<li>Les formes vectorials estridents s\u00f3n ideals per generar sensacions intenses<\/li>\n<li>Aplica-les amb criteri, no s\u00f3n aptes per a tot tipus de projectes<\/li>\n<\/ul>\n<p>&nbsp;<\/p>\n<h3>5. Grans tipus<\/h3>\n<p><img decoding=\"async\" class=\"alignnone size-full wp-image-10460\" src=\"https:\/\/codewebbarcelona.com\/wp-content\/uploads\/2021\/11\/tendencias-diseno-grafico-2022-big-tipos-youcan-08.jpg\" alt=\"tendencias-diseno-grafico-2022-big-tipos-youcan-08\" width=\"2330\" height=\"1652\" \/><\/p>\n<p>Un cop m\u00e9s, les tipografies apareixen a la llista de les <strong>tend\u00e8ncies en disseny gr\u00e0fic 2022<\/strong>.<\/p>\n<p>Any rere any, la tipografia ha anat guanyant posicions en tots els r\u00e0nquings d\u2019import\u00e0ncia en disseny gr\u00e0fic, i en cada ocasi\u00f3 se n\u2019engrandeix la mida, l\u2019\u00fas i els resultats obtinguts.<\/p>\n<p>Per a l\u2019any 2022 esperem un \u00fas desmesurat de la tipografia que es combinar\u00e0 amb altres<strong> tend\u00e8ncies en disseny gr\u00e0fic<\/strong> que apareixen en aquesta llista, com ara: letter cutting, liquid distortion, il\u00b7lustraci\u00f3 semirealista, etc., etc.<\/p>\n<p>Els <strong>millors dissenys gr\u00e0fics de 2022<\/strong> comptaran amb una part important de treball tipogr\u00e0fic, igual que els <strong>millors dissenys web 2022<\/strong>.<\/p>\n<h4>Projectes de disseny gr\u00e0fic que incorporen aquesta tend\u00e8ncia<\/h4>\n<p><strong><span class=\"Project-title-18X\">Nation by Morrow B.V.<\/span><\/strong><\/p>\n<p><img decoding=\"async\" class=\"alignnone size-full wp-image-10445\" src=\"https:\/\/codewebbarcelona.com\/wp-content\/uploads\/2021\/11\/tendencias-diseno-grafico-2022-big-tipos-nation-02.jpg\" alt=\"tendencias-diseno-grafico-2022-big-tipos-nation-02\" width=\"1536\" height=\"864\" \/> <img decoding=\"async\" class=\"alignnone size-full wp-image-10446\" src=\"https:\/\/codewebbarcelona.com\/wp-content\/uploads\/2021\/11\/tendencias-diseno-grafico-2022-big-tipos-nation-03.jpg\" alt=\"tendencias-diseno-grafico-2022-big-tipos-nation-03\" width=\"1536\" height=\"864\" \/> <img decoding=\"async\" class=\"alignnone size-full wp-image-10447\" src=\"https:\/\/codewebbarcelona.com\/wp-content\/uploads\/2021\/11\/tendencias-diseno-grafico-2022-big-tipos-nation-04.jpg\" alt=\"tendencias-diseno-grafico-2022-big-tipos-nation-04\" width=\"1536\" height=\"864\" \/> <img decoding=\"async\" class=\"alignnone size-full wp-image-10448\" src=\"https:\/\/codewebbarcelona.com\/wp-content\/uploads\/2021\/11\/tendencias-diseno-grafico-2022-big-tipos-nation-05.jpg\" alt=\"tendencias-diseno-grafico-2022-big-tipos-nation-05\" width=\"1536\" height=\"864\" \/> <img decoding=\"async\" class=\"alignnone size-full wp-image-10449\" src=\"https:\/\/codewebbarcelona.com\/wp-content\/uploads\/2021\/11\/tendencias-diseno-grafico-2022-big-tipos-nation-06.jpg\" alt=\"tendencias-diseno-grafico-2022-big-tipos-nation-06\" width=\"1536\" height=\"864\" \/> <img decoding=\"async\" class=\"alignnone size-full wp-image-10450\" src=\"https:\/\/codewebbarcelona.com\/wp-content\/uploads\/2021\/11\/tendencias-diseno-grafico-2022-big-tipos-nation-01.jpeg\" alt=\"tendencias-diseno-grafico-2022-big-tipos-nation-01\" width=\"1100\" height=\"616\" \/><\/p>\n<p>Aquest \u00e9s un dels millors treballs del 2021 i utilitza, com a base en el<strong> disseny gr\u00e0fic<\/strong>, el color i la tipografia de gran format.<\/p>\n<p>La utilitzaci\u00f3 de la tipografia gran \u00e9s molt \u00fatil per generar un impacte molt fort i directe.<\/p>\n<p>En aquesta ocasi\u00f3, el treball realitzat per l<strong>&#8216;estudi de disseny gr\u00e0fic<\/strong> i creaci\u00f3 de branding Morrow B.V. es va encarregar de rellan\u00e7ar la marca Nation Media Group (NMG) per continuar sent rellevants en el sector dels mitjans de comunicaci\u00f3, i el resultat \u00e9s el premi al millor disseny de logotip als EDAwards.<\/p>\n<p><a href=\"https:\/\/www.morrow.nl\/en\/\" target=\"_blank\" rel=\"noopener\">Veure m\u00e9s<\/a><\/p>\n<p><strong><span class=\"Project-title-18X\">El Masvell by Studio Ingrid Picanyol<\/span><\/strong><\/p>\n<p><img decoding=\"async\" class=\"alignnone size-full wp-image-10453\" src=\"https:\/\/codewebbarcelona.com\/wp-content\/uploads\/2021\/11\/tendencias-diseno-grafico-2022-big-tipos-bonaventura-04.jpg\" alt=\"tendencias-diseno-grafico-2022-big-tipos-bonaventura-04\" width=\"1800\" height=\"1200\" \/><\/p>\n<p><img decoding=\"async\" class=\"alignnone size-full wp-image-10526\" src=\"https:\/\/codewebbarcelona.com\/wp-content\/uploads\/2021\/11\/tipo_00.jpg\" alt=\"\" width=\"2000\" height=\"1500\" \/><\/p>\n<p><img decoding=\"async\" class=\"alignnone size-full wp-image-10454\" src=\"https:\/\/codewebbarcelona.com\/wp-content\/uploads\/2021\/11\/tendencias-diseno-grafico-2022-big-tipos-bonaventura-05.jpg\" alt=\"tendencias-diseno-grafico-2022-big-tipos-bonaventura-05\" width=\"1800\" height=\"1200\" \/> <img decoding=\"async\" class=\"alignnone size-full wp-image-10455\" src=\"https:\/\/codewebbarcelona.com\/wp-content\/uploads\/2021\/11\/tendencias-diseno-grafico-2022-big-tipos-bonaventura-01.jpg\" alt=\"tendencias-diseno-grafico-2022-big-tipos-bonaventura-01\" width=\"1800\" height=\"1200\" \/> <img decoding=\"async\" class=\"alignnone size-full wp-image-10451\" src=\"https:\/\/codewebbarcelona.com\/wp-content\/uploads\/2021\/11\/tendencias-diseno-grafico-2022-big-tipos-bonaventura-02.jpg\" alt=\"tendencias-diseno-grafico-2022-big-tipos-bonaventura-02\" width=\"1800\" height=\"1200\" \/> <img decoding=\"async\" class=\"alignnone size-full wp-image-10452\" src=\"https:\/\/codewebbarcelona.com\/wp-content\/uploads\/2021\/11\/tendencias-diseno-grafico-2022-big-tipos-bonaventura-03.jpg\" alt=\"tendencias-diseno-grafico-2022-big-tipos-bonaventura-03\" width=\"1800\" height=\"1200\" \/><\/p>\n<p>Aquest exemple ens mostra l&#8217;\u00fas de la tipografia com a font de comunicaci\u00f3 entre la comunitat d&#8217;El Mas Vell i la poblaci\u00f3 en qu\u00e8 s&#8217;emmarca.<\/p>\n<p>S&#8217;ha utilitzat la tipografia d&#8217;una manera molt personal, en qu\u00e8 s&#8217;ha emprat una tipografia personal de Bonaventura Bassegoda descoberta en diversos pl\u00e0nols arquitect\u00f2nics.<\/p>\n<p>En aquest sentit, la tipografia de gran format dona com a resultat un treball molt contundent, proper, fort, personal, actual i modern.<\/p>\n<p>Aquest treball ha guanyat el premi Or Laus en disseny d&#8217;alfabet.<\/p>\n<p><a href=\"https:\/\/www.ingridpicanyol.com\/\" target=\"_blank\" rel=\"noopener\">Veure m\u00e9s<\/a><\/p>\n<p><strong><span class=\"Project-title-18X\">You Can by Marx Design<\/span><\/strong><\/p>\n<p><img decoding=\"async\" class=\"alignnone size-full wp-image-10456\" src=\"https:\/\/codewebbarcelona.com\/wp-content\/uploads\/2021\/11\/tendencias-diseno-grafico-2022-big-tipos-youcan-04.jpg\" alt=\"tendencias-diseno-grafico-2022-big-tipos-youcan-04\" width=\"2330\" height=\"1652\" \/> <img decoding=\"async\" class=\"alignnone size-full wp-image-10457\" src=\"https:\/\/codewebbarcelona.com\/wp-content\/uploads\/2021\/11\/tendencias-diseno-grafico-2022-big-tipos-youcan-05.jpg\" alt=\"\" width=\"2330\" height=\"1652\" \/> <img decoding=\"async\" class=\"alignnone size-full wp-image-10458\" src=\"https:\/\/codewebbarcelona.com\/wp-content\/uploads\/2021\/11\/tendencias-diseno-grafico-2022-big-tipos-youcan-06.jpg\" alt=\"tendencias-diseno-grafico-2022-big-tipos-youcan-06\" width=\"2330\" height=\"1652\" \/> <img decoding=\"async\" class=\"alignnone size-full wp-image-10459\" src=\"https:\/\/codewebbarcelona.com\/wp-content\/uploads\/2021\/11\/tendencias-diseno-grafico-2022-big-tipos-youcan-07.jpg\" alt=\"tendencias-diseno-grafico-2022-big-tipos-youcan-07\" width=\"2330\" height=\"1652\" \/> <img decoding=\"async\" class=\"alignnone size-full wp-image-10460\" src=\"https:\/\/codewebbarcelona.com\/wp-content\/uploads\/2021\/11\/tendencias-diseno-grafico-2022-big-tipos-youcan-08.jpg\" alt=\"tendencias-diseno-grafico-2022-big-tipos-youcan-08\" width=\"2330\" height=\"1652\" \/> <img decoding=\"async\" class=\"alignnone size-full wp-image-10461\" src=\"https:\/\/codewebbarcelona.com\/wp-content\/uploads\/2021\/11\/tendencias-diseno-grafico-2022-big-tipos-youcan-09.jpg\" alt=\"tendencias-diseno-grafico-2022-big-tipos-youcan-09\" width=\"2330\" height=\"1652\" \/> <img decoding=\"async\" class=\"alignnone size-full wp-image-10462\" src=\"https:\/\/codewebbarcelona.com\/wp-content\/uploads\/2021\/11\/tendencias-diseno-grafico-2022-big-tipos-youcan-010.jpg\" alt=\"tendencias-diseno-grafico-2022-big-tipos-youcan-010\" width=\"2330\" height=\"1652\" \/> <img decoding=\"async\" class=\"alignnone size-full wp-image-10463\" src=\"https:\/\/codewebbarcelona.com\/wp-content\/uploads\/2021\/11\/tendencias-diseno-grafico-2022-big-tipos-youcan-01.jpg\" alt=\"tendencias-diseno-grafico-2022-big-tipos-youcan-01\" width=\"2330\" height=\"1652\" \/> <img decoding=\"async\" class=\"alignnone size-full wp-image-10464\" src=\"https:\/\/codewebbarcelona.com\/wp-content\/uploads\/2021\/11\/tendencias-diseno-grafico-2022-big-tipos-youcan-02.jpg\" alt=\"tendencias-diseno-grafico-2022-big-tipos-youcan-02\" width=\"2330\" height=\"1652\" \/> <img decoding=\"async\" class=\"alignnone size-full wp-image-10465\" src=\"https:\/\/codewebbarcelona.com\/wp-content\/uploads\/2021\/11\/tendencias-diseno-grafico-2022-big-tipos-youcan-03.jpg\" alt=\"tendencias-diseno-grafico-2022-big-tipos-youcan-03\" width=\"2330\" height=\"1652\" \/><\/p>\n<p>El tercer i \u00faltim exemple de la <strong>tend\u00e8ncia en disseny gr\u00e0fic 2022<\/strong> de grans tipografies \u00e9s el realitzat per a Yes You Can per l&#8217;estudi de disseny gr\u00e0fic Marx Design.<\/p>\n<p>Com podem apreciar, la tipografia t\u00e9 un paper protagonista en el projecte i s&#8217;ha combinat amb el color de manera molt potent.<\/p>\n<p>Sens dubte, un dels<strong> millors dissenys gr\u00e0fics<\/strong> del moment, tal com demostra el fet que hagi estat finalista als BestAwards de Nova Zelanda en la categoria de Colour Award Graphics 2021 i Small Brand Identity 2021.<\/p>\n<p><a href=\"https:\/\/marxdesign.co.nz\/project\/yes-you-can\/\" target=\"_blank\" rel=\"noopener\">Veure m\u00e9s<\/a><\/p>\n<h4>On ho trobarem<\/h4>\n<p>La<strong> tend\u00e8ncia en disseny gr\u00e0fic 2022<\/strong> de grans tipografies la trobarem en diversos suports i tipus de treballs, ja que \u00e9s molt vers\u00e0til.<\/p>\n<p>De tota manera, podem aplicar aquesta tend\u00e8ncia en:<\/p>\n<ul>\n<li><strong>Disseny web<\/strong><\/li>\n<li><strong>Cartells<\/strong><\/li>\n<li><strong>Imatge corporativa<\/strong><\/li>\n<li><strong>Creaci\u00f3 de branding<\/strong><\/li>\n<li><strong>Identitat corporativa<\/strong><\/li>\n<li><strong>Disseny de packaging<\/strong><\/li>\n<li><strong>Publicitat<\/strong><\/li>\n<\/ul>\n<h4>Com aplicar aquesta tend\u00e8ncia<\/h4>\n<ul>\n<li>Les grans tipografies s\u00f3n el must del moment en disseny gr\u00e0fic i disseny en general, aprofita el moment i aplica aquesta tend\u00e8ncia<\/li>\n<li>Es pot combinar f\u00e0cilment amb altres tend\u00e8ncies d&#8217;aquesta llista<\/li>\n<\/ul>\n<p>&nbsp;<\/p>\n<h3>6. Fotografia incorporada<\/h3>\n<p><img decoding=\"async\" class=\"alignnone size-full wp-image-10487\" src=\"https:\/\/codewebbarcelona.com\/wp-content\/uploads\/2021\/11\/tendencias-diseno-grafico-2022-foto-incorporada-unmemory-01.jpg\" alt=\"tendencias-diseno-grafico-2022-foto-incorporada-unmemory-01\" width=\"1800\" height=\"2566\" \/><\/p>\n<p>Amb la t\u00e8cnica de la fotografia incorporada a un disseny gr\u00e0fic s\u2019aconsegueixen resultats realment creatius. Tot i que aquests resultats estan estretament lligats a la creativitat i al bon \u00fas d\u2019aquesta <strong>tend\u00e8ncia en disseny gr\u00e0fic 202<\/strong>2, aquesta t\u00e8cnica creativa permet als<strong> dissenyadors gr\u00e0fics<\/strong> jugar amb la realitat i les emocions en les seves creacions.<\/p>\n<p>La fotografia incorporada no \u00e9s una cosa nova que s\u2019hagi inventat aquest any o el seg\u00fcent. Ja als inicis del disseny gr\u00e0fic es va utilitzar aquesta t\u00e8cnica creativa. Aleshores, en qu\u00e8 ha canviat ara?<\/p>\n<p>Els suports en qu\u00e8 es pot aplicar aquesta t\u00e8cnica creativa s\u00f3n m\u00e9s amplis que fa d\u00e8cades i, per descomptat, el to comunicatiu \u00e9s totalment diferent, aix\u00ed que veurem aquesta <strong>tend\u00e8ncia en disseny gr\u00e0fic 2022<\/strong> aplicada a projectes molt trencadors i innovadors.<\/p>\n<h4>Projectes de disseny gr\u00e0fic que incorporen aquesta tend\u00e8ncia<\/h4>\n<p><strong><span class=\"Project-title-18X\">Mazzurro coffe by Kuki Krzysztof Iwanski<\/span><\/strong><\/p>\n<p><img decoding=\"async\" class=\"alignnone size-full wp-image-10466\" src=\"https:\/\/codewebbarcelona.com\/wp-content\/uploads\/2021\/11\/tendencias-diseno-grafico-2022-foto-incorporada-mazzurro-coffe-02.jpg\" alt=\"tendencias-diseno-grafico-2022-foto-incorporada-mazzurro-coffe-02\" width=\"538\" height=\"768\" \/><\/p>\n<p><img decoding=\"async\" class=\"alignnone size-full wp-image-10467\" src=\"https:\/\/codewebbarcelona.com\/wp-content\/uploads\/2021\/11\/tendencias-diseno-grafico-2022-foto-incorporada-mazzurro-coffe-03.jpg\" alt=\"tendencias-diseno-grafico-2022-foto-incorporada-mazzurro-coffe-03\" width=\"538\" height=\"768\" \/> <img decoding=\"async\" class=\"alignnone size-full wp-image-10468\" src=\"https:\/\/codewebbarcelona.com\/wp-content\/uploads\/2021\/11\/tendencias-diseno-grafico-2022-foto-incorporada-mazzurro-coffe-01.jpg\" alt=\"tendencias-diseno-grafico-2022-foto-incorporada-mazzurro-coffe-01\" width=\"1100\" height=\"616\" \/><\/p>\n<p>El primer exemple en qu\u00e8 hem vist la <strong>tend\u00e8ncia en disseny gr\u00e0fic 2022<\/strong> de fotografia incorporada \u00e9s el realitzat per l\u2019autor Kuki per a la marca de caf\u00e8 Mazurro Coffe, en qu\u00e8 s\u2019ha encarregat de la realitzaci\u00f3 d\u2019una s\u00e8rie de p\u00f2sters promocionals per llan\u00e7ar i promocionar la marca.<\/p>\n<p>Com veiem, la fotografia s\u2019ha incorporat al disseny d\u2019una manera molt particular i li ha donat el seu propi toc creatiu.<\/p>\n<p>Aquest projecte ha estat guanyador de la Plata en Promotion, Poster Series dels EdAwards 2021.<\/p>\n<p><a href=\"https:\/\/www.behance.net\/iwanskiposter\" target=\"_blank\" rel=\"noopener\">Veure m\u00e9s<\/a><\/p>\n<p><strong><span class=\"Project-title-18X\">Bloody by Interweave Group<\/span><\/strong><\/p>\n<p><img decoding=\"async\" class=\"alignnone size-full wp-image-10478\" src=\"https:\/\/codewebbarcelona.com\/wp-content\/uploads\/2021\/11\/tendencias-diseno-grafico-2022-foto-incorporada-bloody-05.jpg\" alt=\"tendencias-diseno-grafico-2022-foto-incorporada-bloody-05\" width=\"2335\" height=\"1652\" \/> <img decoding=\"async\" class=\"alignnone size-full wp-image-10479\" src=\"https:\/\/codewebbarcelona.com\/wp-content\/uploads\/2021\/11\/tendencias-diseno-grafico-2022-foto-incorporada-bloody-06.jpg\" alt=\"tendencias-diseno-grafico-2022-foto-incorporada-bloody-06\" width=\"2335\" height=\"1652\" \/> <img decoding=\"async\" class=\"alignnone size-full wp-image-10480\" src=\"https:\/\/codewebbarcelona.com\/wp-content\/uploads\/2021\/11\/tendencias-diseno-grafico-2022-foto-incorporada-bloody-07.jpg\" alt=\"tendencias-diseno-grafico-2022-foto-incorporada-bloody-07\" width=\"2335\" height=\"1652\" \/> <img decoding=\"async\" class=\"alignnone size-full wp-image-10481\" src=\"https:\/\/codewebbarcelona.com\/wp-content\/uploads\/2021\/11\/tendencias-diseno-grafico-2022-foto-incorporada-bloody-08.jpg\" alt=\"tendencias-diseno-grafico-2022-foto-incorporada-bloody-08\" width=\"2335\" height=\"1652\" \/> <img decoding=\"async\" class=\"alignnone size-full wp-image-10482\" src=\"https:\/\/codewebbarcelona.com\/wp-content\/uploads\/2021\/11\/tendencias-diseno-grafico-2022-foto-incorporada-bloody-09.jpg\" alt=\"tendencias-diseno-grafico-2022-foto-incorporada-bloody-09\" width=\"2335\" height=\"1652\" \/> <img decoding=\"async\" class=\"alignnone size-full wp-image-10483\" src=\"https:\/\/codewebbarcelona.com\/wp-content\/uploads\/2021\/11\/tendencias-en-diseno-grafico-2022-featured.jpg\" alt=\"tendencias-diseno-grafico-2022-foto-incorporada-bloody-01\" width=\"2335\" height=\"1652\" \/> <img decoding=\"async\" class=\"alignnone size-full wp-image-10484\" src=\"https:\/\/codewebbarcelona.com\/wp-content\/uploads\/2021\/11\/tendencias-diseno-grafico-2022-foto-incorporada-bloody-02.jpg\" alt=\"tendencias-diseno-grafico-2022-foto-incorporada-bloody-02\" width=\"2335\" height=\"1652\" \/> <img decoding=\"async\" class=\"alignnone size-full wp-image-10485\" src=\"https:\/\/codewebbarcelona.com\/wp-content\/uploads\/2021\/11\/tendencias-diseno-grafico-2022-foto-incorporada-bloody-03.jpg\" alt=\"tendencias-diseno-grafico-2022-foto-incorporada-bloody-03\" width=\"2335\" height=\"1652\" \/> <img decoding=\"async\" class=\"alignnone size-full wp-image-10486\" src=\"https:\/\/codewebbarcelona.com\/wp-content\/uploads\/2021\/11\/tendencias-diseno-grafico-2022-foto-incorporada-bloody-04.jpg\" alt=\"tendencias-diseno-grafico-2022-foto-incorporada-bloody-04\" width=\"2335\" height=\"1652\" \/><\/p>\n<p>Finalista en la categoria de Design Craft 2021 dels Best Award de Nova Zelanda, aquest projecte t\u00e9 la fotografia incorporada al<strong> disseny gr\u00e0fic i publicitari<\/strong> dels elements que el formen.<\/p>\n<p>Veiem com, amb l\u2019\u00fas de la fotografia incorporada, han aconseguit transmetre sensacions i emocions que haurien estat m\u00e9s dif\u00edcils d\u2019aconseguir d\u2019una altra manera.<\/p>\n<p><a href=\"https:\/\/www.interweavegroup.com\/\" target=\"_blank\" rel=\"noopener\">Veure m\u00e9s<\/a><\/p>\n<p><strong><span class=\"Project-title-18X\">Unmemory by Vasava<\/span><\/strong><\/p>\n<p><img decoding=\"async\" class=\"alignnone size-full wp-image-10487\" src=\"https:\/\/codewebbarcelona.com\/wp-content\/uploads\/2021\/11\/tendencias-diseno-grafico-2022-foto-incorporada-unmemory-01.jpg\" alt=\"tendencias-diseno-grafico-2022-foto-incorporada-unmemory-01\" width=\"1800\" height=\"2566\" \/><\/p>\n<p>L\u2019\u00faltim exemple de la <strong>tend\u00e8ncia en disseny gr\u00e0fic 2022<\/strong> en qu\u00e8 s\u2019ha utilitzat la fotografia incorporada \u00e9s el realitzat per l\u2019<strong>estudi de disseny gr\u00e0fic<\/strong> i creaci\u00f3 Vasava.<\/p>\n<p>En aquest projecte, d\u2019un sol cartell, veiem com la fotografia s\u2019utilitza com a suport d\u2019un disseny molt disruptiu, en qu\u00e8 el resultat \u00e9s una genialitat creativa guanyadora de la Plata en Innovaci\u00f3 per al projecte Unmemory.<\/p>\n<p><a href=\"https:\/\/www.vasava.es\/portfolio\" target=\"_blank\" rel=\"noopener\">Veure m\u00e9s<\/a><\/p>\n<h4>On ho trobarem<\/h4>\n<p>La fotografia incorporada \u00e9s una t\u00e8cnica creativa que admet diversos suports creatius, usos i aplicacions.<\/p>\n<p>Ser\u00e0 f\u00e0cil trobar-la a:<\/p>\n<ul>\n<li><strong>Disseny publicitari<\/strong><\/li>\n<li><strong>Disseny de cartells<\/strong><\/li>\n<li><strong>Disseny de packaging<\/strong><\/li>\n<li><strong>Disseny web<\/strong><\/li>\n<li><strong>Imatge corporativa<\/strong><\/li>\n<\/ul>\n<h4>Com aplicar aquesta tend\u00e8ncia<\/h4>\n<ul>\n<li>La fotografia incorporada ens permet jugar i anar un pas m\u00e9s enll\u00e0 de la realitat purament fotogr\u00e0fica; utilitza aquest nou llenguatge per arribar m\u00e9s lluny en les teves creacions<\/li>\n<li>La base d\u2019aquesta t\u00e8cnica \u00e9s la combinaci\u00f3 d\u2019una bona fotografia amb un bon plantejament gr\u00e0fic<\/li>\n<\/ul>\n<p>[superfeatured]10346[\/superfeatured]<\/p>\n<h3>Conclusions i resum per a ganduls<\/h3>\n<ol>\n<li>Letter cutting<\/li>\n<li>Minimalisme i materials texturitzats<\/li>\n<li>Il\u00b7lustraci\u00f3 semirealista<\/li>\n<li>Formes vectorials<\/li>\n<li>Tipografies grans<\/li>\n<li>Fotografia incorporada<\/li>\n<li>Diversitat i enfocament de g\u00e8nere<\/li>\n<\/ol>\n<h3>Sobre el post<\/h3>\n<p>Aquest article \u00e9s fruit de moltes hores de prospecci\u00f3 de projectes i de la lectura i conversa als f\u00f2rums de disseny gr\u00e0fic m\u00e9s importants. Tots els projectes estan realitzats per creatius aliens a nosaltres, aix\u00ed que ells s\u00f3n els creadors i propietaris del material.<\/p>\n<p>Totes les refer\u00e8ncies estan degudament acreditades als seus creadors, als quals felicitem per la seva feina creativa.<\/p>\n<p>Les refer\u00e8ncies que hem triat s\u00f3n nom\u00e9s l\u2019exemple que hem considerat m\u00e9s interessant per il\u00b7lustrar aquestes tend\u00e8ncies; segur que n\u2019hi haur\u00e0 d\u2019altres, per\u00f2 nosaltres hem escollit aquestes amb molta estima. De la mateixa manera, les tend\u00e8ncies en si s\u00f3n la nostra aportaci\u00f3 personal, un intent d\u2019indagar en el que ve. Segurament no ho encertarem tot, ho sabem, aix\u00ed que va, no siguis b\u00e8stia i gaudeix del post.<\/p>\n","protected":false},"excerpt":{"rendered":"<p>Un any m\u00e9s ens aturarem a revelar quines seran les tend\u00e8ncies en disseny gr\u00e0fic 2022. Si vols estar al dia i vols que els teus projectes estiguin realitzats de la millor manera possible, no et pots perdre aquest article en qu\u00e8 us avan\u00e7arem quines s\u00f3n les t\u00e8cniques creatives que durant l\u2019any 2022 formaran part dels [&hellip;]<\/p>\n","protected":false},"author":1,"featured_media":6865,"comment_status":"closed","ping_status":"closed","sticky":false,"template":"","format":"standard","meta":{"_acf_changed":false,"footnotes":""},"categories":[207,208,210,134],"class_list":["post-14087","post","type-post","status-publish","format-standard","has-post-thumbnail","hentry","category-destacat","category-disseny-desenvolupament-web","category-inspiracio","category-disseny-grafic"],"acf":[],"yoast_head":"<!-- This site is optimized with the Yoast SEO plugin v27.2 - https:\/\/yoast.com\/product\/yoast-seo-wordpress\/ -->\n<title>Tendencias en dise\u00f1o gr\u00e1fico 2022 - Code Barcelona<\/title>\n<meta name=\"description\" content=\"Un a\u00f1o m\u00e1s vamos a desvelar cu\u00e1les van a ser las tendencias en dise\u00f1o gr\u00e1fico 2022. Si quieres estar al d\u00eda y si quieres que tus proyectos est\u00e9n realizados de la mejor forma posible no te puedes perder este art\u00edculo en que os avanzaremos cu\u00e1les son las t\u00e9cnicas creativas del 2022.\" \/>\n<meta name=\"robots\" content=\"index, follow, max-snippet:-1, max-image-preview:large, max-video-preview:-1\" \/>\n<link rel=\"canonical\" href=\"https:\/\/codewebbarcelona.com\/ca\/blog\/tendencies-disseny-grafic-2022\/\" \/>\n<meta property=\"og:locale\" content=\"ca_ES\" \/>\n<meta property=\"og:type\" content=\"article\" \/>\n<meta property=\"og:title\" content=\"Tendencias en dise\u00f1o gr\u00e1fico 2022 - Code Barcelona\" \/>\n<meta property=\"og:description\" content=\"Un a\u00f1o m\u00e1s vamos a desvelar cu\u00e1les van a ser las tendencias en dise\u00f1o gr\u00e1fico 2022. Si quieres estar al d\u00eda y si quieres que tus proyectos est\u00e9n realizados de la mejor forma posible no te puedes perder este art\u00edculo en que os avanzaremos cu\u00e1les son las t\u00e9cnicas creativas del 2022.\" \/>\n<meta property=\"og:url\" content=\"https:\/\/codewebbarcelona.com\/ca\/blog\/tendencies-disseny-grafic-2022\/\" \/>\n<meta property=\"og:site_name\" content=\"Code Barcelona\" \/>\n<meta property=\"article:published_time\" content=\"2021-11-02T19:26:56+00:00\" \/>\n<meta property=\"article:modified_time\" content=\"2026-03-20T22:28:09+00:00\" \/>\n<meta property=\"og:image\" content=\"https:\/\/codewebbarcelona.com\/wp-content\/uploads\/2021\/11\/tendencias-en-diseno-grafico-2022-featured.jpg\" \/>\n\t<meta property=\"og:image:width\" content=\"2335\" \/>\n\t<meta property=\"og:image:height\" content=\"1652\" \/>\n\t<meta property=\"og:image:type\" content=\"image\/jpeg\" \/>\n<meta name=\"author\" content=\"cd26Bc\" \/>\n<meta name=\"twitter:card\" content=\"summary_large_image\" \/>\n<meta name=\"twitter:label1\" content=\"Escrit per\" \/>\n\t<meta name=\"twitter:data1\" content=\"cd26Bc\" \/>\n\t<meta name=\"twitter:label2\" content=\"Temps estimat de lectura\" \/>\n\t<meta name=\"twitter:data2\" content=\"16 minuts\" \/>\n<script type=\"application\/ld+json\" class=\"yoast-schema-graph\">{\"@context\":\"https:\/\/schema.org\",\"@graph\":[{\"@type\":\"Article\",\"@id\":\"https:\/\/codewebbarcelona.com\/ca\/blog\/tendencies-disseny-grafic-2022\/#article\",\"isPartOf\":{\"@id\":\"https:\/\/codewebbarcelona.com\/ca\/blog\/tendencies-disseny-grafic-2022\/\"},\"author\":{\"name\":\"cd26Bc\",\"@id\":\"https:\/\/codewebbarcelona.com\/ca\/#\/schema\/person\/3af5f44aaf0de2919e9225aa5ca32567\"},\"headline\":\"Tend\u00e8ncies en disseny gr\u00e0fic 2022\",\"datePublished\":\"2021-11-02T19:26:56+00:00\",\"dateModified\":\"2026-03-20T22:28:09+00:00\",\"mainEntityOfPage\":{\"@id\":\"https:\/\/codewebbarcelona.com\/ca\/blog\/tendencies-disseny-grafic-2022\/\"},\"wordCount\":3143,\"image\":{\"@id\":\"https:\/\/codewebbarcelona.com\/ca\/blog\/tendencies-disseny-grafic-2022\/#primaryimage\"},\"thumbnailUrl\":\"https:\/\/codewebbarcelona.com\/wp-content\/uploads\/2021\/11\/tendencias-en-diseno-grafico-2022-featured.jpg\",\"articleSection\":[\"Destacat\",\"Disseny i desenvolupament web\",\"Inspiraci\u00f3\",\"Dise\u00f1o gr\u00e1fico\"],\"inLanguage\":\"ca\"},{\"@type\":\"WebPage\",\"@id\":\"https:\/\/codewebbarcelona.com\/ca\/blog\/tendencies-disseny-grafic-2022\/\",\"url\":\"https:\/\/codewebbarcelona.com\/ca\/blog\/tendencies-disseny-grafic-2022\/\",\"name\":\"Tendencias en dise\u00f1o gr\u00e1fico 2022 - Code Barcelona\",\"isPartOf\":{\"@id\":\"https:\/\/codewebbarcelona.com\/ca\/#website\"},\"primaryImageOfPage\":{\"@id\":\"https:\/\/codewebbarcelona.com\/ca\/blog\/tendencies-disseny-grafic-2022\/#primaryimage\"},\"image\":{\"@id\":\"https:\/\/codewebbarcelona.com\/ca\/blog\/tendencies-disseny-grafic-2022\/#primaryimage\"},\"thumbnailUrl\":\"https:\/\/codewebbarcelona.com\/wp-content\/uploads\/2021\/11\/tendencias-en-diseno-grafico-2022-featured.jpg\",\"datePublished\":\"2021-11-02T19:26:56+00:00\",\"dateModified\":\"2026-03-20T22:28:09+00:00\",\"author\":{\"@id\":\"https:\/\/codewebbarcelona.com\/ca\/#\/schema\/person\/3af5f44aaf0de2919e9225aa5ca32567\"},\"description\":\"Un a\u00f1o m\u00e1s vamos a desvelar cu\u00e1les van a ser las tendencias en dise\u00f1o gr\u00e1fico 2022. Si quieres estar al d\u00eda y si quieres que tus proyectos est\u00e9n realizados de la mejor forma posible no te puedes perder este art\u00edculo en que os avanzaremos cu\u00e1les son las t\u00e9cnicas creativas del 2022.\",\"inLanguage\":\"ca\",\"potentialAction\":[{\"@type\":\"ReadAction\",\"target\":[\"https:\/\/codewebbarcelona.com\/ca\/blog\/tendencies-disseny-grafic-2022\/\"]}]},{\"@type\":\"ImageObject\",\"inLanguage\":\"ca\",\"@id\":\"https:\/\/codewebbarcelona.com\/ca\/blog\/tendencies-disseny-grafic-2022\/#primaryimage\",\"url\":\"https:\/\/codewebbarcelona.com\/wp-content\/uploads\/2021\/11\/tendencias-en-diseno-grafico-2022-featured.jpg\",\"contentUrl\":\"https:\/\/codewebbarcelona.com\/wp-content\/uploads\/2021\/11\/tendencias-en-diseno-grafico-2022-featured.jpg\",\"width\":2335,\"height\":1652},{\"@type\":\"WebSite\",\"@id\":\"https:\/\/codewebbarcelona.com\/ca\/#website\",\"url\":\"https:\/\/codewebbarcelona.com\/ca\/\",\"name\":\"Code Barcelona\",\"description\":\"\",\"potentialAction\":[{\"@type\":\"SearchAction\",\"target\":{\"@type\":\"EntryPoint\",\"urlTemplate\":\"https:\/\/codewebbarcelona.com\/ca\/?s={search_term_string}\"},\"query-input\":{\"@type\":\"PropertyValueSpecification\",\"valueRequired\":true,\"valueName\":\"search_term_string\"}}],\"inLanguage\":\"ca\"},{\"@type\":\"Person\",\"@id\":\"https:\/\/codewebbarcelona.com\/ca\/#\/schema\/person\/3af5f44aaf0de2919e9225aa5ca32567\",\"name\":\"cd26Bc\",\"image\":{\"@type\":\"ImageObject\",\"inLanguage\":\"ca\",\"@id\":\"https:\/\/secure.gravatar.com\/avatar\/b904e836584635855eaa0ee2922bae4fe2aa94ffb558048dcc5dac5f98f0fadc?s=96&d=mm&r=g\",\"url\":\"https:\/\/secure.gravatar.com\/avatar\/b904e836584635855eaa0ee2922bae4fe2aa94ffb558048dcc5dac5f98f0fadc?s=96&d=mm&r=g\",\"contentUrl\":\"https:\/\/secure.gravatar.com\/avatar\/b904e836584635855eaa0ee2922bae4fe2aa94ffb558048dcc5dac5f98f0fadc?s=96&d=mm&r=g\",\"caption\":\"cd26Bc\"},\"sameAs\":[\"https:\/\/codewebbarcelona.com\"]}]}<\/script>\n<!-- \/ Yoast SEO plugin. -->","yoast_head_json":{"title":"Tendencias en dise\u00f1o gr\u00e1fico 2022 - Code Barcelona","description":"Un a\u00f1o m\u00e1s vamos a desvelar cu\u00e1les van a ser las tendencias en dise\u00f1o gr\u00e1fico 2022. Si quieres estar al d\u00eda y si quieres que tus proyectos est\u00e9n realizados de la mejor forma posible no te puedes perder este art\u00edculo en que os avanzaremos cu\u00e1les son las t\u00e9cnicas creativas del 2022.","robots":{"index":"index","follow":"follow","max-snippet":"max-snippet:-1","max-image-preview":"max-image-preview:large","max-video-preview":"max-video-preview:-1"},"canonical":"https:\/\/codewebbarcelona.com\/ca\/blog\/tendencies-disseny-grafic-2022\/","og_locale":"ca_ES","og_type":"article","og_title":"Tendencias en dise\u00f1o gr\u00e1fico 2022 - Code Barcelona","og_description":"Un a\u00f1o m\u00e1s vamos a desvelar cu\u00e1les van a ser las tendencias en dise\u00f1o gr\u00e1fico 2022. Si quieres estar al d\u00eda y si quieres que tus proyectos est\u00e9n realizados de la mejor forma posible no te puedes perder este art\u00edculo en que os avanzaremos cu\u00e1les son las t\u00e9cnicas creativas del 2022.","og_url":"https:\/\/codewebbarcelona.com\/ca\/blog\/tendencies-disseny-grafic-2022\/","og_site_name":"Code Barcelona","article_published_time":"2021-11-02T19:26:56+00:00","article_modified_time":"2026-03-20T22:28:09+00:00","og_image":[{"width":2335,"height":1652,"url":"https:\/\/codewebbarcelona.com\/wp-content\/uploads\/2021\/11\/tendencias-en-diseno-grafico-2022-featured.jpg","type":"image\/jpeg"}],"author":"cd26Bc","twitter_card":"summary_large_image","twitter_misc":{"Escrit per":"cd26Bc","Temps estimat de lectura":"16 minuts"},"schema":{"@context":"https:\/\/schema.org","@graph":[{"@type":"Article","@id":"https:\/\/codewebbarcelona.com\/ca\/blog\/tendencies-disseny-grafic-2022\/#article","isPartOf":{"@id":"https:\/\/codewebbarcelona.com\/ca\/blog\/tendencies-disseny-grafic-2022\/"},"author":{"name":"cd26Bc","@id":"https:\/\/codewebbarcelona.com\/ca\/#\/schema\/person\/3af5f44aaf0de2919e9225aa5ca32567"},"headline":"Tend\u00e8ncies en disseny gr\u00e0fic 2022","datePublished":"2021-11-02T19:26:56+00:00","dateModified":"2026-03-20T22:28:09+00:00","mainEntityOfPage":{"@id":"https:\/\/codewebbarcelona.com\/ca\/blog\/tendencies-disseny-grafic-2022\/"},"wordCount":3143,"image":{"@id":"https:\/\/codewebbarcelona.com\/ca\/blog\/tendencies-disseny-grafic-2022\/#primaryimage"},"thumbnailUrl":"https:\/\/codewebbarcelona.com\/wp-content\/uploads\/2021\/11\/tendencias-en-diseno-grafico-2022-featured.jpg","articleSection":["Destacat","Disseny i desenvolupament web","Inspiraci\u00f3","Dise\u00f1o gr\u00e1fico"],"inLanguage":"ca"},{"@type":"WebPage","@id":"https:\/\/codewebbarcelona.com\/ca\/blog\/tendencies-disseny-grafic-2022\/","url":"https:\/\/codewebbarcelona.com\/ca\/blog\/tendencies-disseny-grafic-2022\/","name":"Tendencias en dise\u00f1o gr\u00e1fico 2022 - Code Barcelona","isPartOf":{"@id":"https:\/\/codewebbarcelona.com\/ca\/#website"},"primaryImageOfPage":{"@id":"https:\/\/codewebbarcelona.com\/ca\/blog\/tendencies-disseny-grafic-2022\/#primaryimage"},"image":{"@id":"https:\/\/codewebbarcelona.com\/ca\/blog\/tendencies-disseny-grafic-2022\/#primaryimage"},"thumbnailUrl":"https:\/\/codewebbarcelona.com\/wp-content\/uploads\/2021\/11\/tendencias-en-diseno-grafico-2022-featured.jpg","datePublished":"2021-11-02T19:26:56+00:00","dateModified":"2026-03-20T22:28:09+00:00","author":{"@id":"https:\/\/codewebbarcelona.com\/ca\/#\/schema\/person\/3af5f44aaf0de2919e9225aa5ca32567"},"description":"Un a\u00f1o m\u00e1s vamos a desvelar cu\u00e1les van a ser las tendencias en dise\u00f1o gr\u00e1fico 2022. Si quieres estar al d\u00eda y si quieres que tus proyectos est\u00e9n realizados de la mejor forma posible no te puedes perder este art\u00edculo en que os avanzaremos cu\u00e1les son las t\u00e9cnicas creativas del 2022.","inLanguage":"ca","potentialAction":[{"@type":"ReadAction","target":["https:\/\/codewebbarcelona.com\/ca\/blog\/tendencies-disseny-grafic-2022\/"]}]},{"@type":"ImageObject","inLanguage":"ca","@id":"https:\/\/codewebbarcelona.com\/ca\/blog\/tendencies-disseny-grafic-2022\/#primaryimage","url":"https:\/\/codewebbarcelona.com\/wp-content\/uploads\/2021\/11\/tendencias-en-diseno-grafico-2022-featured.jpg","contentUrl":"https:\/\/codewebbarcelona.com\/wp-content\/uploads\/2021\/11\/tendencias-en-diseno-grafico-2022-featured.jpg","width":2335,"height":1652},{"@type":"WebSite","@id":"https:\/\/codewebbarcelona.com\/ca\/#website","url":"https:\/\/codewebbarcelona.com\/ca\/","name":"Code Barcelona","description":"","potentialAction":[{"@type":"SearchAction","target":{"@type":"EntryPoint","urlTemplate":"https:\/\/codewebbarcelona.com\/ca\/?s={search_term_string}"},"query-input":{"@type":"PropertyValueSpecification","valueRequired":true,"valueName":"search_term_string"}}],"inLanguage":"ca"},{"@type":"Person","@id":"https:\/\/codewebbarcelona.com\/ca\/#\/schema\/person\/3af5f44aaf0de2919e9225aa5ca32567","name":"cd26Bc","image":{"@type":"ImageObject","inLanguage":"ca","@id":"https:\/\/secure.gravatar.com\/avatar\/b904e836584635855eaa0ee2922bae4fe2aa94ffb558048dcc5dac5f98f0fadc?s=96&d=mm&r=g","url":"https:\/\/secure.gravatar.com\/avatar\/b904e836584635855eaa0ee2922bae4fe2aa94ffb558048dcc5dac5f98f0fadc?s=96&d=mm&r=g","contentUrl":"https:\/\/secure.gravatar.com\/avatar\/b904e836584635855eaa0ee2922bae4fe2aa94ffb558048dcc5dac5f98f0fadc?s=96&d=mm&r=g","caption":"cd26Bc"},"sameAs":["https:\/\/codewebbarcelona.com"]}]}},"_links":{"self":[{"href":"https:\/\/codewebbarcelona.com\/ca\/wp-json\/wp\/v2\/posts\/14087","targetHints":{"allow":["GET"]}}],"collection":[{"href":"https:\/\/codewebbarcelona.com\/ca\/wp-json\/wp\/v2\/posts"}],"about":[{"href":"https:\/\/codewebbarcelona.com\/ca\/wp-json\/wp\/v2\/types\/post"}],"author":[{"embeddable":true,"href":"https:\/\/codewebbarcelona.com\/ca\/wp-json\/wp\/v2\/users\/1"}],"replies":[{"embeddable":true,"href":"https:\/\/codewebbarcelona.com\/ca\/wp-json\/wp\/v2\/comments?post=14087"}],"version-history":[{"count":2,"href":"https:\/\/codewebbarcelona.com\/ca\/wp-json\/wp\/v2\/posts\/14087\/revisions"}],"predecessor-version":[{"id":14253,"href":"https:\/\/codewebbarcelona.com\/ca\/wp-json\/wp\/v2\/posts\/14087\/revisions\/14253"}],"wp:featuredmedia":[{"embeddable":true,"href":"https:\/\/codewebbarcelona.com\/ca\/wp-json\/wp\/v2\/media\/6865"}],"wp:attachment":[{"href":"https:\/\/codewebbarcelona.com\/ca\/wp-json\/wp\/v2\/media?parent=14087"}],"wp:term":[{"taxonomy":"category","embeddable":true,"href":"https:\/\/codewebbarcelona.com\/ca\/wp-json\/wp\/v2\/categories?post=14087"}],"curies":[{"name":"wp","href":"https:\/\/api.w.org\/{rel}","templated":true}]}}